{"id":5081,"date":"2005-04-14T16:05:00","date_gmt":"2005-04-14T15:05:00","guid":{"rendered":"http:\/\/lyonelkaufmann.ch\/histoire\/?p=36"},"modified":"2005-04-14T16:05:00","modified_gmt":"2005-04-14T15:05:00","slug":"une-banque-suisse-avait-aid-spolier-des-victimes-des-nazis","status":"publish","type":"post","link":"https:\/\/lyonelkaufmann.ch\/Blog\/2005\/04\/14\/une-banque-suisse-avait-aid-spolier-des-victimes-des-nazis\/","title":{"rendered":"Une banque suisse avait aid\u00e9 \u00e0 spolier des victimes des nazis"},"content":{"rendered":"<div ALIGN=\"justify\">NEW YORK &#8211; Une banque suisse doit verser 26,45 millions de francs &#xe0; deux familles autrichiennes parce qu&rsquo;elle a activement aid&#xe9; &#xe0; les d&#xe9;poss&#xe9;der de leurs actions &#xe0; l&rsquo;&#xe9;poque nazie. Le nom de la banque n&rsquo;est pas publi&#xe9; dans la d&#xe9;cision du tribunal am&#xe9;ricain.<br \/>\nL&rsquo;agence de presse autrichienne APA indique jeudi que la d&#xe9;cision du &#xab;Claims Resolution Tribunal&#xbb; parle simplement d&rsquo;une &#xab;Bank&#xbb;. Elle pr&#xe9;cise que Ferdinand Bloch-Bauer et Otto Pick &#xe9;taient les deux grands actionnaires de l&rsquo;&#xd6;ZAG (Industrie sucri&#xe8;re autrichienne SA).<br \/>\nEn raison de leurs origines juives, ils ont &#xe9;t&#xe9; pers&#xe9;cut&#xe9;s par les nazis, ce qui les a incit&#xe9; &#xe0; tenter de mettre leurs actions en s&#xe9;curit&#xe9;. Pour ce faire, ils ont pass&#xe9; un accord avec la banque avant m&#xea;me le rattachement de l&rsquo;Autriche &#xe0; l&rsquo;Allemagne nazie.<br \/>\nMais, apr&#xe8;s l&rsquo;Anschluss, en mars 1938, la banque a viol&#xe9; cette convention, a estim&#xe9; le tribunal am&#xe9;ricain. Contre la volont&#xe9; des propri&#xe9;taires, les actions ont &#xe9;t&#xe9; vendues &#xe0; un homme de paille des nazis, Clemens Auer, &#xe0; un prix bien en dessous de leur valeur.<br \/>\nL&rsquo;expropriation de l&rsquo;&#xd6;ZAG a &#xe9;t&#xe9; conduite de mani&#xe8;re syst&#xe9;matique par les nazis. Quelques jours avant le rattachement, une proc&#xe9;dure pour fraude fiscale a &#xe9;t&#xe9; ouverte contre l&rsquo;entreprise. Elle se basait sur le rapport d&rsquo;un nazi et antis&#xe9;mite d&#xe9;clar&#xe9;.<br \/>\nLe prix des actions en a souffert. Apr&#xe8;s leur vente &#xe0; Clemens Auer toutefois, le fisc a mis fin &#xe0; sa prosc&#xe9;dure, pr&#xe9;cise le tribunal.<br \/>\nLa demande de d&#xe9;dommagement a &#xe9;t&#xe9; pr&#xe9;sent&#xe9;e par Maria Altmann, ni&#xe8;ce de Ferdinand Bloch-Bauer qui avait fui l&rsquo;Autriche et vit en Californie. Elle est &#xe2;g&#xe9;e de 89 ans. Les d&#xe9;dommagements iront aux h&#xe9;ritiers des deux hommes qui poss&#xe9;daient l&rsquo;&#xd6;ZAG.<br \/>\n&#xa9; ATS<\/p>\n<p>C&rsquo;est pas parce que Mme Greta Beer peine &#xe0; retrouver le\/les compte(s) de son p&#xe8;re en Suisse et qu&rsquo;un compte a &#xe9;t&#xe9; retrouv&#xe9; en Isra&#xeb;l que les accusations relatives au r&#xf4;le des banques suisses durant la derni&#xe8;re guerre mondiale sont nulles et non avenues.&lt;\/div&gt;<\/p><\/div>\n","protected":false},"excerpt":{"rendered":"<p>NEW YORK &#8211; Une banque suisse doit verser 26,45 millions de francs &#xe0; deux familles autrichiennes parce qu&rsquo;elle a activement aid&#xe9; &#xe0; les d&#xe9;poss&#xe9;der de leurs actions &#xe0; l&rsquo;&#xe9;poque nazie. Le nom de la banque n&rsquo;est pas publi&#xe9; dans la d&#xe9;cision du tribunal am&#xe9;ricain. L&rsquo;agence de presse autrichienne APA indique jeudi que la d&#xe9;cision du [&hellip;]<\/p>\n","protected":false},"author":1,"featured_media":14680,"comment_status":"open","ping_status":"open","sticky":false,"template":"","format":"standard","meta":{"_import_markdown_pro_load_document_selector":0,"_import_markdown_pro_submit_text_textarea":"","_genesis_hide_title":false,"_genesis_hide_breadcrumbs":false,"_genesis_hide_singular_image":false,"_genesis_hide_footer_widgets":false,"_genesis_custom_body_class":"","_genesis_custom_post_class":"","_genesis_layout":"","jetpack_post_was_ever_published":false,"_jetpack_newsletter_access":"","_jetpack_dont_email_post_to_subs":false,"_jetpack_newsletter_tier_id":0,"_jetpack_memberships_contains_paywalled_content":false,"_jetpack_memberships_contains_paid_content":false,"activitypub_content_warning":"","activitypub_content_visibility":"","activitypub_max_image_attachments":3,"activitypub_interaction_policy_quote":"anyone","activitypub_status":"","footnotes":"","jetpack_publicize_message":"","jetpack_publicize_feature_enabled":true,"jetpack_social_post_already_shared":true,"jetpack_social_options":{"image_generator_settings":{"template":"fullscreen","default_image_id":0,"font":"","enabled":false},"version":2}},"categories":[2],"tags":[],"class_list":{"0":"post-5081","1":"post","2":"type-post","3":"status-publish","4":"format-standard","5":"has-post-thumbnail","7":"category-histoire-2","8":"entry"},"jetpack_publicize_connections":[],"featured_image_src":"https:\/\/i0.wp.com\/lyonelkaufmann.ch\/Blog\/wp-content\/uploads\/2015\/03\/blogcafe1.jpg?resize=600%2C400&ssl=1","featured_image_src_square":"https:\/\/i0.wp.com\/lyonelkaufmann.ch\/Blog\/wp-content\/uploads\/2015\/03\/blogcafe1.jpg?resize=600%2C600&ssl=1","author_info":{"display_name":"Lyonel Kaufmann","author_link":"https:\/\/lyonelkaufmann.ch\/Blog\/author\/lyonelk\/"},"jetpack_featured_media_url":"https:\/\/i0.wp.com\/lyonelkaufmann.ch\/Blog\/wp-content\/uploads\/2015\/03\/blogcafe1.jpg?fit=1024%2C683&ssl=1","jetpack_sharing_enabled":true,"jetpack_shortlink":"https:\/\/wp.me\/p1qtF4-1jX","jetpack-related-posts":[{"id":6739,"url":"https:\/\/lyonelkaufmann.ch\/Blog\/2013\/01\/24\/revue-de-presse-des-historiens-vont-explorer-le-passe-nazi-de-lorchestre-de-vienne\/","url_meta":{"origin":5081,"position":0},"title":"Revue de presse : Des historiens vont explorer le pass\u00e9 nazi de l\u2019Orchestre de Vienne","author":"Lyonel Kaufmann","date":"24 janvier 2013","format":false,"excerpt":"Trois historiens autrichiens doivent faire la lumi\u00e8re sur les rapports entre l\u2019Orchestre philharmonique et la dictature nazie : Oliver Rathkolb, professeur \u00e0 l\u2019Universit\u00e9 de Vienne, qui aura la responsabilit\u00e9 de l\u2019\u00e9tude et qui a r\u00e9cemment r\u00e9v\u00e9l\u00e9 de nouveaux \u00e9l\u00e9ments sur l\u2019engagement nazi du chef d\u2019orchestre autrichien Herbert von Karajan, Fritz\u2026","rel":"","context":"Dans &quot;histoire&quot;","block_context":{"text":"histoire","link":"https:\/\/lyonelkaufmann.ch\/Blog\/category\/histoire-2\/"},"img":{"alt_text":"","src":"https:\/\/i0.wp.com\/lyonelkaufmann.ch\/Blog\/wp-content\/uploads\/2015\/03\/blogcafe1.jpg?fit=1024%2C683&ssl=1&resize=350%2C200","width":350,"height":200,"srcset":"https:\/\/i0.wp.com\/lyonelkaufmann.ch\/Blog\/wp-content\/uploads\/2015\/03\/blogcafe1.jpg?fit=1024%2C683&ssl=1&resize=350%2C200 1x, https:\/\/i0.wp.com\/lyonelkaufmann.ch\/Blog\/wp-content\/uploads\/2015\/03\/blogcafe1.jpg?fit=1024%2C683&ssl=1&resize=525%2C300 1.5x, https:\/\/i0.wp.com\/lyonelkaufmann.ch\/Blog\/wp-content\/uploads\/2015\/03\/blogcafe1.jpg?fit=1024%2C683&ssl=1&resize=700%2C400 2x"},"classes":[]},{"id":6535,"url":"https:\/\/lyonelkaufmann.ch\/Blog\/2004\/01\/15\/ils-etaient-suisses-mais-aussi-negriers\/","url_meta":{"origin":5081,"position":1},"title":"Ils \u00e9taient Suisses\u2026 mais aussi n\u00e9griers","author":"Lyonel Kaufmann","date":"15 janvier 2004","format":false,"excerpt":"Dans son \u00e9dition du mercredi 14 janvier 2004, les journaux suisses\u00a0La Libert\u00e9\u00a0et\u00a0Le Courrier\u00a0consacrent un dossier relativement aux Suisses ayant fait commerce d'esclaves. Ainsi, au Ghana, \u00e0 Cape Coast, un ancien ch\u00e2teau fortifi\u00e9 a \u00e9t\u00e9 un haut lieu de la traite n\u00e9gri\u00e8re, reconnu lieu de m\u00e9moire de la traite n\u00e9gri\u00e8re et\u2026","rel":"","context":"Dans &quot;histoire&quot;","block_context":{"text":"histoire","link":"https:\/\/lyonelkaufmann.ch\/Blog\/category\/histoire-2\/"},"img":{"alt_text":"","src":"https:\/\/i0.wp.com\/lyonelkaufmann.ch\/Blog\/wp-content\/uploads\/2015\/03\/blogcafe1.jpg?fit=1024%2C683&ssl=1&resize=350%2C200","width":350,"height":200,"srcset":"https:\/\/i0.wp.com\/lyonelkaufmann.ch\/Blog\/wp-content\/uploads\/2015\/03\/blogcafe1.jpg?fit=1024%2C683&ssl=1&resize=350%2C200 1x, https:\/\/i0.wp.com\/lyonelkaufmann.ch\/Blog\/wp-content\/uploads\/2015\/03\/blogcafe1.jpg?fit=1024%2C683&ssl=1&resize=525%2C300 1.5x, https:\/\/i0.wp.com\/lyonelkaufmann.ch\/Blog\/wp-content\/uploads\/2015\/03\/blogcafe1.jpg?fit=1024%2C683&ssl=1&resize=700%2C400 2x"},"classes":[]},{"id":12323,"url":"https:\/\/lyonelkaufmann.ch\/Blog\/2004\/01\/15\/ils-etaient-suisses-mais-aussi-negriers-2\/","url_meta":{"origin":5081,"position":2},"title":"Ils \u00e9taient Suisses\u2026 mais aussi n\u00e9griers","author":"Lyonel Kaufmann","date":"15 janvier 2004","format":false,"excerpt":"Dans son \u00e9dition du mercredi 14 janvier 2004, les journaux suisses La Libert\u00e9 et Le Courrier consacrent un dossier relativement aux Suisses ayant fait commerce d'esclaves. Ainsi, au Ghana, \u00e0 Cape Coast, un ancien ch\u00e2teau fortifi\u00e9 a \u00e9t\u00e9 un haut lieu de la traite n\u00e9gri\u00e8re, reconnu lieu de m\u00e9moire de\u2026","rel":"","context":"Dans &quot;Blogcaf\u00e9&quot;","block_context":{"text":"Blogcaf\u00e9","link":"https:\/\/lyonelkaufmann.ch\/Blog\/category\/blogcafe-2\/"},"img":{"alt_text":"","src":"https:\/\/i0.wp.com\/lyonelkaufmann.ch\/Blog\/wp-content\/uploads\/2015\/03\/blogcafe1.jpg?fit=1024%2C683&ssl=1&resize=350%2C200","width":350,"height":200,"srcset":"https:\/\/i0.wp.com\/lyonelkaufmann.ch\/Blog\/wp-content\/uploads\/2015\/03\/blogcafe1.jpg?fit=1024%2C683&ssl=1&resize=350%2C200 1x, https:\/\/i0.wp.com\/lyonelkaufmann.ch\/Blog\/wp-content\/uploads\/2015\/03\/blogcafe1.jpg?fit=1024%2C683&ssl=1&resize=525%2C300 1.5x, https:\/\/i0.wp.com\/lyonelkaufmann.ch\/Blog\/wp-content\/uploads\/2015\/03\/blogcafe1.jpg?fit=1024%2C683&ssl=1&resize=700%2C400 2x"},"classes":[]},{"id":160,"url":"https:\/\/lyonelkaufmann.ch\/Blog\/2015\/02\/06\/revue-de-presse-prendre-les-nazis-au-serieux\/","url_meta":{"origin":5081,"position":3},"title":"Revue de Presse : Prendre les nazis au s\u00e9rieux","author":"Lyonel Kaufmann","date":"6 f\u00e9vrier 2015","format":false,"excerpt":"Prendre les nazis au s\u00e9rieux By Nicolas Patin La loi du sang: Penser et agir en nazi de Johann Chapoutot Acheter ce livre Face \u00e0 l\u2019horreur des crimes du IIIe Reich, un r\u00e9flexe a domin\u00e9 pendant de longues ann\u00e9es dans le sens commun comme dans une partie de la litt\u00e9rature\u2026","rel":"","context":"Dans &quot;Diary&quot;","block_context":{"text":"Diary","link":"https:\/\/lyonelkaufmann.ch\/Blog\/category\/diary\/"},"img":{"alt_text":"","src":"https:\/\/i0.wp.com\/lyonelkaufmann.ch\/Blog\/wp-content\/uploads\/2015\/03\/1zGwz7B.jpg?fit=1090%2C500&ssl=1&resize=350%2C200","width":350,"height":200,"srcset":"https:\/\/i0.wp.com\/lyonelkaufmann.ch\/Blog\/wp-content\/uploads\/2015\/03\/1zGwz7B.jpg?fit=1090%2C500&ssl=1&resize=350%2C200 1x, https:\/\/i0.wp.com\/lyonelkaufmann.ch\/Blog\/wp-content\/uploads\/2015\/03\/1zGwz7B.jpg?fit=1090%2C500&ssl=1&resize=525%2C300 1.5x, https:\/\/i0.wp.com\/lyonelkaufmann.ch\/Blog\/wp-content\/uploads\/2015\/03\/1zGwz7B.jpg?fit=1090%2C500&ssl=1&resize=700%2C400 2x, https:\/\/i0.wp.com\/lyonelkaufmann.ch\/Blog\/wp-content\/uploads\/2015\/03\/1zGwz7B.jpg?fit=1090%2C500&ssl=1&resize=1050%2C600 3x"},"classes":[]},{"id":4937,"url":"https:\/\/lyonelkaufmann.ch\/Blog\/2012\/01\/24\/e-dossier-la-suisse-les-refugies-et-la-shoah-dodis-ch\/","url_meta":{"origin":5081,"position":4},"title":"e-Dossier: La Suisse, les r\u00e9fugi\u00e9s et la Shoah | dodis.ch","author":"Lyonel Kaufmann","date":"24 janvier 2012","format":false,"excerpt":"Les Documents diplomatiques suisses (dodis.ch) publient un dossier d'archives qui fera date relativement \u00e0 l'histoire de la Suisse\u00a0durant la Deuxi\u00e8me Guerre mondiale En effet, ce dossier retraee les relations internationales de la Suisse entre 1933 et 1945. Pour les auteurs, le dossier doit permettre notamment de trouver des \u00e9l\u00e9ments de\u2026","rel":"","context":"Dans &quot;histoire&quot;","block_context":{"text":"histoire","link":"https:\/\/lyonelkaufmann.ch\/Blog\/category\/histoire-2\/"},"img":{"alt_text":"","src":"https:\/\/i0.wp.com\/lyonelkaufmann.ch\/Blog\/wp-content\/uploads\/2015\/03\/blogcafe1.jpg?fit=1024%2C683&ssl=1&resize=350%2C200","width":350,"height":200,"srcset":"https:\/\/i0.wp.com\/lyonelkaufmann.ch\/Blog\/wp-content\/uploads\/2015\/03\/blogcafe1.jpg?fit=1024%2C683&ssl=1&resize=350%2C200 1x, https:\/\/i0.wp.com\/lyonelkaufmann.ch\/Blog\/wp-content\/uploads\/2015\/03\/blogcafe1.jpg?fit=1024%2C683&ssl=1&resize=525%2C300 1.5x, https:\/\/i0.wp.com\/lyonelkaufmann.ch\/Blog\/wp-content\/uploads\/2015\/03\/blogcafe1.jpg?fit=1024%2C683&ssl=1&resize=700%2C400 2x"},"classes":[]},{"id":7484,"url":"https:\/\/lyonelkaufmann.ch\/Blog\/2013\/09\/12\/revue-de-presse-des-documents-inedits-levent-le-voile-sur-le-mysterieux-dirigeant-nazi-rudolf-hess\/","url_meta":{"origin":5081,"position":5},"title":"Revue de presse : Des documents in\u00e9dits l\u00e8vent le voile sur le myst\u00e9rieux dirigeant nazi Rudolf Hess","author":"Lyonel Kaufmann","date":"12 septembre 2013","format":false,"excerpt":"Rudolf Hess, un des dirigeants les plus puissants du IIIe Reich, \u00e9tait un homme pour le moins myst\u00e9rieux. Mais des documents historiques, mis aux ench\u00e8res mardi 10 septembre par une maison de vente am\u00e9ricaine, devraient aider \u00e0 y voir plus clair sur une partie de son histoire.Des documents in\u00e9dits l\u00e8vent\u2026","rel":"","context":"Dans &quot;histoire&quot;","block_context":{"text":"histoire","link":"https:\/\/lyonelkaufmann.ch\/Blog\/category\/histoire-2\/"},"img":{"alt_text":"","src":"https:\/\/i0.wp.com\/lyonelkaufmann.ch\/Blog\/wp-content\/uploads\/2015\/03\/blogcafe1.jpg?fit=1024%2C683&ssl=1&resize=350%2C200","width":350,"height":200,"srcset":"https:\/\/i0.wp.com\/lyonelkaufmann.ch\/Blog\/wp-content\/uploads\/2015\/03\/blogcafe1.jpg?fit=1024%2C683&ssl=1&resize=350%2C200 1x, https:\/\/i0.wp.com\/lyonelkaufmann.ch\/Blog\/wp-content\/uploads\/2015\/03\/blogcafe1.jpg?fit=1024%2C683&ssl=1&resize=525%2C300 1.5x, https:\/\/i0.wp.com\/lyonelkaufmann.ch\/Blog\/wp-content\/uploads\/2015\/03\/blogcafe1.jpg?fit=1024%2C683&ssl=1&resize=700%2C400 2x"},"classes":[]}],"jetpack_likes_enabled":true,"_links":{"self":[{"href":"https:\/\/lyonelkaufmann.ch\/Blog\/wp-json\/wp\/v2\/posts\/5081","targetHints":{"allow":["GET"]}}],"collection":[{"href":"https:\/\/lyonelkaufmann.ch\/Blog\/wp-json\/wp\/v2\/posts"}],"about":[{"href":"https:\/\/lyonelkaufmann.ch\/Blog\/wp-json\/wp\/v2\/types\/post"}],"author":[{"embeddable":true,"href":"https:\/\/lyonelkaufmann.ch\/Blog\/wp-json\/wp\/v2\/users\/1"}],"replies":[{"embeddable":true,"href":"https:\/\/lyonelkaufmann.ch\/Blog\/wp-json\/wp\/v2\/comments?post=5081"}],"version-history":[{"count":0,"href":"https:\/\/lyonelkaufmann.ch\/Blog\/wp-json\/wp\/v2\/posts\/5081\/revisions"}],"wp:featuredmedia":[{"embeddable":true,"href":"https:\/\/lyonelkaufmann.ch\/Blog\/wp-json\/wp\/v2\/media\/14680"}],"wp:attachment":[{"href":"https:\/\/lyonelkaufmann.ch\/Blog\/wp-json\/wp\/v2\/media?parent=5081"}],"wp:term":[{"taxonomy":"category","embeddable":true,"href":"https:\/\/lyonelkaufmann.ch\/Blog\/wp-json\/wp\/v2\/categories?post=5081"},{"taxonomy":"post_tag","embeddable":true,"href":"https:\/\/lyonelkaufmann.ch\/Blog\/wp-json\/wp\/v2\/tags?post=5081"}],"curies":[{"name":"wp","href":"https:\/\/api.w.org\/{rel}","templated":true}]}}