{"id":5082,"date":"2005-04-29T09:34:00","date_gmt":"2005-04-29T08:34:00","guid":{"rendered":"http:\/\/lyonelkaufmann.ch\/histoire\/?p=39"},"modified":"2005-04-29T09:34:00","modified_gmt":"2005-04-29T08:34:00","slug":"il-y-a-60-ans-les-femmes-fran%ef%bf%bdaises-votaient-pour-la-premi%ef%bf%bdre-fois","status":"publish","type":"post","link":"https:\/\/lyonelkaufmann.ch\/Blog\/2005\/04\/29\/il-y-a-60-ans-les-femmes-fran%ef%bf%bdaises-votaient-pour-la-premi%ef%bf%bdre-fois\/","title":{"rendered":"Il y a 60 ans, les femmes fran\u00e7aises votaient pour la premi\u00e8re fois"},"content":{"rendered":"<p>\n<a href=\"https:\/\/i0.wp.com\/medias.lemonde.fr\/medias\/info\/depeche-reuters\/SGE.LDL09.290405054511.photo00.photo.default-384x277.jpg\"><img data-recalc-dims=\"1\" decoding=\"async\" src=\"https:\/\/i0.wp.com\/medias.lemonde.fr\/medias\/info\/depeche-reuters\/SGE.LDL09.290405054511.photo00.photo.default-384x277.jpg?resize=384%2C277\" height=\"277\" width=\"384\" border=\"1\" hspace=\"4\" vspace=\"4\" alt=\"Sge.Ldl09.290405054511.Photo00.Photo.Default-384X277\" \/><\/a>\n<\/p>\n<p>\nLe 29 avril 1945, les femmes votaient pour la premi\u00e8re fois en France. Bien avant la Suisse, les Fran\u00e7aises \u00e9taient n\u00e9anmoins parmi les derni\u00e8res en Europe \u00e0 disposer de ce droit, en vigueur en Finlande depuis 1906, en Grande-Bretagne depuis 1918 (pour les plus de 30 ans) ou en Turquie depuis les ann\u00e9es 30.<\/p>\n<p>Comme l&rsquo;indique le journal <strong><em><a href=\"http:\/\/www.lemonde.fr\/web\/actuimgs\/0,14-0,43-24879920,0.html\">Le Monde<\/a><\/em><\/strong>, <em>soixante ans et une loi sur la parit\u00e9 plus tard, elles ne sont que 71 \u00e9lues en 2002 sur 577 d\u00e9put\u00e9s au total<\/em>.<\/p>\n<p>Bien du travail reste donc \u00e0 faire en France ou en Suisse d&rsquo;ailleurs.<\/p>\n","protected":false},"excerpt":{"rendered":"<p>Le 29 avril 1945, les femmes votaient pour la premi\u00e8re fois en France. Bien avant la Suisse, les Fran\u00e7aises \u00e9taient n\u00e9anmoins parmi les derni\u00e8res en Europe \u00e0 disposer de ce droit, en vigueur en Finlande depuis 1906, en Grande-Bretagne depuis 1918 (pour les plus de 30 ans) ou en Turquie depuis les ann\u00e9es 30. Comme [&hellip;]<\/p>\n","protected":false},"author":1,"featured_media":8392,"comment_status":"open","ping_status":"open","sticky":false,"template":"","format":"standard","meta":{"_import_markdown_pro_load_document_selector":0,"_import_markdown_pro_submit_text_textarea":"","_genesis_hide_title":false,"_genesis_hide_breadcrumbs":false,"_genesis_hide_singular_image":false,"_genesis_hide_footer_widgets":false,"_genesis_custom_body_class":"","_genesis_custom_post_class":"","_genesis_layout":"","jetpack_post_was_ever_published":false,"_jetpack_newsletter_access":"","_jetpack_dont_email_post_to_subs":false,"_jetpack_newsletter_tier_id":0,"_jetpack_memberships_contains_paywalled_content":false,"_jetpack_memberships_contains_paid_content":false,"activitypub_content_warning":"","activitypub_content_visibility":"","activitypub_max_image_attachments":3,"activitypub_interaction_policy_quote":"anyone","activitypub_status":"","footnotes":"","jetpack_publicize_message":"","jetpack_publicize_feature_enabled":true,"jetpack_social_post_already_shared":true,"jetpack_social_options":{"image_generator_settings":{"template":"fullscreen","default_image_id":0,"font":"","enabled":false},"version":2}},"categories":[2],"tags":[],"class_list":{"0":"post-5082","1":"post","2":"type-post","3":"status-publish","4":"format-standard","5":"has-post-thumbnail","7":"category-histoire-2","8":"entry"},"jetpack_publicize_connections":[],"featured_image_src":null,"featured_image_src_square":null,"author_info":{"display_name":"Lyonel Kaufmann","author_link":"https:\/\/lyonelkaufmann.ch\/Blog\/author\/lyonelk\/"},"jetpack_featured_media_url":"","jetpack_sharing_enabled":true,"jetpack_shortlink":"https:\/\/wp.me\/p1qtF4-1jY","jetpack-related-posts":[{"id":22267,"url":"https:\/\/lyonelkaufmann.ch\/Blog\/2020\/12\/23\/il-etait-une-fois-2020-les-ludoviales-jeudi-30-avril\/","url_meta":{"origin":5082,"position":0},"title":"Il \u00e9tait une fois 2020\u2026 : Les Ludoviales &#8211; jeudi 30 avril","author":"Lyonel Kaufmann","date":"23 d\u00e9cembre 2020","format":false,"excerpt":"Jusqu'au 31 d\u00e9cembre, je vous propose ma r\u00e9trospective avec une photo pour chaque mois de cette ann\u00e9e des plus particuli\u00e8res, probablement la plus \u00e9trange que j'ai connue en plus de cinquante ans. Les photos sont mises en perspective en lien avec cette pand\u00e9mie qui nous a tous frapp\u00e9s d'une mani\u00e8re\u2026","rel":"","context":"Dans &quot;Blogcaf\u00e9&quot;","block_context":{"text":"Blogcaf\u00e9","link":"https:\/\/lyonelkaufmann.ch\/Blog\/category\/blogcafe-2\/"},"img":{"alt_text":"","src":"https:\/\/i0.wp.com\/lyonelkaufmann.ch\/Blog\/wp-content\/uploads\/2020\/12\/e01064de-3138-40c5-a457-96a825aa0c66.jpg?fit=1200%2C691&ssl=1&resize=350%2C200","width":350,"height":200,"srcset":"https:\/\/i0.wp.com\/lyonelkaufmann.ch\/Blog\/wp-content\/uploads\/2020\/12\/e01064de-3138-40c5-a457-96a825aa0c66.jpg?fit=1200%2C691&ssl=1&resize=350%2C200 1x, https:\/\/i0.wp.com\/lyonelkaufmann.ch\/Blog\/wp-content\/uploads\/2020\/12\/e01064de-3138-40c5-a457-96a825aa0c66.jpg?fit=1200%2C691&ssl=1&resize=525%2C300 1.5x, https:\/\/i0.wp.com\/lyonelkaufmann.ch\/Blog\/wp-content\/uploads\/2020\/12\/e01064de-3138-40c5-a457-96a825aa0c66.jpg?fit=1200%2C691&ssl=1&resize=700%2C400 2x, https:\/\/i0.wp.com\/lyonelkaufmann.ch\/Blog\/wp-content\/uploads\/2020\/12\/e01064de-3138-40c5-a457-96a825aa0c66.jpg?fit=1200%2C691&ssl=1&resize=1050%2C600 3x"},"classes":[]},{"id":19970,"url":"https:\/\/lyonelkaufmann.ch\/Blog\/2019\/02\/01\/il-y-a-60-ans-vaud-devenait-le-premier-canton-a-laisser-voter-les-femmes-rts-ch\/","url_meta":{"origin":5082,"position":1},"title":"Il y a 60 ans, Vaud devenait le premier canton \u00e0 laisser voter les femmes &#8211; rts.ch","author":"Lyonel Kaufmann","date":"1 f\u00e9vrier 2019","format":false,"excerpt":"Canton pr\u00e9curseur, Vaud a accord\u00e9 le droit de vote aux femmes le 1er f\u00e9vrier 1959. Mais il a encore fallu douze ans de combat pour que ce droit soit \u00e9tendu au niveau f\u00e9d\u00e9ral, rappelle la f\u00e9ministe lausannoise Simone Chapuis-Bischof. \u2014 \u00c0 lire sur www.rts.ch\/info\/regions\/vaud\/10183613-il-y-a-60-ans-vaud-devenait-le-premier-canton-a-laisser-voter-les-femmes.html","rel":"","context":"Dans &quot;Blogcaf\u00e9&quot;","block_context":{"text":"Blogcaf\u00e9","link":"https:\/\/lyonelkaufmann.ch\/Blog\/category\/blogcafe-2\/"},"img":{"alt_text":"","src":"https:\/\/i0.wp.com\/lyonelkaufmann.ch\/Blog\/wp-content\/uploads\/2019\/02\/img_0397.jpg?resize=350%2C200&ssl=1","width":350,"height":200,"srcset":"https:\/\/i0.wp.com\/lyonelkaufmann.ch\/Blog\/wp-content\/uploads\/2019\/02\/img_0397.jpg?resize=350%2C200&ssl=1 1x, https:\/\/i0.wp.com\/lyonelkaufmann.ch\/Blog\/wp-content\/uploads\/2019\/02\/img_0397.jpg?resize=525%2C300&ssl=1 1.5x, https:\/\/i0.wp.com\/lyonelkaufmann.ch\/Blog\/wp-content\/uploads\/2019\/02\/img_0397.jpg?resize=700%2C400&ssl=1 2x, https:\/\/i0.wp.com\/lyonelkaufmann.ch\/Blog\/wp-content\/uploads\/2019\/02\/img_0397.jpg?resize=1050%2C600&ssl=1 3x, https:\/\/i0.wp.com\/lyonelkaufmann.ch\/Blog\/wp-content\/uploads\/2019\/02\/img_0397.jpg?resize=1400%2C800&ssl=1 4x"},"classes":[]},{"id":7371,"url":"https:\/\/lyonelkaufmann.ch\/Blog\/2012\/09\/27\/le-prochain-goncourt-sera-t-il-loeuvre-dun-ecrivain-suisse\/","url_meta":{"origin":5082,"position":2},"title":"Le prochain Goncourt sera-t-il l&rsquo;oeuvre d&rsquo;un \u00e9crivain suisse?","author":"Lyonel Kaufmann","date":"27 septembre 2012","format":false,"excerpt":"Un Suisse en lice pour le Prix Goncourt pour la premi\u00e8re fois depuis Jacques Chessex en 1973. Vous serez manipul\u00e9, d\u00e9rout\u00e9, sid\u00e9r\u00e9, agac\u00e9, passionn\u00e9 par une histoire aux multiples rebondissements, fausses pistes et coups de th\u00e9\u00e2tre. Et vous vous direz qu\u2019il n\u2019y a qu\u2019un Am\u00e9ricain capable d\u2019\u00e9crire un thriller aussi\u2026","rel":"","context":"Dans &quot;Blogcaf\u00e9&quot;","block_context":{"text":"Blogcaf\u00e9","link":"https:\/\/lyonelkaufmann.ch\/Blog\/category\/blogcafe-2\/"},"img":{"alt_text":"La v\u00e9rit\u00e9 sur l'affaire Jo\u00ebl Dicker ","src":"https:\/\/i0.wp.com\/lyonelkaufmann.ch\/Blog\/wp-content\/uploads\/2012\/09\/Harry-Quebert.jpg?resize=350%2C200","width":350,"height":200},"classes":[]},{"id":22330,"url":"https:\/\/lyonelkaufmann.ch\/Blog\/2021\/01\/01\/jusquau-31-decembre-je-vous-propose-ma-retrospective-avec-une-photo-pour-chaque-mois-de-cette-annee-des-plus-particuliere-probablement-la-plus-etrange-que-jai-connue-en-plus-de-cinquante-ans\/","url_meta":{"origin":5082,"position":3},"title":"Il \u00e9tait une fois 2020\u2026 : la totale","author":"Lyonel Kaufmann","date":"1 janvier 2021","format":false,"excerpt":"Je vous offre l'ensemble de la r\u00e9trospective en une photo par mois en un seul billet pour bien commencer 2021. Encore une fois tous mes meilleurs voeux pour cette nouvelle ann\u00e9e. Et au plaisir de vous rencontrer ici ou ailleurs. Il \u00e9tait une fois 2020\u2026 : Lutry - dimanche 5\u2026","rel":"","context":"Dans &quot;Blogcaf\u00e9&quot;","block_context":{"text":"Blogcaf\u00e9","link":"https:\/\/lyonelkaufmann.ch\/Blog\/category\/blogcafe-2\/"},"img":{"alt_text":"","src":"https:\/\/i0.wp.com\/lyonelkaufmann.ch\/Blog\/wp-content\/uploads\/2020\/12\/e01064de-3138-40c5-a457-96a825aa0c66.jpg?fit=1200%2C691&ssl=1&resize=350%2C200","width":350,"height":200,"srcset":"https:\/\/i0.wp.com\/lyonelkaufmann.ch\/Blog\/wp-content\/uploads\/2020\/12\/e01064de-3138-40c5-a457-96a825aa0c66.jpg?fit=1200%2C691&ssl=1&resize=350%2C200 1x, https:\/\/i0.wp.com\/lyonelkaufmann.ch\/Blog\/wp-content\/uploads\/2020\/12\/e01064de-3138-40c5-a457-96a825aa0c66.jpg?fit=1200%2C691&ssl=1&resize=525%2C300 1.5x, https:\/\/i0.wp.com\/lyonelkaufmann.ch\/Blog\/wp-content\/uploads\/2020\/12\/e01064de-3138-40c5-a457-96a825aa0c66.jpg?fit=1200%2C691&ssl=1&resize=700%2C400 2x, https:\/\/i0.wp.com\/lyonelkaufmann.ch\/Blog\/wp-content\/uploads\/2020\/12\/e01064de-3138-40c5-a457-96a825aa0c66.jpg?fit=1200%2C691&ssl=1&resize=1050%2C600 3x"},"classes":[]},{"id":24888,"url":"https:\/\/lyonelkaufmann.ch\/Blog\/2024\/01\/15\/20-ans-apres-lyonel-kaufmann-blogue-toujours\/","url_meta":{"origin":5082,"position":4},"title":"20 ans apr\u00e8s Lyonel Kaufmann blogue toujours","author":"Lyonel Kaufmann","date":"15 janvier 2024","format":false,"excerpt":"En replongeant dans les entrailles de mes deux blogs principaux (https:\/\/lyonelkaufmann.ch\/Blog et https:\/\/lyonelkaufmann.ch\/histoire), le 15 janvier 2024 marquera officiellement mes vingt ans de blogging. Pour f\u00eater cette ann\u00e9e anniversaire, je compte exhumer de ces vingt ans de blogs quelques articles et billets pour moi significatifs. Ces articles seront r\u00e9unis sur\u2026","rel":"","context":"Dans &quot;Blogcaf\u00e9&quot;","block_context":{"text":"Blogcaf\u00e9","link":"https:\/\/lyonelkaufmann.ch\/Blog\/category\/blogcafe-2\/"},"img":{"alt_text":"","src":"","width":0,"height":0},"classes":[]},{"id":23214,"url":"https:\/\/lyonelkaufmann.ch\/Blog\/2022\/03\/07\/le-fronton-du-palais-federal-aura-un-visage-avec-un-hommage-a-tilo-frey\/","url_meta":{"origin":5082,"position":5},"title":"Le fronton du Palais f\u00e9d\u00e9ral aura un visage avec un hommage \u00e0 Tilo Frey","author":"Lyonel Kaufmann","date":"7 mars 2022","format":false,"excerpt":"Le Palais f\u00e9d\u00e9ral n'aura bient\u00f4t plus tout a fait le m\u00eame visage. Laiss\u00e9 libre provisoirement depuis 120 ans, le \"tympan\", soit le sommet de la fa\u00e7ade principale, sera recouvert d'une mosa\u00efque en hommage \u00e0 la Neuch\u00e2teloise Tilo Frey (1923-2008), une des douze premi\u00e8res femmes, et la premi\u00e8re femme de couleur,\u2026","rel":"","context":"Dans &quot;Blogcaf\u00e9&quot;","block_context":{"text":"Blogcaf\u00e9","link":"https:\/\/lyonelkaufmann.ch\/Blog\/category\/blogcafe-2\/"},"img":{"alt_text":"","src":"https:\/\/i0.wp.com\/lyonelkaufmann.ch\/Blog\/wp-content\/uploads\/2022\/03\/12917279.image_.jpeg?fit=1200%2C675&ssl=1&resize=350%2C200","width":350,"height":200,"srcset":"https:\/\/i0.wp.com\/lyonelkaufmann.ch\/Blog\/wp-content\/uploads\/2022\/03\/12917279.image_.jpeg?fit=1200%2C675&ssl=1&resize=350%2C200 1x, https:\/\/i0.wp.com\/lyonelkaufmann.ch\/Blog\/wp-content\/uploads\/2022\/03\/12917279.image_.jpeg?fit=1200%2C675&ssl=1&resize=525%2C300 1.5x, https:\/\/i0.wp.com\/lyonelkaufmann.ch\/Blog\/wp-content\/uploads\/2022\/03\/12917279.image_.jpeg?fit=1200%2C675&ssl=1&resize=700%2C400 2x, https:\/\/i0.wp.com\/lyonelkaufmann.ch\/Blog\/wp-content\/uploads\/2022\/03\/12917279.image_.jpeg?fit=1200%2C675&ssl=1&resize=1050%2C600 3x"},"classes":[]}],"jetpack_likes_enabled":true,"_links":{"self":[{"href":"https:\/\/lyonelkaufmann.ch\/Blog\/wp-json\/wp\/v2\/posts\/5082","targetHints":{"allow":["GET"]}}],"collection":[{"href":"https:\/\/lyonelkaufmann.ch\/Blog\/wp-json\/wp\/v2\/posts"}],"about":[{"href":"https:\/\/lyonelkaufmann.ch\/Blog\/wp-json\/wp\/v2\/types\/post"}],"author":[{"embeddable":true,"href":"https:\/\/lyonelkaufmann.ch\/Blog\/wp-json\/wp\/v2\/users\/1"}],"replies":[{"embeddable":true,"href":"https:\/\/lyonelkaufmann.ch\/Blog\/wp-json\/wp\/v2\/comments?post=5082"}],"version-history":[{"count":0,"href":"https:\/\/lyonelkaufmann.ch\/Blog\/wp-json\/wp\/v2\/posts\/5082\/revisions"}],"wp:featuredmedia":[{"embeddable":true,"href":"https:\/\/lyonelkaufmann.ch\/Blog\/wp-json\/"}],"wp:attachment":[{"href":"https:\/\/lyonelkaufmann.ch\/Blog\/wp-json\/wp\/v2\/media?parent=5082"}],"wp:term":[{"taxonomy":"category","embeddable":true,"href":"https:\/\/lyonelkaufmann.ch\/Blog\/wp-json\/wp\/v2\/categories?post=5082"},{"taxonomy":"post_tag","embeddable":true,"href":"https:\/\/lyonelkaufmann.ch\/Blog\/wp-json\/wp\/v2\/tags?post=5082"}],"curies":[{"name":"wp","href":"https:\/\/api.w.org\/{rel}","templated":true}]}}