{"id":5083,"date":"2005-05-03T18:49:55","date_gmt":"2005-05-03T17:49:55","guid":{"rendered":"http:\/\/lyonelkaufmann.ch\/histoire\/?p=40"},"modified":"2005-05-03T18:49:55","modified_gmt":"2005-05-03T17:49:55","slug":"enqute-archologique-aux-racines-disral-le-monde","status":"publish","type":"post","link":"https:\/\/lyonelkaufmann.ch\/Blog\/2005\/05\/03\/enqute-archologique-aux-racines-disral-le-monde\/","title":{"rendered":"Enqu\u00eate arch\u00e9ologique aux racines d&rsquo;Isra\u00ebl (Le Monde)"},"content":{"rendered":"<p>Aujourd&rsquo;hui dans le journal<em> \u00ab\u00a0Le Monde\u00a0\u00bb <\/em>:<\/p>\n<p><a href=\"https:\/\/i0.wp.com\/medias.lemonde.fr\/mmpub\/edt\/ill\/2005\/05\/03\/h_9_ill_645535_israel.jpg\"><img data-recalc-dims=\"1\" loading=\"lazy\" decoding=\"async\" src=\"https:\/\/i0.wp.com\/medias.lemonde.fr\/mmpub\/edt\/ill\/2005\/05\/03\/h_9_ill_645535_israel.jpg?resize=150%2C100\" height=\"100\" width=\"150\" border=\"1\" hspace=\"4\" vspace=\"4\" alt=\"H 9 Ill 645535 Israel\" \/><\/a><\/p>\n<p>Dans un livre publi&#233; en France, l&rsquo;Am&#233;ricain William Dever avance la th&#233;orie que les premiers habitants d&rsquo;Isra&#234;l &#233;taient des paysans canan&#233;ens fuyant l&rsquo;influence des cit&#233;s-Etats.<\/p>\n<p>R&#233;f&#233;rence : <em>Aux origines d&rsquo;Isra&#235;l<\/em>, de William G. Dever, Bayard, 288 p.<br \/>\nSources : <a href=\"http:\/\/www.lemonde.fr\/web\/article\/0,1-0@2-3244,36-645676@51-628865,0.html\">article du Monde<\/a><\/p>\n","protected":false},"excerpt":{"rendered":"<p>Aujourd&rsquo;hui dans le journal \u00ab\u00a0Le Monde\u00a0\u00bb : Dans un livre publi&#233; en France, l&rsquo;Am&#233;ricain William Dever avance la th&#233;orie que les premiers habitants d&rsquo;Isra&#234;l &#233;taient des paysans canan&#233;ens fuyant l&rsquo;influence des cit&#233;s-Etats. R&#233;f&#233;rence : Aux origines d&rsquo;Isra&#235;l, de William G. Dever, Bayard, 288 p. Sources : article du Monde<\/p>\n","protected":false},"author":1,"featured_media":13465,"comment_status":"open","ping_status":"open","sticky":false,"template":"","format":"standard","meta":{"_import_markdown_pro_load_document_selector":0,"_import_markdown_pro_submit_text_textarea":"","_genesis_hide_title":false,"_genesis_hide_breadcrumbs":false,"_genesis_hide_singular_image":false,"_genesis_hide_footer_widgets":false,"_genesis_custom_body_class":"","_genesis_custom_post_class":"","_genesis_layout":"","jetpack_post_was_ever_published":false,"_jetpack_newsletter_access":"","_jetpack_dont_email_post_to_subs":false,"_jetpack_newsletter_tier_id":0,"_jetpack_memberships_contains_paywalled_content":false,"_jetpack_memberships_contains_paid_content":false,"activitypub_content_warning":"","activitypub_content_visibility":"","activitypub_max_image_attachments":3,"activitypub_interaction_policy_quote":"anyone","activitypub_status":"","footnotes":"","jetpack_publicize_message":"","jetpack_publicize_feature_enabled":true,"jetpack_social_post_already_shared":true,"jetpack_social_options":{"image_generator_settings":{"template":"fullscreen","default_image_id":0,"font":"","enabled":false},"version":2}},"categories":[2],"tags":[],"class_list":{"0":"post-5083","1":"post","2":"type-post","3":"status-publish","4":"format-standard","5":"has-post-thumbnail","7":"category-histoire-2","8":"entry"},"jetpack_publicize_connections":[],"featured_image_src":"https:\/\/i0.wp.com\/lyonelkaufmann.ch\/Blog\/wp-content\/uploads\/2015\/03\/h_9_ill_645535_israel.jpg?resize=288%2C192&ssl=1","featured_image_src_square":"https:\/\/i0.wp.com\/lyonelkaufmann.ch\/Blog\/wp-content\/uploads\/2015\/03\/h_9_ill_645535_israel.jpg?resize=288%2C192&ssl=1","author_info":{"display_name":"Lyonel Kaufmann","author_link":"https:\/\/lyonelkaufmann.ch\/Blog\/author\/lyonelk\/"},"jetpack_featured_media_url":"https:\/\/i0.wp.com\/lyonelkaufmann.ch\/Blog\/wp-content\/uploads\/2015\/03\/h_9_ill_645535_israel.jpg?fit=288%2C192&ssl=1","jetpack_sharing_enabled":true,"jetpack_shortlink":"https:\/\/wp.me\/p1qtF4-1jZ","jetpack-related-posts":[{"id":5313,"url":"https:\/\/lyonelkaufmann.ch\/Blog\/2012\/04\/19\/la-grande-pauvrete-des-rescapes-de-la-shoah-en-israel-slate\/","url_meta":{"origin":5083,"position":0},"title":"La grande pauvret\u00e9 des rescap\u00e9s de la Shoah en Isra\u00ebl | Slate","author":"Lyonel Kaufmann","date":"19 avril 2012","format":false,"excerpt":"See on Scoop.it - histoire Pr\u00e8s de 200.000 survivants de la Shoah vivent en Isra\u00ebl. Mais pr\u00e8s d\u2019un quart d\u2019entre eux vivent sous le seuil de pauvret\u00e9 et presque la moiti\u00e9 souffre de solitude.See on www.slate.fr","rel":"","context":"Dans &quot;histoire&quot;","block_context":{"text":"histoire","link":"https:\/\/lyonelkaufmann.ch\/Blog\/category\/histoire-2\/"},"img":{"alt_text":"","src":"https:\/\/i0.wp.com\/lyonelkaufmann.ch\/Blog\/wp-content\/uploads\/2015\/03\/TERuWqTZy1bK3sW8k112vzl72eJkfbmt4t8yenImKBXEejxNn4ZJNZ2ss5Ku7Cxt.jpg?fit=500%2C275&ssl=1&resize=350%2C200","width":350,"height":200},"classes":[]},{"id":7761,"url":"https:\/\/lyonelkaufmann.ch\/Blog\/2006\/11\/24\/cetait-quoi-le-tiers-monde-histoire-dun-concept\/","url_meta":{"origin":5083,"position":1},"title":"C&rsquo;\u00e9tait quoi le Tiers-Monde ? (histoire d&rsquo;un concept)","author":"Lyonel Kaufmann","date":"24 novembre 2006","format":false,"excerpt":"A la suite d'une demande d'un \u00e9tudiant du M078 - Transposition didactique en histoire, je vous mets en ligne quelques r\u00e9f\u00e9rences relatives au concept de Tiers-Monde :\"Le terme tiers monde a \u00e9t\u00e9 invent\u00e9 par l'\u00e9conomiste et d\u00e9mographe fran\u00e7ais Alfred Sauvy en 1952, en r\u00e9f\u00e9rence au tiers \u00e9tat (de l'abb\u00e9 Siey\u00e8s)\u2026","rel":"","context":"Dans &quot;histoire&quot;","block_context":{"text":"histoire","link":"https:\/\/lyonelkaufmann.ch\/Blog\/category\/histoire-2\/"},"img":{"alt_text":"","src":"https:\/\/i0.wp.com\/lyonelkaufmann.ch\/Blog\/wp-content\/uploads\/2015\/03\/blogcafe1.jpg?fit=1024%2C683&ssl=1&resize=350%2C200","width":350,"height":200,"srcset":"https:\/\/i0.wp.com\/lyonelkaufmann.ch\/Blog\/wp-content\/uploads\/2015\/03\/blogcafe1.jpg?fit=1024%2C683&ssl=1&resize=350%2C200 1x, https:\/\/i0.wp.com\/lyonelkaufmann.ch\/Blog\/wp-content\/uploads\/2015\/03\/blogcafe1.jpg?fit=1024%2C683&ssl=1&resize=525%2C300 1.5x, https:\/\/i0.wp.com\/lyonelkaufmann.ch\/Blog\/wp-content\/uploads\/2015\/03\/blogcafe1.jpg?fit=1024%2C683&ssl=1&resize=700%2C400 2x"},"classes":[]},{"id":3001,"url":"https:\/\/lyonelkaufmann.ch\/Blog\/2009\/10\/14\/la-suisse-a-appris-a-gagner-sans-seduire-le-temps\/","url_meta":{"origin":5083,"position":2},"title":"La Suisse a appris \u00e0 gagner, sans s\u00e9duire | Le Temps","author":"Lyonel Kaufmann","date":"14 octobre 2009","format":"aside","excerpt":"Alexander Frei, buteur national, conna\u00eet bien son pays: \u00abEn Suisse, les gens ont toujours besoin de mettre un \u00abmais\u00bb devant tout [lire ci-dessous].\u00bb La s\u00e9lection helv\u00e9tique est en passe de se qualifier pour la Coupe du monde; \u00abmais\u00bb elle ne joue pas bien. Il s\u2019agirait d\u2019une quatri\u00e8me participation cons\u00e9cutive \u00e0\u2026","rel":"","context":"Dans &quot;Blogcaf\u00e9&quot;","block_context":{"text":"Blogcaf\u00e9","link":"https:\/\/lyonelkaufmann.ch\/Blog\/category\/blogcafe-2\/"},"img":{"alt_text":"","src":"https:\/\/i0.wp.com\/lyonelkaufmann.ch\/Blog\/wp-content\/uploads\/2015\/03\/blogcafe1.jpg?fit=1024%2C683&ssl=1&resize=350%2C200","width":350,"height":200,"srcset":"https:\/\/i0.wp.com\/lyonelkaufmann.ch\/Blog\/wp-content\/uploads\/2015\/03\/blogcafe1.jpg?fit=1024%2C683&ssl=1&resize=350%2C200 1x, https:\/\/i0.wp.com\/lyonelkaufmann.ch\/Blog\/wp-content\/uploads\/2015\/03\/blogcafe1.jpg?fit=1024%2C683&ssl=1&resize=525%2C300 1.5x, https:\/\/i0.wp.com\/lyonelkaufmann.ch\/Blog\/wp-content\/uploads\/2015\/03\/blogcafe1.jpg?fit=1024%2C683&ssl=1&resize=700%2C400 2x"},"classes":[]},{"id":12467,"url":"https:\/\/lyonelkaufmann.ch\/Blog\/2006\/03\/03\/if-i-wrote-you-dar-williams\/","url_meta":{"origin":5083,"position":3},"title":"If I Wrote You (Dar Williams)","author":"Lyonel Kaufmann","date":"3 mars 2006","format":false,"excerpt":"If I Wrote You de l'album \"Out There Live\" par Dar Williams Parce que c'est tard. Parce que la voix est superbe. Parce qu'en live, c'est mieux qu'en studio. Pas grand chose, une guitare s\u00e8che devant, une batterie, une basse, quelques choeurs. Et toujours cette voix superbe. Voil\u00e0 pour aujourd'hui.\u2026","rel":"","context":"Dans &quot;Blogcaf\u00e9&quot;","block_context":{"text":"Blogcaf\u00e9","link":"https:\/\/lyonelkaufmann.ch\/Blog\/category\/blogcafe-2\/"},"img":{"alt_text":"","src":"https:\/\/i0.wp.com\/lyonelkaufmann.ch\/Blog\/wp-content\/uploads\/2015\/03\/dar1.jpg?fit=260%2C263&ssl=1&resize=350%2C200","width":350,"height":200},"classes":[]},{"id":5889,"url":"https:\/\/lyonelkaufmann.ch\/Blog\/2012\/08\/11\/la-salle-de-classe-planetaire-le-monde\/","url_meta":{"origin":5083,"position":4},"title":"La salle de classe plan\u00e9taire | Le Monde","author":"Lyonel Kaufmann","date":"11 ao\u00fbt 2012","format":false,"excerpt":"Hier \u00e0 la biblioth\u00e8que, au rayon des nouveaut\u00e9s, mon regard a \u00e9t\u00e9 attir\u00e9 par le titre d'un ouvrage intitul\u00e9 \u00abL'intelligence et l'\u00e9cole\u00bb. Ma premi\u00e8re r\u00e9action a \u00e9t\u00e9 de me dire que les deux choses paraissent disjointes. Autrement le titre en aurait \u00e9t\u00e9 \u00abL'intelligence \u00e0 l'\u00e9cole\u00bb, non? Aujourd'hui, je m'arr\u00eate devant\u2026","rel":"","context":"Dans &quot;histoire&quot;","block_context":{"text":"histoire","link":"https:\/\/lyonelkaufmann.ch\/Blog\/category\/histoire-2\/"},"img":{"alt_text":"","src":"https:\/\/i0.wp.com\/lyonelkaufmann.ch\/Blog\/wp-content\/uploads\/2015\/03\/1744249_3_b844_daphne-koller_dde2b22e9212fbdc36ec05e0e03266f1.jpg?fit=540%2C270&ssl=1&resize=350%2C200","width":350,"height":200,"srcset":"https:\/\/i0.wp.com\/lyonelkaufmann.ch\/Blog\/wp-content\/uploads\/2015\/03\/1744249_3_b844_daphne-koller_dde2b22e9212fbdc36ec05e0e03266f1.jpg?fit=540%2C270&ssl=1&resize=350%2C200 1x, https:\/\/i0.wp.com\/lyonelkaufmann.ch\/Blog\/wp-content\/uploads\/2015\/03\/1744249_3_b844_daphne-koller_dde2b22e9212fbdc36ec05e0e03266f1.jpg?fit=540%2C270&ssl=1&resize=525%2C300 1.5x"},"classes":[]},{"id":3849,"url":"https:\/\/lyonelkaufmann.ch\/Blog\/2011\/07\/30\/des-difficultes-denseigner-le-conflit-israelo-arabe-en-france\/","url_meta":{"origin":5083,"position":5},"title":"Des difficult\u00e9s d&rsquo;enseigner le conflit isra\u00e9lo-arabe en France","author":"Lyonel Kaufmann","date":"30 juillet 2011","format":false,"excerpt":"Dans Rue89, l'historien\u00a0S\u00e9bastien Ledoux\u00a0et le sociologue\u00a0Samuel Ghiles Meilhac d\u00e9cryptent la censure effectu\u00e9e par les \u00e9ditions Hachette, sous la pression d'organisations juives, se rapportant \u00e0 une l\u00e9gende photographique dans son chapitre consacr\u00e9 \u00e0 \u00ab\u00a0L'ONU et la question palestinienne, 1947-1948\u00a0\u00bb. Il donc aura suffi d'un mot, d'une phrase pour qu'une\u00a0question d'histoire se\u2026","rel":"","context":"Dans &quot;histoire&quot;","block_context":{"text":"histoire","link":"https:\/\/lyonelkaufmann.ch\/Blog\/category\/histoire-2\/"},"img":{"alt_text":"","src":"https:\/\/i0.wp.com\/lyonelkaufmann.ch\/Blog\/wp-content\/uploads\/2015\/03\/palestine_israel_page1_full.jpg?fit=541%2C792&ssl=1&resize=350%2C200","width":350,"height":200,"srcset":"https:\/\/i0.wp.com\/lyonelkaufmann.ch\/Blog\/wp-content\/uploads\/2015\/03\/palestine_israel_page1_full.jpg?fit=541%2C792&ssl=1&resize=350%2C200 1x, https:\/\/i0.wp.com\/lyonelkaufmann.ch\/Blog\/wp-content\/uploads\/2015\/03\/palestine_israel_page1_full.jpg?fit=541%2C792&ssl=1&resize=525%2C300 1.5x"},"classes":[]}],"jetpack_likes_enabled":true,"_links":{"self":[{"href":"https:\/\/lyonelkaufmann.ch\/Blog\/wp-json\/wp\/v2\/posts\/5083","targetHints":{"allow":["GET"]}}],"collection":[{"href":"https:\/\/lyonelkaufmann.ch\/Blog\/wp-json\/wp\/v2\/posts"}],"about":[{"href":"https:\/\/lyonelkaufmann.ch\/Blog\/wp-json\/wp\/v2\/types\/post"}],"author":[{"embeddable":true,"href":"https:\/\/lyonelkaufmann.ch\/Blog\/wp-json\/wp\/v2\/users\/1"}],"replies":[{"embeddable":true,"href":"https:\/\/lyonelkaufmann.ch\/Blog\/wp-json\/wp\/v2\/comments?post=5083"}],"version-history":[{"count":0,"href":"https:\/\/lyonelkaufmann.ch\/Blog\/wp-json\/wp\/v2\/posts\/5083\/revisions"}],"wp:featuredmedia":[{"embeddable":true,"href":"https:\/\/lyonelkaufmann.ch\/Blog\/wp-json\/wp\/v2\/media\/13465"}],"wp:attachment":[{"href":"https:\/\/lyonelkaufmann.ch\/Blog\/wp-json\/wp\/v2\/media?parent=5083"}],"wp:term":[{"taxonomy":"category","embeddable":true,"href":"https:\/\/lyonelkaufmann.ch\/Blog\/wp-json\/wp\/v2\/categories?post=5083"},{"taxonomy":"post_tag","embeddable":true,"href":"https:\/\/lyonelkaufmann.ch\/Blog\/wp-json\/wp\/v2\/tags?post=5083"}],"curies":[{"name":"wp","href":"https:\/\/api.w.org\/{rel}","templated":true}]}}