{"id":5088,"date":"2012-02-25T07:10:55","date_gmt":"2012-02-25T07:10:55","guid":{"rendered":"http:\/\/lyonelkaufmann.ch\/histoire\/?p=5088"},"modified":"2012-02-25T07:10:55","modified_gmt":"2012-02-25T07:10:55","slug":"reseaux-sociaux-veille-et-usages-pedagogiques-netpublic","status":"publish","type":"post","link":"https:\/\/lyonelkaufmann.ch\/Blog\/2012\/02\/25\/reseaux-sociaux-veille-et-usages-pedagogiques-netpublic\/","title":{"rendered":"R\u00e9seaux sociaux : Veille et usages p\u00e9dagogiques |\u00a0NetPublic"},"content":{"rendered":"<p>Via <a style='font-weight:bold;font-size:18px;' href='http:\/\/www.scoop.it\/t\/medias-sociaux-et-enseignement\/p\/1298522691\/reseaux-sociaux-veille-et-usages-pedagogiques-netpublic'>Scoop.it<\/a> &#8211; <a href='http:\/\/www.scoop.it\/t\/medias-sociaux-et-enseignement'>M\u00e9dias sociaux et enseignement<\/a><br \/><img src='http:\/\/img.scoop.it\/XT4znOPJjiEluJC1rYJhojl72eJkfbmt4t8yenImKBXEejxNn4ZJNZ2ss5Ku7Cxt' \/><br \/>\u00c0 travers des fonctions de veille, d\u2019\u00e9change et de cr\u00e9ativit\u00e9, Xavier Galaup montre des exemples de projets participatifs et collaboratifs qui induisent et produisent un mode relationnel renouvel\u00e9 notamment avec les publics (pour les biblioth\u00e8ques) et les apprenants (pour l\u2019enseignement). La pr\u00e9sentation Veille et usages p\u00e9dagogiques des r\u00e9seaux sociaux porte principalement sur Twitter et Facebook et envisage une pr\u00e9sence sur les m\u00e9dias sociaux d\u2019abord comme un projet r\u00e9fl\u00e9chi avec ses corollaires (objectifs, publics, moyens engag\u00e9s : budget et ressources humaines, \u00e9valuation)<br \/><a href='http:\/\/www.netpublic.fr\/2012\/02\/reseaux-sociaux-veille-et-usages-pedagogiques\/'>Via www.netpublic.fr<\/a><\/p>\n","protected":false},"excerpt":{"rendered":"<p>Via Scoop.it &#8211; M\u00e9dias sociaux et enseignement\u00c0 travers des fonctions de veille, d\u2019\u00e9change et de cr\u00e9ativit\u00e9, Xavier Galaup montre des exemples de projets participatifs et collaboratifs qui induisent et produisent un mode relationnel renouvel\u00e9 notamment avec les publics (pour les biblioth\u00e8ques) et les apprenants (pour l\u2019enseignement). La pr\u00e9sentation Veille et usages p\u00e9dagogiques des r\u00e9seaux sociaux [&hellip;]<\/p>\n","protected":false},"author":1,"featured_media":14051,"comment_status":"open","ping_status":"open","sticky":false,"template":"","format":"standard","meta":{"_import_markdown_pro_load_document_selector":0,"_import_markdown_pro_submit_text_textarea":"","_genesis_hide_title":false,"_genesis_hide_breadcrumbs":false,"_genesis_hide_singular_image":false,"_genesis_hide_footer_widgets":false,"_genesis_custom_body_class":"","_genesis_custom_post_class":"","_genesis_layout":"","jetpack_post_was_ever_published":false,"_jetpack_newsletter_access":"","_jetpack_dont_email_post_to_subs":false,"_jetpack_newsletter_tier_id":0,"_jetpack_memberships_contains_paywalled_content":false,"_jetpack_memberships_contains_paid_content":false,"activitypub_content_warning":"","activitypub_content_visibility":"","activitypub_max_image_attachments":3,"activitypub_interaction_policy_quote":"anyone","activitypub_status":"","footnotes":"","jetpack_publicize_message":"","jetpack_publicize_feature_enabled":true,"jetpack_social_post_already_shared":true,"jetpack_social_options":{"image_generator_settings":{"template":"fullscreen","default_image_id":0,"font":"","enabled":false},"version":2}},"categories":[2],"tags":[],"class_list":{"0":"post-5088","1":"post","2":"type-post","3":"status-publish","4":"format-standard","5":"has-post-thumbnail","7":"category-histoire-2","8":"entry"},"jetpack_publicize_connections":[],"featured_image_src":"https:\/\/i0.wp.com\/lyonelkaufmann.ch\/Blog\/wp-content\/uploads\/2015\/03\/XT4znOPJjiEluJC1rYJhojl72eJkfbmt4t8yenImKBXEejxNn4ZJNZ2ss5Ku7Cxt.jpg?resize=500%2C298&ssl=1","featured_image_src_square":"https:\/\/i0.wp.com\/lyonelkaufmann.ch\/Blog\/wp-content\/uploads\/2015\/03\/XT4znOPJjiEluJC1rYJhojl72eJkfbmt4t8yenImKBXEejxNn4ZJNZ2ss5Ku7Cxt.jpg?resize=500%2C298&ssl=1","author_info":{"display_name":"Lyonel Kaufmann","author_link":"https:\/\/lyonelkaufmann.ch\/Blog\/author\/lyonelk\/"},"jetpack_featured_media_url":"https:\/\/i0.wp.com\/lyonelkaufmann.ch\/Blog\/wp-content\/uploads\/2015\/03\/XT4znOPJjiEluJC1rYJhojl72eJkfbmt4t8yenImKBXEejxNn4ZJNZ2ss5Ku7Cxt.jpg?fit=500%2C298&ssl=1","jetpack_sharing_enabled":true,"jetpack_shortlink":"https:\/\/wp.me\/p1qtF4-1k4","jetpack-related-posts":[{"id":19632,"url":"https:\/\/lyonelkaufmann.ch\/Blog\/2018\/11\/04\/comment-recuperer-une-archive-de-toutes-vos-publications-sur-les-reseaux-sociaux-les-outils-de-la-veille\/","url_meta":{"origin":5088,"position":0},"title":"Comment r\u00e9cup\u00e9rer une archive de toutes vos publications sur les r\u00e9seaux sociaux | Les outils de la veille","author":"Lyonel Kaufmann","date":"4 novembre 2018","format":false,"excerpt":"Comment r\u00e9cup\u00e9rer tous les tweets que vous avez post\u00e9s sur votre compte Twitter depuis le premier jour ? Comment faire la m\u00eame chose pour Facebook, LinkedIn ou encore Instagram ? Il peut parfois s\u2019av\u00e9rer utile de t\u00e9l\u00e9charger, re\u00e9cup\u00e9rer et sauvegarder l\u2019ensemble des publications publi\u00e9es sur les r\u00e9seaux sociaux. La plupart\u2026","rel":"","context":"Dans &quot;Blogcaf\u00e9&quot;","block_context":{"text":"Blogcaf\u00e9","link":"https:\/\/lyonelkaufmann.ch\/Blog\/category\/blogcafe-2\/"},"img":{"alt_text":"","src":"","width":0,"height":0},"classes":[]},{"id":3756,"url":"https:\/\/lyonelkaufmann.ch\/Blog\/2010\/10\/14\/mise-au-point-sur-les-usages-des-reseaux-sociaux-et-la-participation-en-ligne\/","url_meta":{"origin":5088,"position":1},"title":"Mise au point sur les usages des r\u00e9seaux sociaux et la participation en ligne","author":"Lyonel Kaufmann","date":"14 octobre 2010","format":"aside","excerpt":"via InternetActu.netMarsouin, le M\u00f4le armoricain de recherche sur la soci\u00e9t\u00e9 et les usages d\u2019internet est une source pr\u00e9cieuse ... Read More >>","rel":"","context":"Dans &quot;L'Expresso&quot;","block_context":{"text":"L'Expresso","link":"https:\/\/lyonelkaufmann.ch\/Blog\/category\/breves\/"},"img":{"alt_text":"","src":"https:\/\/i0.wp.com\/lyonelkaufmann.ch\/Blog\/wp-content\/uploads\/2015\/03\/tableau1marsouin.png?fit=500%2C369&ssl=1&resize=350%2C200","width":350,"height":200},"classes":[]},{"id":5559,"url":"https:\/\/lyonelkaufmann.ch\/Blog\/2012\/06\/19\/lusage-des-reseaux-sociaux-en-classe-1ere-partie-du-bilan-ouvrir-ma-onzieme-annee-et-les-suivantes\/","url_meta":{"origin":5088,"position":2},"title":"L\u2019usage des r\u00e9seaux sociaux en classe: 1\u00e8re partie du bilan, ouvrir ! | Ma onzi\u00e8me ann\u00e9e et les suivantes\u2026","author":"Lyonel Kaufmann","date":"19 juin 2012","format":false,"excerpt":"Laurence Juin revient sur l'utilisation cette ann\u00e9e par ses \u00e9l\u00e8ves de 1\u00e8re bac pro (France) des r\u00e9seaux sociaux (twitter, faxebook et tumblr.). Avec Facebook, Twitter a notamment permis de recueillir des t\u00e9moignages sur ce que les gens faisaient au moment de la chute du mur de Berlin et le 11\u2026","rel":"","context":"Dans &quot;histoire&quot;","block_context":{"text":"histoire","link":"https:\/\/lyonelkaufmann.ch\/Blog\/category\/histoire-2\/"},"img":{"alt_text":"","src":"https:\/\/i0.wp.com\/lyonelkaufmann.ch\/Blog\/wp-content\/uploads\/2015\/03\/blogcafe1.jpg?fit=1024%2C683&ssl=1&resize=350%2C200","width":350,"height":200,"srcset":"https:\/\/i0.wp.com\/lyonelkaufmann.ch\/Blog\/wp-content\/uploads\/2015\/03\/blogcafe1.jpg?fit=1024%2C683&ssl=1&resize=350%2C200 1x, https:\/\/i0.wp.com\/lyonelkaufmann.ch\/Blog\/wp-content\/uploads\/2015\/03\/blogcafe1.jpg?fit=1024%2C683&ssl=1&resize=525%2C300 1.5x, https:\/\/i0.wp.com\/lyonelkaufmann.ch\/Blog\/wp-content\/uploads\/2015\/03\/blogcafe1.jpg?fit=1024%2C683&ssl=1&resize=700%2C400 2x"},"classes":[]},{"id":11995,"url":"https:\/\/lyonelkaufmann.ch\/Blog\/2014\/09\/10\/reseaux-sociaux-le-retour-de-la-vie-privee\/","url_meta":{"origin":5088,"position":3},"title":"R\u00e9seaux sociaux : le retour de la vie priv\u00e9e ?","author":"Lyonel Kaufmann","date":"10 septembre 2014","format":false,"excerpt":"Ce billet peut para\u00eetre paradoxal au moment o\u00f9 sont diffus\u00e9es des photos pirat\u00e9es de people nord-am\u00e9ricaines ou qu\u2019un politicien suisse, Geri M\u00fcller, se voit jeter en p\u00e2ture, nu dans son bureau, par son ex (Le conseiller national Geri M\u00fcller aurait envoy\u00e9 des selfies nus\u00a0| Le Matin). Et pourtant, en lisant\u2026","rel":"","context":"Dans &quot;Blogcaf\u00e9&quot;","block_context":{"text":"Blogcaf\u00e9","link":"https:\/\/lyonelkaufmann.ch\/Blog\/category\/blogcafe-2\/"},"img":{"alt_text":"","src":"https:\/\/i0.wp.com\/lyonelkaufmann.ch\/Blog\/wp-content\/uploads\/2015\/03\/blogcafe1.jpg?fit=1024%2C683&ssl=1&resize=350%2C200","width":350,"height":200,"srcset":"https:\/\/i0.wp.com\/lyonelkaufmann.ch\/Blog\/wp-content\/uploads\/2015\/03\/blogcafe1.jpg?fit=1024%2C683&ssl=1&resize=350%2C200 1x, https:\/\/i0.wp.com\/lyonelkaufmann.ch\/Blog\/wp-content\/uploads\/2015\/03\/blogcafe1.jpg?fit=1024%2C683&ssl=1&resize=525%2C300 1.5x, https:\/\/i0.wp.com\/lyonelkaufmann.ch\/Blog\/wp-content\/uploads\/2015\/03\/blogcafe1.jpg?fit=1024%2C683&ssl=1&resize=700%2C400 2x"},"classes":[]},{"id":4715,"url":"https:\/\/lyonelkaufmann.ch\/Blog\/2011\/07\/08\/vous-tweetez-eh-bien-lisez-maintenant-owni\/","url_meta":{"origin":5088,"position":4},"title":"Vous \u00ab tweetez \u00bb ?\u2026 Eh bien lisez maintenant ! | OWNI","author":"Lyonel Kaufmann","date":"8 juillet 2011","format":"aside","excerpt":"Enseignant en classe de CP \u00e0 l'\u00e9cole la Providence de Dunkerque, Jean-Roch Masson a utilis\u00e9 cette ann\u00e9e le r\u00e9seau social Twitter afin de motiver mes \u00e9l\u00e8ves \u00e0 la lecture et \u00e0 l'\u00e9criture. Le pi\u00e8ge en utilisant un r\u00e9seau aussi particulier que Twitter \u00e9tait de faire passer l\u2019outil avant les objectifs.\u2026","rel":"","context":"Dans &quot;Blogcaf\u00e9&quot;","block_context":{"text":"Blogcaf\u00e9","link":"https:\/\/lyonelkaufmann.ch\/Blog\/category\/blogcafe-2\/"},"img":{"alt_text":"","src":"https:\/\/i0.wp.com\/lyonelkaufmann.ch\/Blog\/wp-content\/uploads\/2015\/03\/blogcafe1.jpg?fit=1024%2C683&ssl=1&resize=350%2C200","width":350,"height":200,"srcset":"https:\/\/i0.wp.com\/lyonelkaufmann.ch\/Blog\/wp-content\/uploads\/2015\/03\/blogcafe1.jpg?fit=1024%2C683&ssl=1&resize=350%2C200 1x, https:\/\/i0.wp.com\/lyonelkaufmann.ch\/Blog\/wp-content\/uploads\/2015\/03\/blogcafe1.jpg?fit=1024%2C683&ssl=1&resize=525%2C300 1.5x, https:\/\/i0.wp.com\/lyonelkaufmann.ch\/Blog\/wp-content\/uploads\/2015\/03\/blogcafe1.jpg?fit=1024%2C683&ssl=1&resize=700%2C400 2x"},"classes":[]},{"id":6981,"url":"https:\/\/lyonelkaufmann.ch\/Blog\/2013\/04\/19\/revue-de-presse-linteret-pedagogique-des-blogs-lagence-nationale-des-usages-des-tice\/","url_meta":{"origin":5088,"position":5},"title":"Revue de presse : L\u2019int\u00e9r\u00eat p\u00e9dagogique des blogs | L&rsquo;Agence nationale des Usages des TICE","author":"Lyonel Kaufmann","date":"19 avril 2013","format":false,"excerpt":"Le blog contribue \u00e0 \u00e9tablir la coh\u00e9sion sociale au sein d\u2019un groupe et qu\u2019il encourage la production et les \u00e9changes car les auteurs savent qu\u2019ils seront lus par un public. Un consensus semble se former autour de ces usages : les blogs int\u00e9ressants p\u00e9dagogiquement sont ceux qui font la part\u2026","rel":"","context":"Dans &quot;histoire&quot;","block_context":{"text":"histoire","link":"https:\/\/lyonelkaufmann.ch\/Blog\/category\/histoire-2\/"},"img":{"alt_text":"","src":"https:\/\/i0.wp.com\/lyonelkaufmann.ch\/Blog\/wp-content\/uploads\/2015\/03\/blogcafe1.jpg?fit=1024%2C683&ssl=1&resize=350%2C200","width":350,"height":200,"srcset":"https:\/\/i0.wp.com\/lyonelkaufmann.ch\/Blog\/wp-content\/uploads\/2015\/03\/blogcafe1.jpg?fit=1024%2C683&ssl=1&resize=350%2C200 1x, https:\/\/i0.wp.com\/lyonelkaufmann.ch\/Blog\/wp-content\/uploads\/2015\/03\/blogcafe1.jpg?fit=1024%2C683&ssl=1&resize=525%2C300 1.5x, https:\/\/i0.wp.com\/lyonelkaufmann.ch\/Blog\/wp-content\/uploads\/2015\/03\/blogcafe1.jpg?fit=1024%2C683&ssl=1&resize=700%2C400 2x"},"classes":[]}],"jetpack_likes_enabled":true,"_links":{"self":[{"href":"https:\/\/lyonelkaufmann.ch\/Blog\/wp-json\/wp\/v2\/posts\/5088","targetHints":{"allow":["GET"]}}],"collection":[{"href":"https:\/\/lyonelkaufmann.ch\/Blog\/wp-json\/wp\/v2\/posts"}],"about":[{"href":"https:\/\/lyonelkaufmann.ch\/Blog\/wp-json\/wp\/v2\/types\/post"}],"author":[{"embeddable":true,"href":"https:\/\/lyonelkaufmann.ch\/Blog\/wp-json\/wp\/v2\/users\/1"}],"replies":[{"embeddable":true,"href":"https:\/\/lyonelkaufmann.ch\/Blog\/wp-json\/wp\/v2\/comments?post=5088"}],"version-history":[{"count":0,"href":"https:\/\/lyonelkaufmann.ch\/Blog\/wp-json\/wp\/v2\/posts\/5088\/revisions"}],"wp:featuredmedia":[{"embeddable":true,"href":"https:\/\/lyonelkaufmann.ch\/Blog\/wp-json\/wp\/v2\/media\/14051"}],"wp:attachment":[{"href":"https:\/\/lyonelkaufmann.ch\/Blog\/wp-json\/wp\/v2\/media?parent=5088"}],"wp:term":[{"taxonomy":"category","embeddable":true,"href":"https:\/\/lyonelkaufmann.ch\/Blog\/wp-json\/wp\/v2\/categories?post=5088"},{"taxonomy":"post_tag","embeddable":true,"href":"https:\/\/lyonelkaufmann.ch\/Blog\/wp-json\/wp\/v2\/tags?post=5088"}],"curies":[{"name":"wp","href":"https:\/\/api.w.org\/{rel}","templated":true}]}}