{"id":5120,"date":"2012-02-27T16:43:26","date_gmt":"2012-02-27T16:43:26","guid":{"rendered":"http:\/\/lyonelkaufmann.ch\/histoire\/?p=5120"},"modified":"2012-02-27T16:43:26","modified_gmt":"2012-02-27T16:43:26","slug":"cheval-de-guerre-de-steven-spielberg-k-classroom","status":"publish","type":"post","link":"https:\/\/lyonelkaufmann.ch\/Blog\/2012\/02\/27\/cheval-de-guerre-de-steven-spielberg-k-classroom\/","title":{"rendered":"Cheval de guerre de Steven Spielberg |\u00a0K-classroom"},"content":{"rendered":"<p>Via <a style=\"font-weight:bold;font-size:18px;\" href=\"http:\/\/www.scoop.it\/t\/histoire\/p\/1302004405\/cheval-de-guerre-de-steven-spielberg-k-classroom\">Scoop.it<\/a> &#8211; <a href=\"http:\/\/www.scoop.it\/t\/histoire\">histoire<\/a><br \/>\n<img loading=\"lazy\" decoding=\"async\" class=\"alignleft\" src=\"http:\/\/img.scoop.it\/ckzSQPMhDO-2FFXpIDl2bjl72eJkfbmt4t8yenImKBXEejxNn4ZJNZ2ss5Ku7Cxt\" alt=\"\" width=\"272\" height=\"185\" \/>La Premi\u00e8re Guerre mondiale a \u00e9t\u00e9 montr\u00e9e sous l&rsquo;angle du t\u00e9moignage reconstitu\u00e9 (Verdun, d&rsquo;histoire), du br\u00fblot antimilitariste (les Sentiers de la gloire) ou de la romance (Un long dimanche de Fian\u00e7ailles). Jamais encore sous celui du conte pour enfants. Elle a \u00e9t\u00e9 d\u00e9crite du point de vue des combattants de tous les camps, des bless\u00e9s et autres gueules cass\u00e9es (la Chambre des officiers), des femmes (la France) ou des veuves (la Vie est rien d&rsquo;autres). Jamais encore \u00e0 travers le regard d&rsquo;un cheval ! Il fallait bien l&rsquo;audace et l\u2019ing\u00e9nuit\u00e9 de Steven Spielberg pour parvenir \u00e0 rendre cr\u00e9dible et passionnante l&rsquo;adaptation cin\u00e9matographique d&rsquo;un classique de la litt\u00e9rature de jeunesse (Cheval de guerre de Michael Morpurgo).<\/p>\n<p>Je vous invite \u00e0 lire cette int\u00e9ressante analyse du film par Gabriel Kleszewski, prof. d&rsquo;histoire-g\u00e9o, sur son blog. Elle me donne (presque?) l&rsquo;envie d&rsquo;aller voir ce film.<br \/>\n<a href=\"http:\/\/k-classroom.blogspot.com\/2012\/02\/cheval-de-guerre.html\">Via k-classroom.blogspot.com<\/a><\/p>\n","protected":false},"excerpt":{"rendered":"<p>Via Scoop.it &#8211; histoire La Premi\u00e8re Guerre mondiale a \u00e9t\u00e9 montr\u00e9e sous l&rsquo;angle du t\u00e9moignage reconstitu\u00e9 (Verdun, d&rsquo;histoire), du br\u00fblot antimilitariste (les Sentiers de la gloire) ou de la romance (Un long dimanche de Fian\u00e7ailles). Jamais encore sous celui du conte pour enfants. Elle a \u00e9t\u00e9 d\u00e9crite du point de vue des combattants de tous [&hellip;]<\/p>\n","protected":false},"author":1,"featured_media":14053,"comment_status":"open","ping_status":"open","sticky":false,"template":"","format":"standard","meta":{"_import_markdown_pro_load_document_selector":0,"_import_markdown_pro_submit_text_textarea":"","_genesis_hide_title":false,"_genesis_hide_breadcrumbs":false,"_genesis_hide_singular_image":false,"_genesis_hide_footer_widgets":false,"_genesis_custom_body_class":"","_genesis_custom_post_class":"","_genesis_layout":"","jetpack_post_was_ever_published":false,"_jetpack_newsletter_access":"","_jetpack_dont_email_post_to_subs":false,"_jetpack_newsletter_tier_id":0,"_jetpack_memberships_contains_paywalled_content":false,"_jetpack_memberships_contains_paid_content":false,"activitypub_content_warning":"","activitypub_content_visibility":"","activitypub_max_image_attachments":3,"activitypub_interaction_policy_quote":"anyone","activitypub_status":"","footnotes":"","jetpack_publicize_message":"","jetpack_publicize_feature_enabled":true,"jetpack_social_post_already_shared":true,"jetpack_social_options":{"image_generator_settings":{"template":"fullscreen","default_image_id":0,"font":"","enabled":false},"version":2}},"categories":[2],"tags":[],"class_list":{"0":"post-5120","1":"post","2":"type-post","3":"status-publish","4":"format-standard","5":"has-post-thumbnail","7":"category-histoire-2","8":"entry"},"jetpack_publicize_connections":[],"featured_image_src":"https:\/\/i0.wp.com\/lyonelkaufmann.ch\/Blog\/wp-content\/uploads\/2015\/03\/ckzSQPMhDO-2FFXpIDl2bjl72eJkfbmt4t8yenImKBXEejxNn4ZJNZ2ss5Ku7Cxt.jpg?resize=272%2C185&ssl=1","featured_image_src_square":"https:\/\/i0.wp.com\/lyonelkaufmann.ch\/Blog\/wp-content\/uploads\/2015\/03\/ckzSQPMhDO-2FFXpIDl2bjl72eJkfbmt4t8yenImKBXEejxNn4ZJNZ2ss5Ku7Cxt.jpg?resize=272%2C185&ssl=1","author_info":{"display_name":"Lyonel Kaufmann","author_link":"https:\/\/lyonelkaufmann.ch\/Blog\/author\/lyonelk\/"},"jetpack_featured_media_url":"https:\/\/i0.wp.com\/lyonelkaufmann.ch\/Blog\/wp-content\/uploads\/2015\/03\/ckzSQPMhDO-2FFXpIDl2bjl72eJkfbmt4t8yenImKBXEejxNn4ZJNZ2ss5Ku7Cxt.jpg?fit=272%2C185&ssl=1","jetpack_sharing_enabled":true,"jetpack_shortlink":"https:\/\/wp.me\/p1qtF4-1kA","jetpack-related-posts":[{"id":7255,"url":"https:\/\/lyonelkaufmann.ch\/Blog\/2013\/08\/06\/chronique-de-lete-obama-lincoln-django-unchained-notre-voyage-nest-pas-termine\/","url_meta":{"origin":5120,"position":0},"title":"Chronique de l&rsquo;\u00e9t\u00e9 : Obama, Lincoln &amp; Django unchained : \u00ab notre voyage n\u2019est pas termin\u00e9 \u00bb.","author":"Lyonel Kaufmann","date":"6 ao\u00fbt 2013","format":false,"excerpt":"Je mets \u00e0 profit la pause estivale pour publier en ce mois d\u2019ao\u00fbt mes chroniques mensuelles du\u00a0Caf\u00e9 p\u00e9dagogique.\u00a0En janvier 2013, Obama, Lincoln et Django Unchained interrogaient le rapport de\u00a0\u00a0la soci\u00e9t\u00e9 am\u00e9ricaine \u00e0 son histoire et \u00e0 son pr\u00e9sent. Bonne lecture. Dans la relecture de l\u2019histoire am\u00e9ricaine des 19e et 20e\u2026","rel":"","context":"Dans &quot;histoire&quot;","block_context":{"text":"histoire","link":"https:\/\/lyonelkaufmann.ch\/Blog\/category\/histoire-2\/"},"img":{"alt_text":"","src":"https:\/\/i0.wp.com\/www.citylocalnews.com\/fr\/images\/6A30D0DA-0A8A-436C-A542-1DAB4DA88198\/CLN_03\/lincoln-le-dernier-spielberg-en-avant-premiere-au-pathe-cap-sud-et-au-capitole-studios-%28photo-dr%29.jpg?resize=350%2C200","width":350,"height":200},"classes":[]},{"id":7233,"url":"https:\/\/lyonelkaufmann.ch\/Blog\/2013\/08\/01\/les-fantomes-de-la-memoire-vous-racontent-la-shoah-histoire-memoire-et-societe\/","url_meta":{"origin":5120,"position":1},"title":"Les fant\u00f4mes de la m\u00e9moire vous racontent la Shoah | Histoire, M\u00e9moire et Soci\u00e9t\u00e9","author":"Lyonel Kaufmann","date":"1 ao\u00fbt 2013","format":false,"excerpt":"Voici un tr\u00e8s int\u00e9ressant article de Micka\u00ebl Bertrand. A l'aide du concept de \u00abpr\u00e9sentisme\u00bb\u00a0d\u00e9velopp\u00e9 par Fran\u00e7ois Hartog dans son livre sur les r\u00e9gimes d'historicit\u00e9, il interroge la mod\u00e9lisation de survivants de la Shoah sous la forme d'hologramme interactifs par l\u2019ITC (Institute for Creative Technologies) et la Shoah Foundation Institute. Une\u2026","rel":"","context":"Dans &quot;histoire&quot;","block_context":{"text":"histoire","link":"https:\/\/lyonelkaufmann.ch\/Blog\/category\/histoire-2\/"},"img":{"alt_text":"","src":"https:\/\/i0.wp.com\/img.youtube.com\/vi\/AnF630tCiEk\/0.jpg?resize=350%2C200","width":350,"height":200},"classes":[]},{"id":7262,"url":"https:\/\/lyonelkaufmann.ch\/Blog\/2013\/08\/08\/chronique-de-lete-filmer-la-guerre-et-la-shoah-une-exigence-politique-et-esthetique\/","url_meta":{"origin":5120,"position":2},"title":"Chronique de l&rsquo;\u00e9t\u00e9 : Filmer la guerre et la Shoah : une exigence politique et esth\u00e9tique","author":"Lyonel Kaufmann","date":"8 ao\u00fbt 2013","format":false,"excerpt":"Je mets \u00e0 profit la pause estivale pour publier en ce mois d\u2019ao\u00fbt mes chroniques mensuelles du Caf\u00e9 p\u00e9dagogique. En f\u00e9vrier, ma chronique \u00e9tait consacr\u00e9e \u00e0 l'ouvrage de Sylvie Lindeperg, aux images de la Seconde Guerre mondiale et plus particuli\u00e8rement celles du G\u00e9nocide.\u00a0Bonne lecture. Quel r\u00f4le les images film\u00e9es de\u2026","rel":"","context":"Dans &quot;histoire&quot;","block_context":{"text":"histoire","link":"https:\/\/lyonelkaufmann.ch\/Blog\/category\/histoire-2\/"},"img":{"alt_text":"","src":"https:\/\/i0.wp.com\/www.cafepedagogique.net\/lemensuel\/lenseignant\/schumaines\/histoire\/PublishingImages\/140\/140_1.jpg?resize=350%2C200","width":350,"height":200},"classes":[]},{"id":6759,"url":"https:\/\/lyonelkaufmann.ch\/Blog\/2013\/02\/01\/filmer-la-guerre-et-lholocauste-une-exigence-politique-et-esthetique\/","url_meta":{"origin":5120,"position":3},"title":"Filmer la guerre et l&rsquo;Holocauste : une exigence politique et esth\u00e9tique","author":"Lyonel Kaufmann","date":"1 f\u00e9vrier 2013","format":false,"excerpt":"Quel r\u00f4le les images film\u00e9es de la Deuxi\u00e8me Guerre mondiale ont-elles jou\u00e9, et continuent-elles de le faire, dans notre m\u00e9moire collective et celle du G\u00e9nocide ? Que valent ces images, souvent coloris\u00e9es aujourd'hui, sorties de leur contexte et d\u00e9filant \u00e0 un rythme tr\u00e9pidant\u00a0? Dans son nouveau livre,\u00a0l'historienne Sylvie Lindeperg travaille\u2026","rel":"","context":"Dans &quot;histoire&quot;","block_context":{"text":"histoire","link":"https:\/\/lyonelkaufmann.ch\/Blog\/category\/histoire-2\/"},"img":{"alt_text":"lavoiedesimages","src":"https:\/\/i0.wp.com\/lyonelkaufmann.ch\/histoire\/wp-content\/uploads\/2013\/02\/lavoiedesimages.gif?resize=350%2C200","width":350,"height":200},"classes":[]},{"id":12721,"url":"https:\/\/lyonelkaufmann.ch\/Blog\/2011\/05\/18\/evolution-du-spectacle-latelier-des-icones\/","url_meta":{"origin":5120,"position":4},"title":"Evolution du spectacle | L&rsquo;Atelier des ic\u00f4nes","author":"Lyonel Kaufmann","date":"18 mai 2011","format":"aside","excerpt":"Alors que la deuxi\u00e8me partie de la campagne promotionnelle du Tintin de Steven Spielberg d\u00e9marre, Andr\u00e9 Gunthert s'interroge sur le rapport du film \u00e0 l'oeuvre. Y a-t-il eu trahison sur l'autel du spectacle hollywoodien? Non explique Andr\u00e9 Gunthert. Reprenons \u00e0 partir de la premi\u00e8re bande-annonce: Dans un premier temps, A.\u2026","rel":"","context":"Dans &quot;Blogcaf\u00e9&quot;","block_context":{"text":"Blogcaf\u00e9","link":"https:\/\/lyonelkaufmann.ch\/Blog\/category\/blogcafe-2\/"},"img":{"alt_text":"","src":"","width":0,"height":0},"classes":[]},{"id":2631,"url":"https:\/\/lyonelkaufmann.ch\/Blog\/2010\/03\/07\/filmer-les-camps-de-hollywood-a-nuremberg-memorial-de-la-shoah\/","url_meta":{"origin":5120,"position":5},"title":"Filmer les camps de Hollywood \u00e0 Nuremberg | M\u00e9morial de la Shoah","author":"Lyonel Kaufmann","date":"7 mars 2010","format":false,"excerpt":"Du 10 mars au 31 ao\u00fbt 2010, le M\u00e9morial de la Shoah pr\u00e9sente une exposition consacr\u00e9e \u00e0 trois producteurs\/cin\u00e9astes am\u00e9ricains (John Ford, George Stevens et Samuel Fuller) et \u00e0 leurs images concernant les camps de Dachau et Falkenau. En effet, en 1945, les images de Dachau prises par l\u2019\u00e9quipe de\u2026","rel":"","context":"Dans &quot;histoire&quot;","block_context":{"text":"histoire","link":"https:\/\/lyonelkaufmann.ch\/Blog\/category\/histoire-2\/"},"img":{"alt_text":"","src":"https:\/\/i0.wp.com\/lyonelkaufmann.ch\/Blog\/wp-content\/uploads\/2015\/03\/blogcafe1.jpg?fit=1024%2C683&ssl=1&resize=350%2C200","width":350,"height":200,"srcset":"https:\/\/i0.wp.com\/lyonelkaufmann.ch\/Blog\/wp-content\/uploads\/2015\/03\/blogcafe1.jpg?fit=1024%2C683&ssl=1&resize=350%2C200 1x, https:\/\/i0.wp.com\/lyonelkaufmann.ch\/Blog\/wp-content\/uploads\/2015\/03\/blogcafe1.jpg?fit=1024%2C683&ssl=1&resize=525%2C300 1.5x, https:\/\/i0.wp.com\/lyonelkaufmann.ch\/Blog\/wp-content\/uploads\/2015\/03\/blogcafe1.jpg?fit=1024%2C683&ssl=1&resize=700%2C400 2x"},"classes":[]}],"jetpack_likes_enabled":true,"_links":{"self":[{"href":"https:\/\/lyonelkaufmann.ch\/Blog\/wp-json\/wp\/v2\/posts\/5120","targetHints":{"allow":["GET"]}}],"collection":[{"href":"https:\/\/lyonelkaufmann.ch\/Blog\/wp-json\/wp\/v2\/posts"}],"about":[{"href":"https:\/\/lyonelkaufmann.ch\/Blog\/wp-json\/wp\/v2\/types\/post"}],"author":[{"embeddable":true,"href":"https:\/\/lyonelkaufmann.ch\/Blog\/wp-json\/wp\/v2\/users\/1"}],"replies":[{"embeddable":true,"href":"https:\/\/lyonelkaufmann.ch\/Blog\/wp-json\/wp\/v2\/comments?post=5120"}],"version-history":[{"count":0,"href":"https:\/\/lyonelkaufmann.ch\/Blog\/wp-json\/wp\/v2\/posts\/5120\/revisions"}],"wp:featuredmedia":[{"embeddable":true,"href":"https:\/\/lyonelkaufmann.ch\/Blog\/wp-json\/wp\/v2\/media\/14053"}],"wp:attachment":[{"href":"https:\/\/lyonelkaufmann.ch\/Blog\/wp-json\/wp\/v2\/media?parent=5120"}],"wp:term":[{"taxonomy":"category","embeddable":true,"href":"https:\/\/lyonelkaufmann.ch\/Blog\/wp-json\/wp\/v2\/categories?post=5120"},{"taxonomy":"post_tag","embeddable":true,"href":"https:\/\/lyonelkaufmann.ch\/Blog\/wp-json\/wp\/v2\/tags?post=5120"}],"curies":[{"name":"wp","href":"https:\/\/api.w.org\/{rel}","templated":true}]}}