{"id":5125,"date":"2012-02-29T11:09:06","date_gmt":"2012-02-29T11:09:06","guid":{"rendered":"http:\/\/lyonelkaufmann.ch\/histoire\/?p=5125"},"modified":"2012-02-29T11:09:06","modified_gmt":"2012-02-29T11:09:06","slug":"le-blog-comme-outil-pedagogique-notes-le-clin-de-loeil","status":"publish","type":"post","link":"https:\/\/lyonelkaufmann.ch\/Blog\/2012\/02\/29\/le-blog-comme-outil-pedagogique-notes-le-clin-de-loeil\/","title":{"rendered":"Le blog comme outil p\u00e9dagogique, notes | Le Clin de l&rsquo;\u0153il"},"content":{"rendered":"<p><a href=\"https:\/\/i0.wp.com\/lyonelkaufmann.ch\/histoire\/wp-content\/uploads\/2012\/02\/4530413365_e36b1c025b_o.jpg\"><img data-recalc-dims=\"1\" loading=\"lazy\" decoding=\"async\" class=\"alignleft size-medium wp-image-5133\" title=\"4530413365_e36b1c025b_o\" src=\"https:\/\/i0.wp.com\/lyonelkaufmann.ch\/histoire\/wp-content\/uploads\/2012\/02\/4530413365_e36b1c025b_o-300x179.jpg?resize=300%2C179\" alt=\"\" width=\"300\" height=\"179\" \/><\/a>Depuis f\u00e9vrier 2011, Audrey Leblanc\u00a0donne des cours \u00e0 Paris 3 Sorbonne Nouvelle \u00e0 un groupe de 35 \u00e9tudiants en moyenne, ayant commenc\u00e9 leur sp\u00e9cialisation dans l\u2019image au premier semestre de cette deuxi\u00e8me ann\u00e9e de licence. \u00a0Par commodit\u00e9, elle a ouvert un blog comme support de ce cours (Le Coin de Censier).<\/p>\n<p>Un an apr\u00e8s, il est toujours actif \u00a0et Audrey Leblanc nous offre quelques remarques fort instructives sur cet outil de travail\u2026 Merci \u00e0 elle.<br \/>\nLire l&rsquo;article :\u00a0<a href=\"http:\/\/culturevisuelle.org\/clindeloeil\/2012\/02\/25\/le-blog-comme-outil-pedagogique-notes\/\">culturevisuelle.org<\/a><br \/>\nVia\u00a0<a href=\"http:\/\/www.scoop.it\/t\/histoire\/p\/1302052951\/le-blog-comme-outil-pedagogique-notes-le-clin-de-l-il\">Scoop.it<\/a>\u00a0&#8211;\u00a0<a href=\"http:\/\/www.scoop.it\/t\/histoire\">histoire<\/a><\/p>\n","protected":false},"excerpt":{"rendered":"<p>Depuis f\u00e9vrier 2011, Audrey Leblanc\u00a0donne des cours \u00e0 Paris 3 Sorbonne Nouvelle \u00e0 un groupe de 35 \u00e9tudiants en moyenne, ayant commenc\u00e9 leur sp\u00e9cialisation dans l\u2019image au premier semestre de cette deuxi\u00e8me ann\u00e9e de licence. \u00a0Par commodit\u00e9, elle a ouvert un blog comme support de ce cours (Le Coin de Censier). Un an apr\u00e8s, il [&hellip;]<\/p>\n","protected":false},"author":1,"featured_media":14054,"comment_status":"open","ping_status":"open","sticky":false,"template":"","format":"standard","meta":{"_import_markdown_pro_load_document_selector":0,"_import_markdown_pro_submit_text_textarea":"","_genesis_hide_title":false,"_genesis_hide_breadcrumbs":false,"_genesis_hide_singular_image":false,"_genesis_hide_footer_widgets":false,"_genesis_custom_body_class":"","_genesis_custom_post_class":"","_genesis_layout":"","jetpack_post_was_ever_published":false,"_jetpack_newsletter_access":"","_jetpack_dont_email_post_to_subs":false,"_jetpack_newsletter_tier_id":0,"_jetpack_memberships_contains_paywalled_content":false,"_jetpack_memberships_contains_paid_content":false,"activitypub_content_warning":"","activitypub_content_visibility":"","activitypub_max_image_attachments":3,"activitypub_interaction_policy_quote":"anyone","activitypub_status":"","footnotes":"","jetpack_publicize_message":"","jetpack_publicize_feature_enabled":true,"jetpack_social_post_already_shared":true,"jetpack_social_options":{"image_generator_settings":{"template":"fullscreen","default_image_id":0,"font":"","enabled":false},"version":2}},"categories":[2],"tags":[],"class_list":{"0":"post-5125","1":"post","2":"type-post","3":"status-publish","4":"format-standard","5":"has-post-thumbnail","7":"category-histoire-2","8":"entry"},"jetpack_publicize_connections":[],"featured_image_src":"https:\/\/i0.wp.com\/lyonelkaufmann.ch\/Blog\/wp-content\/uploads\/2015\/03\/4530413365_e36b1c025b_o-300x179.jpg?resize=300%2C179&ssl=1","featured_image_src_square":"https:\/\/i0.wp.com\/lyonelkaufmann.ch\/Blog\/wp-content\/uploads\/2015\/03\/4530413365_e36b1c025b_o-300x179.jpg?resize=300%2C179&ssl=1","author_info":{"display_name":"Lyonel Kaufmann","author_link":"https:\/\/lyonelkaufmann.ch\/Blog\/author\/lyonelk\/"},"jetpack_featured_media_url":"https:\/\/i0.wp.com\/lyonelkaufmann.ch\/Blog\/wp-content\/uploads\/2015\/03\/4530413365_e36b1c025b_o-300x179.jpg?fit=300%2C179&ssl=1","jetpack_sharing_enabled":true,"jetpack_shortlink":"https:\/\/wp.me\/p1qtF4-1kF","jetpack-related-posts":[{"id":6629,"url":"https:\/\/lyonelkaufmann.ch\/Blog\/2012\/12\/28\/dans-le-retroviseur\/","url_meta":{"origin":5125,"position":0},"title":"L&rsquo;ann\u00e9e 2012 dans mon r\u00e9troviseur |\u00a0Chronique no 138","author":"Lyonel Kaufmann","date":"28 d\u00e9cembre 2012","format":false,"excerpt":"Devant le sapin de No\u00ebl, alors que la f\u00eate bat son plein, l'heure est aussi \u00e0 jeter un dernier regard sur l'ann\u00e9e \u00e9coul\u00e9e pour en faire un bilan. En parcourant, mois par mois, les articles publi\u00e9s sur mon blog professionnel, les \u00e9l\u00e9ments suivants ont acquis suffisamment de relief pour s'y\u2026","rel":"","context":"Dans &quot;histoire&quot;","block_context":{"text":"histoire","link":"https:\/\/lyonelkaufmann.ch\/Blog\/category\/histoire-2\/"},"img":{"alt_text":"","src":"https:\/\/i0.wp.com\/lyonelkaufmann.ch\/Blog\/wp-content\/uploads\/2015\/03\/2mondes.jpg?fit=402%2C284&ssl=1&resize=350%2C200","width":350,"height":200},"classes":[]},{"id":19994,"url":"https:\/\/lyonelkaufmann.ch\/Blog\/2019\/02\/15\/explorateurs-touristes-et-autres-sauvages-de-jean-talon\/","url_meta":{"origin":5125,"position":1},"title":"Explorateurs, touristes et autres sauvages, de Jean Talon","author":"Lyonel Kaufmann","date":"15 f\u00e9vrier 2019","format":false,"excerpt":"Explorateurs, touristes et autres sauvages, de Jean Talon. Traduit de l\u2019italien par St\u00e9phanie Leblanc. Plein Jour, 160 pp., 16 \u20ac Dix-sept histoires de sauvages puis\u00e9es dans les r\u00e9cits d\u2019explorateurs et ethnographes. O\u00f9 on retrouve la fascinante aventure de Rasmussen, tomb\u00e9 dans l\u2019eau glac\u00e9e du cercle polaire arctique, nez \u00e0 nez\u2026","rel":"","context":"Dans &quot;Blogcaf\u00e9&quot;","block_context":{"text":"Blogcaf\u00e9","link":"https:\/\/lyonelkaufmann.ch\/Blog\/category\/blogcafe-2\/"},"img":{"alt_text":"","src":"https:\/\/i0.wp.com\/lyonelkaufmann.ch\/Blog\/wp-content\/uploads\/2019\/02\/51-HPrUMDgL._SX339_BO1204203200_.jpg?fit=341%2C499&ssl=1&resize=350%2C200","width":350,"height":200},"classes":[]},{"id":7609,"url":"https:\/\/lyonelkaufmann.ch\/Blog\/2013\/10\/19\/revue-de-presse-parce-que-loutil-compte-tout-de-meme-un-peu-au-coin-de-la-rue-de-lannoy\/","url_meta":{"origin":5125,"position":2},"title":"Revue de presse : Parce que l\u2019outil compte tout de m\u00eame un peu | Au coin de la rue de Lannoy","author":"Lyonel Kaufmann","date":"19 octobre 2013","format":false,"excerpt":"Ghislain Domin\u00e9 nous propose de comparer la tablette Kindle Fire avec l'iPad. Sa conclusion est sans appel : \u00abMais on tient l\u00e0 un \u00e9cosyst\u00e8me qui n\u2019est pas id\u00e9al pour un travail en classe. \u00c0 moins d\u2019envisager les tablettes juste comme un outil de consultation. Ceci peut se tenir. Et cela\u2026","rel":"","context":"Dans &quot;histoire&quot;","block_context":{"text":"histoire","link":"https:\/\/lyonelkaufmann.ch\/Blog\/category\/histoire-2\/"},"img":{"alt_text":"","src":"https:\/\/i0.wp.com\/lyonelkaufmann.ch\/Blog\/wp-content\/uploads\/2015\/03\/blogcafe1.jpg?fit=1024%2C683&ssl=1&resize=350%2C200","width":350,"height":200,"srcset":"https:\/\/i0.wp.com\/lyonelkaufmann.ch\/Blog\/wp-content\/uploads\/2015\/03\/blogcafe1.jpg?fit=1024%2C683&ssl=1&resize=350%2C200 1x, https:\/\/i0.wp.com\/lyonelkaufmann.ch\/Blog\/wp-content\/uploads\/2015\/03\/blogcafe1.jpg?fit=1024%2C683&ssl=1&resize=525%2C300 1.5x, https:\/\/i0.wp.com\/lyonelkaufmann.ch\/Blog\/wp-content\/uploads\/2015\/03\/blogcafe1.jpg?fit=1024%2C683&ssl=1&resize=700%2C400 2x"},"classes":[]},{"id":10845,"url":"https:\/\/lyonelkaufmann.ch\/Blog\/2013\/10\/19\/revue-de-presse-parce-que-loutil-compte-tout-de-meme-un-peu-au-coin-de-la-rue-de-lannoy-2\/","url_meta":{"origin":5125,"position":3},"title":"Revue de presse : Parce que l\u2019outil compte tout de m\u00eame un peu | Au coin de la rue de Lannoy","author":"Lyonel Kaufmann","date":"19 octobre 2013","format":false,"excerpt":"Ghislain Domin\u00e9 nous propose de comparer la tablette Kindle Fire avec l'iPad. Sa conclusion est sans appel : \u00abMais on tient l\u00e0 un \u00e9cosyst\u00e8me qui n\u2019est pas id\u00e9al pour un travail en classe. \u00c0 moins d\u2019envisager les tablettes juste comme un outil de consultation. Ceci peut se tenir. Et cela\u2026","rel":"","context":"Dans &quot;L'Expresso&quot;","block_context":{"text":"L'Expresso","link":"https:\/\/lyonelkaufmann.ch\/Blog\/category\/breves\/"},"img":{"alt_text":"","src":"https:\/\/i0.wp.com\/lyonelkaufmann.ch\/Blog\/wp-content\/uploads\/2015\/03\/blogcafe1.jpg?fit=1024%2C683&ssl=1&resize=350%2C200","width":350,"height":200,"srcset":"https:\/\/i0.wp.com\/lyonelkaufmann.ch\/Blog\/wp-content\/uploads\/2015\/03\/blogcafe1.jpg?fit=1024%2C683&ssl=1&resize=350%2C200 1x, https:\/\/i0.wp.com\/lyonelkaufmann.ch\/Blog\/wp-content\/uploads\/2015\/03\/blogcafe1.jpg?fit=1024%2C683&ssl=1&resize=525%2C300 1.5x, https:\/\/i0.wp.com\/lyonelkaufmann.ch\/Blog\/wp-content\/uploads\/2015\/03\/blogcafe1.jpg?fit=1024%2C683&ssl=1&resize=700%2C400 2x"},"classes":[]},{"id":3688,"url":"https:\/\/lyonelkaufmann.ch\/Blog\/2011\/04\/29\/sortez-vos-tablettes-aujourdhui-cours\/","url_meta":{"origin":5125,"position":4},"title":"Sortez vos tablettes, aujourd&rsquo;hui cours&#8230;","author":"Lyonel Kaufmann","date":"29 avril 2011","format":false,"excerpt":"Pour Fabrice Comte, la tablette \"g\u00e9n\u00e8re de l'int\u00e9r\u00eat pour le cours, beaucoup plus que le manuel. Dans une salle ordinaire, \u00e0 tout moment, elle permet de travailler sur un texte en temps r\u00e9el, de trouver dautres textes argumentatifs qui illustrent un avis ou en prennent le contrepied.\"\u00a0 Mais nest ce\u2026","rel":"","context":"Dans &quot;histoire&quot;","block_context":{"text":"histoire","link":"https:\/\/lyonelkaufmann.ch\/Blog\/category\/histoire-2\/"},"img":{"alt_text":"","src":"https:\/\/i0.wp.com\/lyonelkaufmann.ch\/Blog\/wp-content\/uploads\/2015\/03\/blogcafe1.jpg?fit=1024%2C683&ssl=1&resize=350%2C200","width":350,"height":200,"srcset":"https:\/\/i0.wp.com\/lyonelkaufmann.ch\/Blog\/wp-content\/uploads\/2015\/03\/blogcafe1.jpg?fit=1024%2C683&ssl=1&resize=350%2C200 1x, https:\/\/i0.wp.com\/lyonelkaufmann.ch\/Blog\/wp-content\/uploads\/2015\/03\/blogcafe1.jpg?fit=1024%2C683&ssl=1&resize=525%2C300 1.5x, https:\/\/i0.wp.com\/lyonelkaufmann.ch\/Blog\/wp-content\/uploads\/2015\/03\/blogcafe1.jpg?fit=1024%2C683&ssl=1&resize=700%2C400 2x"},"classes":[]},{"id":164,"url":"https:\/\/lyonelkaufmann.ch\/Blog\/2015\/02\/07\/revue-de-presse-quand-notre-appareil-mobile-devient-un-outil-pedagogique-communaute-laction\/","url_meta":{"origin":5125,"position":5},"title":"Revue de Presse : Quand notre appareil mobile devient un outil p\u00e9dagogique","author":"Lyonel Kaufmann","date":"7 f\u00e9vrier 2015","format":false,"excerpt":"L'Acad\u00e9mie Antoine-Manseau (AAM) est la premi\u00e8re \u00e9cole dans Lanaudi\u00e8re \u00e0 adopter la pratique AVAN (Apportez votre appareil num\u00e9rique). Je note : \u00abRappelons que l'institution priv\u00e9e s'est d\u00e9j\u00e0 dot\u00e9e de tableaux interactifs qu'elle a install\u00e9s dans ses classes et d'un r\u00e9seau sans fil. Depuis deux ans, les \u00e9tudiants utilisent l'iPad dans\u2026","rel":"","context":"Dans &quot;Diary&quot;","block_context":{"text":"Diary","link":"https:\/\/lyonelkaufmann.ch\/Blog\/category\/diary\/"},"img":{"alt_text":"","src":"https:\/\/i0.wp.com\/lyonelkaufmann.ch\/Blog\/wp-content\/uploads\/2015\/03\/blogcafe1.jpg?fit=1024%2C683&ssl=1&resize=350%2C200","width":350,"height":200,"srcset":"https:\/\/i0.wp.com\/lyonelkaufmann.ch\/Blog\/wp-content\/uploads\/2015\/03\/blogcafe1.jpg?fit=1024%2C683&ssl=1&resize=350%2C200 1x, https:\/\/i0.wp.com\/lyonelkaufmann.ch\/Blog\/wp-content\/uploads\/2015\/03\/blogcafe1.jpg?fit=1024%2C683&ssl=1&resize=525%2C300 1.5x, https:\/\/i0.wp.com\/lyonelkaufmann.ch\/Blog\/wp-content\/uploads\/2015\/03\/blogcafe1.jpg?fit=1024%2C683&ssl=1&resize=700%2C400 2x"},"classes":[]}],"jetpack_likes_enabled":true,"_links":{"self":[{"href":"https:\/\/lyonelkaufmann.ch\/Blog\/wp-json\/wp\/v2\/posts\/5125","targetHints":{"allow":["GET"]}}],"collection":[{"href":"https:\/\/lyonelkaufmann.ch\/Blog\/wp-json\/wp\/v2\/posts"}],"about":[{"href":"https:\/\/lyonelkaufmann.ch\/Blog\/wp-json\/wp\/v2\/types\/post"}],"author":[{"embeddable":true,"href":"https:\/\/lyonelkaufmann.ch\/Blog\/wp-json\/wp\/v2\/users\/1"}],"replies":[{"embeddable":true,"href":"https:\/\/lyonelkaufmann.ch\/Blog\/wp-json\/wp\/v2\/comments?post=5125"}],"version-history":[{"count":0,"href":"https:\/\/lyonelkaufmann.ch\/Blog\/wp-json\/wp\/v2\/posts\/5125\/revisions"}],"wp:featuredmedia":[{"embeddable":true,"href":"https:\/\/lyonelkaufmann.ch\/Blog\/wp-json\/wp\/v2\/media\/14054"}],"wp:attachment":[{"href":"https:\/\/lyonelkaufmann.ch\/Blog\/wp-json\/wp\/v2\/media?parent=5125"}],"wp:term":[{"taxonomy":"category","embeddable":true,"href":"https:\/\/lyonelkaufmann.ch\/Blog\/wp-json\/wp\/v2\/categories?post=5125"},{"taxonomy":"post_tag","embeddable":true,"href":"https:\/\/lyonelkaufmann.ch\/Blog\/wp-json\/wp\/v2\/tags?post=5125"}],"curies":[{"name":"wp","href":"https:\/\/api.w.org\/{rel}","templated":true}]}}