{"id":5136,"date":"2012-03-01T07:01:35","date_gmt":"2012-03-01T07:01:35","guid":{"rendered":"http:\/\/lyonelkaufmann.ch\/histoire\/?p=5136"},"modified":"2012-03-01T07:01:35","modified_gmt":"2012-03-01T07:01:35","slug":"le-role-dibm-dans-la-shoah-de-nouveaux-documents-confirment-le-pire","status":"publish","type":"post","link":"https:\/\/lyonelkaufmann.ch\/Blog\/2012\/03\/01\/le-role-dibm-dans-la-shoah-de-nouveaux-documents-confirment-le-pire\/","title":{"rendered":"Le r\u00f4le d&rsquo;IBM dans la Shoah ? De nouveaux documents confirment le pire"},"content":{"rendered":"<p><img loading=\"lazy\" decoding=\"async\" class=\"alignleft\" src=\"http:\/\/img.scoop.it\/ZND0xTckbg4QFcspoKtVezl72eJkfbmt4t8yenImKBXEejxNn4ZJNZ2ss5Ku7Cxt\" alt=\"\" width=\"255\" height=\"87\" \/>\u00a0Edwin Black est l&rsquo;auteur du livre <em>\u00ab\u00a0IBM and the Holocaust, The Strategic Alliance Between Nazi Germany and America&rsquo;s Most Powerful Corporation\u00a0\u00bb<\/em> paru en 2001. Pour les dix ans de cette parution, publi\u00e9e alors simultan\u00e9ment dans 40 pays en f\u00e9vrier 2001, une nouvelle \u00e9dition augment\u00e9e a \u00e9t\u00e9 publi\u00e9e.<br \/>\nDe nouveaux documents ont \u00e9t\u00e9 rendus publics. Ceux-ci exposent plus explicitement encore les d\u00e9tails du r\u00f4le pivot jou\u00e9 par IBM dans la destruction des Juifs par le r\u00e9gime nazi dans toutes les phases de celles-ci.\u00a0A savoir:<br \/>\n\u2022 identification;<br \/>\n\u2022 mise \u00e0 l&rsquo;\u00e9cart de la soci\u00e9t\u00e9;<br \/>\n\u2022 confiscation;<br \/>\n\u2022 ghettoisation;<br \/>\n\u2022 d\u00e9portation;<br \/>\n\u2022 et m\u00eame extermination.<\/p>\n<p>Plus encore, les documents mettent en \u00e9vidence l&rsquo;engagement personnel de Thomas J. Watson, le pr\u00e9sident d&rsquo;alors d&rsquo;IBM dans l&rsquo;op\u00e9ration et la campagne d&rsquo;Hitler visant \u00e0 d\u00e9truire les Juifs.<br \/>\nCet article pour HNN r\u00e9dig\u00e9 par Edwin Black d\u00e9crit ces nouvelles et tristes d\u00e9couvertes.<\/p>\n<p>L&rsquo;article :\u00a0<a href=\"http:\/\/hnn.us\/articles\/ibm%E2%80%99s-role-holocaust-new-documents-confirm-worst\">Via hnn.us<\/a><br \/>\nVia\u00a0<a href=\"http:\/\/www.scoop.it\/t\/histoire\/p\/1331391246\/le-role-d-ibm-dans-la-shoah-de-nouveaux-documents-confirment-le-pire\">Scoop.it<\/a>\u00a0&#8211;\u00a0<a href=\"http:\/\/www.scoop.it\/t\/histoire\">histoire<\/a><\/p>\n","protected":false},"excerpt":{"rendered":"<p>\u00a0Edwin Black est l&rsquo;auteur du livre \u00ab\u00a0IBM and the Holocaust, The Strategic Alliance Between Nazi Germany and America&rsquo;s Most Powerful Corporation\u00a0\u00bb paru en 2001. Pour les dix ans de cette parution, publi\u00e9e alors simultan\u00e9ment dans 40 pays en f\u00e9vrier 2001, une nouvelle \u00e9dition augment\u00e9e a \u00e9t\u00e9 publi\u00e9e. De nouveaux documents ont \u00e9t\u00e9 rendus publics. Ceux-ci [&hellip;]<\/p>\n","protected":false},"author":1,"featured_media":14055,"comment_status":"open","ping_status":"open","sticky":false,"template":"","format":"standard","meta":{"_import_markdown_pro_load_document_selector":0,"_import_markdown_pro_submit_text_textarea":"","_genesis_hide_title":false,"_genesis_hide_breadcrumbs":false,"_genesis_hide_singular_image":false,"_genesis_hide_footer_widgets":false,"_genesis_custom_body_class":"","_genesis_custom_post_class":"","_genesis_layout":"","jetpack_post_was_ever_published":false,"_jetpack_newsletter_access":"","_jetpack_dont_email_post_to_subs":false,"_jetpack_newsletter_tier_id":0,"_jetpack_memberships_contains_paywalled_content":false,"_jetpack_memberships_contains_paid_content":false,"activitypub_content_warning":"","activitypub_content_visibility":"","activitypub_max_image_attachments":3,"activitypub_interaction_policy_quote":"anyone","activitypub_status":"","footnotes":"","jetpack_publicize_message":"","jetpack_publicize_feature_enabled":true,"jetpack_social_post_already_shared":true,"jetpack_social_options":{"image_generator_settings":{"template":"fullscreen","default_image_id":0,"font":"","enabled":false},"version":2}},"categories":[2],"tags":[],"class_list":{"0":"post-5136","1":"post","2":"type-post","3":"status-publish","4":"format-standard","5":"has-post-thumbnail","7":"category-histoire-2","8":"entry"},"jetpack_publicize_connections":[],"featured_image_src":"https:\/\/i0.wp.com\/lyonelkaufmann.ch\/Blog\/wp-content\/uploads\/2015\/03\/ZND0xTckbg4QFcspoKtVezl72eJkfbmt4t8yenImKBXEejxNn4ZJNZ2ss5Ku7Cxt.jpg?resize=255%2C87&ssl=1","featured_image_src_square":"https:\/\/i0.wp.com\/lyonelkaufmann.ch\/Blog\/wp-content\/uploads\/2015\/03\/ZND0xTckbg4QFcspoKtVezl72eJkfbmt4t8yenImKBXEejxNn4ZJNZ2ss5Ku7Cxt.jpg?resize=255%2C87&ssl=1","author_info":{"display_name":"Lyonel Kaufmann","author_link":"https:\/\/lyonelkaufmann.ch\/Blog\/author\/lyonelk\/"},"jetpack_featured_media_url":"https:\/\/i0.wp.com\/lyonelkaufmann.ch\/Blog\/wp-content\/uploads\/2015\/03\/ZND0xTckbg4QFcspoKtVezl72eJkfbmt4t8yenImKBXEejxNn4ZJNZ2ss5Ku7Cxt.jpg?fit=255%2C87&ssl=1","jetpack_sharing_enabled":true,"jetpack_shortlink":"https:\/\/wp.me\/p1qtF4-1kQ","jetpack-related-posts":[{"id":7484,"url":"https:\/\/lyonelkaufmann.ch\/Blog\/2013\/09\/12\/revue-de-presse-des-documents-inedits-levent-le-voile-sur-le-mysterieux-dirigeant-nazi-rudolf-hess\/","url_meta":{"origin":5136,"position":0},"title":"Revue de presse : Des documents in\u00e9dits l\u00e8vent le voile sur le myst\u00e9rieux dirigeant nazi Rudolf Hess","author":"Lyonel Kaufmann","date":"12 septembre 2013","format":false,"excerpt":"Rudolf Hess, un des dirigeants les plus puissants du IIIe Reich, \u00e9tait un homme pour le moins myst\u00e9rieux. Mais des documents historiques, mis aux ench\u00e8res mardi 10 septembre par une maison de vente am\u00e9ricaine, devraient aider \u00e0 y voir plus clair sur une partie de son histoire.Des documents in\u00e9dits l\u00e8vent\u2026","rel":"","context":"Dans &quot;histoire&quot;","block_context":{"text":"histoire","link":"https:\/\/lyonelkaufmann.ch\/Blog\/category\/histoire-2\/"},"img":{"alt_text":"","src":"https:\/\/i0.wp.com\/lyonelkaufmann.ch\/Blog\/wp-content\/uploads\/2015\/03\/blogcafe1.jpg?fit=1024%2C683&ssl=1&resize=350%2C200","width":350,"height":200,"srcset":"https:\/\/i0.wp.com\/lyonelkaufmann.ch\/Blog\/wp-content\/uploads\/2015\/03\/blogcafe1.jpg?fit=1024%2C683&ssl=1&resize=350%2C200 1x, https:\/\/i0.wp.com\/lyonelkaufmann.ch\/Blog\/wp-content\/uploads\/2015\/03\/blogcafe1.jpg?fit=1024%2C683&ssl=1&resize=525%2C300 1.5x, https:\/\/i0.wp.com\/lyonelkaufmann.ch\/Blog\/wp-content\/uploads\/2015\/03\/blogcafe1.jpg?fit=1024%2C683&ssl=1&resize=700%2C400 2x"},"classes":[]},{"id":12501,"url":"https:\/\/lyonelkaufmann.ch\/Blog\/2006\/05\/03\/getamac-campagne-apple\/","url_meta":{"origin":5136,"position":1},"title":"Getamac : campagne Apple","author":"Lyonel Kaufmann","date":"3 mai 2006","format":false,"excerpt":"D\u00e9cid\u00e9ment cette nouvelle campagne de pubs d'Apple est trop bien faite. A chaque fois que je la regarde, le plaisir est le m\u00eame. C'est la pub de la campagne getamac qui renouvelle la campagne du switch de pc-windows \u00e0 mac. Mais mon clip pr\u00e9f\u00e9r\u00e9 est celui du pc qui reste\u2026","rel":"","context":"Dans &quot;Blogcaf\u00e9&quot;","block_context":{"text":"Blogcaf\u00e9","link":"https:\/\/lyonelkaufmann.ch\/Blog\/category\/blogcafe-2\/"},"img":{"alt_text":"","src":"https:\/\/i0.wp.com\/lyonelkaufmann.ch\/Blog\/wp-content\/uploads\/2015\/03\/139986829_05dbde0610.jpg?fit=438%2C374&ssl=1&resize=350%2C200","width":350,"height":200},"classes":[]},{"id":5362,"url":"https:\/\/lyonelkaufmann.ch\/Blog\/2012\/05\/03\/its-arolsen-org-press\/","url_meta":{"origin":5136,"position":2},"title":"Conserving documents from the Buchenwald and Dachau concentration camps","author":"Lyonel Kaufmann","date":"3 mai 2012","format":false,"excerpt":"See on Scoop.it - histoireThe International Tracing Service (ITS) in Bad Arolsen will conserve about 300 000 original documents from the Dachau concentration camp this year using the process of mass deacidification. The records in question were created between 1934 and 1945 and relate to the registration of prisoners. The\u2026","rel":"","context":"Dans &quot;histoire&quot;","block_context":{"text":"histoire","link":"https:\/\/lyonelkaufmann.ch\/Blog\/category\/histoire-2\/"},"img":{"alt_text":"","src":"","width":0,"height":0},"classes":[]},{"id":4937,"url":"https:\/\/lyonelkaufmann.ch\/Blog\/2012\/01\/24\/e-dossier-la-suisse-les-refugies-et-la-shoah-dodis-ch\/","url_meta":{"origin":5136,"position":3},"title":"e-Dossier: La Suisse, les r\u00e9fugi\u00e9s et la Shoah | dodis.ch","author":"Lyonel Kaufmann","date":"24 janvier 2012","format":false,"excerpt":"Les Documents diplomatiques suisses (dodis.ch) publient un dossier d'archives qui fera date relativement \u00e0 l'histoire de la Suisse\u00a0durant la Deuxi\u00e8me Guerre mondiale En effet, ce dossier retraee les relations internationales de la Suisse entre 1933 et 1945. Pour les auteurs, le dossier doit permettre notamment de trouver des \u00e9l\u00e9ments de\u2026","rel":"","context":"Dans &quot;histoire&quot;","block_context":{"text":"histoire","link":"https:\/\/lyonelkaufmann.ch\/Blog\/category\/histoire-2\/"},"img":{"alt_text":"","src":"https:\/\/i0.wp.com\/lyonelkaufmann.ch\/Blog\/wp-content\/uploads\/2015\/03\/blogcafe1.jpg?fit=1024%2C683&ssl=1&resize=350%2C200","width":350,"height":200,"srcset":"https:\/\/i0.wp.com\/lyonelkaufmann.ch\/Blog\/wp-content\/uploads\/2015\/03\/blogcafe1.jpg?fit=1024%2C683&ssl=1&resize=350%2C200 1x, https:\/\/i0.wp.com\/lyonelkaufmann.ch\/Blog\/wp-content\/uploads\/2015\/03\/blogcafe1.jpg?fit=1024%2C683&ssl=1&resize=525%2C300 1.5x, https:\/\/i0.wp.com\/lyonelkaufmann.ch\/Blog\/wp-content\/uploads\/2015\/03\/blogcafe1.jpg?fit=1024%2C683&ssl=1&resize=700%2C400 2x"},"classes":[]},{"id":5081,"url":"https:\/\/lyonelkaufmann.ch\/Blog\/2005\/04\/14\/une-banque-suisse-avait-aid-spolier-des-victimes-des-nazis\/","url_meta":{"origin":5136,"position":4},"title":"Une banque suisse avait aid\u00e9 \u00e0 spolier des victimes des nazis","author":"Lyonel Kaufmann","date":"14 avril 2005","format":false,"excerpt":"NEW YORK - Une banque suisse doit verser 26,45 millions de francs \u00e0 deux familles autrichiennes parce qu'elle a activement aid\u00e9 \u00e0 les d\u00e9poss\u00e9der de leurs actions \u00e0 l'\u00e9poque nazie. Le nom de la banque n'est pas publi\u00e9 dans la d\u00e9cision du tribunal am\u00e9ricain. L'agence de presse autrichienne APA indique\u2026","rel":"","context":"Dans &quot;histoire&quot;","block_context":{"text":"histoire","link":"https:\/\/lyonelkaufmann.ch\/Blog\/category\/histoire-2\/"},"img":{"alt_text":"","src":"https:\/\/i0.wp.com\/lyonelkaufmann.ch\/Blog\/wp-content\/uploads\/2015\/03\/blogcafe1.jpg?fit=1024%2C683&ssl=1&resize=350%2C200","width":350,"height":200,"srcset":"https:\/\/i0.wp.com\/lyonelkaufmann.ch\/Blog\/wp-content\/uploads\/2015\/03\/blogcafe1.jpg?fit=1024%2C683&ssl=1&resize=350%2C200 1x, https:\/\/i0.wp.com\/lyonelkaufmann.ch\/Blog\/wp-content\/uploads\/2015\/03\/blogcafe1.jpg?fit=1024%2C683&ssl=1&resize=525%2C300 1.5x, https:\/\/i0.wp.com\/lyonelkaufmann.ch\/Blog\/wp-content\/uploads\/2015\/03\/blogcafe1.jpg?fit=1024%2C683&ssl=1&resize=700%2C400 2x"},"classes":[]},{"id":7898,"url":"https:\/\/lyonelkaufmann.ch\/Blog\/2014\/01\/12\/un-documentaire-dhitchcock-sur-lholocauste-nazi-sorti-dun-long-silence-histoireetsociete\/","url_meta":{"origin":5136,"position":5},"title":"Un documentaire d\u2019Hitchcock sur l\u2019holocauste nazi sorti d\u2019un long silence \u2026 | histoireetsociete","author":"Lyonel Kaufmann","date":"12 janvier 2014","format":false,"excerpt":"Le Mus\u00e9e imp\u00e9rial de la guerre de Londres a restaur\u00e9 num\u00e9riquement le documentaire, r\u00e9alis\u00e9 en 1945 par le futur ma\u00eetre du suspense, Memory of the camps sur le g\u00e9nocide hitl\u00e9rien. Il sera pr\u00e9sent\u00e9 en 2015, \u00e0 l\u2019occasion du 70e anniversaire de la fin de la Deuxi\u00e8me Guerre mondiale. http:\/\/youtu.be\/xI_6oLPC-S0 Entre\u2026","rel":"","context":"Dans &quot;histoire&quot;","block_context":{"text":"histoire","link":"https:\/\/lyonelkaufmann.ch\/Blog\/category\/histoire-2\/"},"img":{"alt_text":"","src":"https:\/\/i0.wp.com\/img.youtube.com\/vi\/xI_6oLPC-S0\/0.jpg?resize=350%2C200","width":350,"height":200},"classes":[]}],"jetpack_likes_enabled":true,"_links":{"self":[{"href":"https:\/\/lyonelkaufmann.ch\/Blog\/wp-json\/wp\/v2\/posts\/5136","targetHints":{"allow":["GET"]}}],"collection":[{"href":"https:\/\/lyonelkaufmann.ch\/Blog\/wp-json\/wp\/v2\/posts"}],"about":[{"href":"https:\/\/lyonelkaufmann.ch\/Blog\/wp-json\/wp\/v2\/types\/post"}],"author":[{"embeddable":true,"href":"https:\/\/lyonelkaufmann.ch\/Blog\/wp-json\/wp\/v2\/users\/1"}],"replies":[{"embeddable":true,"href":"https:\/\/lyonelkaufmann.ch\/Blog\/wp-json\/wp\/v2\/comments?post=5136"}],"version-history":[{"count":0,"href":"https:\/\/lyonelkaufmann.ch\/Blog\/wp-json\/wp\/v2\/posts\/5136\/revisions"}],"wp:featuredmedia":[{"embeddable":true,"href":"https:\/\/lyonelkaufmann.ch\/Blog\/wp-json\/wp\/v2\/media\/14055"}],"wp:attachment":[{"href":"https:\/\/lyonelkaufmann.ch\/Blog\/wp-json\/wp\/v2\/media?parent=5136"}],"wp:term":[{"taxonomy":"category","embeddable":true,"href":"https:\/\/lyonelkaufmann.ch\/Blog\/wp-json\/wp\/v2\/categories?post=5136"},{"taxonomy":"post_tag","embeddable":true,"href":"https:\/\/lyonelkaufmann.ch\/Blog\/wp-json\/wp\/v2\/tags?post=5136"}],"curies":[{"name":"wp","href":"https:\/\/api.w.org\/{rel}","templated":true}]}}