{"id":5144,"date":"2012-03-01T07:08:17","date_gmt":"2012-03-01T07:08:17","guid":{"rendered":"http:\/\/lyonelkaufmann.ch\/histoire\/?p=5144"},"modified":"2012-03-01T07:08:17","modified_gmt":"2012-03-01T07:08:17","slug":"un-an-apres-les-origines-numeriques-de-la-revolution-arabe-culture-et-politique-arabes","status":"publish","type":"post","link":"https:\/\/lyonelkaufmann.ch\/Blog\/2012\/03\/01\/un-an-apres-les-origines-numeriques-de-la-revolution-arabe-culture-et-politique-arabes\/","title":{"rendered":"Un an apr\u00e8s\u00a0: les origines num\u00e9riques de la \u00ab\u00a0R\u00e9volution arabe\u00a0\u00bb | Culture et politique arabes"},"content":{"rendered":"<p>Via <a style='font-weight:bold;font-size:18px;' href='http:\/\/www.scoop.it\/t\/histoire\/p\/1331430635\/un-an-apres-les-origines-numeriques-de-la-revolution-arabe-culture-et-politique-arabes'>Scoop.it<\/a> &#8211; <a href='http:\/\/www.scoop.it\/t\/histoire'>histoire<\/a><br \/><img src='http:\/\/img.scoop.it\/C8_7sSreLiAzPDejnt-C1zl72eJkfbmt4t8yenImKBXEejxNn4ZJNZ2ss5Ku7Cxt' \/><br \/>En r\u00e9action \u00e0 des commentaires trop rapides sur le r\u00f4le des r\u00e9seaux sociaux dans les \u00e9v\u00e9nements de Tunisie et d\u2019\u00c9gypte, CPA mettait en ligne un billet \u00e0 propos des origines culturelle num\u00e9riques de la R\u00e9volution arabe. Qu\u2019en est-il un an plus tard, sachant qu\u2019on en est toujours \u00e0 se demander si le mot \u00ab r\u00e9volution \u00bb, soulign\u00e9 par une majuscule, est bien celui qui convient pour parler de changements politiques toujours tr\u00e8s incertains ? Faut-il employer le singulier, pour un mouvement qui a embras\u00e9 toute la r\u00e9gion, ou bien le pluriel, chaque pays se caract\u00e9risant par une situation singuli\u00e8re ?<br \/><a href='http:\/\/cpa.hypotheses.org\/3316'>Via cpa.hypotheses.org<\/a><\/p>\n","protected":false},"excerpt":{"rendered":"<p>Via Scoop.it &#8211; histoireEn r\u00e9action \u00e0 des commentaires trop rapides sur le r\u00f4le des r\u00e9seaux sociaux dans les \u00e9v\u00e9nements de Tunisie et d\u2019\u00c9gypte, CPA mettait en ligne un billet \u00e0 propos des origines culturelle num\u00e9riques de la R\u00e9volution arabe. Qu\u2019en est-il un an plus tard, sachant qu\u2019on en est toujours \u00e0 se demander si le [&hellip;]<\/p>\n","protected":false},"author":1,"featured_media":14056,"comment_status":"open","ping_status":"open","sticky":false,"template":"","format":"standard","meta":{"_import_markdown_pro_load_document_selector":0,"_import_markdown_pro_submit_text_textarea":"","_genesis_hide_title":false,"_genesis_hide_breadcrumbs":false,"_genesis_hide_singular_image":false,"_genesis_hide_footer_widgets":false,"_genesis_custom_body_class":"","_genesis_custom_post_class":"","_genesis_layout":"","jetpack_post_was_ever_published":false,"_jetpack_newsletter_access":"","_jetpack_dont_email_post_to_subs":false,"_jetpack_newsletter_tier_id":0,"_jetpack_memberships_contains_paywalled_content":false,"_jetpack_memberships_contains_paid_content":false,"activitypub_content_warning":"","activitypub_content_visibility":"","activitypub_max_image_attachments":3,"activitypub_interaction_policy_quote":"anyone","activitypub_status":"","footnotes":"","jetpack_publicize_message":"","jetpack_publicize_feature_enabled":true,"jetpack_social_post_already_shared":true,"jetpack_social_options":{"image_generator_settings":{"template":"fullscreen","default_image_id":0,"font":"","enabled":false},"version":2}},"categories":[2],"tags":[],"class_list":{"0":"post-5144","1":"post","2":"type-post","3":"status-publish","4":"format-standard","5":"has-post-thumbnail","7":"category-histoire-2","8":"entry"},"jetpack_publicize_connections":[],"featured_image_src":"https:\/\/i0.wp.com\/lyonelkaufmann.ch\/Blog\/wp-content\/uploads\/2015\/03\/C8_7sSreLiAzPDejnt-C1zl72eJkfbmt4t8yenImKBXEejxNn4ZJNZ2ss5Ku7Cxt.jpg?resize=127%2C127&ssl=1","featured_image_src_square":"https:\/\/i0.wp.com\/lyonelkaufmann.ch\/Blog\/wp-content\/uploads\/2015\/03\/C8_7sSreLiAzPDejnt-C1zl72eJkfbmt4t8yenImKBXEejxNn4ZJNZ2ss5Ku7Cxt.jpg?resize=127%2C127&ssl=1","author_info":{"display_name":"Lyonel Kaufmann","author_link":"https:\/\/lyonelkaufmann.ch\/Blog\/author\/lyonelk\/"},"jetpack_featured_media_url":"https:\/\/i0.wp.com\/lyonelkaufmann.ch\/Blog\/wp-content\/uploads\/2015\/03\/C8_7sSreLiAzPDejnt-C1zl72eJkfbmt4t8yenImKBXEejxNn4ZJNZ2ss5Ku7Cxt.jpg?fit=127%2C127&ssl=1","jetpack_sharing_enabled":true,"jetpack_shortlink":"https:\/\/wp.me\/p1qtF4-1kY","jetpack-related-posts":[{"id":4457,"url":"https:\/\/lyonelkaufmann.ch\/Blog\/2011\/02\/16\/linternet-guidant-le-peuple-presseurop\/","url_meta":{"origin":5144,"position":0},"title":"L\u2019internet guidant le peuple | Presseurop","author":"Lyonel Kaufmann","date":"16 f\u00e9vrier 2011","format":false,"excerpt":"via presseurop.eu Dans les rues \u00e9gyptiennes en r\u00e9volte contre le r\u00e9gime de Hosni Moubarak, Internet et les r\u00e9seaux sociaux ont remplac\u00e9 les barricades et les armes des grandes r\u00e9volutions europ\u00e9ennes du XIXe si\u00e8cle. Et Marianne prend le voile\u2026 est-ce pr\u00e9monitoire? Je note aussi qu\u2019Internet et les r\u00e9seaux sociaux ne seraient\u2026","rel":"","context":"Dans &quot;histoire&quot;","block_context":{"text":"histoire","link":"https:\/\/lyonelkaufmann.ch\/Blog\/category\/histoire-2\/"},"img":{"alt_text":"","src":"https:\/\/i0.wp.com\/posterous.com\/getfile\/files.posterous.com\/histoire\/yhJmyHwvhvAbrznlDBIyfcgfvvuGewmlJEFInnbGrAfBnifgIwDzqqokiAmI\/media_httpwwwpresseur_EJEya.jpg.scaled600.jpg?resize=350%2C200","width":350,"height":200},"classes":[]},{"id":7035,"url":"https:\/\/lyonelkaufmann.ch\/Blog\/2013\/04\/23\/revue-de-presse-revolution-et-redistribution-la-vie-des-idees\/","url_meta":{"origin":5144,"position":1},"title":"Revue de presse : R\u00e9volution et redistribution | La Vie des id\u00e9es","author":"Lyonel Kaufmann","date":"23 avril 2013","format":false,"excerpt":"Et si l\u2019\u00e9conomie \u00e9tait la grande oubli\u00e9e des r\u00e9volutions\u00a0? Depuis deux d\u00e9cennies, les questions politiques et culturelles ont rel\u00e9gu\u00e9 la justice sociale au rang de pr\u00e9occupations secondaires. Selon l\u2019historien Charles Walton, le probl\u00e8me de la redistribution, d\u00e9j\u00e0 pos\u00e9 lors des r\u00e9volutions de la fin du XVIIIe si\u00e8cle, se situe pourtant\u2026","rel":"","context":"Dans &quot;histoire&quot;","block_context":{"text":"histoire","link":"https:\/\/lyonelkaufmann.ch\/Blog\/category\/histoire-2\/"},"img":{"alt_text":"","src":"https:\/\/i0.wp.com\/lyonelkaufmann.ch\/Blog\/wp-content\/uploads\/2015\/03\/blogcafe1.jpg?fit=1024%2C683&ssl=1&resize=350%2C200","width":350,"height":200,"srcset":"https:\/\/i0.wp.com\/lyonelkaufmann.ch\/Blog\/wp-content\/uploads\/2015\/03\/blogcafe1.jpg?fit=1024%2C683&ssl=1&resize=350%2C200 1x, https:\/\/i0.wp.com\/lyonelkaufmann.ch\/Blog\/wp-content\/uploads\/2015\/03\/blogcafe1.jpg?fit=1024%2C683&ssl=1&resize=525%2C300 1.5x, https:\/\/i0.wp.com\/lyonelkaufmann.ch\/Blog\/wp-content\/uploads\/2015\/03\/blogcafe1.jpg?fit=1024%2C683&ssl=1&resize=700%2C400 2x"},"classes":[]},{"id":4452,"url":"https:\/\/lyonelkaufmann.ch\/Blog\/2011\/02\/27\/une-revolution-tunisienne-lumieres-du-siecle\/","url_meta":{"origin":5144,"position":2},"title":"Une r\u00e9volution tunisienne | Lumi\u00e8res du Si\u00e8cle","author":"Lyonel Kaufmann","date":"27 f\u00e9vrier 2011","format":false,"excerpt":"Cette r\u00e9volution est tunisienne et non un avatar de la R\u00e9volution fran\u00e7aise. Le contexte est tr\u00e8s diff\u00e9rent: la mondialisation, le r\u00f4le de l\u2019arm\u00e9e, des femmes, des classes moyennes, les logiques postcoloniales et l\u2019ombre de l\u2019islamisme font de la R\u00e9volution tunisienne un \u00e9v\u00e8nement sans pareil, m\u00eame s\u2019il pr\u00e9sente certains m\u00e9canismes communs\u2026","rel":"","context":"Dans &quot;histoire&quot;","block_context":{"text":"histoire","link":"https:\/\/lyonelkaufmann.ch\/Blog\/category\/histoire-2\/"},"img":{"alt_text":"","src":"https:\/\/i0.wp.com\/lyonelkaufmann.ch\/Blog\/wp-content\/uploads\/2015\/03\/blogcafe1.jpg?fit=1024%2C683&ssl=1&resize=350%2C200","width":350,"height":200,"srcset":"https:\/\/i0.wp.com\/lyonelkaufmann.ch\/Blog\/wp-content\/uploads\/2015\/03\/blogcafe1.jpg?fit=1024%2C683&ssl=1&resize=350%2C200 1x, https:\/\/i0.wp.com\/lyonelkaufmann.ch\/Blog\/wp-content\/uploads\/2015\/03\/blogcafe1.jpg?fit=1024%2C683&ssl=1&resize=525%2C300 1.5x, https:\/\/i0.wp.com\/lyonelkaufmann.ch\/Blog\/wp-content\/uploads\/2015\/03\/blogcafe1.jpg?fit=1024%2C683&ssl=1&resize=700%2C400 2x"},"classes":[]},{"id":6965,"url":"https:\/\/lyonelkaufmann.ch\/Blog\/2013\/04\/16\/revue-de-presse-la-ronde-des-revolutions-la-vie-des-idees\/","url_meta":{"origin":5144,"position":3},"title":"Revue de presse : La ronde des r\u00e9volutions | La Vie des id\u00e9es","author":"Lyonel Kaufmann","date":"16 avril 2013","format":false,"excerpt":"Pourquoi la r\u00e9volution tunisienne de 2011 a-t-elle \u00e9t\u00e9 per\u00e7ue en France comme une r\u00e9\u00e9dition de 1789\u00a0? Pourquoi les r\u00e9volutionnaires tunisiens se sont-ils reconnus dans un \u00ab\u00a0printemps arabe\u00a0\u00bb, hommage aux r\u00e9volutions de 1848\u00a0? L\u2019historien Guillaume Mazeau enqu\u00eate sur ces constructions en miroir et sur nos rapports aux temporalit\u00e9s r\u00e9volutionnaires.La ronde des\u2026","rel":"","context":"Dans &quot;histoire&quot;","block_context":{"text":"histoire","link":"https:\/\/lyonelkaufmann.ch\/Blog\/category\/histoire-2\/"},"img":{"alt_text":"","src":"https:\/\/i0.wp.com\/lyonelkaufmann.ch\/Blog\/wp-content\/uploads\/2015\/03\/blogcafe1.jpg?fit=1024%2C683&ssl=1&resize=350%2C200","width":350,"height":200,"srcset":"https:\/\/i0.wp.com\/lyonelkaufmann.ch\/Blog\/wp-content\/uploads\/2015\/03\/blogcafe1.jpg?fit=1024%2C683&ssl=1&resize=350%2C200 1x, https:\/\/i0.wp.com\/lyonelkaufmann.ch\/Blog\/wp-content\/uploads\/2015\/03\/blogcafe1.jpg?fit=1024%2C683&ssl=1&resize=525%2C300 1.5x, https:\/\/i0.wp.com\/lyonelkaufmann.ch\/Blog\/wp-content\/uploads\/2015\/03\/blogcafe1.jpg?fit=1024%2C683&ssl=1&resize=700%2C400 2x"},"classes":[]},{"id":7198,"url":"https:\/\/lyonelkaufmann.ch\/Blog\/2013\/07\/02\/revue-de-presse-lere-de-la-classe-moyenne-revolutionnaire-slate-fr\/","url_meta":{"origin":5144,"position":4},"title":"Revue de presse : L&rsquo;\u00e8re de la classe moyenne r\u00e9volutionnaire | Slate.fr","author":"Lyonel Kaufmann","date":"2 juillet 2013","format":false,"excerpt":"Pour Francis Fukuyama, on assiste dans le monde \u00e0 une r\u00e9volution de la classe moyenne. Des r\u00e9volutions arabes aux r\u00e9voltes en Turquie, des manifestations au Br\u00e9sil aux contestations en Chine: tout cela est le fait d\u2019une classe moyenne qui grossit dans les pays o\u00f9 elle se faisait peu entendre auparavant,\u2026","rel":"","context":"Dans &quot;histoire&quot;","block_context":{"text":"histoire","link":"https:\/\/lyonelkaufmann.ch\/Blog\/category\/histoire-2\/"},"img":{"alt_text":"","src":"https:\/\/i0.wp.com\/lyonelkaufmann.ch\/Blog\/wp-content\/uploads\/2015\/03\/blogcafe1.jpg?fit=1024%2C683&ssl=1&resize=350%2C200","width":350,"height":200,"srcset":"https:\/\/i0.wp.com\/lyonelkaufmann.ch\/Blog\/wp-content\/uploads\/2015\/03\/blogcafe1.jpg?fit=1024%2C683&ssl=1&resize=350%2C200 1x, https:\/\/i0.wp.com\/lyonelkaufmann.ch\/Blog\/wp-content\/uploads\/2015\/03\/blogcafe1.jpg?fit=1024%2C683&ssl=1&resize=525%2C300 1.5x, https:\/\/i0.wp.com\/lyonelkaufmann.ch\/Blog\/wp-content\/uploads\/2015\/03\/blogcafe1.jpg?fit=1024%2C683&ssl=1&resize=700%2C400 2x"},"classes":[]},{"id":3485,"url":"https:\/\/lyonelkaufmann.ch\/Blog\/2011\/02\/06\/la-revolution-francaise-lady-gaga-le-monde-arabe-et-nous\/","url_meta":{"origin":5144,"position":5},"title":"La R\u00e9volution fran\u00e7aise, Lady Gaga, le monde arabe et nous","author":"Lyonel Kaufmann","date":"6 f\u00e9vrier 2011","format":false,"excerpt":"L'actualit\u00e9 r\u00e9cente du monde arabe et celle de la culture web r\u00e9cente mettent la R\u00e9volution fran\u00e7aise \u00e0 l'honneur. Mais si d'un c\u00f4t\u00e9, c'est plut\u00f4t le c\u00f4t\u00e9 royaliste et le monde de la noblesse qui sont mis en avant, l'actualit\u00e9 ne manque pas de remettre la question citoyenne et du peuple\u2026","rel":"","context":"Dans &quot;histoire&quot;","block_context":{"text":"histoire","link":"https:\/\/lyonelkaufmann.ch\/Blog\/category\/histoire-2\/"},"img":{"alt_text":"","src":"https:\/\/i0.wp.com\/lyonelkaufmann.ch\/Blog\/wp-content\/uploads\/2015\/03\/091.jpg?fit=480%2C360&ssl=1&resize=350%2C200","width":350,"height":200},"classes":[]}],"jetpack_likes_enabled":true,"_links":{"self":[{"href":"https:\/\/lyonelkaufmann.ch\/Blog\/wp-json\/wp\/v2\/posts\/5144","targetHints":{"allow":["GET"]}}],"collection":[{"href":"https:\/\/lyonelkaufmann.ch\/Blog\/wp-json\/wp\/v2\/posts"}],"about":[{"href":"https:\/\/lyonelkaufmann.ch\/Blog\/wp-json\/wp\/v2\/types\/post"}],"author":[{"embeddable":true,"href":"https:\/\/lyonelkaufmann.ch\/Blog\/wp-json\/wp\/v2\/users\/1"}],"replies":[{"embeddable":true,"href":"https:\/\/lyonelkaufmann.ch\/Blog\/wp-json\/wp\/v2\/comments?post=5144"}],"version-history":[{"count":0,"href":"https:\/\/lyonelkaufmann.ch\/Blog\/wp-json\/wp\/v2\/posts\/5144\/revisions"}],"wp:featuredmedia":[{"embeddable":true,"href":"https:\/\/lyonelkaufmann.ch\/Blog\/wp-json\/wp\/v2\/media\/14056"}],"wp:attachment":[{"href":"https:\/\/lyonelkaufmann.ch\/Blog\/wp-json\/wp\/v2\/media?parent=5144"}],"wp:term":[{"taxonomy":"category","embeddable":true,"href":"https:\/\/lyonelkaufmann.ch\/Blog\/wp-json\/wp\/v2\/categories?post=5144"},{"taxonomy":"post_tag","embeddable":true,"href":"https:\/\/lyonelkaufmann.ch\/Blog\/wp-json\/wp\/v2\/tags?post=5144"}],"curies":[{"name":"wp","href":"https:\/\/api.w.org\/{rel}","templated":true}]}}