{"id":5156,"date":"2012-03-08T12:43:48","date_gmt":"2012-03-08T12:43:48","guid":{"rendered":"http:\/\/lyonelkaufmann.ch\/histoire\/?p=5156"},"modified":"2012-03-08T12:43:48","modified_gmt":"2012-03-08T12:43:48","slug":"cabinet-de-curiosites","status":"publish","type":"post","link":"https:\/\/lyonelkaufmann.ch\/Blog\/2012\/03\/08\/cabinet-de-curiosites\/","title":{"rendered":"Cabinet de curiosit\u00e9s"},"content":{"rendered":"<p>Via <a style=\"font-weight:bold;font-size:18px;\" href=\"http:\/\/www.scoop.it\/t\/histoire\/p\/1329497938\/cabinet-de-curiosites\">Scoop.it<\/a> &#8211; <a href=\"http:\/\/www.scoop.it\/t\/histoire\">histoire<\/a><br \/>\n<img decoding=\"async\" src=\"http:\/\/img.scoop.it\/4u55PjxeK7V5saogZhs_vjl72eJkfbmt4t8yenImKBXEejxNn4ZJNZ2ss5Ku7Cxt\" alt=\"\" \/><br \/>\nEtranget\u00e9s des XVIIe et XVIIIe si\u00e8cles glan\u00e9es ici et l\u00e0 au d\u00e9tour de la toile. Tient comme la photo que j&rsquo;ai choisie pour illustrer cette d\u00e9couverte, il s&rsquo;agit d&rsquo;une montre en forme de crane (Gen\u00e8ve, 1640-1650). Charmant, non?<br \/>\n<a href=\"http:\/\/oniromanie.tumblr.com\/\">Via oniromanie.tumblr.com<\/a><\/p>\n","protected":false},"excerpt":{"rendered":"<p>Via Scoop.it &#8211; histoire Etranget\u00e9s des XVIIe et XVIIIe si\u00e8cles glan\u00e9es ici et l\u00e0 au d\u00e9tour de la toile. Tient comme la photo que j&rsquo;ai choisie pour illustrer cette d\u00e9couverte, il s&rsquo;agit d&rsquo;une montre en forme de crane (Gen\u00e8ve, 1640-1650). Charmant, non? Via oniromanie.tumblr.com<\/p>\n","protected":false},"author":1,"featured_media":14058,"comment_status":"open","ping_status":"open","sticky":false,"template":"","format":"standard","meta":{"_import_markdown_pro_load_document_selector":0,"_import_markdown_pro_submit_text_textarea":"","_genesis_hide_title":false,"_genesis_hide_breadcrumbs":false,"_genesis_hide_singular_image":false,"_genesis_hide_footer_widgets":false,"_genesis_custom_body_class":"","_genesis_custom_post_class":"","_genesis_layout":"","jetpack_post_was_ever_published":false,"_jetpack_newsletter_access":"","_jetpack_dont_email_post_to_subs":false,"_jetpack_newsletter_tier_id":0,"_jetpack_memberships_contains_paywalled_content":false,"_jetpack_memberships_contains_paid_content":false,"activitypub_content_warning":"","activitypub_content_visibility":"","activitypub_max_image_attachments":3,"activitypub_interaction_policy_quote":"anyone","activitypub_status":"","footnotes":"","jetpack_publicize_message":"","jetpack_publicize_feature_enabled":true,"jetpack_social_post_already_shared":true,"jetpack_social_options":{"image_generator_settings":{"template":"fullscreen","default_image_id":0,"font":"","enabled":false},"version":2}},"categories":[2],"tags":[],"class_list":{"0":"post-5156","1":"post","2":"type-post","3":"status-publish","4":"format-standard","5":"has-post-thumbnail","7":"category-histoire-2","8":"entry"},"jetpack_publicize_connections":[],"featured_image_src":"https:\/\/i0.wp.com\/lyonelkaufmann.ch\/Blog\/wp-content\/uploads\/2015\/03\/4u55PjxeK7V5saogZhs_vjl72eJkfbmt4t8yenImKBXEejxNn4ZJNZ2ss5Ku7Cxt.jpg?resize=425%2C400&ssl=1","featured_image_src_square":"https:\/\/i0.wp.com\/lyonelkaufmann.ch\/Blog\/wp-content\/uploads\/2015\/03\/4u55PjxeK7V5saogZhs_vjl72eJkfbmt4t8yenImKBXEejxNn4ZJNZ2ss5Ku7Cxt.jpg?resize=425%2C425&ssl=1","author_info":{"display_name":"Lyonel Kaufmann","author_link":"https:\/\/lyonelkaufmann.ch\/Blog\/author\/lyonelk\/"},"jetpack_featured_media_url":"https:\/\/i0.wp.com\/lyonelkaufmann.ch\/Blog\/wp-content\/uploads\/2015\/03\/4u55PjxeK7V5saogZhs_vjl72eJkfbmt4t8yenImKBXEejxNn4ZJNZ2ss5Ku7Cxt.jpg?fit=425%2C425&ssl=1","jetpack_sharing_enabled":true,"jetpack_shortlink":"https:\/\/wp.me\/p1qtF4-1la","jetpack-related-posts":[{"id":5250,"url":"https:\/\/lyonelkaufmann.ch\/Blog\/2012\/04\/04\/pour-lhistoire-connectee-la-vie-des-idees\/","url_meta":{"origin":5156,"position":0},"title":"Pour l\u2019histoire connect\u00e9e | La Vie des id\u00e9es","author":"Lyonel Kaufmann","date":"4 avril 2012","format":false,"excerpt":"Via Scoop.it - histoire \u00c0 propos de : Romain Bertrand, L\u2019Histoire \u00e0 parts \u00e9gales, Seuil. En restituant les conditions dans lesquelles se sont effectu\u00e9s les premiers contacts entre Hollandais, Malais et Javanais au tournant du XVIIe si\u00e8cle, Romain Bertrand nous offre un ma\u00eetre-livre appel\u00e9 \u00e0 faire \u00e9cole, et illustre la\u2026","rel":"","context":"Dans &quot;histoire&quot;","block_context":{"text":"histoire","link":"https:\/\/lyonelkaufmann.ch\/Blog\/category\/histoire-2\/"},"img":{"alt_text":"","src":"","width":0,"height":0},"classes":[]},{"id":148,"url":"https:\/\/lyonelkaufmann.ch\/Blog\/2015\/02\/01\/revue-de-presse-decouvrir-la-suisse-comme-un-touriste-du-xviiie-siecle\/","url_meta":{"origin":5156,"position":1},"title":"Revue de Presse : D\u00e9couvrir la Suisse comme un touriste du XVIIIe si\u00e8cle","author":"Lyonel Kaufmann","date":"1 f\u00e9vrier 2015","format":false,"excerpt":"Une collection de plus de 1000 oeuvres mises en ligne par la Biblioth\u00e8que nationale permet de se plonger dans les circuits du tourisme suisse des XVIIIe et XIXe si\u00e8cles. Je note: \u00abUne collection de plus de 1000 oeuvres mises en ligne par la Biblioth\u00e8que nationale permet de se plonger dans\u2026","rel":"","context":"Dans &quot;Diary&quot;","block_context":{"text":"Diary","link":"https:\/\/lyonelkaufmann.ch\/Blog\/category\/diary\/"},"img":{"alt_text":"","src":"https:\/\/i0.wp.com\/lyonelkaufmann.ch\/Blog\/wp-content\/uploads\/2015\/02\/6499521-image.jpeg?fit=880%2C495&ssl=1&resize=350%2C200","width":350,"height":200,"srcset":"https:\/\/i0.wp.com\/lyonelkaufmann.ch\/Blog\/wp-content\/uploads\/2015\/02\/6499521-image.jpeg?fit=880%2C495&ssl=1&resize=350%2C200 1x, https:\/\/i0.wp.com\/lyonelkaufmann.ch\/Blog\/wp-content\/uploads\/2015\/02\/6499521-image.jpeg?fit=880%2C495&ssl=1&resize=525%2C300 1.5x, https:\/\/i0.wp.com\/lyonelkaufmann.ch\/Blog\/wp-content\/uploads\/2015\/02\/6499521-image.jpeg?fit=880%2C495&ssl=1&resize=700%2C400 2x"},"classes":[]},{"id":18295,"url":"https:\/\/lyonelkaufmann.ch\/Blog\/2017\/07\/21\/robinet-a-tous-les-etages\/","url_meta":{"origin":5156,"position":2},"title":"Robinet \u00e0 tous les \u00e9tages","author":"Lyonel Kaufmann","date":"21 juillet 2017","format":false,"excerpt":"Comment les habitants de Paris, New York et Londres ont-ils peu \u00e0 peu eu acc\u00e8s \u00e0 l'eau courante ? Si les compagnies priv\u00e9es se partagent le march\u00e9 de l'eau aux XVIIe et XVIIIe si\u00e8cles, les m\u00e9tropoles prennent peu \u00e0 peu conscience de la n\u00e9cessit\u00e9 d'un r\u00e9seau public. Compte-rendu de\u00a0Christophe Defeuilley,\u2026","rel":"","context":"Dans &quot;histoire&quot;","block_context":{"text":"histoire","link":"https:\/\/lyonelkaufmann.ch\/Blog\/category\/histoire-2\/"},"img":{"alt_text":"","src":"https:\/\/i0.wp.com\/lyonelkaufmann.ch\/Blog\/wp-content\/uploads\/2017\/07\/arton3807-763db.jpg?resize=350%2C200&ssl=1","width":350,"height":200},"classes":[]},{"id":6491,"url":"https:\/\/lyonelkaufmann.ch\/Blog\/2012\/11\/28\/ce-qui-fait-lopinion-la-vie-des-idees\/","url_meta":{"origin":5156,"position":3},"title":"Ce qui fait l\u2019opinion | La Vie des id\u00e9es","author":"Lyonel Kaufmann","date":"28 novembre 2012","format":false,"excerpt":"La th\u00e8se de Religion priv\u00e9e, opinion publique consiste \u00e0 lier causalement les deux termes qui forment son titre. Selon Bertrand Binoche, l\u2019id\u00e9e d\u2019opinion publique constitue l\u2019effet de celle de religion priv\u00e9e\u00a0: elle \u00e9merge, dans la seconde moiti\u00e9 du XVIIIe si\u00e8cle, non pas \u00e0 sa suite et de fa\u00e7on accidentelle, mais\u2026","rel":"","context":"Dans &quot;histoire&quot;","block_context":{"text":"histoire","link":"https:\/\/lyonelkaufmann.ch\/Blog\/category\/histoire-2\/"},"img":{"alt_text":"","src":"https:\/\/i0.wp.com\/lyonelkaufmann.ch\/histoire\/wp-content\/uploads\/2012\/11\/arton2108-8a530.jpg?resize=350%2C200","width":350,"height":200},"classes":[]},{"id":4355,"url":"https:\/\/lyonelkaufmann.ch\/Blog\/2011\/02\/15\/lexperience-de-lhistoire-de-koselleck-en-poche-le-blog-de-lhistoire\/","url_meta":{"origin":5156,"position":4},"title":"L\u2019exp\u00e9rience de l\u2019histoire de Koselleck en poche | Le blog de l&rsquo;histoire","author":"Lyonel Kaufmann","date":"15 f\u00e9vrier 2011","format":"aside","excerpt":"Pr\u00e9sentation de l\u2019\u00e9diteur : Comment le travail de l\u2019historien s\u2019inscrit-il dans son \u00e9poque ? Quelle incidence a la posture d\u2019observation sur l\u2019analyse produite ? Comment mesurer, dans l\u2019entreprise d\u2019explication historique, la part des concepts et de leur pouvoir structurant ?En r\u00e9ponse \u00e0 ces questions, Reinhardt Koselleck propose ici un parcours\u2026","rel":"","context":"Dans &quot;histoire&quot;","block_context":{"text":"histoire","link":"https:\/\/lyonelkaufmann.ch\/Blog\/category\/histoire-2\/"},"img":{"alt_text":"","src":"https:\/\/i0.wp.com\/blog.passion-histoire.net\/wp-content\/uploads\/2011\/02\/9782757821732FS-181x300.gif?resize=350%2C200","width":350,"height":200},"classes":[]},{"id":6253,"url":"https:\/\/lyonelkaufmann.ch\/Blog\/2012\/10\/11\/la-paix-toujours-recommencee-la-vie-des-idees\/","url_meta":{"origin":5156,"position":5},"title":"La paix, toujours recommenc\u00e9e | La Vie des id\u00e9es","author":"Lyonel Kaufmann","date":"11 octobre 2012","format":false,"excerpt":"Tout \u00e9volue dans le cours de l\u2019histoire, y compris la fa\u00e7on d\u2019\u00e9crire l\u2019histoire elle-m\u00eame. Longtemps port\u00e9e par les chantres des \u00ab\u00a0grandes nations\u00a0\u00bb, elle a donn\u00e9 un travers belliqueux \u00e0 nos manuels d\u2019histoire\u00a0: l\u2019exaltation des guerres du pass\u00e9, des batailles et des grands g\u00e9n\u00e9raux ont accompagn\u00e9 notre enfance. La r\u00e9conciliation franco-allemande\u2026","rel":"","context":"Dans &quot;histoire&quot;","block_context":{"text":"histoire","link":"https:\/\/lyonelkaufmann.ch\/Blog\/category\/histoire-2\/"},"img":{"alt_text":"","src":"https:\/\/i0.wp.com\/lyonelkaufmann.ch\/histoire\/wp-content\/uploads\/2012\/10\/arton2054-7b4ab.png?resize=350%2C200","width":350,"height":200},"classes":[]}],"jetpack_likes_enabled":true,"_links":{"self":[{"href":"https:\/\/lyonelkaufmann.ch\/Blog\/wp-json\/wp\/v2\/posts\/5156","targetHints":{"allow":["GET"]}}],"collection":[{"href":"https:\/\/lyonelkaufmann.ch\/Blog\/wp-json\/wp\/v2\/posts"}],"about":[{"href":"https:\/\/lyonelkaufmann.ch\/Blog\/wp-json\/wp\/v2\/types\/post"}],"author":[{"embeddable":true,"href":"https:\/\/lyonelkaufmann.ch\/Blog\/wp-json\/wp\/v2\/users\/1"}],"replies":[{"embeddable":true,"href":"https:\/\/lyonelkaufmann.ch\/Blog\/wp-json\/wp\/v2\/comments?post=5156"}],"version-history":[{"count":0,"href":"https:\/\/lyonelkaufmann.ch\/Blog\/wp-json\/wp\/v2\/posts\/5156\/revisions"}],"wp:featuredmedia":[{"embeddable":true,"href":"https:\/\/lyonelkaufmann.ch\/Blog\/wp-json\/wp\/v2\/media\/14058"}],"wp:attachment":[{"href":"https:\/\/lyonelkaufmann.ch\/Blog\/wp-json\/wp\/v2\/media?parent=5156"}],"wp:term":[{"taxonomy":"category","embeddable":true,"href":"https:\/\/lyonelkaufmann.ch\/Blog\/wp-json\/wp\/v2\/categories?post=5156"},{"taxonomy":"post_tag","embeddable":true,"href":"https:\/\/lyonelkaufmann.ch\/Blog\/wp-json\/wp\/v2\/tags?post=5156"}],"curies":[{"name":"wp","href":"https:\/\/api.w.org\/{rel}","templated":true}]}}