{"id":5169,"date":"2012-03-10T23:24:02","date_gmt":"2012-03-10T23:24:02","guid":{"rendered":"http:\/\/lyonelkaufmann.ch\/histoire\/?p=5169"},"modified":"2012-03-10T23:24:02","modified_gmt":"2012-03-10T23:24:02","slug":"les-representations-de-lennemi-et-du-combat-dans-les-dessins-animes-sovietiques-de-1941","status":"publish","type":"post","link":"https:\/\/lyonelkaufmann.ch\/Blog\/2012\/03\/10\/les-representations-de-lennemi-et-du-combat-dans-les-dessins-animes-sovietiques-de-1941\/","title":{"rendered":"Les repr\u00e9sentations de l\u2019ennemi et du combat dans les dessins anim\u00e9s sovi\u00e9tiques de 1941"},"content":{"rendered":"<p>Via <a style='font-weight:bold;font-size:18px;' href='http:\/\/www.scoop.it\/t\/histoire\/p\/1302063455\/les-representations-de-l-ennemi-et-du-combat-dans-les-dessins-animes-sovietiques-de-1941'>Scoop.it<\/a> &#8211; <a href='http:\/\/www.scoop.it\/t\/histoire'>histoire<\/a><br \/><img src='http:\/\/img.scoop.it\/JUkh-Bvd7ubM_7HC6J-Stjl72eJkfbmt4t8yenImKBXEejxNn4ZJNZ2ss5Ku7Cxt' \/><br \/>La Seconde Guerre mondiale eut un impact consid\u00e9rable sur la production culturelle des pays impliqu\u00e9s dans le conflit. Devant l\u2019ampleur de la menace, les autorit\u00e9s sovi\u00e9tiques n\u2019ont pas h\u00e9sit\u00e9 \u00e0 mobiliser le milieu artistique afin de relayer un discours patriotique projetant une image particuli\u00e8re de l\u2019ennemi. Les dessins anim\u00e9s qui ont \u00e9t\u00e9 produits en 1941, lorsque d\u00e9bute l\u2019invasion du territoire sovi\u00e9tique par l\u2019arm\u00e9e allemande, int\u00e8grent certaines th\u00e9matiques li\u00e9es \u00e0 la repr\u00e9sentation de l\u2019ennemi et du combat dans une double perspective de p\u00e9dagogie militaire et de cr\u00e9ation d\u2019une fiction de la victoire.\u00a0<br \/><a href='http:\/\/amnis.revues.org\/1430'>Via amnis.revues.org<\/a><\/p>\n","protected":false},"excerpt":{"rendered":"<p>Via Scoop.it &#8211; histoireLa Seconde Guerre mondiale eut un impact consid\u00e9rable sur la production culturelle des pays impliqu\u00e9s dans le conflit. Devant l\u2019ampleur de la menace, les autorit\u00e9s sovi\u00e9tiques n\u2019ont pas h\u00e9sit\u00e9 \u00e0 mobiliser le milieu artistique afin de relayer un discours patriotique projetant une image particuli\u00e8re de l\u2019ennemi. Les dessins anim\u00e9s qui ont \u00e9t\u00e9 [&hellip;]<\/p>\n","protected":false},"author":1,"featured_media":14059,"comment_status":"open","ping_status":"open","sticky":false,"template":"","format":"standard","meta":{"_import_markdown_pro_load_document_selector":0,"_import_markdown_pro_submit_text_textarea":"","_genesis_hide_title":false,"_genesis_hide_breadcrumbs":false,"_genesis_hide_singular_image":false,"_genesis_hide_footer_widgets":false,"_genesis_custom_body_class":"","_genesis_custom_post_class":"","_genesis_layout":"","jetpack_post_was_ever_published":false,"_jetpack_newsletter_access":"","_jetpack_dont_email_post_to_subs":false,"_jetpack_newsletter_tier_id":0,"_jetpack_memberships_contains_paywalled_content":false,"_jetpack_memberships_contains_paid_content":false,"activitypub_content_warning":"","activitypub_content_visibility":"","activitypub_max_image_attachments":3,"activitypub_interaction_policy_quote":"anyone","activitypub_status":"","footnotes":"","jetpack_publicize_message":"","jetpack_publicize_feature_enabled":true,"jetpack_social_post_already_shared":true,"jetpack_social_options":{"image_generator_settings":{"template":"fullscreen","default_image_id":0,"font":"","enabled":false},"version":2}},"categories":[2],"tags":[],"class_list":{"0":"post-5169","1":"post","2":"type-post","3":"status-publish","4":"format-standard","5":"has-post-thumbnail","7":"category-histoire-2","8":"entry"},"jetpack_publicize_connections":[],"featured_image_src":"https:\/\/i0.wp.com\/lyonelkaufmann.ch\/Blog\/wp-content\/uploads\/2015\/03\/JUkh-Bvd7ubM_7HC6J-Stjl72eJkfbmt4t8yenImKBXEejxNn4ZJNZ2ss5Ku7Cxt.jpg?resize=408%2C161&ssl=1","featured_image_src_square":"https:\/\/i0.wp.com\/lyonelkaufmann.ch\/Blog\/wp-content\/uploads\/2015\/03\/JUkh-Bvd7ubM_7HC6J-Stjl72eJkfbmt4t8yenImKBXEejxNn4ZJNZ2ss5Ku7Cxt.jpg?resize=408%2C161&ssl=1","author_info":{"display_name":"Lyonel Kaufmann","author_link":"https:\/\/lyonelkaufmann.ch\/Blog\/author\/lyonelk\/"},"jetpack_featured_media_url":"https:\/\/i0.wp.com\/lyonelkaufmann.ch\/Blog\/wp-content\/uploads\/2015\/03\/JUkh-Bvd7ubM_7HC6J-Stjl72eJkfbmt4t8yenImKBXEejxNn4ZJNZ2ss5Ku7Cxt.jpg?fit=408%2C161&ssl=1","jetpack_sharing_enabled":true,"jetpack_shortlink":"https:\/\/wp.me\/p1qtF4-1ln","jetpack-related-posts":[{"id":15209,"url":"https:\/\/lyonelkaufmann.ch\/Blog\/2015\/09\/29\/comptes-rendus-filmer-la-guerre-1944-1946-les-sovietiques-face-a-la-shoah\/","url_meta":{"origin":5169,"position":0},"title":"Comptes-rendus : \u00ab Filmer la guerre (1944-1946). Les Sovi\u00e9tiques face \u00e0 la Shoah \u00bb","author":"Lyonel Kaufmann","date":"29 septembre 2015","format":false,"excerpt":"L\u2019exposition et son catalogue ouvrent des perspectives passionnantes sur la construction d\u2019une m\u00e9moire sovi\u00e9tique isol\u00e9e des repr\u00e9sentations occidentales. Rendue plus complexe encore par les d\u00e9placements de fronti\u00e8res d\u2019apr\u00e8s-guerre brouillant la notion de juifs \u00ab\u00a0sovi\u00e9tiques\u00a0\u00bb, \u00ab\u00a0hongrois\u00a0\u00bb ou \u00ab\u00a0polonais\u00a0\u00bb, puis par la Guerre froide, elle \u00e9volue vers une reconnaissance ambigu\u00eb de la\u2026","rel":"","context":"Dans &quot;histoire&quot;","block_context":{"text":"histoire","link":"https:\/\/lyonelkaufmann.ch\/Blog\/category\/histoire-2\/"},"img":{"alt_text":"","src":"https:\/\/i0.wp.com\/lyonelkaufmann.ch\/Blog\/wp-content\/uploads\/2015\/09\/iu.jpeg?fit=797%2C543&ssl=1&resize=350%2C200","width":350,"height":200,"srcset":"https:\/\/i0.wp.com\/lyonelkaufmann.ch\/Blog\/wp-content\/uploads\/2015\/09\/iu.jpeg?fit=797%2C543&ssl=1&resize=350%2C200 1x, https:\/\/i0.wp.com\/lyonelkaufmann.ch\/Blog\/wp-content\/uploads\/2015\/09\/iu.jpeg?fit=797%2C543&ssl=1&resize=525%2C300 1.5x, https:\/\/i0.wp.com\/lyonelkaufmann.ch\/Blog\/wp-content\/uploads\/2015\/09\/iu.jpeg?fit=797%2C543&ssl=1&resize=700%2C400 2x"},"classes":[]},{"id":4675,"url":"https:\/\/lyonelkaufmann.ch\/Blog\/2009\/02\/27\/comprendre-les-origines-de-la-shoah-2\/","url_meta":{"origin":5169,"position":1},"title":"Comprendre les origines de la Shoah","author":"Lyonel Kaufmann","date":"27 f\u00e9vrier 2009","format":false,"excerpt":"Pendant longtemps, les historiens ont pens\u00e9 que toute la Shoah avait \u00e9t\u00e9 planifi\u00e9e avant le d\u00e9clenchement de la guerre germano-sovi\u00e9tique\u00a0; ensuite est venue une \u00e9cole d\u2019historiens, plus attentive \u00e0 la complexit\u00e9 du processus r\u00e9v\u00e9l\u00e9 par les documents \u2013 en particulier au r\u00f4le des initiatives prises par les agents locaux du\u2026","rel":"","context":"Dans &quot;histoire&quot;","block_context":{"text":"histoire","link":"https:\/\/lyonelkaufmann.ch\/Blog\/category\/histoire-2\/"},"img":{"alt_text":"","src":"https:\/\/i0.wp.com\/lyonelkaufmann.ch\/Blog\/wp-content\/uploads\/2015\/03\/blogcafe1.jpg?fit=1024%2C683&ssl=1&resize=350%2C200","width":350,"height":200,"srcset":"https:\/\/i0.wp.com\/lyonelkaufmann.ch\/Blog\/wp-content\/uploads\/2015\/03\/blogcafe1.jpg?fit=1024%2C683&ssl=1&resize=350%2C200 1x, https:\/\/i0.wp.com\/lyonelkaufmann.ch\/Blog\/wp-content\/uploads\/2015\/03\/blogcafe1.jpg?fit=1024%2C683&ssl=1&resize=525%2C300 1.5x, https:\/\/i0.wp.com\/lyonelkaufmann.ch\/Blog\/wp-content\/uploads\/2015\/03\/blogcafe1.jpg?fit=1024%2C683&ssl=1&resize=700%2C400 2x"},"classes":[]},{"id":3584,"url":"https:\/\/lyonelkaufmann.ch\/Blog\/2011\/02\/25\/les-vestiges-oublies-de-lempire-sovietique\/","url_meta":{"origin":5169,"position":2},"title":"Les vestiges oubli\u00e9s de l&rsquo;Empire sovi\u00e9tique","author":"Lyonel Kaufmann","date":"25 f\u00e9vrier 2011","format":false,"excerpt":"Eric Lusito a voyag\u00e9 d\u2019Allemagne de l'Est \u00e0 la Mongolie et de la Pologne au Kazakhstan \u00e0 la recherche de ces sites qui repr\u00e9sentaient l'ambition et la puissance de l\u2019URSS. Il en a ramen\u00e9 de superbes images.. Entre histoire et m\u00e9moire, espace et patrimoine, mythes et propagande, cette collection d\u2019images\u2026","rel":"","context":"Dans &quot;histoire&quot;","block_context":{"text":"histoire","link":"https:\/\/lyonelkaufmann.ch\/Blog\/category\/histoire-2\/"},"img":{"alt_text":"","src":"https:\/\/i0.wp.com\/lyonelkaufmann.ch\/Blog\/wp-content\/uploads\/2015\/03\/75E77FD0-1AF8-4BE2-91A3-77DEB3A120B67.jpg?fit=800%2C640&ssl=1&resize=350%2C200","width":350,"height":200,"srcset":"https:\/\/i0.wp.com\/lyonelkaufmann.ch\/Blog\/wp-content\/uploads\/2015\/03\/75E77FD0-1AF8-4BE2-91A3-77DEB3A120B67.jpg?fit=800%2C640&ssl=1&resize=350%2C200 1x, https:\/\/i0.wp.com\/lyonelkaufmann.ch\/Blog\/wp-content\/uploads\/2015\/03\/75E77FD0-1AF8-4BE2-91A3-77DEB3A120B67.jpg?fit=800%2C640&ssl=1&resize=525%2C300 1.5x, https:\/\/i0.wp.com\/lyonelkaufmann.ch\/Blog\/wp-content\/uploads\/2015\/03\/75E77FD0-1AF8-4BE2-91A3-77DEB3A120B67.jpg?fit=800%2C640&ssl=1&resize=700%2C400 2x"},"classes":[]},{"id":1117,"url":"https:\/\/lyonelkaufmann.ch\/Blog\/2009\/02\/28\/comprendre-les-origines-de-la-shoah\/","url_meta":{"origin":5169,"position":3},"title":"Comprendre les origines de la Shoah","author":"Lyonel Kaufmann","date":"28 f\u00e9vrier 2009","format":false,"excerpt":"Pendant longtemps, les historiens ont pens\u00e9 que toute la Shoah avait \u00e9t\u00e9 planifi\u00e9e avant le d\u00e9clenchement de la guerre germano-sovi\u00e9tique\u00a0; ensuite est venue une \u00e9cole d\u2019historiens, plus attentive \u00e0 la complexit\u00e9 du processus r\u00e9v\u00e9l\u00e9 par les documents \u2013 en particulier au r\u00f4le des initiatives prises par les agents locaux du\u2026","rel":"","context":"Dans &quot;histoire&quot;","block_context":{"text":"histoire","link":"https:\/\/lyonelkaufmann.ch\/Blog\/category\/histoire-2\/"},"img":{"alt_text":"","src":"https:\/\/i0.wp.com\/lyonelkaufmann.ch\/Blog\/wp-content\/uploads\/2015\/03\/blogcafe1.jpg?fit=1024%2C683&ssl=1&resize=350%2C200","width":350,"height":200,"srcset":"https:\/\/i0.wp.com\/lyonelkaufmann.ch\/Blog\/wp-content\/uploads\/2015\/03\/blogcafe1.jpg?fit=1024%2C683&ssl=1&resize=350%2C200 1x, https:\/\/i0.wp.com\/lyonelkaufmann.ch\/Blog\/wp-content\/uploads\/2015\/03\/blogcafe1.jpg?fit=1024%2C683&ssl=1&resize=525%2C300 1.5x, https:\/\/i0.wp.com\/lyonelkaufmann.ch\/Blog\/wp-content\/uploads\/2015\/03\/blogcafe1.jpg?fit=1024%2C683&ssl=1&resize=700%2C400 2x"},"classes":[]},{"id":7919,"url":"https:\/\/lyonelkaufmann.ch\/Blog\/2014\/02\/20\/compte-rendu-les-visages-retrouves-de-la-terreur-sovietique-la-vie-des-idees\/","url_meta":{"origin":5169,"position":4},"title":"Compte-rendu : Les visages retrouv\u00e9s de la terreur sovi\u00e9tique | La vie des id\u00e9es","author":"Lyonel Kaufmann","date":"20 f\u00e9vrier 2014","format":false,"excerpt":"De la grande vague de massacres programm\u00e9s qui a caract\u00e9ris\u00e9 les ann\u00e9es 1937 et 1938 en URSS, on ne connaissait jusqu\u2019\u00e0 r\u00e9cemment que la version officielle. Accordant une place importante \u00e0 la photographie et \u00e0 l\u2019iconographie, le livre de Tomasz Kizny et Dominique Roynette revient sur le d\u00e9tail de cet\u2026","rel":"","context":"Dans &quot;histoire&quot;","block_context":{"text":"histoire","link":"https:\/\/lyonelkaufmann.ch\/Blog\/category\/histoire-2\/"},"img":{"alt_text":"","src":"https:\/\/i0.wp.com\/www.laviedesidees.fr\/local\/cache-vignettes\/L308xH355\/arton2523-c36e2.jpg?resize=350%2C200","width":350,"height":200},"classes":[]},{"id":3710,"url":"https:\/\/lyonelkaufmann.ch\/Blog\/2011\/05\/02\/les-plus-grands-films-sovietiques-sur-youtube\/","url_meta":{"origin":5169,"position":5},"title":"Les plus grands films sovi\u00e9tiques sur YouTube","author":"Lyonel Kaufmann","date":"2 mai 2011","format":false,"excerpt":"Mosfilm (en russe \u041c\u043e\u0441\u0444\u0438\u043b\u044c\u043c) est un tr\u00e8s grand village cin\u00e9matographique situ\u00e9 \u00e0 Moscou (au lieu-dit des \"Collines des moineaux\"). C'est aussi une soci\u00e9t\u00e9 de production cin\u00e9matographique fond\u00e9e en 1920, apr\u00e8s la nationalisation des moyens de production sovi\u00e9tiques. Elle a donc produit la majorit\u00e9 des chefs-d'\u0153uvres du cin\u00e9ma sovi\u00e9tique, d'Eisenstein \u00e0\u2026","rel":"","context":"Dans &quot;histoire&quot;","block_context":{"text":"histoire","link":"https:\/\/lyonelkaufmann.ch\/Blog\/category\/histoire-2\/"},"img":{"alt_text":"","src":"https:\/\/i0.wp.com\/lyonelkaufmann.ch\/Blog\/wp-content\/uploads\/2015\/03\/2615223155_1d2d1ff2b7.jpg?fit=500%2C382&ssl=1&resize=350%2C200","width":350,"height":200},"classes":[]}],"jetpack_likes_enabled":true,"_links":{"self":[{"href":"https:\/\/lyonelkaufmann.ch\/Blog\/wp-json\/wp\/v2\/posts\/5169","targetHints":{"allow":["GET"]}}],"collection":[{"href":"https:\/\/lyonelkaufmann.ch\/Blog\/wp-json\/wp\/v2\/posts"}],"about":[{"href":"https:\/\/lyonelkaufmann.ch\/Blog\/wp-json\/wp\/v2\/types\/post"}],"author":[{"embeddable":true,"href":"https:\/\/lyonelkaufmann.ch\/Blog\/wp-json\/wp\/v2\/users\/1"}],"replies":[{"embeddable":true,"href":"https:\/\/lyonelkaufmann.ch\/Blog\/wp-json\/wp\/v2\/comments?post=5169"}],"version-history":[{"count":0,"href":"https:\/\/lyonelkaufmann.ch\/Blog\/wp-json\/wp\/v2\/posts\/5169\/revisions"}],"wp:featuredmedia":[{"embeddable":true,"href":"https:\/\/lyonelkaufmann.ch\/Blog\/wp-json\/wp\/v2\/media\/14059"}],"wp:attachment":[{"href":"https:\/\/lyonelkaufmann.ch\/Blog\/wp-json\/wp\/v2\/media?parent=5169"}],"wp:term":[{"taxonomy":"category","embeddable":true,"href":"https:\/\/lyonelkaufmann.ch\/Blog\/wp-json\/wp\/v2\/categories?post=5169"},{"taxonomy":"post_tag","embeddable":true,"href":"https:\/\/lyonelkaufmann.ch\/Blog\/wp-json\/wp\/v2\/tags?post=5169"}],"curies":[{"name":"wp","href":"https:\/\/api.w.org\/{rel}","templated":true}]}}