{"id":5173,"date":"2012-03-12T11:36:40","date_gmt":"2012-03-12T11:36:40","guid":{"rendered":"http:\/\/lyonelkaufmann.ch\/histoire\/?p=5173"},"modified":"2012-03-12T11:36:40","modified_gmt":"2012-03-12T11:36:40","slug":"decrypter-les-images-eduscol-numerique","status":"publish","type":"post","link":"https:\/\/lyonelkaufmann.ch\/Blog\/2012\/03\/12\/decrypter-les-images-eduscol-numerique\/","title":{"rendered":"D\u00e9crypter les images \u2014 \u00c9duscol Num\u00e9rique"},"content":{"rendered":"<p>Via <a style='font-weight:bold;font-size:18px;' href='http:\/\/www.scoop.it\/t\/histoire\/p\/1402231858\/decrypter-les-images-eduscol-numerique'>Scoop.it<\/a> &#8211; <a href='http:\/\/www.scoop.it\/t\/histoire'>histoire<\/a><br \/><img src='http:\/\/img.scoop.it\/E_tbUDK1fztTdRAXVgvJCjl72eJkfbmt4t8yenImKBXEejxNn4ZJNZ2ss5Ku7Cxt' \/><br \/>La Ligue de l\u2019enseignement et l\u2019Institut des images sont \u00e0 l&rsquo;origine d&rsquo;un portail sp\u00e9cifique d\u2019\u00e9ducation aux images, [decryptimages]. Ce portail dirig\u00e9 par Laurent Gervereau est compos\u00e9 de deux grandes parties : la premi\u00e8re partie est consacr\u00e9e aux analyses (rep\u00e8res en histoire du visuel, modules p\u00e9dagogiques, analyse d&rsquo;images par tranche d&rsquo;\u00e2ge, pistes de formation) et la seconde est davantage ax\u00e9e sur les ressources et les r\u00e9f\u00e9rences en mati\u00e8re iconographique au sens large ( portail de ressources en ligne, corpus d&rsquo;images) . Le site pr\u00e9sent\u00e9 comme \u00ab un lieu d\u2019accueil, de confrontations, d\u2019\u00e9changes \u00bb sans publicit\u00e9 s\u2019enrichit gr\u00e2ce aux contributions plurielles des internautes. Il constituera une ressource de r\u00e9f\u00e9rence pour la 23\u00e8me \u00e9dition de la Semaine de la Presse qui est consacr\u00e9e au th\u00e8me : \u00ab Des images pour informer \u00bb.<br \/><a href='http:\/\/www.eduscol.education.fr\/numerique\/veille-education-numerique\/mars-2012\/decrypter-les-images'>Via www.eduscol.education.fr<\/a><\/p>\n","protected":false},"excerpt":{"rendered":"<p>Via Scoop.it &#8211; histoireLa Ligue de l\u2019enseignement et l\u2019Institut des images sont \u00e0 l&rsquo;origine d&rsquo;un portail sp\u00e9cifique d\u2019\u00e9ducation aux images, [decryptimages]. Ce portail dirig\u00e9 par Laurent Gervereau est compos\u00e9 de deux grandes parties : la premi\u00e8re partie est consacr\u00e9e aux analyses (rep\u00e8res en histoire du visuel, modules p\u00e9dagogiques, analyse d&rsquo;images par tranche d&rsquo;\u00e2ge, pistes de [&hellip;]<\/p>\n","protected":false},"author":1,"featured_media":14060,"comment_status":"open","ping_status":"open","sticky":false,"template":"","format":"standard","meta":{"_import_markdown_pro_load_document_selector":0,"_import_markdown_pro_submit_text_textarea":"","_genesis_hide_title":false,"_genesis_hide_breadcrumbs":false,"_genesis_hide_singular_image":false,"_genesis_hide_footer_widgets":false,"_genesis_custom_body_class":"","_genesis_custom_post_class":"","_genesis_layout":"","jetpack_post_was_ever_published":false,"_jetpack_newsletter_access":"","_jetpack_dont_email_post_to_subs":false,"_jetpack_newsletter_tier_id":0,"_jetpack_memberships_contains_paywalled_content":false,"_jetpack_memberships_contains_paid_content":false,"activitypub_content_warning":"","activitypub_content_visibility":"","activitypub_max_image_attachments":3,"activitypub_interaction_policy_quote":"anyone","activitypub_status":"","footnotes":"","jetpack_publicize_message":"","jetpack_publicize_feature_enabled":true,"jetpack_social_post_already_shared":true,"jetpack_social_options":{"image_generator_settings":{"template":"fullscreen","default_image_id":0,"font":"","enabled":false},"version":2}},"categories":[2],"tags":[],"class_list":{"0":"post-5173","1":"post","2":"type-post","3":"status-publish","4":"format-standard","5":"has-post-thumbnail","7":"category-histoire-2","8":"entry"},"jetpack_publicize_connections":[],"featured_image_src":"https:\/\/i0.wp.com\/lyonelkaufmann.ch\/Blog\/wp-content\/uploads\/2015\/03\/E_tbUDK1fztTdRAXVgvJCjl72eJkfbmt4t8yenImKBXEejxNn4ZJNZ2ss5Ku7Cxt.jpg?resize=108%2C89&ssl=1","featured_image_src_square":"https:\/\/i0.wp.com\/lyonelkaufmann.ch\/Blog\/wp-content\/uploads\/2015\/03\/E_tbUDK1fztTdRAXVgvJCjl72eJkfbmt4t8yenImKBXEejxNn4ZJNZ2ss5Ku7Cxt.jpg?resize=108%2C89&ssl=1","author_info":{"display_name":"Lyonel Kaufmann","author_link":"https:\/\/lyonelkaufmann.ch\/Blog\/author\/lyonelk\/"},"jetpack_featured_media_url":"https:\/\/i0.wp.com\/lyonelkaufmann.ch\/Blog\/wp-content\/uploads\/2015\/03\/E_tbUDK1fztTdRAXVgvJCjl72eJkfbmt4t8yenImKBXEejxNn4ZJNZ2ss5Ku7Cxt.jpg?fit=108%2C89&ssl=1","jetpack_sharing_enabled":true,"jetpack_shortlink":"https:\/\/wp.me\/p1qtF4-1lr","jetpack-related-posts":[{"id":6101,"url":"https:\/\/lyonelkaufmann.ch\/Blog\/2012\/08\/30\/humanites-digitales-organiser-sa-recherche-sur-le-web-infoclio-ch\/","url_meta":{"origin":5173,"position":0},"title":"Humanit\u00e9s digitales : Organiser sa recherche sur le web | infoclio.ch","author":"Lyonel Kaufmann","date":"30 ao\u00fbt 2012","format":false,"excerpt":"Infoclio.ch,\u00a0le portail professionnel des sciences historiques en Suisse, ouvrira \u00e0 la rentr\u00e9e universitaire un nouveau portail destin\u00e9s aux \u00e9tudiants en histoire. Cette initiative arrive \u00e0 point nommer alors que la question des \u00abHumanit\u00e9s Digitales\u00bb (\u00abDigital humanities\u00bb) se d\u00e9veloppent de mani\u00e8re r\u00e9jouissante en Suisse. On r\u00eave d'une d\u00e9clinaison pour l'enseignement obligatoire\u2026","rel":"","context":"Dans &quot;histoire&quot;","block_context":{"text":"histoire","link":"https:\/\/lyonelkaufmann.ch\/Blog\/category\/histoire-2\/"},"img":{"alt_text":"","src":"https:\/\/i0.wp.com\/lyonelkaufmann.ch\/Blog\/wp-content\/uploads\/2015\/03\/0120.jpg?fit=480%2C360&ssl=1&resize=350%2C200","width":350,"height":200},"classes":[]},{"id":6145,"url":"https:\/\/lyonelkaufmann.ch\/Blog\/2012\/09\/12\/revue-de-presse-des-outils-pour-contrer-le-plagiat-portail-du-soutien-a-la-pedagogie-universitaire\/","url_meta":{"origin":5173,"position":1},"title":"Revue de presse : Des outils pour contrer le plagiat | Portail du soutien \u00e0 la p\u00e9dagogie universitaire","author":"Lyonel Kaufmann","date":"12 septembre 2012","format":false,"excerpt":"Comment favoriser la cr\u00e9ation de contenu original par les \u00e9tudiants? Comment s'assurer que les textes qu'ils remettent sont bien de leur cru? Dans la carte ci-dessous, nous avons regroup\u00e9 diff\u00e9rentes ressources pour vous aider \u00e0 r\u00e9pondre \u00e0 ces questions: exemples de r\u00e8glements, articles sur le sujet, guides pour les enseignants.\u2026","rel":"","context":"Dans &quot;histoire&quot;","block_context":{"text":"histoire","link":"https:\/\/lyonelkaufmann.ch\/Blog\/category\/histoire-2\/"},"img":{"alt_text":"","src":"https:\/\/i0.wp.com\/lyonelkaufmann.ch\/Blog\/wp-content\/uploads\/2015\/03\/blogcafe1.jpg?fit=1024%2C683&ssl=1&resize=350%2C200","width":350,"height":200,"srcset":"https:\/\/i0.wp.com\/lyonelkaufmann.ch\/Blog\/wp-content\/uploads\/2015\/03\/blogcafe1.jpg?fit=1024%2C683&ssl=1&resize=350%2C200 1x, https:\/\/i0.wp.com\/lyonelkaufmann.ch\/Blog\/wp-content\/uploads\/2015\/03\/blogcafe1.jpg?fit=1024%2C683&ssl=1&resize=525%2C300 1.5x, https:\/\/i0.wp.com\/lyonelkaufmann.ch\/Blog\/wp-content\/uploads\/2015\/03\/blogcafe1.jpg?fit=1024%2C683&ssl=1&resize=700%2C400 2x"},"classes":[]},{"id":8600,"url":"https:\/\/lyonelkaufmann.ch\/Blog\/2014\/12\/05\/filmer-la-grande-guerre-avec-laurent-veray-nonfiction-fr-le-portail-des-livres-et-des-idees\/","url_meta":{"origin":5173,"position":2},"title":"Filmer la Grande Guerre \u2013 avec Laurent V\u00e9ray | Nonfiction.fr","author":"Lyonel Kaufmann","date":"5 d\u00e9cembre 2014","format":false,"excerpt":"Parce qu\u2019elle est contemporaine du premier \u00e2ge du cin\u00e9matographe, l\u2019histoire de la Premi\u00e8re Guerre mondiale n\u2019est pas vraiment dissociable de celle du cin\u00e9ma. Les tranch\u00e9es ont donn\u00e9 leur mati\u00e8re \u00e0 ses bandes\u00a0; les arm\u00e9es et les gouvernements ont pour la premi\u00e8re fois mobilis\u00e9 les op\u00e9rateurs au service du divertissement des\u2026","rel":"","context":"Dans &quot;histoire&quot;","block_context":{"text":"histoire","link":"https:\/\/lyonelkaufmann.ch\/Blog\/category\/histoire-2\/"},"img":{"alt_text":"","src":"","width":0,"height":0},"classes":[]},{"id":7890,"url":"https:\/\/lyonelkaufmann.ch\/Blog\/2013\/12\/22\/14-18-en-bande-dessinee-selection-de-ressources\/","url_meta":{"origin":5173,"position":3},"title":"14-18 en Bande dessin\u00e9e : s\u00e9lection de ressources","author":"Lyonel Kaufmann","date":"22 d\u00e9cembre 2013","format":false,"excerpt":"Voici une s\u00e9lection de r\u00e9f\u00e9rences en rapport avec la Premi\u00e8re Guerre mondiale au travers de la Bande Dessinn\u00e9e. http:\/\/www.youtube.com\/watch?v=wRVPL6O1sug La bande annonce de la bande dessin\u00e9e \"Putain de Guerre \" de Tardi en deux volumes sur la premi\u00e8re guerre mondiale. la premi\u00e8re guerre mondiale dans la bande dessin\u00e9e - Le\u2026","rel":"","context":"Dans &quot;histoire&quot;","block_context":{"text":"histoire","link":"https:\/\/lyonelkaufmann.ch\/Blog\/category\/histoire-2\/"},"img":{"alt_text":"","src":"https:\/\/i0.wp.com\/lyonelkaufmann.ch\/Blog\/wp-content\/uploads\/2015\/03\/0130.jpg?fit=480%2C360&ssl=1&resize=350%2C200","width":350,"height":200},"classes":[]},{"id":7690,"url":"https:\/\/lyonelkaufmann.ch\/Blog\/2006\/04\/05\/m075-cartes-graphiques-et-schemas-ressources\/","url_meta":{"origin":5173,"position":4},"title":"Cartes, graphiques et sch\u00e9mas (Ressources)","author":"Lyonel Kaufmann","date":"5 avril 2006","format":false,"excerpt":"1\u00b0 Utiliser, analyser, (faire) r\u00e9aliser des cartes, graphiques, sch\u00e9mas\u2026 \u2022 S\u00e9miologie graphique par l'Atelier cartographique de Science Po Paris. Plus particuli\u00e8rement les cours intitul\u00e9s Faire des cartes..., La graphique (Jacques Bertin) et La Cartographie et espace mondial. Cartes et croquis en g\u00e9ographie - Quand on examine le statut de la\u2026","rel":"","context":"Dans &quot;histoire&quot;","block_context":{"text":"histoire","link":"https:\/\/lyonelkaufmann.ch\/Blog\/category\/histoire-2\/"},"img":{"alt_text":"","src":"","width":0,"height":0},"classes":[]},{"id":453,"url":"https:\/\/lyonelkaufmann.ch\/Blog\/2008\/10\/27\/links-for-2008-10-27\/","url_meta":{"origin":5173,"position":5},"title":"Mus\u00e9es et Web 2.0","author":"Lyonel Kaufmann","date":"27 octobre 2008","format":false,"excerpt":"Les outils 2.0 s'installent durablement dans les universit\u00e9s Oxford, l'universit\u00e9 anglaise s'appr\u00eate \u00e0 d\u00e9ployer un portail Web 2.0 pour faciliter l'\u00e9change d'informations et de connaissances entre ses trente deux milles membres, qu'il s'agisse de personnels administratifs, d'enseignants ou d'\u00e9tudiant (tags: Histoire M\u00e9diaTIC Web2.0) About This Project - The American Image\u2026","rel":"","context":"Dans &quot;histoire&quot;","block_context":{"text":"histoire","link":"https:\/\/lyonelkaufmann.ch\/Blog\/category\/histoire-2\/"},"img":{"alt_text":"","src":"https:\/\/i0.wp.com\/lyonelkaufmann.ch\/Blog\/wp-content\/uploads\/2015\/03\/blogcafe1.jpg?fit=1024%2C683&ssl=1&resize=350%2C200","width":350,"height":200,"srcset":"https:\/\/i0.wp.com\/lyonelkaufmann.ch\/Blog\/wp-content\/uploads\/2015\/03\/blogcafe1.jpg?fit=1024%2C683&ssl=1&resize=350%2C200 1x, https:\/\/i0.wp.com\/lyonelkaufmann.ch\/Blog\/wp-content\/uploads\/2015\/03\/blogcafe1.jpg?fit=1024%2C683&ssl=1&resize=525%2C300 1.5x, https:\/\/i0.wp.com\/lyonelkaufmann.ch\/Blog\/wp-content\/uploads\/2015\/03\/blogcafe1.jpg?fit=1024%2C683&ssl=1&resize=700%2C400 2x"},"classes":[]}],"jetpack_likes_enabled":true,"_links":{"self":[{"href":"https:\/\/lyonelkaufmann.ch\/Blog\/wp-json\/wp\/v2\/posts\/5173","targetHints":{"allow":["GET"]}}],"collection":[{"href":"https:\/\/lyonelkaufmann.ch\/Blog\/wp-json\/wp\/v2\/posts"}],"about":[{"href":"https:\/\/lyonelkaufmann.ch\/Blog\/wp-json\/wp\/v2\/types\/post"}],"author":[{"embeddable":true,"href":"https:\/\/lyonelkaufmann.ch\/Blog\/wp-json\/wp\/v2\/users\/1"}],"replies":[{"embeddable":true,"href":"https:\/\/lyonelkaufmann.ch\/Blog\/wp-json\/wp\/v2\/comments?post=5173"}],"version-history":[{"count":0,"href":"https:\/\/lyonelkaufmann.ch\/Blog\/wp-json\/wp\/v2\/posts\/5173\/revisions"}],"wp:featuredmedia":[{"embeddable":true,"href":"https:\/\/lyonelkaufmann.ch\/Blog\/wp-json\/wp\/v2\/media\/14060"}],"wp:attachment":[{"href":"https:\/\/lyonelkaufmann.ch\/Blog\/wp-json\/wp\/v2\/media?parent=5173"}],"wp:term":[{"taxonomy":"category","embeddable":true,"href":"https:\/\/lyonelkaufmann.ch\/Blog\/wp-json\/wp\/v2\/categories?post=5173"},{"taxonomy":"post_tag","embeddable":true,"href":"https:\/\/lyonelkaufmann.ch\/Blog\/wp-json\/wp\/v2\/tags?post=5173"}],"curies":[{"name":"wp","href":"https:\/\/api.w.org\/{rel}","templated":true}]}}