{"id":5199,"date":"2012-03-19T20:21:59","date_gmt":"2012-03-19T20:21:59","guid":{"rendered":"http:\/\/lyonelkaufmann.ch\/histoire\/?p=5199"},"modified":"2012-03-19T20:21:59","modified_gmt":"2012-03-19T20:21:59","slug":"algerie-france-memoires-sous-tension","status":"publish","type":"post","link":"https:\/\/lyonelkaufmann.ch\/Blog\/2012\/03\/19\/algerie-france-memoires-sous-tension\/","title":{"rendered":"Alg\u00e9rie-France, m\u00e9moires sous tension"},"content":{"rendered":"<p>Via <a style='font-weight:bold;font-size:18px;' href='http:\/\/www.scoop.it\/t\/histoire\/p\/1451758278\/algerie-france-memoires-sous-tension'>Scoop.it<\/a> &#8211; <a href='http:\/\/www.scoop.it\/t\/histoire'>histoire<\/a><br \/><img src='http:\/\/img.scoop.it\/1yMiwfVKQ3PO8-el0LTwGTl72eJkfbmt4t8yenImKBXEejxNn4ZJNZ2ss5Ku7Cxt' \/><\/p>\n<p>Histoire commune entre les deux pays, la guerre d&rsquo;Alg&eacute;rie n&rsquo;est pas encore une histoire partag&eacute;e. La r&eacute;conciliation est difficile tant le cloisonnement des m&eacute;moires est fort. Un texte de Benjamin Stora<\/p>\n<p><a href='http:\/\/www.lemonde.fr\/afrique\/article\/2012\/03\/18\/algerie-france-memoires-sous-tension_1669417_3212.html?xtmc=stora&amp;xtcr=4'>Via www.lemonde.fr<\/a><\/p>\n","protected":false},"excerpt":{"rendered":"<p>Via Scoop.it &#8211; histoire Histoire commune entre les deux pays, la guerre d&rsquo;Alg&eacute;rie n&rsquo;est pas encore une histoire partag&eacute;e. La r&eacute;conciliation est difficile tant le cloisonnement des m&eacute;moires est fort. Un texte de Benjamin Stora Via www.lemonde.fr<\/p>\n","protected":false},"author":1,"featured_media":14061,"comment_status":"open","ping_status":"open","sticky":false,"template":"","format":"standard","meta":{"_import_markdown_pro_load_document_selector":0,"_import_markdown_pro_submit_text_textarea":"","_genesis_hide_title":false,"_genesis_hide_breadcrumbs":false,"_genesis_hide_singular_image":false,"_genesis_hide_footer_widgets":false,"_genesis_custom_body_class":"","_genesis_custom_post_class":"","_genesis_layout":"","jetpack_post_was_ever_published":false,"_jetpack_newsletter_access":"","_jetpack_dont_email_post_to_subs":false,"_jetpack_newsletter_tier_id":0,"_jetpack_memberships_contains_paywalled_content":false,"_jetpack_memberships_contains_paid_content":false,"activitypub_content_warning":"","activitypub_content_visibility":"","activitypub_max_image_attachments":3,"activitypub_interaction_policy_quote":"anyone","activitypub_status":"","footnotes":"","jetpack_publicize_message":"","jetpack_publicize_feature_enabled":true,"jetpack_social_post_already_shared":true,"jetpack_social_options":{"image_generator_settings":{"template":"fullscreen","default_image_id":0,"font":"","enabled":false},"version":2}},"categories":[2],"tags":[],"class_list":{"0":"post-5199","1":"post","2":"type-post","3":"status-publish","4":"format-standard","5":"has-post-thumbnail","7":"category-histoire-2","8":"entry"},"jetpack_publicize_connections":[],"featured_image_src":"https:\/\/i0.wp.com\/lyonelkaufmann.ch\/Blog\/wp-content\/uploads\/2015\/03\/1yMiwfVKQ3PO8-el0LTwGTl72eJkfbmt4t8yenImKBXEejxNn4ZJNZ2ss5Ku7Cxt.jpg?resize=459%2C230&ssl=1","featured_image_src_square":"https:\/\/i0.wp.com\/lyonelkaufmann.ch\/Blog\/wp-content\/uploads\/2015\/03\/1yMiwfVKQ3PO8-el0LTwGTl72eJkfbmt4t8yenImKBXEejxNn4ZJNZ2ss5Ku7Cxt.jpg?resize=459%2C230&ssl=1","author_info":{"display_name":"Lyonel Kaufmann","author_link":"https:\/\/lyonelkaufmann.ch\/Blog\/author\/lyonelk\/"},"jetpack_featured_media_url":"https:\/\/i0.wp.com\/lyonelkaufmann.ch\/Blog\/wp-content\/uploads\/2015\/03\/1yMiwfVKQ3PO8-el0LTwGTl72eJkfbmt4t8yenImKBXEejxNn4ZJNZ2ss5Ku7Cxt.jpg?fit=459%2C230&ssl=1","jetpack_sharing_enabled":true,"jetpack_shortlink":"https:\/\/wp.me\/p1qtF4-1lR","jetpack-related-posts":[{"id":6599,"url":"https:\/\/lyonelkaufmann.ch\/Blog\/2012\/12\/18\/algerie-1954-1962-la-guerre-de-mon-pere-slate\/","url_meta":{"origin":5199,"position":0},"title":"Alg\u00e9rie 1954-1962, la guerre de mon p\u00e8re | Slate","author":"Lyonel Kaufmann","date":"18 d\u00e9cembre 2012","format":false,"excerpt":"Tr\u00e8s beau et poignant t\u00e9moignage tout en pudeur d'Ariane Bonzon,\u00a0 fille d\u2019appel\u00e9 en Alg\u00e9rie, une \u00abh\u00e9riti\u00e8re du silence\u00bb comme les surnomme Florence Dosse dans le livre qu\u2019elle vient de consacrer \u00e0 la m\u00e9moire des enfants d\u2019appel\u00e9s dont elle-m\u00eame, n\u00e9e en 1963, fait partie. La pr\u00e9sentation de son ouvrage par Florence\u2026","rel":"","context":"Dans &quot;histoire&quot;","block_context":{"text":"histoire","link":"https:\/\/lyonelkaufmann.ch\/Blog\/category\/histoire-2\/"},"img":{"alt_text":"","src":"https:\/\/i0.wp.com\/lyonelkaufmann.ch\/Blog\/wp-content\/uploads\/2015\/03\/0123.jpg?fit=480%2C360&ssl=1&resize=350%2C200","width":350,"height":200},"classes":[]},{"id":2681,"url":"https:\/\/lyonelkaufmann.ch\/Blog\/2010\/03\/30\/lennemi-intime-un-film-sur-la-guerre-en-algerie-la-psserelle\/","url_meta":{"origin":5199,"position":1},"title":"L\u2019ennemi intime, un film sur la guerre en Alg\u00e9rie | La p@sserelle","author":"Lyonel Kaufmann","date":"30 mars 2010","format":false,"excerpt":"Le blog La p@sserelle nous propose une int\u00e9ressante s\u00e9quence exploitant en classe de la bande-annonce du film \"L'ennemi intime\". Pour la r\u00e9aliser, le blog s'est notamment appuy\u00e9 sur le dossier p\u00e9dagogique en ligne sur le site \u201cZ\u00e9ro de conduite\u201d. \u201cL\u2019ennemi intime\u201c est une fiction r\u00e9alis\u00e9e en 2007 par Florent Siri\u2026","rel":"","context":"Dans &quot;histoire&quot;","block_context":{"text":"histoire","link":"https:\/\/lyonelkaufmann.ch\/Blog\/category\/histoire-2\/"},"img":{"alt_text":"","src":"https:\/\/i0.wp.com\/lyonelkaufmann.ch\/Blog\/wp-content\/uploads\/2015\/03\/073.jpg?fit=450%2C360&ssl=1&resize=350%2C200","width":350,"height":200},"classes":[]},{"id":5205,"url":"https:\/\/lyonelkaufmann.ch\/Blog\/2012\/03\/23\/comment-enseigner-la-guerre-dalgerie-a-lecole\/","url_meta":{"origin":5199,"position":2},"title":"Comment enseigner la guerre d&rsquo;Alg\u00e9rie \u00e0 l&rsquo;\u00e9cole ?","author":"Lyonel Kaufmann","date":"23 mars 2012","format":false,"excerpt":"Via Scoop.it - histoire Comment enseigner la guerre d'Alg\u00e9rie dans les salles de cours, alors m\u00eame que cette histoire est sujette \u00e0 des d\u00e9bats encore tr\u00e8s vifs. Benoit Falaize, professeur agr\u00e9g\u00e9 d'histoire \u00e0 l'Universit\u00e9 de Cergy-Pontoise, sp\u00e9cialiste de l'enseignement des sujets controvers\u00e9s, s'est longuement pench\u00e9 sur le sujet du traitement\u2026","rel":"","context":"Dans &quot;histoire&quot;","block_context":{"text":"histoire","link":"https:\/\/lyonelkaufmann.ch\/Blog\/category\/histoire-2\/"},"img":{"alt_text":"","src":"https:\/\/i0.wp.com\/lyonelkaufmann.ch\/Blog\/wp-content\/uploads\/2015\/03\/ILU7XQL0GPEgvOCOeJLGsDl72eJkfbmt4t8yenImKBXEejxNn4ZJNZ2ss5Ku7Cxt.jpg?fit=500%2C248&ssl=1&resize=350%2C200","width":350,"height":200},"classes":[]},{"id":6671,"url":"https:\/\/lyonelkaufmann.ch\/Blog\/2012\/12\/30\/le-cinema-francais-et-la-guerre-dalgerie\/","url_meta":{"origin":5199,"position":3},"title":"Le cin\u00e9ma fran\u00e7ais et la guerre d&rsquo;Alg\u00e9rie","author":"Lyonel Kaufmann","date":"30 d\u00e9cembre 2012","format":false,"excerpt":"C'est un int\u00e9ressant article de Jean-Michel Frodon publi\u00e9 sur Slate.fr et consacr\u00e9 au cin\u00e9ma fran\u00e7ais et la Guerre d'Alg\u00e9rie. Int\u00e9ressant \u00e9galement par le travail de comparaison fait entre le cin\u00e9ma fran\u00e7ais\/Guerre d'Alg\u00e9rie et cin\u00e9ma am\u00e9ricain\/Guerre du Vietnam. Ainsi, \u00e0 propos du cin\u00e9ma am\u00e9ricain et la guerre du Vietnam, Jean-Michel Frodon\u2026","rel":"","context":"Dans &quot;histoire&quot;","block_context":{"text":"histoire","link":"https:\/\/lyonelkaufmann.ch\/Blog\/category\/histoire-2\/"},"img":{"alt_text":"","src":"https:\/\/i0.wp.com\/lyonelkaufmann.ch\/Blog\/wp-content\/uploads\/2015\/03\/blogcafe1.jpg?fit=1024%2C683&ssl=1&resize=350%2C200","width":350,"height":200,"srcset":"https:\/\/i0.wp.com\/lyonelkaufmann.ch\/Blog\/wp-content\/uploads\/2015\/03\/blogcafe1.jpg?fit=1024%2C683&ssl=1&resize=350%2C200 1x, https:\/\/i0.wp.com\/lyonelkaufmann.ch\/Blog\/wp-content\/uploads\/2015\/03\/blogcafe1.jpg?fit=1024%2C683&ssl=1&resize=525%2C300 1.5x, https:\/\/i0.wp.com\/lyonelkaufmann.ch\/Blog\/wp-content\/uploads\/2015\/03\/blogcafe1.jpg?fit=1024%2C683&ssl=1&resize=700%2C400 2x"},"classes":[]},{"id":6893,"url":"https:\/\/lyonelkaufmann.ch\/Blog\/2013\/04\/05\/revue-de-presse-la-psserelle-histoire-geographie-histoire-des-arts-la-guerre-dalgerie-au-cinema-la-psserelle-histoire-geographie\/","url_meta":{"origin":5199,"position":4},"title":"Revue de presse : La p@sserelle -Histoire G\u00e9ographie- \u00bb Histoire des arts : la guerre d\u2019Alg\u00e9rie au cin\u00e9ma \u00bb La p@sserelle -Histoire G\u00e9ographie-","author":"Lyonel Kaufmann","date":"5 avril 2013","format":false,"excerpt":"#Histoire des arts : la guerre d\u2019Alg\u00e9rie au cin\u00e9ma: OBJECTIFS Partir de l\u2019exemple alg\u00e9rien\u2026 La p@sserelle -Histoire G\u00e9ographie- \u00bb Histoire des arts : la guerre d\u2019Alg\u00e9rie au cin\u00e9ma \u00bb La p@sserelle -Histoire G\u00e9ographie-","rel":"","context":"Dans &quot;histoire&quot;","block_context":{"text":"histoire","link":"https:\/\/lyonelkaufmann.ch\/Blog\/category\/histoire-2\/"},"img":{"alt_text":"","src":"https:\/\/i0.wp.com\/lyonelkaufmann.ch\/Blog\/wp-content\/uploads\/2015\/03\/blogcafe1.jpg?fit=1024%2C683&ssl=1&resize=350%2C200","width":350,"height":200,"srcset":"https:\/\/i0.wp.com\/lyonelkaufmann.ch\/Blog\/wp-content\/uploads\/2015\/03\/blogcafe1.jpg?fit=1024%2C683&ssl=1&resize=350%2C200 1x, https:\/\/i0.wp.com\/lyonelkaufmann.ch\/Blog\/wp-content\/uploads\/2015\/03\/blogcafe1.jpg?fit=1024%2C683&ssl=1&resize=525%2C300 1.5x, https:\/\/i0.wp.com\/lyonelkaufmann.ch\/Blog\/wp-content\/uploads\/2015\/03\/blogcafe1.jpg?fit=1024%2C683&ssl=1&resize=700%2C400 2x"},"classes":[]},{"id":7332,"url":"https:\/\/lyonelkaufmann.ch\/Blog\/2013\/08\/12\/commemoration-du-bombardement-dhiroshima-une-memoire-sous-controle-national-histoire-memoire-et-societe\/","url_meta":{"origin":5199,"position":5},"title":"Comm\u00e9moration du bombardement d&rsquo;Hiroshima : une m\u00e9moire sous contr\u00f4le national | Histoire, M\u00e9moire et Soci\u00e9t\u00e9","author":"Lyonel Kaufmann","date":"12 ao\u00fbt 2013","format":false,"excerpt":"50 000 : c'est le nombre de japonnais qui se sont rendus \u00e0 la c\u00e9r\u00e9monie comm\u00e9morative du bombardement d'Hiroshima le 6 ao\u00fbt 2013, 68 ans apr\u00e8s la catastrophe.\u00a0Ils \u00e9taient d\u00e9j\u00e0 50 000 en 2012 et plusieurs dizaines de milliers en 2011, quelques mois seulement apr\u00e8s le drame de Fukushima.\u00a0Il s'agit\u2026","rel":"","context":"Dans &quot;histoire&quot;","block_context":{"text":"histoire","link":"https:\/\/lyonelkaufmann.ch\/Blog\/category\/histoire-2\/"},"img":{"alt_text":"","src":"https:\/\/i0.wp.com\/lyonelkaufmann.ch\/Blog\/wp-content\/uploads\/2015\/03\/ob_8e74fbd8cc5b65181c330b74f43d6b43_hiroshima-peace-park.jpeg.jpg?fit=640%2C480&ssl=1&resize=350%2C200","width":350,"height":200,"srcset":"https:\/\/i0.wp.com\/lyonelkaufmann.ch\/Blog\/wp-content\/uploads\/2015\/03\/ob_8e74fbd8cc5b65181c330b74f43d6b43_hiroshima-peace-park.jpeg.jpg?fit=640%2C480&ssl=1&resize=350%2C200 1x, https:\/\/i0.wp.com\/lyonelkaufmann.ch\/Blog\/wp-content\/uploads\/2015\/03\/ob_8e74fbd8cc5b65181c330b74f43d6b43_hiroshima-peace-park.jpeg.jpg?fit=640%2C480&ssl=1&resize=525%2C300 1.5x"},"classes":[]}],"jetpack_likes_enabled":true,"_links":{"self":[{"href":"https:\/\/lyonelkaufmann.ch\/Blog\/wp-json\/wp\/v2\/posts\/5199","targetHints":{"allow":["GET"]}}],"collection":[{"href":"https:\/\/lyonelkaufmann.ch\/Blog\/wp-json\/wp\/v2\/posts"}],"about":[{"href":"https:\/\/lyonelkaufmann.ch\/Blog\/wp-json\/wp\/v2\/types\/post"}],"author":[{"embeddable":true,"href":"https:\/\/lyonelkaufmann.ch\/Blog\/wp-json\/wp\/v2\/users\/1"}],"replies":[{"embeddable":true,"href":"https:\/\/lyonelkaufmann.ch\/Blog\/wp-json\/wp\/v2\/comments?post=5199"}],"version-history":[{"count":0,"href":"https:\/\/lyonelkaufmann.ch\/Blog\/wp-json\/wp\/v2\/posts\/5199\/revisions"}],"wp:featuredmedia":[{"embeddable":true,"href":"https:\/\/lyonelkaufmann.ch\/Blog\/wp-json\/wp\/v2\/media\/14061"}],"wp:attachment":[{"href":"https:\/\/lyonelkaufmann.ch\/Blog\/wp-json\/wp\/v2\/media?parent=5199"}],"wp:term":[{"taxonomy":"category","embeddable":true,"href":"https:\/\/lyonelkaufmann.ch\/Blog\/wp-json\/wp\/v2\/categories?post=5199"},{"taxonomy":"post_tag","embeddable":true,"href":"https:\/\/lyonelkaufmann.ch\/Blog\/wp-json\/wp\/v2\/tags?post=5199"}],"curies":[{"name":"wp","href":"https:\/\/api.w.org\/{rel}","templated":true}]}}