{"id":5205,"date":"2012-03-23T05:58:48","date_gmt":"2012-03-23T05:58:48","guid":{"rendered":"http:\/\/lyonelkaufmann.ch\/histoire\/?p=5205"},"modified":"2012-03-23T05:58:48","modified_gmt":"2012-03-23T05:58:48","slug":"comment-enseigner-la-guerre-dalgerie-a-lecole","status":"publish","type":"post","link":"https:\/\/lyonelkaufmann.ch\/Blog\/2012\/03\/23\/comment-enseigner-la-guerre-dalgerie-a-lecole\/","title":{"rendered":"Comment enseigner la guerre d&rsquo;Alg\u00e9rie \u00e0 l&rsquo;\u00e9cole ?"},"content":{"rendered":"<p>Via <a style=\"font-weight:bold;font-size:18px;\" href=\"http:\/\/www.scoop.it\/t\/histoire\/p\/1339529472\/comment-enseigner-la-guerre-d-algerie-a-l-ecole\">Scoop.it<\/a> &#8211; <a href=\"http:\/\/www.scoop.it\/t\/histoire\">histoire<\/a><br \/>\n<img decoding=\"async\" src=\"http:\/\/img.scoop.it\/ILU7XQL0GPEgvOCOeJLGsDl72eJkfbmt4t8yenImKBXEejxNn4ZJNZ2ss5Ku7Cxt\" alt=\"\" \/><\/p>\n<p>Comment enseigner la guerre d&rsquo;Alg\u00e9rie dans les salles de cours, alors m\u00eame que cette histoire est sujette \u00e0 des d\u00e9bats encore tr\u00e8s vifs. Benoit Falaize, professeur agr\u00e9g\u00e9 d&rsquo;histoire \u00e0 l&rsquo;Universit\u00e9 de Cergy-Pontoise, sp\u00e9cialiste de l&rsquo;enseignement des sujets controvers\u00e9s, s&rsquo;est longuement pench\u00e9 sur le sujet du traitement de cet \u00e9v\u00e9nement dans les manuels scolaires d&rsquo;histoire fran\u00e7ais. Interview.<br \/>\n<a href=\"http:\/\/tempsreel.nouvelobs.com\/les-50-ans-de-la-fin-de-la-guerre-d-algerie\/20120229.OBS2554\/comment-enseigner-la-guerre-d-algerie-a-l-ecole.html\">Via tempsreel.nouvelobs.com<\/a><\/p>\n","protected":false},"excerpt":{"rendered":"<p>Via Scoop.it &#8211; histoire Comment enseigner la guerre d&rsquo;Alg\u00e9rie dans les salles de cours, alors m\u00eame que cette histoire est sujette \u00e0 des d\u00e9bats encore tr\u00e8s vifs. Benoit Falaize, professeur agr\u00e9g\u00e9 d&rsquo;histoire \u00e0 l&rsquo;Universit\u00e9 de Cergy-Pontoise, sp\u00e9cialiste de l&rsquo;enseignement des sujets controvers\u00e9s, s&rsquo;est longuement pench\u00e9 sur le sujet du traitement de cet \u00e9v\u00e9nement dans les [&hellip;]<\/p>\n","protected":false},"author":1,"featured_media":14062,"comment_status":"open","ping_status":"open","sticky":false,"template":"","format":"standard","meta":{"_import_markdown_pro_load_document_selector":0,"_import_markdown_pro_submit_text_textarea":"","_genesis_hide_title":false,"_genesis_hide_breadcrumbs":false,"_genesis_hide_singular_image":false,"_genesis_hide_footer_widgets":false,"_genesis_custom_body_class":"","_genesis_custom_post_class":"","_genesis_layout":"","jetpack_post_was_ever_published":false,"_jetpack_newsletter_access":"","_jetpack_dont_email_post_to_subs":false,"_jetpack_newsletter_tier_id":0,"_jetpack_memberships_contains_paywalled_content":false,"_jetpack_memberships_contains_paid_content":false,"activitypub_content_warning":"","activitypub_content_visibility":"","activitypub_max_image_attachments":3,"activitypub_interaction_policy_quote":"anyone","activitypub_status":"","footnotes":"","jetpack_publicize_message":"","jetpack_publicize_feature_enabled":true,"jetpack_social_post_already_shared":true,"jetpack_social_options":{"image_generator_settings":{"template":"fullscreen","default_image_id":0,"font":"","enabled":false},"version":2}},"categories":[2],"tags":[],"class_list":{"0":"post-5205","1":"post","2":"type-post","3":"status-publish","4":"format-standard","5":"has-post-thumbnail","7":"category-histoire-2","8":"entry"},"jetpack_publicize_connections":[],"featured_image_src":"https:\/\/i0.wp.com\/lyonelkaufmann.ch\/Blog\/wp-content\/uploads\/2015\/03\/ILU7XQL0GPEgvOCOeJLGsDl72eJkfbmt4t8yenImKBXEejxNn4ZJNZ2ss5Ku7Cxt.jpg?resize=500%2C248&ssl=1","featured_image_src_square":"https:\/\/i0.wp.com\/lyonelkaufmann.ch\/Blog\/wp-content\/uploads\/2015\/03\/ILU7XQL0GPEgvOCOeJLGsDl72eJkfbmt4t8yenImKBXEejxNn4ZJNZ2ss5Ku7Cxt.jpg?resize=500%2C248&ssl=1","author_info":{"display_name":"Lyonel Kaufmann","author_link":"https:\/\/lyonelkaufmann.ch\/Blog\/author\/lyonelk\/"},"jetpack_featured_media_url":"https:\/\/i0.wp.com\/lyonelkaufmann.ch\/Blog\/wp-content\/uploads\/2015\/03\/ILU7XQL0GPEgvOCOeJLGsDl72eJkfbmt4t8yenImKBXEejxNn4ZJNZ2ss5Ku7Cxt.jpg?fit=500%2C248&ssl=1","jetpack_sharing_enabled":true,"jetpack_shortlink":"https:\/\/wp.me\/p1qtF4-1lX","jetpack-related-posts":[{"id":7781,"url":"https:\/\/lyonelkaufmann.ch\/Blog\/2007\/01\/16\/enseigner-les-questions-sensibles-du-xxe-siecle-janv-2006\/","url_meta":{"origin":5205,"position":0},"title":"Enseigner les questions sensibles du XXe si\u00e8cle (janv. 2006)","author":"Lyonel Kaufmann","date":"16 janvier 2007","format":false,"excerpt":"Contexte :Un s\u00e9minaire sur l'enseignement des \u00ab\u00a0questions sensibles\u00a0\u00bb s'est tenu \u00e0 Paris les 14 et 15 d\u00e9cembre 2005, organis\u00e9 conjointement par le Minist\u00e8re des Affaires Etrang\u00e8res et le Minist\u00e8re de l'Education Nationale. Ce s\u00e9minaire a d\u00e9limit\u00e9, pour la France, les questions \u00ab\u00a0sensibles\u00a0\u00bb aujourd'hui relativement \u00e0 l'enseignement de l'histoire: - la\u2026","rel":"","context":"Dans &quot;histoire&quot;","block_context":{"text":"histoire","link":"https:\/\/lyonelkaufmann.ch\/Blog\/category\/histoire-2\/"},"img":{"alt_text":"","src":"https:\/\/i0.wp.com\/lyonelkaufmann.ch\/Blog\/wp-content\/uploads\/2015\/03\/blogcafe1.jpg?fit=1024%2C683&ssl=1&resize=350%2C200","width":350,"height":200,"srcset":"https:\/\/i0.wp.com\/lyonelkaufmann.ch\/Blog\/wp-content\/uploads\/2015\/03\/blogcafe1.jpg?fit=1024%2C683&ssl=1&resize=350%2C200 1x, https:\/\/i0.wp.com\/lyonelkaufmann.ch\/Blog\/wp-content\/uploads\/2015\/03\/blogcafe1.jpg?fit=1024%2C683&ssl=1&resize=525%2C300 1.5x, https:\/\/i0.wp.com\/lyonelkaufmann.ch\/Blog\/wp-content\/uploads\/2015\/03\/blogcafe1.jpg?fit=1024%2C683&ssl=1&resize=700%2C400 2x"},"classes":[]},{"id":7827,"url":"https:\/\/lyonelkaufmann.ch\/Blog\/2007\/07\/30\/grande-depression-et-new-deal-1-comment-ce-sujet-est-il-traite-par-lhistoire-scolaire\/","url_meta":{"origin":5205,"position":1},"title":"Grande D\u00e9pression et New Deal : 1. Comment ce sujet est-il trait\u00e9 par l\u2019histoire scolaire?","author":"Lyonel Kaufmann","date":"30 juillet 2007","format":false,"excerpt":"La p\u00e9riode estivale est propice \u00e0 la pr\u00e9paration de la rentr\u00e9e scolaire\u2026 y compris pour les formateurs en didactique\u2026 Personnellement, j\u2019en profite pour compl\u00e9ter mon support de cours \u00abHistoire savante : Antiquit\u00e9 --> 20e si\u00e8cle.\u00bb, mis \u00e0 la disposition de mes \u00e9tudiant-e-s et de toute personne int\u00e9ress\u00e9e. Dans la mesure\u2026","rel":"","context":"Dans &quot;histoire&quot;","block_context":{"text":"histoire","link":"https:\/\/lyonelkaufmann.ch\/Blog\/category\/histoire-2\/"},"img":{"alt_text":"PastedGraphic1.pict","src":"http:\/\/homepage.mac.com\/lyonel.kaufmann\/PastedGraphic1.pict","width":350,"height":200},"classes":[]},{"id":7702,"url":"https:\/\/lyonelkaufmann.ch\/Blog\/2006\/05\/02\/m157-travailler-lactualite-avec-les-eleves\/","url_meta":{"origin":5205,"position":2},"title":"Travailler l&rsquo;actualit\u00e9 avec les \u00e9l\u00e8ves","author":"Lyonel Kaufmann","date":"2 mai 2006","format":false,"excerpt":"Choisir une de ces entr\u00e9es et r\u00e9pondre aux questions au travers des commentaires ouverts de ce billet. 1) Enseigner les questions sensibles Voir le billet \"Enseigner les questions sensibles du XXe si\u00e8cle\" Il s'agit d'exemples relatifs \u00e0 l'enseignement en France. Quelles sont les questions sensibles en rapport avec l'enseignement de\u2026","rel":"","context":"Dans &quot;histoire&quot;","block_context":{"text":"histoire","link":"https:\/\/lyonelkaufmann.ch\/Blog\/category\/histoire-2\/"},"img":{"alt_text":"","src":"https:\/\/i0.wp.com\/lyonelkaufmann.ch\/Blog\/wp-content\/uploads\/2015\/03\/blogcafe1.jpg?fit=1024%2C683&ssl=1&resize=350%2C200","width":350,"height":200,"srcset":"https:\/\/i0.wp.com\/lyonelkaufmann.ch\/Blog\/wp-content\/uploads\/2015\/03\/blogcafe1.jpg?fit=1024%2C683&ssl=1&resize=350%2C200 1x, https:\/\/i0.wp.com\/lyonelkaufmann.ch\/Blog\/wp-content\/uploads\/2015\/03\/blogcafe1.jpg?fit=1024%2C683&ssl=1&resize=525%2C300 1.5x, https:\/\/i0.wp.com\/lyonelkaufmann.ch\/Blog\/wp-content\/uploads\/2015\/03\/blogcafe1.jpg?fit=1024%2C683&ssl=1&resize=700%2C400 2x"},"classes":[]},{"id":6836,"url":"https:\/\/lyonelkaufmann.ch\/Blog\/2013\/03\/07\/enseigner-une-histoire-orientee-le-devoir\/","url_meta":{"origin":5205,"position":3},"title":"Enseigner une histoire \u00aborient\u00e9e\u00bb? | Le Devoir","author":"Lyonel Kaufmann","date":"7 mars 2013","format":false,"excerpt":"L'enseignement de l'histoire reste une question sociale vive au Qu\u00e9bec. La guerre id\u00e9ologique autour de la cr\u00e9ation d\u2019un comit\u00e9 minist\u00e9riel pour revoir les programmes d\u2019histoire au secondaire s\u2019envenime. Plusieurs enseignants, historiens et autres sp\u00e9cialistes de la mati\u00e8re jugent \u00ab dangereuse \u00bb la complicit\u00e9 entre le Parti qu\u00e9b\u00e9cois et la Coalition\u2026","rel":"","context":"Dans &quot;histoire&quot;","block_context":{"text":"histoire","link":"https:\/\/lyonelkaufmann.ch\/Blog\/category\/histoire-2\/"},"img":{"alt_text":"","src":"https:\/\/i0.wp.com\/lyonelkaufmann.ch\/Blog\/wp-content\/uploads\/2015\/03\/blogcafe1.jpg?fit=1024%2C683&ssl=1&resize=350%2C200","width":350,"height":200,"srcset":"https:\/\/i0.wp.com\/lyonelkaufmann.ch\/Blog\/wp-content\/uploads\/2015\/03\/blogcafe1.jpg?fit=1024%2C683&ssl=1&resize=350%2C200 1x, https:\/\/i0.wp.com\/lyonelkaufmann.ch\/Blog\/wp-content\/uploads\/2015\/03\/blogcafe1.jpg?fit=1024%2C683&ssl=1&resize=525%2C300 1.5x, https:\/\/i0.wp.com\/lyonelkaufmann.ch\/Blog\/wp-content\/uploads\/2015\/03\/blogcafe1.jpg?fit=1024%2C683&ssl=1&resize=700%2C400 2x"},"classes":[]},{"id":6825,"url":"https:\/\/lyonelkaufmann.ch\/Blog\/2013\/02\/22\/enseigner-la-litteratie-historique\/","url_meta":{"origin":5205,"position":4},"title":"Enseigner la litt\u00e9ratie historique ?","author":"Lyonel Kaufmann","date":"22 f\u00e9vrier 2013","format":false,"excerpt":"St\u00e9phane L\u00e9vesque s'interroge et nous interroge concernant l'imp\u00e9ratif pour les \u00e9l\u00e8ves de savoir lire et comprendre l'information transmise par les m\u00e9dias sociaux sous forme de contenus num\u00e9riques textuelles et multim\u00e9dias. On peut associer ce travail \u00e0 d'autres \u00e9l\u00e9ments de l'histoire et de son enseignement \u00e0 l'\u00e8re digitale. Commun\u00e9ment appel\u00e9e \u00ablitt\u00e9racie\u00bb,\u2026","rel":"","context":"Dans &quot;histoire&quot;","block_context":{"text":"histoire","link":"https:\/\/lyonelkaufmann.ch\/Blog\/category\/histoire-2\/"},"img":{"alt_text":"","src":"https:\/\/i0.wp.com\/lyonelkaufmann.ch\/Blog\/wp-content\/uploads\/2015\/03\/blogcafe1.jpg?fit=1024%2C683&ssl=1&resize=350%2C200","width":350,"height":200,"srcset":"https:\/\/i0.wp.com\/lyonelkaufmann.ch\/Blog\/wp-content\/uploads\/2015\/03\/blogcafe1.jpg?fit=1024%2C683&ssl=1&resize=350%2C200 1x, https:\/\/i0.wp.com\/lyonelkaufmann.ch\/Blog\/wp-content\/uploads\/2015\/03\/blogcafe1.jpg?fit=1024%2C683&ssl=1&resize=525%2C300 1.5x, https:\/\/i0.wp.com\/lyonelkaufmann.ch\/Blog\/wp-content\/uploads\/2015\/03\/blogcafe1.jpg?fit=1024%2C683&ssl=1&resize=700%2C400 2x"},"classes":[]},{"id":5199,"url":"https:\/\/lyonelkaufmann.ch\/Blog\/2012\/03\/19\/algerie-france-memoires-sous-tension\/","url_meta":{"origin":5205,"position":5},"title":"Alg\u00e9rie-France, m\u00e9moires sous tension","author":"Lyonel Kaufmann","date":"19 mars 2012","format":false,"excerpt":"Via Scoop.it - histoireHistoire commune entre les deux pays, la guerre d'Alg\u00e9rie n'est pas encore une histoire partag\u00e9e. La r\u00e9conciliation est difficile tant le cloisonnement des m\u00e9moires est fort. Un texte de Benjamin StoraVia www.lemonde.fr","rel":"","context":"Dans &quot;histoire&quot;","block_context":{"text":"histoire","link":"https:\/\/lyonelkaufmann.ch\/Blog\/category\/histoire-2\/"},"img":{"alt_text":"","src":"https:\/\/i0.wp.com\/lyonelkaufmann.ch\/Blog\/wp-content\/uploads\/2015\/03\/1yMiwfVKQ3PO8-el0LTwGTl72eJkfbmt4t8yenImKBXEejxNn4ZJNZ2ss5Ku7Cxt.jpg?fit=459%2C230&ssl=1&resize=350%2C200","width":350,"height":200},"classes":[]}],"jetpack_likes_enabled":true,"_links":{"self":[{"href":"https:\/\/lyonelkaufmann.ch\/Blog\/wp-json\/wp\/v2\/posts\/5205","targetHints":{"allow":["GET"]}}],"collection":[{"href":"https:\/\/lyonelkaufmann.ch\/Blog\/wp-json\/wp\/v2\/posts"}],"about":[{"href":"https:\/\/lyonelkaufmann.ch\/Blog\/wp-json\/wp\/v2\/types\/post"}],"author":[{"embeddable":true,"href":"https:\/\/lyonelkaufmann.ch\/Blog\/wp-json\/wp\/v2\/users\/1"}],"replies":[{"embeddable":true,"href":"https:\/\/lyonelkaufmann.ch\/Blog\/wp-json\/wp\/v2\/comments?post=5205"}],"version-history":[{"count":0,"href":"https:\/\/lyonelkaufmann.ch\/Blog\/wp-json\/wp\/v2\/posts\/5205\/revisions"}],"wp:featuredmedia":[{"embeddable":true,"href":"https:\/\/lyonelkaufmann.ch\/Blog\/wp-json\/wp\/v2\/media\/14062"}],"wp:attachment":[{"href":"https:\/\/lyonelkaufmann.ch\/Blog\/wp-json\/wp\/v2\/media?parent=5205"}],"wp:term":[{"taxonomy":"category","embeddable":true,"href":"https:\/\/lyonelkaufmann.ch\/Blog\/wp-json\/wp\/v2\/categories?post=5205"},{"taxonomy":"post_tag","embeddable":true,"href":"https:\/\/lyonelkaufmann.ch\/Blog\/wp-json\/wp\/v2\/tags?post=5205"}],"curies":[{"name":"wp","href":"https:\/\/api.w.org\/{rel}","templated":true}]}}