{"id":5215,"date":"2012-03-24T22:31:15","date_gmt":"2012-03-24T22:31:15","guid":{"rendered":"http:\/\/lyonelkaufmann.ch\/histoire\/?p=5215"},"modified":"2012-03-24T22:31:15","modified_gmt":"2012-03-24T22:31:15","slug":"larcheologie-sur-twitter-1-museologique","status":"publish","type":"post","link":"https:\/\/lyonelkaufmann.ch\/Blog\/2012\/03\/24\/larcheologie-sur-twitter-1-museologique\/","title":{"rendered":"L\u2019arch\u00e9ologie sur Twitter (1) | Mus\u00e9ologique"},"content":{"rendered":"<p>Via <a style='font-weight:bold;font-size:18px;' href='http:\/\/www.scoop.it\/t\/histoire\/p\/1483808298\/l-archeologie-sur-twitter-1-museologique'>Scoop.it<\/a> &#8211; <a href='http:\/\/www.scoop.it\/t\/histoire'>histoire<\/a><br \/><img src='http:\/\/img.scoop.it\/v4WEIW9BvRV04Xk6jhWO8zl72eJkfbmt4t8yenImKBXEejxNn4ZJNZ2ss5Ku7Cxt' \/><\/p>\n<p>Qu&rsquo;ils soient institutionnels ou individuels, de nombreux comptes sur Twitter permettent de suivre l&rsquo;actualit&eacute; de l&rsquo;arch&eacute;ologie : le m&eacute;tier, la recherche, les expositions, les publications&hellip;<\/p>\n<p>Ce billet pr&eacute;sente une s&eacute;lection de comptes int&eacute;ressants &agrave; suivre dans le domaine de l&rsquo;arch&eacute;ologie.&nbsp;<\/p>\n<p>D&rsquo;autres billets sur le m&ecirc;me sujet sont annonc&eacute;s par l&rsquo;auteur.<\/p>\n<p><a href='http:\/\/www.museologique.fr\/2012\/03\/larcheologie-sur-twitter-1.html'>Via www.museologique.fr<\/a><\/p>\n","protected":false},"excerpt":{"rendered":"<p>Via Scoop.it &#8211; histoire Qu&rsquo;ils soient institutionnels ou individuels, de nombreux comptes sur Twitter permettent de suivre l&rsquo;actualit&eacute; de l&rsquo;arch&eacute;ologie : le m&eacute;tier, la recherche, les expositions, les publications&hellip; Ce billet pr&eacute;sente une s&eacute;lection de comptes int&eacute;ressants &agrave; suivre dans le domaine de l&rsquo;arch&eacute;ologie.&nbsp; D&rsquo;autres billets sur le m&ecirc;me sujet sont annonc&eacute;s par l&rsquo;auteur. Via [&hellip;]<\/p>\n","protected":false},"author":1,"featured_media":14063,"comment_status":"open","ping_status":"open","sticky":false,"template":"","format":"standard","meta":{"_import_markdown_pro_load_document_selector":0,"_import_markdown_pro_submit_text_textarea":"","_genesis_hide_title":false,"_genesis_hide_breadcrumbs":false,"_genesis_hide_singular_image":false,"_genesis_hide_footer_widgets":false,"_genesis_custom_body_class":"","_genesis_custom_post_class":"","_genesis_layout":"","jetpack_post_was_ever_published":false,"_jetpack_newsletter_access":"","_jetpack_dont_email_post_to_subs":false,"_jetpack_newsletter_tier_id":0,"_jetpack_memberships_contains_paywalled_content":false,"_jetpack_memberships_contains_paid_content":false,"activitypub_content_warning":"","activitypub_content_visibility":"","activitypub_max_image_attachments":3,"activitypub_interaction_policy_quote":"anyone","activitypub_status":"","footnotes":"","jetpack_publicize_message":"","jetpack_publicize_feature_enabled":true,"jetpack_social_post_already_shared":true,"jetpack_social_options":{"image_generator_settings":{"template":"fullscreen","default_image_id":0,"font":"","enabled":false},"version":2}},"categories":[2],"tags":[],"class_list":{"0":"post-5215","1":"post","2":"type-post","3":"status-publish","4":"format-standard","5":"has-post-thumbnail","7":"category-histoire-2","8":"entry"},"jetpack_publicize_connections":[],"featured_image_src":"https:\/\/i0.wp.com\/lyonelkaufmann.ch\/Blog\/wp-content\/uploads\/2015\/03\/v4WEIW9BvRV04Xk6jhWO8zl72eJkfbmt4t8yenImKBXEejxNn4ZJNZ2ss5Ku7Cxt.jpg?resize=255%2C255&ssl=1","featured_image_src_square":"https:\/\/i0.wp.com\/lyonelkaufmann.ch\/Blog\/wp-content\/uploads\/2015\/03\/v4WEIW9BvRV04Xk6jhWO8zl72eJkfbmt4t8yenImKBXEejxNn4ZJNZ2ss5Ku7Cxt.jpg?resize=255%2C255&ssl=1","author_info":{"display_name":"Lyonel Kaufmann","author_link":"https:\/\/lyonelkaufmann.ch\/Blog\/author\/lyonelk\/"},"jetpack_featured_media_url":"https:\/\/i0.wp.com\/lyonelkaufmann.ch\/Blog\/wp-content\/uploads\/2015\/03\/v4WEIW9BvRV04Xk6jhWO8zl72eJkfbmt4t8yenImKBXEejxNn4ZJNZ2ss5Ku7Cxt.jpg?fit=255%2C255&ssl=1","jetpack_sharing_enabled":true,"jetpack_shortlink":"https:\/\/wp.me\/p1qtF4-1m7","jetpack-related-posts":[{"id":7378,"url":"https:\/\/lyonelkaufmann.ch\/Blog\/2013\/08\/26\/revue-de-presse-decouverte-du-plus-ancien-globe-montrant-le-nouveau-monde-les-decouvertes-archeologiques\/","url_meta":{"origin":5215,"position":0},"title":"Revue de presse : D\u00e9couverte du plus ancien globe montrant le Nouveau Monde | Les d\u00e9couvertes arch\u00e9ologiques","author":"Lyonel Kaufmann","date":"26 ao\u00fbt 2013","format":false,"excerpt":"Dat\u00e9 du d\u00e9but des ann\u00e9es 1500, le globe a probablement \u00e9t\u00e9 fabriqu\u00e9 \u00e0 Florence, en Italie, avec les moiti\u00e9s inf\u00e9rieures de deux \u0153ufs d'autruche. Le Nouveau Monde sur le globe en oeuf d'autruche porte trois noms: \"TERRA DE BRAZIL,\" \"MVNDVS NOVVS, and \"TERRA SANCTAE CRVCIS.\" D\u00e9couverte du plus ancien globe\u2026","rel":"","context":"Dans &quot;histoire&quot;","block_context":{"text":"histoire","link":"https:\/\/lyonelkaufmann.ch\/Blog\/category\/histoire-2\/"},"img":{"alt_text":"","src":"https:\/\/i0.wp.com\/lyonelkaufmann.ch\/Blog\/wp-content\/uploads\/2015\/03\/20130826-191050.jpg?fit=575%2C563&ssl=1&resize=350%2C200","width":350,"height":200,"srcset":"https:\/\/i0.wp.com\/lyonelkaufmann.ch\/Blog\/wp-content\/uploads\/2015\/03\/20130826-191050.jpg?fit=575%2C563&ssl=1&resize=350%2C200 1x, https:\/\/i0.wp.com\/lyonelkaufmann.ch\/Blog\/wp-content\/uploads\/2015\/03\/20130826-191050.jpg?fit=575%2C563&ssl=1&resize=525%2C300 1.5x"},"classes":[]},{"id":4879,"url":"https:\/\/lyonelkaufmann.ch\/Blog\/2012\/01\/14\/google-earth-et-larcheologie\/","url_meta":{"origin":5215,"position":1},"title":"Google Earth et l&rsquo;arch\u00e9ologie","author":"Lyonel Kaufmann","date":"14 janvier 2012","format":false,"excerpt":"Certains arch\u00e9ologues voient, dans Google Earth une nouvelle mani\u00e8re de faire avancer leurs recherches. L'article\u00a0Le pass\u00e9 vu du Net | Ecrans\u00a0revient sur le sujet et nous permet de faire le point de la situation en la mati\u00e8re en lien avec l'enseignement de notre discipline. Il y a pr\u00e8s d\u2019un an,\u2026","rel":"","context":"Dans &quot;histoire&quot;","block_context":{"text":"histoire","link":"https:\/\/lyonelkaufmann.ch\/Blog\/category\/histoire-2\/"},"img":{"alt_text":"","src":"https:\/\/i0.wp.com\/lyonelkaufmann.ch\/Blog\/wp-content\/uploads\/2015\/03\/forteresse-fc040.jpg?fit=450%2C328&ssl=1&resize=350%2C200","width":350,"height":200},"classes":[]},{"id":794,"url":"https:\/\/lyonelkaufmann.ch\/Blog\/2008\/12\/24\/le-mythe-lacustre-a-encore-de-beaux-jours-devant-lui\/","url_meta":{"origin":5215,"position":2},"title":"Le mythe lacustre a encore de beaux jours devant lui","author":"Lyonel Kaufmann","date":"24 d\u00e9cembre 2008","format":false,"excerpt":"A Neuch\u00e2tel, le Mus\u00e9e cantonal d\u2019arch\u00e9ologie pr\u00e9sente une exposition temporaire consacr\u00e9e \u00e0...","rel":"","context":"Dans &quot;histoire&quot;","block_context":{"text":"histoire","link":"https:\/\/lyonelkaufmann.ch\/Blog\/category\/histoire-2\/"},"img":{"alt_text":"Figurants d\u2019un cort\u00e8ge historique \u00e0 Neuch\u00e2tel (1882) - Lat\u00e9nium","src":"https:\/\/i0.wp.com\/motsdimages.ch\/local\/cache-vignettes\/L393xH328\/group393-840d1.jpg?resize=350%2C200","width":350,"height":200},"classes":[]},{"id":24888,"url":"https:\/\/lyonelkaufmann.ch\/Blog\/2024\/01\/15\/20-ans-apres-lyonel-kaufmann-blogue-toujours\/","url_meta":{"origin":5215,"position":3},"title":"20 ans apr\u00e8s Lyonel Kaufmann blogue toujours","author":"Lyonel Kaufmann","date":"15 janvier 2024","format":false,"excerpt":"En replongeant dans les entrailles de mes deux blogs principaux (https:\/\/lyonelkaufmann.ch\/Blog et https:\/\/lyonelkaufmann.ch\/histoire), le 15 janvier 2024 marquera officiellement mes vingt ans de blogging. Pour f\u00eater cette ann\u00e9e anniversaire, je compte exhumer de ces vingt ans de blogs quelques articles et billets pour moi significatifs. Ces articles seront r\u00e9unis sur\u2026","rel":"","context":"Dans &quot;Blogcaf\u00e9&quot;","block_context":{"text":"Blogcaf\u00e9","link":"https:\/\/lyonelkaufmann.ch\/Blog\/category\/blogcafe-2\/"},"img":{"alt_text":"","src":"","width":0,"height":0},"classes":[]},{"id":7360,"url":"https:\/\/lyonelkaufmann.ch\/Blog\/2013\/08\/24\/en-ludovia-2013-imaginaire-et-promesses-du-numerique\/","url_meta":{"origin":5215,"position":4},"title":"En #Ludovia2013 : \u00a0\u00bb Imaginaire et promesses du num\u00e9rique\u00a0\u00bb","author":"Lyonel Kaufmann","date":"24 ao\u00fbt 2013","format":false,"excerpt":"En 2010, j\u2019ai eu la chance de participer \u00e0 Ludovia, l\u2019Universit\u00e9 d\u2019\u00e9t\u00e9 organis\u00e9e par le Conseil g\u00e9n\u00e9ral de l\u2019Arri\u00e8ge \u00e0 Ax-les-Therme et consacr\u00e9e aux technologies dans l\u2019enseignement. En 2011 et 2012, mes nouvelles fonctions m\u2019ont amen\u00e9 \u00e0 renoncer \u00e0 ce d\u00e9placement. En 2013 pour la 10e \u00e9dition, j'y retourne \u00e0\u2026","rel":"","context":"Dans &quot;histoire&quot;","block_context":{"text":"histoire","link":"https:\/\/lyonelkaufmann.ch\/Blog\/category\/histoire-2\/"},"img":{"alt_text":"ludovia2013","src":"https:\/\/i0.wp.com\/lyonelkaufmann.ch\/histoire\/wp-content\/uploads\/2013\/08\/ludovia2013.png?resize=350%2C200","width":350,"height":200,"srcset":"https:\/\/i0.wp.com\/lyonelkaufmann.ch\/histoire\/wp-content\/uploads\/2013\/08\/ludovia2013.png?resize=350%2C200 1x, https:\/\/i0.wp.com\/lyonelkaufmann.ch\/histoire\/wp-content\/uploads\/2013\/08\/ludovia2013.png?resize=525%2C300 1.5x"},"classes":[]},{"id":6801,"url":"https:\/\/lyonelkaufmann.ch\/Blog\/2013\/02\/14\/larcheologie-de-la-grande-guerre-mission-centenaire-14-18\/","url_meta":{"origin":5215,"position":5},"title":"L&rsquo;arch\u00e9ologie de la Grande Guerre | Mission Centenaire 14-18","author":"Lyonel Kaufmann","date":"14 f\u00e9vrier 2013","format":false,"excerpt":"2014 approche \u00e0 grands pas et nous n'\u00e9chapperons pas aux diverses entreprises de comm\u00e9moration du d\u00e9clenchement du Premier conflit mondial. Dans ce cadre-l\u00e0, l'Internet jouera certainement un r\u00f4le important. Il en est ainsi du site\u00a0La Mission du centenaire de la Premi\u00e8re Guerre mondiale. Ce site comprend d\u00e9j\u00e0 deux int\u00e9ressantes s\u00e9quences\u2026","rel":"","context":"Dans &quot;histoire&quot;","block_context":{"text":"histoire","link":"https:\/\/lyonelkaufmann.ch\/Blog\/category\/histoire-2\/"},"img":{"alt_text":"","src":"https:\/\/i0.wp.com\/lyonelkaufmann.ch\/Blog\/wp-content\/uploads\/2015\/03\/slider_archeo_pedago2.jpg?fit=680%2C353&ssl=1&resize=350%2C200","width":350,"height":200,"srcset":"https:\/\/i0.wp.com\/lyonelkaufmann.ch\/Blog\/wp-content\/uploads\/2015\/03\/slider_archeo_pedago2.jpg?fit=680%2C353&ssl=1&resize=350%2C200 1x, https:\/\/i0.wp.com\/lyonelkaufmann.ch\/Blog\/wp-content\/uploads\/2015\/03\/slider_archeo_pedago2.jpg?fit=680%2C353&ssl=1&resize=525%2C300 1.5x"},"classes":[]}],"jetpack_likes_enabled":true,"_links":{"self":[{"href":"https:\/\/lyonelkaufmann.ch\/Blog\/wp-json\/wp\/v2\/posts\/5215","targetHints":{"allow":["GET"]}}],"collection":[{"href":"https:\/\/lyonelkaufmann.ch\/Blog\/wp-json\/wp\/v2\/posts"}],"about":[{"href":"https:\/\/lyonelkaufmann.ch\/Blog\/wp-json\/wp\/v2\/types\/post"}],"author":[{"embeddable":true,"href":"https:\/\/lyonelkaufmann.ch\/Blog\/wp-json\/wp\/v2\/users\/1"}],"replies":[{"embeddable":true,"href":"https:\/\/lyonelkaufmann.ch\/Blog\/wp-json\/wp\/v2\/comments?post=5215"}],"version-history":[{"count":0,"href":"https:\/\/lyonelkaufmann.ch\/Blog\/wp-json\/wp\/v2\/posts\/5215\/revisions"}],"wp:featuredmedia":[{"embeddable":true,"href":"https:\/\/lyonelkaufmann.ch\/Blog\/wp-json\/wp\/v2\/media\/14063"}],"wp:attachment":[{"href":"https:\/\/lyonelkaufmann.ch\/Blog\/wp-json\/wp\/v2\/media?parent=5215"}],"wp:term":[{"taxonomy":"category","embeddable":true,"href":"https:\/\/lyonelkaufmann.ch\/Blog\/wp-json\/wp\/v2\/categories?post=5215"},{"taxonomy":"post_tag","embeddable":true,"href":"https:\/\/lyonelkaufmann.ch\/Blog\/wp-json\/wp\/v2\/tags?post=5215"}],"curies":[{"name":"wp","href":"https:\/\/api.w.org\/{rel}","templated":true}]}}