{"id":5261,"date":"2012-04-08T10:42:38","date_gmt":"2012-04-08T10:42:38","guid":{"rendered":"http:\/\/lyonelkaufmann.ch\/histoire\/?p=5261"},"modified":"2012-04-08T10:42:38","modified_gmt":"2012-04-08T10:42:38","slug":"easy-timeline-integre-ses-frises-a-ibooks-author","status":"publish","type":"post","link":"https:\/\/lyonelkaufmann.ch\/Blog\/2012\/04\/08\/easy-timeline-integre-ses-frises-a-ibooks-author\/","title":{"rendered":"Easy Timeline int\u00e8gre ses frises \u00e0 iBooks Author"},"content":{"rendered":"<p>Via <a style='font-weight:bold;font-size:18px;' href='http:\/\/www.scoop.it\/t\/histoire\/p\/1562638912\/easy-timeline-integre-ses-frises-a-ibooks-author'>Scoop.it<\/a> &#8211; <a href='http:\/\/www.scoop.it\/t\/histoire'>histoire<\/a><br \/><img src='http:\/\/img.scoop.it\/WqN9DmzaBY4fn_L3Yjk6FDl72eJkfbmt4t8yenImKBXEejxNn4ZJNZ2ss5Ku7Cxt' \/><\/p>\n<p>La derni&egrave;re version d&rsquo;Easy Timeline permet d&eacute;sormais d&rsquo;exporter une frise chronologique sous la forme d&rsquo;un widget HTML &agrave; exploiter ensuite directement dans iBooks Author.<\/p>\n<p>De quoi ajouter tr&egrave;s rapidement et facilement une frise interactive &agrave; un manuel sur l&rsquo;iPad.<\/p>\n<p><a href='http:\/\/www.macgeneration.com\/news\/voir\/240332\/easy-timeline-integre-ses-frises-a-ibooks-author'>Via www.macgeneration.com<\/a><\/p>\n","protected":false},"excerpt":{"rendered":"<p>Via Scoop.it &#8211; histoire La derni&egrave;re version d&rsquo;Easy Timeline permet d&eacute;sormais d&rsquo;exporter une frise chronologique sous la forme d&rsquo;un widget HTML &agrave; exploiter ensuite directement dans iBooks Author. De quoi ajouter tr&egrave;s rapidement et facilement une frise interactive &agrave; un manuel sur l&rsquo;iPad. Via www.macgeneration.com<\/p>\n","protected":false},"author":1,"featured_media":14067,"comment_status":"open","ping_status":"open","sticky":false,"template":"","format":"standard","meta":{"_import_markdown_pro_load_document_selector":0,"_import_markdown_pro_submit_text_textarea":"","_genesis_hide_title":false,"_genesis_hide_breadcrumbs":false,"_genesis_hide_singular_image":false,"_genesis_hide_footer_widgets":false,"_genesis_custom_body_class":"","_genesis_custom_post_class":"","_genesis_layout":"","jetpack_post_was_ever_published":false,"_jetpack_newsletter_access":"","_jetpack_dont_email_post_to_subs":false,"_jetpack_newsletter_tier_id":0,"_jetpack_memberships_contains_paywalled_content":false,"_jetpack_memberships_contains_paid_content":false,"activitypub_content_warning":"","activitypub_content_visibility":"","activitypub_max_image_attachments":3,"activitypub_interaction_policy_quote":"anyone","activitypub_status":"","footnotes":"","jetpack_publicize_message":"","jetpack_publicize_feature_enabled":true,"jetpack_social_post_already_shared":true,"jetpack_social_options":{"image_generator_settings":{"template":"fullscreen","default_image_id":0,"font":"","enabled":false},"version":2}},"categories":[2],"tags":[],"class_list":{"0":"post-5261","1":"post","2":"type-post","3":"status-publish","4":"format-standard","5":"has-post-thumbnail","7":"category-histoire-2","8":"entry"},"jetpack_publicize_connections":[],"featured_image_src":"https:\/\/i0.wp.com\/lyonelkaufmann.ch\/Blog\/wp-content\/uploads\/2015\/03\/WqN9DmzaBY4fn_L3Yjk6FDl72eJkfbmt4t8yenImKBXEejxNn4ZJNZ2ss5Ku7Cxt.jpg?resize=500%2C312&ssl=1","featured_image_src_square":"https:\/\/i0.wp.com\/lyonelkaufmann.ch\/Blog\/wp-content\/uploads\/2015\/03\/WqN9DmzaBY4fn_L3Yjk6FDl72eJkfbmt4t8yenImKBXEejxNn4ZJNZ2ss5Ku7Cxt.jpg?resize=500%2C312&ssl=1","author_info":{"display_name":"Lyonel Kaufmann","author_link":"https:\/\/lyonelkaufmann.ch\/Blog\/author\/lyonelk\/"},"jetpack_featured_media_url":"https:\/\/i0.wp.com\/lyonelkaufmann.ch\/Blog\/wp-content\/uploads\/2015\/03\/WqN9DmzaBY4fn_L3Yjk6FDl72eJkfbmt4t8yenImKBXEejxNn4ZJNZ2ss5Ku7Cxt.jpg?fit=500%2C312&ssl=1","jetpack_sharing_enabled":true,"jetpack_shortlink":"https:\/\/wp.me\/p1qtF4-1mR","jetpack-related-posts":[{"id":4638,"url":"https:\/\/lyonelkaufmann.ch\/Blog\/2009\/04\/03\/timetoast-concevoir-sa-frise-chronologique-2-0\/","url_meta":{"origin":5261,"position":0},"title":"Timetoast: concevoir sa frise chronologique 2.0","author":"Lyonel Kaufmann","date":"3 avril 2009","format":false,"excerpt":"Pour commenter cette frise: http:\/\/www.timetoast.com\/timelines\/14188","rel":"","context":"Dans &quot;histoire&quot;","block_context":{"text":"histoire","link":"https:\/\/lyonelkaufmann.ch\/Blog\/category\/histoire-2\/"},"img":{"alt_text":"","src":"https:\/\/i0.wp.com\/lyonelkaufmann.ch\/Blog\/wp-content\/uploads\/2015\/03\/blogcafe1.jpg?fit=1024%2C683&ssl=1&resize=350%2C200","width":350,"height":200,"srcset":"https:\/\/i0.wp.com\/lyonelkaufmann.ch\/Blog\/wp-content\/uploads\/2015\/03\/blogcafe1.jpg?fit=1024%2C683&ssl=1&resize=350%2C200 1x, https:\/\/i0.wp.com\/lyonelkaufmann.ch\/Blog\/wp-content\/uploads\/2015\/03\/blogcafe1.jpg?fit=1024%2C683&ssl=1&resize=525%2C300 1.5x, https:\/\/i0.wp.com\/lyonelkaufmann.ch\/Blog\/wp-content\/uploads\/2015\/03\/blogcafe1.jpg?fit=1024%2C683&ssl=1&resize=700%2C400 2x"},"classes":[]},{"id":6688,"url":"https:\/\/lyonelkaufmann.ch\/Blog\/2013\/01\/08\/6-outils-gratuits-en-ligne-pour-creer-une-timeline\/","url_meta":{"origin":5261,"position":1},"title":"6 outils gratuits en ligne pour cr\u00e9er une timeline","author":"Lyonel Kaufmann","date":"8 janvier 2013","format":false,"excerpt":"See on Scoop.it - histoireSi je vous dis \u00ab\u00a0frise chronologique\u00ab\u00a0, vous allez certainement vous rappeler du devoir donn\u00e9 par votre professeur d\u2019histoire en 5e\u00a0qui vous demandait de retracer de mani\u00e8re synth\u00e9tique l\u2019existence de Vercing\u00e9torix\u2026 Si vos crayons de couleur, compas et autre rapporteur ont disparu depuis bien longtemps, il n\u2019en\u2026","rel":"","context":"Dans &quot;histoire&quot;","block_context":{"text":"histoire","link":"https:\/\/lyonelkaufmann.ch\/Blog\/category\/histoire-2\/"},"img":{"alt_text":"","src":"https:\/\/i0.wp.com\/lyonelkaufmann.ch\/Blog\/wp-content\/uploads\/2015\/03\/RvlbG8xj7O81QUzO_1T4ozl72eJkfbmt4t8yenImKBXEejxNn4ZJNZ2ss5Ku7Cxt.jpg?fit=500%2C267&ssl=1&resize=350%2C200","width":350,"height":200},"classes":[]},{"id":8420,"url":"https:\/\/lyonelkaufmann.ch\/Blog\/2014\/10\/05\/lexperience-ibooks\/","url_meta":{"origin":5261,"position":2},"title":"L&rsquo;exp\u00e9rience iBooks","author":"Lyonel Kaufmann","date":"5 octobre 2014","format":false,"excerpt":"Depuis\u00a0Scoop.it - Enseigner avec le num\u00e9rique au 21e si\u00e8cle Le pdf de ce iBooks est librement consultable et t\u00e9l\u00e9chargeable sur mon site Lyonel Kaufmann's insight: \u00abApr\u00e8s plusieurs mois d\u2019h\u00e9sitations, j\u2019ai profit\u00e9 de la pause estivale pour sauter le pas et terminer mon iBook commenc\u00e9 il y a plusieurs mois. Port\u00e9\u2026","rel":"","context":"Dans &quot;histoire&quot;","block_context":{"text":"histoire","link":"https:\/\/lyonelkaufmann.ch\/Blog\/category\/histoire-2\/"},"img":{"alt_text":"","src":"","width":0,"height":0},"classes":[]},{"id":7091,"url":"https:\/\/lyonelkaufmann.ch\/Blog\/2013\/05\/28\/frisechrono-fr-frise-chronologique-historique\/","url_meta":{"origin":5261,"position":3},"title":"frisechrono.fr : frise chronologique historique","author":"Lyonel Kaufmann","date":"28 mai 2013","format":false,"excerpt":"FriseChrono est un site permettant de concevoir des frises chronologiques \u00e0 l'aide de son navigateur internet (Chrome, Firefox ou Explorer). Vous y trouverez aussi des dizaines de frises vierges pr\u00eates \u00e0 l'emploi, par exemple sur la R\u00e9volution et l'Empire, l'histoire antique etc. Une petite vid\u00e9o de pr\u00e9sentation : Il ne\u2026","rel":"","context":"Dans &quot;histoire&quot;","block_context":{"text":"histoire","link":"https:\/\/lyonelkaufmann.ch\/Blog\/category\/histoire-2\/"},"img":{"alt_text":"","src":"https:\/\/i0.wp.com\/lyonelkaufmann.ch\/Blog\/wp-content\/uploads\/2015\/03\/0126.jpg?fit=480%2C360&ssl=1&resize=350%2C200","width":350,"height":200},"classes":[]},{"id":7882,"url":"https:\/\/lyonelkaufmann.ch\/Blog\/2013\/11\/16\/revue-de-presse-frise-chronologique-documentee-mission-centenaire-14-18\/","url_meta":{"origin":5261,"position":4},"title":"Revue de presse : Frise chronologique document\u00e9e | Mission Centenaire 14-18","author":"Lyonel Kaufmann","date":"16 novembre 2013","format":false,"excerpt":"\u00c9labor\u00e9e en partenariat avec le Sc\u00e9r\u00e9n-CNDP, cette frise se compose de onze dates cl\u00e9s de la Premi\u00e8re Guerre mondiale associ\u00e9es chacune \u00e0 un ou plusieurs documents. Chaque \u00e9v\u00e8nement renvoie \u00e0 une proposition d'exploitation p\u00e9dagogique adapt\u00e9e aux \u00e9l\u00e8ves de cycle 3.Frise chronologique document\u00e9e | Mission Centenaire 14-18","rel":"","context":"Dans &quot;histoire&quot;","block_context":{"text":"histoire","link":"https:\/\/lyonelkaufmann.ch\/Blog\/category\/histoire-2\/"},"img":{"alt_text":"","src":"https:\/\/i0.wp.com\/lyonelkaufmann.ch\/Blog\/wp-content\/uploads\/2015\/03\/blogcafe1.jpg?fit=1024%2C683&ssl=1&resize=350%2C200","width":350,"height":200,"srcset":"https:\/\/i0.wp.com\/lyonelkaufmann.ch\/Blog\/wp-content\/uploads\/2015\/03\/blogcafe1.jpg?fit=1024%2C683&ssl=1&resize=350%2C200 1x, https:\/\/i0.wp.com\/lyonelkaufmann.ch\/Blog\/wp-content\/uploads\/2015\/03\/blogcafe1.jpg?fit=1024%2C683&ssl=1&resize=525%2C300 1.5x, https:\/\/i0.wp.com\/lyonelkaufmann.ch\/Blog\/wp-content\/uploads\/2015\/03\/blogcafe1.jpg?fit=1024%2C683&ssl=1&resize=700%2C400 2x"},"classes":[]},{"id":7893,"url":"https:\/\/lyonelkaufmann.ch\/Blog\/2013\/12\/29\/frise-chronologique-documentee-mission-centenaire-14-18\/","url_meta":{"origin":5261,"position":5},"title":"Frise chronologique document\u00e9e | Mission Centenaire 14-18","author":"Lyonel Kaufmann","date":"29 d\u00e9cembre 2013","format":false,"excerpt":"See on Scoop.it - histoireLyonel Kaufmann's insight:Une frise chronologique fort d\u00e9cevante, pour ne pas dire plus. Ce n'est plus une guerre mondiale, mais, mis \u00e0 part l'attentat de Sarajevo, une guerre se d\u00e9roulant uniquement en France.La Mission du Centenaire nous avait habitu\u00e9 \u00e0 mieux.See on centenaire.org","rel":"","context":"Dans &quot;histoire&quot;","block_context":{"text":"histoire","link":"https:\/\/lyonelkaufmann.ch\/Blog\/category\/histoire-2\/"},"img":{"alt_text":"","src":"https:\/\/i0.wp.com\/lyonelkaufmann.ch\/Blog\/wp-content\/uploads\/2015\/03\/DdO9cqzyDGMpLAdCp97GrDl72eJkfbmt4t8yenImKBXEejxNn4ZJNZ2ss5Ku7Cxt.jpg?fit=500%2C380&ssl=1&resize=350%2C200","width":350,"height":200},"classes":[]}],"jetpack_likes_enabled":true,"_links":{"self":[{"href":"https:\/\/lyonelkaufmann.ch\/Blog\/wp-json\/wp\/v2\/posts\/5261","targetHints":{"allow":["GET"]}}],"collection":[{"href":"https:\/\/lyonelkaufmann.ch\/Blog\/wp-json\/wp\/v2\/posts"}],"about":[{"href":"https:\/\/lyonelkaufmann.ch\/Blog\/wp-json\/wp\/v2\/types\/post"}],"author":[{"embeddable":true,"href":"https:\/\/lyonelkaufmann.ch\/Blog\/wp-json\/wp\/v2\/users\/1"}],"replies":[{"embeddable":true,"href":"https:\/\/lyonelkaufmann.ch\/Blog\/wp-json\/wp\/v2\/comments?post=5261"}],"version-history":[{"count":0,"href":"https:\/\/lyonelkaufmann.ch\/Blog\/wp-json\/wp\/v2\/posts\/5261\/revisions"}],"wp:featuredmedia":[{"embeddable":true,"href":"https:\/\/lyonelkaufmann.ch\/Blog\/wp-json\/wp\/v2\/media\/14067"}],"wp:attachment":[{"href":"https:\/\/lyonelkaufmann.ch\/Blog\/wp-json\/wp\/v2\/media?parent=5261"}],"wp:term":[{"taxonomy":"category","embeddable":true,"href":"https:\/\/lyonelkaufmann.ch\/Blog\/wp-json\/wp\/v2\/categories?post=5261"},{"taxonomy":"post_tag","embeddable":true,"href":"https:\/\/lyonelkaufmann.ch\/Blog\/wp-json\/wp\/v2\/tags?post=5261"}],"curies":[{"name":"wp","href":"https:\/\/api.w.org\/{rel}","templated":true}]}}