{"id":5266,"date":"2012-04-10T08:19:22","date_gmt":"2012-04-10T08:19:22","guid":{"rendered":"http:\/\/lyonelkaufmann.ch\/histoire\/?p=5266"},"modified":"2012-04-10T08:19:22","modified_gmt":"2012-04-10T08:19:22","slug":"la-radio-et-la-television-en-suisse-histoire-de-la-societe-suisse-de-radiodiffusion-et-television-ssr-de-1983-a-2011-infoclio-ch","status":"publish","type":"post","link":"https:\/\/lyonelkaufmann.ch\/Blog\/2012\/04\/10\/la-radio-et-la-television-en-suisse-histoire-de-la-societe-suisse-de-radiodiffusion-et-television-ssr-de-1983-a-2011-infoclio-ch\/","title":{"rendered":"La radio et la t\u00e9l\u00e9vision en Suisse. Histoire de la Soci\u00e9t\u00e9 suisse de radiodiffusion et t\u00e9l\u00e9vision SSR de 1983 \u00e0 2011 | infoclio.ch"},"content":{"rendered":"<p>Via <a style='font-weight:bold;font-size:18px;' href='http:\/\/www.scoop.it\/t\/histoire\/p\/1573537291\/la-radio-et-la-television-en-suisse-histoire-de-la-societe-suisse-de-radiodiffusion-et-television-ssr-de-1983-a-2011-infoclio-ch'>Scoop.it<\/a> &#8211; <a href='http:\/\/www.scoop.it\/t\/histoire'>histoire<\/a><br \/><img src='http:\/\/img.scoop.it\/Ru6X4pDI4Pce3MCtWqiVjzl72eJkfbmt4t8yenImKBXEejxNn4ZJNZ2ss5Ku7Cxt' \/><\/p>\n<p>Les &eacute;ditions hier + jetzt annoncent la publication du troisi&egrave;me volume de l&rsquo;Histoire de la Soci&eacute;t&eacute; suisse de radiodiffusion, consacr&eacute; &agrave; la p&eacute;riode 1983 &agrave; 2011.<\/p>\n<p>Le troisi&egrave;me volume existe &eacute;galement sous forme d&rsquo;une application Apple consultable sur iPhone et iPad, qui propose un acc&egrave;s interactif aux 30 derni&egrave;res ann&eacute;es de l&rsquo;histoire de la SSR via un floril&egrave;ge d&rsquo;&eacute;missions radio et t&eacute;l&eacute;vision ainsi que diff&eacute;rents documents d&rsquo;archives num&eacute;ris&eacute;s.<\/p>\n<p><a href='http:\/\/www.infoclio.ch\/en\/node\/26252'>Via www.infoclio.ch<\/a><\/p>\n","protected":false},"excerpt":{"rendered":"<p>Via Scoop.it &#8211; histoire Les &eacute;ditions hier + jetzt annoncent la publication du troisi&egrave;me volume de l&rsquo;Histoire de la Soci&eacute;t&eacute; suisse de radiodiffusion, consacr&eacute; &agrave; la p&eacute;riode 1983 &agrave; 2011. Le troisi&egrave;me volume existe &eacute;galement sous forme d&rsquo;une application Apple consultable sur iPhone et iPad, qui propose un acc&egrave;s interactif aux 30 derni&egrave;res ann&eacute;es de [&hellip;]<\/p>\n","protected":false},"author":1,"featured_media":14068,"comment_status":"open","ping_status":"open","sticky":false,"template":"","format":"standard","meta":{"_import_markdown_pro_load_document_selector":0,"_import_markdown_pro_submit_text_textarea":"","_genesis_hide_title":false,"_genesis_hide_breadcrumbs":false,"_genesis_hide_singular_image":false,"_genesis_hide_footer_widgets":false,"_genesis_custom_body_class":"","_genesis_custom_post_class":"","_genesis_layout":"","jetpack_post_was_ever_published":false,"_jetpack_newsletter_access":"","_jetpack_dont_email_post_to_subs":false,"_jetpack_newsletter_tier_id":0,"_jetpack_memberships_contains_paywalled_content":false,"_jetpack_memberships_contains_paid_content":false,"activitypub_content_warning":"","activitypub_content_visibility":"","activitypub_max_image_attachments":3,"activitypub_interaction_policy_quote":"anyone","activitypub_status":"","footnotes":"","jetpack_publicize_message":"","jetpack_publicize_feature_enabled":true,"jetpack_social_post_already_shared":true,"jetpack_social_options":{"image_generator_settings":{"template":"fullscreen","default_image_id":0,"font":"","enabled":false},"version":2}},"categories":[2],"tags":[],"class_list":{"0":"post-5266","1":"post","2":"type-post","3":"status-publish","4":"format-standard","5":"has-post-thumbnail","7":"category-histoire-2","8":"entry"},"jetpack_publicize_connections":[],"featured_image_src":"https:\/\/i0.wp.com\/lyonelkaufmann.ch\/Blog\/wp-content\/uploads\/2015\/03\/Ru6X4pDI4Pce3MCtWqiVjzl72eJkfbmt4t8yenImKBXEejxNn4ZJNZ2ss5Ku7Cxt.jpg?resize=203%2C308&ssl=1","featured_image_src_square":"https:\/\/i0.wp.com\/lyonelkaufmann.ch\/Blog\/wp-content\/uploads\/2015\/03\/Ru6X4pDI4Pce3MCtWqiVjzl72eJkfbmt4t8yenImKBXEejxNn4ZJNZ2ss5Ku7Cxt.jpg?resize=203%2C308&ssl=1","author_info":{"display_name":"Lyonel Kaufmann","author_link":"https:\/\/lyonelkaufmann.ch\/Blog\/author\/lyonelk\/"},"jetpack_featured_media_url":"https:\/\/i0.wp.com\/lyonelkaufmann.ch\/Blog\/wp-content\/uploads\/2015\/03\/Ru6X4pDI4Pce3MCtWqiVjzl72eJkfbmt4t8yenImKBXEejxNn4ZJNZ2ss5Ku7Cxt.jpg?fit=203%2C308&ssl=1","jetpack_sharing_enabled":true,"jetpack_shortlink":"https:\/\/wp.me\/p1qtF4-1mW","jetpack-related-posts":[{"id":5987,"url":"https:\/\/lyonelkaufmann.ch\/Blog\/2012\/08\/20\/deuxieme-guerre-mondiale-la-voix-de-la-suisse\/","url_meta":{"origin":5266,"position":0},"title":"Deuxi\u00e8me guerre mondiale : La voix de la Suisse","author":"Lyonel Kaufmann","date":"20 ao\u00fbt 2012","format":false,"excerpt":"Swissinfo.ch a publi\u00e9 aujourd'hui sur Internet plus de 16.000 manuscrits de programmes diffus\u00e9s par le Service des ondes courtes (SOC) entre 1939 et 1945. Pendant la Deuxi\u00e8me Guerre mondiale, la radio \u00e0 ondes courtes fut un moyen privil\u00e9gi\u00e9 pour la Suisse de communiquer avec des ressortissants expatri\u00e9s et de pr\u00e9senter\u2026","rel":"","context":"Dans &quot;histoire&quot;","block_context":{"text":"histoire","link":"https:\/\/lyonelkaufmann.ch\/Blog\/category\/histoire-2\/"},"img":{"alt_text":"39055698 33097850","src":"https:\/\/i0.wp.com\/lyonelkaufmann.ch\/histoire\/wp-content\/uploads\/2012\/08\/39055698-330978502.jpg?resize=350%2C200","width":350,"height":200},"classes":[]},{"id":1537,"url":"https:\/\/lyonelkaufmann.ch\/Blog\/2008\/12\/11\/lelection-dueli-maurer-donne-le-signal-a-la-recompostion-de-la-droite-suisse-2\/","url_meta":{"origin":5266,"position":1},"title":"L\u2019\u00e9lection d\u2019Ueli Maurer donne le signal \u00e0 la recompostion de la droite suisse","author":"Lyonel Kaufmann","date":"11 d\u00e9cembre 2008","format":"aside","excerpt":"L\u2019\u00e9lection d\u2019Ueli Maurer donne le signal \u00e0 la recompostion de la droite suisse: Au-del\u00e0 de... Related posts:Joyeuses f\u00eates (via www.maplanete.ch) via www.maplanete.ch...\u201cC\u2019est en regardant ce genre de reportage qu\u2019on se dit que la t\u00e9l\u00e9vision dans sa version grand-messe\u2026\u201d \u201cC\u2019est en regardant ce genre de reportage qu\u2019on se dit...La fabuleuse histoire\u2026","rel":"","context":"Dans &quot;Blogcaf\u00e9&quot;","block_context":{"text":"Blogcaf\u00e9","link":"https:\/\/lyonelkaufmann.ch\/Blog\/category\/blogcafe-2\/"},"img":{"alt_text":"","src":"https:\/\/i0.wp.com\/lyonelkaufmann.ch\/Blog\/wp-content\/uploads\/2015\/03\/blogcafe1.jpg?fit=1024%2C683&ssl=1&resize=350%2C200","width":350,"height":200,"srcset":"https:\/\/i0.wp.com\/lyonelkaufmann.ch\/Blog\/wp-content\/uploads\/2015\/03\/blogcafe1.jpg?fit=1024%2C683&ssl=1&resize=350%2C200 1x, https:\/\/i0.wp.com\/lyonelkaufmann.ch\/Blog\/wp-content\/uploads\/2015\/03\/blogcafe1.jpg?fit=1024%2C683&ssl=1&resize=525%2C300 1.5x, https:\/\/i0.wp.com\/lyonelkaufmann.ch\/Blog\/wp-content\/uploads\/2015\/03\/blogcafe1.jpg?fit=1024%2C683&ssl=1&resize=700%2C400 2x"},"classes":[]},{"id":7896,"url":"https:\/\/lyonelkaufmann.ch\/Blog\/2014\/01\/06\/une-annee-de-commemoration-de-14-18-en-suisse\/","url_meta":{"origin":5266,"position":2},"title":"Une ann\u00e9e de comm\u00e9moration de 14-18 en Suisse","author":"Lyonel Kaufmann","date":"6 janvier 2014","format":false,"excerpt":"Quelques initiatives en Suisse \u00e0 propos de la Premi\u00e8re Guerre mondiale : La Revue suisse d'histoire consacre son dernier num\u00e9ro aux nouvelles approches de la recherche suisse sur la Premi\u00e8re Guerre mondiale. D\u00e9j\u00e0 pr\u00e9sent\u00e9 ici, le site 14-18.ch propose d'explorer une s\u00e9rie de cartes postales de la Premi\u00e8re Guerre conserv\u00e9es\u2026","rel":"","context":"Dans &quot;histoire&quot;","block_context":{"text":"histoire","link":"https:\/\/lyonelkaufmann.ch\/Blog\/category\/histoire-2\/"},"img":{"alt_text":"","src":"https:\/\/i0.wp.com\/lyonelkaufmann.ch\/Blog\/wp-content\/uploads\/2015\/03\/blogcafe1.jpg?fit=1024%2C683&ssl=1&resize=350%2C200","width":350,"height":200,"srcset":"https:\/\/i0.wp.com\/lyonelkaufmann.ch\/Blog\/wp-content\/uploads\/2015\/03\/blogcafe1.jpg?fit=1024%2C683&ssl=1&resize=350%2C200 1x, https:\/\/i0.wp.com\/lyonelkaufmann.ch\/Blog\/wp-content\/uploads\/2015\/03\/blogcafe1.jpg?fit=1024%2C683&ssl=1&resize=525%2C300 1.5x, https:\/\/i0.wp.com\/lyonelkaufmann.ch\/Blog\/wp-content\/uploads\/2015\/03\/blogcafe1.jpg?fit=1024%2C683&ssl=1&resize=700%2C400 2x"},"classes":[]},{"id":20000,"url":"https:\/\/lyonelkaufmann.ch\/Blog\/2019\/02\/21\/hommage-au-realisateur-claude-goretta-1929-2019-rts\/","url_meta":{"origin":5266,"position":3},"title":"Hommage au r\u00e9alisateur Claude Goretta (1929-2019) &#8211; RTS","author":"Lyonel Kaufmann","date":"21 f\u00e9vrier 2019","format":false,"excerpt":"Gen\u00e8ve, le 21 f\u00e9vrier 2019 \u2013 La Radio T\u00e9l\u00e9vision Suisse rendra hommage au cin\u00e9aste genevois Claude Goretta, \u00e9galement r\u00e9alisateur pour la TSR durant de nombreuses ann\u00e9es, en diffusant ce soir d\u00e8s 21h20 sur RTS Deux La Dentelli\u00e8re et L\u2019Invitation, deux longs m\u00e9trages prim\u00e9s au Festival de Cannes. C\u2019est l\u2019une des\u2026","rel":"","context":"Dans &quot;Blogcaf\u00e9&quot;","block_context":{"text":"Blogcaf\u00e9","link":"https:\/\/lyonelkaufmann.ch\/Blog\/category\/blogcafe-2\/"},"img":{"alt_text":"","src":"https:\/\/i0.wp.com\/lyonelkaufmann.ch\/Blog\/wp-content\/uploads\/2019\/02\/ECB3730F-69DD-48E4-8FBA-5D8B0F4BCD2F.fd361d0360d1406e8f61fd1f007ab191.jpeg?fit=800%2C533&ssl=1&resize=350%2C200","width":350,"height":200,"srcset":"https:\/\/i0.wp.com\/lyonelkaufmann.ch\/Blog\/wp-content\/uploads\/2019\/02\/ECB3730F-69DD-48E4-8FBA-5D8B0F4BCD2F.fd361d0360d1406e8f61fd1f007ab191.jpeg?fit=800%2C533&ssl=1&resize=350%2C200 1x, https:\/\/i0.wp.com\/lyonelkaufmann.ch\/Blog\/wp-content\/uploads\/2019\/02\/ECB3730F-69DD-48E4-8FBA-5D8B0F4BCD2F.fd361d0360d1406e8f61fd1f007ab191.jpeg?fit=800%2C533&ssl=1&resize=525%2C300 1.5x, https:\/\/i0.wp.com\/lyonelkaufmann.ch\/Blog\/wp-content\/uploads\/2019\/02\/ECB3730F-69DD-48E4-8FBA-5D8B0F4BCD2F.fd361d0360d1406e8f61fd1f007ab191.jpeg?fit=800%2C533&ssl=1&resize=700%2C400 2x"},"classes":[]},{"id":20,"url":"https:\/\/lyonelkaufmann.ch\/Blog\/2005\/07\/21\/la-suisse-et-lesclavage\/","url_meta":{"origin":5266,"position":4},"title":"La Suisse et l&rsquo;esclavage","author":"Lyonel Kaufmann","date":"21 juillet 2005","format":false,"excerpt":"Depuis la parution d'articles e 2004 dans le journal Le Courrier et La Libert\u00e9 relativement \u00e0 la question du r\u00f4le de la Suisse dans l'esclavage, un livre est paru ce printemps aux \u00e9ditions Antipodes & SHSR, dans la collection Histoire.ch. Il a \u00e9t\u00e9 \u00e9crit par Thomas David [professeur-assistant \u00e0 l'Institut\u2026","rel":"","context":"Dans &quot;histoire&quot;","block_context":{"text":"histoire","link":"https:\/\/lyonelkaufmann.ch\/Blog\/category\/histoire-2\/"},"img":{"alt_text":"","src":"https:\/\/i0.wp.com\/lyonelkaufmann.ch\/Blog\/wp-content\/uploads\/2015\/03\/blogcafe1.jpg?fit=1024%2C683&ssl=1&resize=350%2C200","width":350,"height":200,"srcset":"https:\/\/i0.wp.com\/lyonelkaufmann.ch\/Blog\/wp-content\/uploads\/2015\/03\/blogcafe1.jpg?fit=1024%2C683&ssl=1&resize=350%2C200 1x, https:\/\/i0.wp.com\/lyonelkaufmann.ch\/Blog\/wp-content\/uploads\/2015\/03\/blogcafe1.jpg?fit=1024%2C683&ssl=1&resize=525%2C300 1.5x, https:\/\/i0.wp.com\/lyonelkaufmann.ch\/Blog\/wp-content\/uploads\/2015\/03\/blogcafe1.jpg?fit=1024%2C683&ssl=1&resize=700%2C400 2x"},"classes":[]},{"id":5388,"url":"https:\/\/lyonelkaufmann.ch\/Blog\/2012\/05\/12\/joe-sacco-du9-lautre-bande-dessinee\/","url_meta":{"origin":5266,"position":5},"title":"Joe Sacco | du9, l&rsquo;autre bande dessin\u00e9e","author":"Lyonel Kaufmann","date":"12 mai 2012","format":"quote","excerpt":"Joe Sacco est un auteur utilisant la BD pour r\u00e9alis\u00e9 des formes de reportages historiques. Il est l'auteur de Gaza 1956 et de Gorazde (Guerre de Yougoslavie. Tout ce qui int\u00e9resse le journalisme aujourd\u2019hui appartiendra \u00e0 l\u2019Histoire demain. Il faut juste admettre qu\u2019on ne peut rapporter correctement des \u00e9v\u00e9nements quelques\u2026","rel":"","context":"Dans &quot;histoire&quot;","block_context":{"text":"histoire","link":"https:\/\/lyonelkaufmann.ch\/Blog\/category\/histoire-2\/"},"img":{"alt_text":"","src":"","width":0,"height":0},"classes":[]}],"jetpack_likes_enabled":true,"_links":{"self":[{"href":"https:\/\/lyonelkaufmann.ch\/Blog\/wp-json\/wp\/v2\/posts\/5266","targetHints":{"allow":["GET"]}}],"collection":[{"href":"https:\/\/lyonelkaufmann.ch\/Blog\/wp-json\/wp\/v2\/posts"}],"about":[{"href":"https:\/\/lyonelkaufmann.ch\/Blog\/wp-json\/wp\/v2\/types\/post"}],"author":[{"embeddable":true,"href":"https:\/\/lyonelkaufmann.ch\/Blog\/wp-json\/wp\/v2\/users\/1"}],"replies":[{"embeddable":true,"href":"https:\/\/lyonelkaufmann.ch\/Blog\/wp-json\/wp\/v2\/comments?post=5266"}],"version-history":[{"count":0,"href":"https:\/\/lyonelkaufmann.ch\/Blog\/wp-json\/wp\/v2\/posts\/5266\/revisions"}],"wp:featuredmedia":[{"embeddable":true,"href":"https:\/\/lyonelkaufmann.ch\/Blog\/wp-json\/wp\/v2\/media\/14068"}],"wp:attachment":[{"href":"https:\/\/lyonelkaufmann.ch\/Blog\/wp-json\/wp\/v2\/media?parent=5266"}],"wp:term":[{"taxonomy":"category","embeddable":true,"href":"https:\/\/lyonelkaufmann.ch\/Blog\/wp-json\/wp\/v2\/categories?post=5266"},{"taxonomy":"post_tag","embeddable":true,"href":"https:\/\/lyonelkaufmann.ch\/Blog\/wp-json\/wp\/v2\/tags?post=5266"}],"curies":[{"name":"wp","href":"https:\/\/api.w.org\/{rel}","templated":true}]}}