{"id":5285,"date":"2012-04-13T11:26:03","date_gmt":"2012-04-13T11:26:03","guid":{"rendered":"http:\/\/lyonelkaufmann.ch\/histoire\/?p=5285"},"modified":"2012-04-13T11:26:03","modified_gmt":"2012-04-13T11:26:03","slug":"patrick-boucheron-un-historien-qui-bouscule-les-siecles-la-republique-des-livres","status":"publish","type":"post","link":"https:\/\/lyonelkaufmann.ch\/Blog\/2012\/04\/13\/patrick-boucheron-un-historien-qui-bouscule-les-siecles-la-republique-des-livres\/","title":{"rendered":"Patrick Boucheron, un historien qui bouscule les si\u00e8cles | La r\u00e9publique des livres"},"content":{"rendered":"<p><strong>Et si Denys le Petit, ce moine du VI\u00e8me si\u00e8cle \u00e0 qui l&rsquo;on doit l&rsquo;invention de l&rsquo;\u00e8re chr\u00e9tienne, avait choisi d\u2019adopter l\u2019\u00e8re de la Passion et non celle de l\u2019Incarnation pour faire d\u00e9buter notre \u00e8re? Alors notre chronologie s\u2019en trouverait d\u00e9cal\u00e9e de 33 ans.<\/strong><\/p>\n<blockquote><p>\u00ab A ce jeu, le XIX\u00e8me si\u00e8cle perd les guerres napol\u00e9oniennes, la Restauration, Stendhal, Hegel, Goethe, Keats, Byron, qui tous rejoignent un tr\u00e8s convaincant si\u00e8cle des Lumi\u00e8res. Celui-ci comprend enfin le romantisme : Rousseau, Chateaubriand et Musset se situent du m\u00eame c\u00f4t\u00e9 de la cassure, sans qu\u2019il soit n\u00e9cessaire aux ex\u00e9g\u00e8tes de l\u2019histoire litt\u00e9raire d\u2019ergoter interminablement. Evidemment, ce que le XIX\u00e8me si\u00e8cle perd d\u2019un c\u00f4t\u00e9, il le r\u00e9cup\u00e8re de l\u2019autre : la Grande guerre bien entendu \u2026 et du c\u00f4t\u00e9 culturel : Joyce, Proust, Kafka, Schoenberg, Freud, Einstein. Ainsi d\u00e9cal\u00e9 d\u2019un tiers, le XIX\u00e8me si\u00e8cle devient le grand si\u00e8cle moderniste et r\u00e9volutionnaire, englobant largement 1848 et 1917, faisant la part belle aux avant-gardes politiques et esth\u00e9tiques \u00bb<\/p><\/blockquote>\n<p>Patrick Boucheron dans <em>L\u2019entretemps<\/em> (135 pages, 13 euros, Verdier),<\/p>\n<p>via <a href=\"http:\/\/passouline.blog.lemonde.fr\/2012\/04\/12\/patrick-boucheron-un-historien-qui-bouscule-les-siecles\/#xtor=RSS-32280322\">Patrick Boucheron, un historien qui bouscule les si\u00e8cles | La r\u00e9publique des livres<\/a>.<\/p>\n","protected":false},"excerpt":{"rendered":"<p>Et si Denys le Petit, ce moine du VI\u00e8me si\u00e8cle \u00e0 qui l&rsquo;on doit l&rsquo;invention de l&rsquo;\u00e8re chr\u00e9tienne, avait choisi d\u2019adopter l\u2019\u00e8re de la Passion et non celle de l\u2019Incarnation pour faire d\u00e9buter notre \u00e8re? Alors notre chronologie s\u2019en trouverait d\u00e9cal\u00e9e de 33 ans. \u00ab A ce jeu, le XIX\u00e8me si\u00e8cle perd les guerres napol\u00e9oniennes, [&hellip;]<\/p>\n","protected":false},"author":1,"featured_media":14680,"comment_status":"open","ping_status":"open","sticky":false,"template":"","format":"quote","meta":{"_import_markdown_pro_load_document_selector":0,"_import_markdown_pro_submit_text_textarea":"","_genesis_hide_title":false,"_genesis_hide_breadcrumbs":false,"_genesis_hide_singular_image":false,"_genesis_hide_footer_widgets":false,"_genesis_custom_body_class":"","_genesis_custom_post_class":"","_genesis_layout":"","jetpack_post_was_ever_published":false,"_jetpack_newsletter_access":"","_jetpack_dont_email_post_to_subs":false,"_jetpack_newsletter_tier_id":0,"_jetpack_memberships_contains_paywalled_content":false,"_jetpack_memberships_contains_paid_content":false,"activitypub_content_warning":"","activitypub_content_visibility":"","activitypub_max_image_attachments":3,"activitypub_interaction_policy_quote":"anyone","activitypub_status":"","footnotes":"","jetpack_publicize_message":"","jetpack_publicize_feature_enabled":true,"jetpack_social_post_already_shared":true,"jetpack_social_options":{"image_generator_settings":{"template":"fullscreen","default_image_id":0,"font":"","enabled":false},"version":2}},"categories":[2],"tags":[],"class_list":{"0":"post-5285","1":"post","2":"type-post","3":"status-publish","4":"format-quote","5":"has-post-thumbnail","7":"category-histoire-2","8":"post_format-post-format-quote","9":"entry"},"jetpack_publicize_connections":[],"featured_image_src":"https:\/\/i0.wp.com\/lyonelkaufmann.ch\/Blog\/wp-content\/uploads\/2015\/03\/blogcafe1.jpg?resize=600%2C400&ssl=1","featured_image_src_square":"https:\/\/i0.wp.com\/lyonelkaufmann.ch\/Blog\/wp-content\/uploads\/2015\/03\/blogcafe1.jpg?resize=600%2C600&ssl=1","author_info":{"display_name":"Lyonel Kaufmann","author_link":"https:\/\/lyonelkaufmann.ch\/Blog\/author\/lyonelk\/"},"jetpack_featured_media_url":"https:\/\/i0.wp.com\/lyonelkaufmann.ch\/Blog\/wp-content\/uploads\/2015\/03\/blogcafe1.jpg?fit=1024%2C683&ssl=1","jetpack_sharing_enabled":true,"jetpack_shortlink":"https:\/\/wp.me\/p1qtF4-1nf","jetpack-related-posts":[{"id":6886,"url":"https:\/\/lyonelkaufmann.ch\/Blog\/2013\/03\/30\/revue-de-presse-que-retenir-du-xixeme-siecle-au-dela-des-cliches-les-possibles-aggiornamento-hist-geo\/","url_meta":{"origin":5285,"position":0},"title":"Revue de presse : Que retenir du XIX\u00e8me si\u00e8cle ? Au-del\u00e0 des clich\u00e9s, les possibles. | aggiornamento hist-geo","author":"Lyonel Kaufmann","date":"30 mars 2013","format":false,"excerpt":"\u00abLe r\u00e9cit du XIXe si\u00e8cle n\u2019est pas celui d\u2019une \u00ab l\u00e9gende dor\u00e9e \u00bb qui se caract\u00e9risait par des marches inexorables vers la R\u00e9publique ou le progr\u00e8s \u00e9conomique et social, ni celui d\u2019une \u00ab l\u00e9gende noire \u00bb, r\u00e9duite \u00e0 l\u2019oppression des ouvriers et des indig\u00e8nes. Au lieu d\u2019\u00e9difier les \u00e9l\u00e8ves, notre\u2026","rel":"","context":"Dans &quot;histoire&quot;","block_context":{"text":"histoire","link":"https:\/\/lyonelkaufmann.ch\/Blog\/category\/histoire-2\/"},"img":{"alt_text":"","src":"https:\/\/i0.wp.com\/lyonelkaufmann.ch\/Blog\/wp-content\/uploads\/2015\/03\/blogcafe1.jpg?fit=1024%2C683&ssl=1&resize=350%2C200","width":350,"height":200,"srcset":"https:\/\/i0.wp.com\/lyonelkaufmann.ch\/Blog\/wp-content\/uploads\/2015\/03\/blogcafe1.jpg?fit=1024%2C683&ssl=1&resize=350%2C200 1x, https:\/\/i0.wp.com\/lyonelkaufmann.ch\/Blog\/wp-content\/uploads\/2015\/03\/blogcafe1.jpg?fit=1024%2C683&ssl=1&resize=525%2C300 1.5x, https:\/\/i0.wp.com\/lyonelkaufmann.ch\/Blog\/wp-content\/uploads\/2015\/03\/blogcafe1.jpg?fit=1024%2C683&ssl=1&resize=700%2C400 2x"},"classes":[]},{"id":7689,"url":"https:\/\/lyonelkaufmann.ch\/Blog\/2006\/04\/01\/histoires-grecques-de-maurice-sartre-2006\/","url_meta":{"origin":5285,"position":1},"title":"HISTOIRES GRECQUES de Maurice Sartre (2006)","author":"Lyonel Kaufmann","date":"1 avril 2006","format":false,"excerpt":"Source : Le Monde.fr : il \u00e9tait une fois la Gr\u00e8ce (compte-rendu de Pierre Vidal-Naquet) LE MONDE DES LIVRES | 30.03.06 | 17h01\u00a0 \u2022\u00a0 Mis \u00e0 jour le 30.03.06 | 17h01 Que nous apporte ce livre qui succ\u00e8de \u00e0 de savants recueils d'inscriptions grecques et latines, et aussi \u00e0 de\u2026","rel":"","context":"Dans &quot;histoire&quot;","block_context":{"text":"histoire","link":"https:\/\/lyonelkaufmann.ch\/Blog\/category\/histoire-2\/"},"img":{"alt_text":"","src":"https:\/\/i0.wp.com\/lyonelkaufmann.ch\/Blog\/wp-content\/uploads\/2015\/03\/blogcafe1.jpg?fit=1024%2C683&ssl=1&resize=350%2C200","width":350,"height":200,"srcset":"https:\/\/i0.wp.com\/lyonelkaufmann.ch\/Blog\/wp-content\/uploads\/2015\/03\/blogcafe1.jpg?fit=1024%2C683&ssl=1&resize=350%2C200 1x, https:\/\/i0.wp.com\/lyonelkaufmann.ch\/Blog\/wp-content\/uploads\/2015\/03\/blogcafe1.jpg?fit=1024%2C683&ssl=1&resize=525%2C300 1.5x, https:\/\/i0.wp.com\/lyonelkaufmann.ch\/Blog\/wp-content\/uploads\/2015\/03\/blogcafe1.jpg?fit=1024%2C683&ssl=1&resize=700%2C400 2x"},"classes":[]},{"id":7571,"url":"https:\/\/lyonelkaufmann.ch\/Blog\/2013\/10\/10\/revue-de-presse-la-guerre-moderne-16e-21e-siecles-histoire-globale\/","url_meta":{"origin":5285,"position":2},"title":"Revue de presse : La guerre moderne, 16e \u2013 21e si\u00e8cles | Histoire Globale","author":"Lyonel Kaufmann","date":"10 octobre 2013","format":false,"excerpt":"Le billet du 29 octobre 2012, \u00ab La guerre pr\u00e9moderne, 5e \u2013 15e si\u00e8cles \u00bb, se terminait par une conclusion provisoire ouvrant sur ce qu\u2019il est convenu d\u2019appeler les Temps modernes. Une modernit\u00e9 marqu\u00e9e par un ph\u00e9nom\u00e8ne sans pr\u00e9c\u00e9dent historique, celui d\u2019une soci\u00e9t\u00e9 exer\u00e7ant progressivement son h\u00e9g\u00e9monie \u00e0 l\u2019\u00e9chelle mondiale.\u2026","rel":"","context":"Dans &quot;histoire&quot;","block_context":{"text":"histoire","link":"https:\/\/lyonelkaufmann.ch\/Blog\/category\/histoire-2\/"},"img":{"alt_text":"","src":"https:\/\/i0.wp.com\/lyonelkaufmann.ch\/Blog\/wp-content\/uploads\/2015\/03\/blogcafe1.jpg?fit=1024%2C683&ssl=1&resize=350%2C200","width":350,"height":200,"srcset":"https:\/\/i0.wp.com\/lyonelkaufmann.ch\/Blog\/wp-content\/uploads\/2015\/03\/blogcafe1.jpg?fit=1024%2C683&ssl=1&resize=350%2C200 1x, https:\/\/i0.wp.com\/lyonelkaufmann.ch\/Blog\/wp-content\/uploads\/2015\/03\/blogcafe1.jpg?fit=1024%2C683&ssl=1&resize=525%2C300 1.5x, https:\/\/i0.wp.com\/lyonelkaufmann.ch\/Blog\/wp-content\/uploads\/2015\/03\/blogcafe1.jpg?fit=1024%2C683&ssl=1&resize=700%2C400 2x"},"classes":[]},{"id":7339,"url":"https:\/\/lyonelkaufmann.ch\/Blog\/2013\/08\/12\/labbaye-de-saint-maurice-revelee-dans-sa-grandeur-burgonde-letemps\/","url_meta":{"origin":5285,"position":3},"title":"L\u2019abbaye de Saint-Maurice r\u00e9v\u00e9l\u00e9e dans sa grandeur burgonde | LeTemps","author":"Lyonel Kaufmann","date":"12 ao\u00fbt 2013","format":false,"excerpt":"Les derni\u00e8res fouilles \u00e0 l'abbaye de Saint-Maurice (Valais) attestent de l\u2019importance religieuse et politique du sanctuaire d\u00e8s ses origines au 6e si\u00e8cle de notre \u00e8re. Les arch\u00e9ologues viennent de mettre \u00e0 jour les vestiges de deux b\u00e2timents importants : une \u00e9glise et une vaste salle de 500 m2 avec ses\u2026","rel":"","context":"Dans &quot;histoire&quot;","block_context":{"text":"histoire","link":"https:\/\/lyonelkaufmann.ch\/Blog\/category\/histoire-2\/"},"img":{"alt_text":"","src":"https:\/\/i0.wp.com\/lyonelkaufmann.ch\/Blog\/wp-content\/uploads\/2015\/03\/P04_Fouilles_St_Maurice.jpg?fit=555%2C532&ssl=1&resize=350%2C200","width":350,"height":200,"srcset":"https:\/\/i0.wp.com\/lyonelkaufmann.ch\/Blog\/wp-content\/uploads\/2015\/03\/P04_Fouilles_St_Maurice.jpg?fit=555%2C532&ssl=1&resize=350%2C200 1x, https:\/\/i0.wp.com\/lyonelkaufmann.ch\/Blog\/wp-content\/uploads\/2015\/03\/P04_Fouilles_St_Maurice.jpg?fit=555%2C532&ssl=1&resize=525%2C300 1.5x"},"classes":[]},{"id":3926,"url":"https:\/\/lyonelkaufmann.ch\/Blog\/2011\/08\/15\/une-histoire-de-lhistoire-a-berlin-capitale-du-xxe-siecle\/","url_meta":{"origin":5285,"position":4},"title":"Une \u00ab histoire de l\u2019Histoire \u00bb \u00e0 Berlin, capitale du XXe si\u00e8cle","author":"Lyonel Kaufmann","date":"15 ao\u00fbt 2011","format":"link","excerpt":"Une \u00ab\u00a0histoire de l\u2019Histoire\u00a0\u00bb \u00e0 Berlin, capitale du XXe si\u00e8cle Mouvements artistiques, Rosa Luxemburg, Deuxi\u00e8me Guerre mondiale, le Mur et sa chute : Berlin est-elle la \u00ab capitale \u00bb du XXe si\u00e8cle, pour le meilleur et pour le pire ?\u00a0La r\u00e9ponse est oui pour l'auteur de cet article sur Rue89.\u2026","rel":"","context":"Dans &quot;histoire&quot;","block_context":{"text":"histoire","link":"https:\/\/lyonelkaufmann.ch\/Blog\/category\/histoire-2\/"},"img":{"alt_text":"","src":"https:\/\/i0.wp.com\/lyonelkaufmann.ch\/Blog\/wp-content\/uploads\/2015\/03\/blogcafe1.jpg?fit=1024%2C683&ssl=1&resize=350%2C200","width":350,"height":200,"srcset":"https:\/\/i0.wp.com\/lyonelkaufmann.ch\/Blog\/wp-content\/uploads\/2015\/03\/blogcafe1.jpg?fit=1024%2C683&ssl=1&resize=350%2C200 1x, https:\/\/i0.wp.com\/lyonelkaufmann.ch\/Blog\/wp-content\/uploads\/2015\/03\/blogcafe1.jpg?fit=1024%2C683&ssl=1&resize=525%2C300 1.5x, https:\/\/i0.wp.com\/lyonelkaufmann.ch\/Blog\/wp-content\/uploads\/2015\/03\/blogcafe1.jpg?fit=1024%2C683&ssl=1&resize=700%2C400 2x"},"classes":[]},{"id":6348,"url":"https:\/\/lyonelkaufmann.ch\/Blog\/2012\/10\/30\/revue-de-presse-la-guerre-premoderne-5e-15e-siecles-histoire-globale\/","url_meta":{"origin":5285,"position":5},"title":"Revue de presse : La guerre pr\u00e9moderne, 5e-15e si\u00e8cles | Histoire Globale","author":"Lyonel Kaufmann","date":"30 octobre 2012","format":false,"excerpt":"Le Moyen \u00c2ge est une p\u00e9riode historiquement d\u00e9termin\u00e9e. Et encadr\u00e9e par des \u00e9v\u00e9nements qui ne font sens que d\u2019un point de vue occidental\u00a0(476 \u00e0 1453 ou 1492). Un mill\u00e9naire approximatif, longtemps vu comme une p\u00e9riode obscure et violente assurant la transition entre l\u2019\u00e2ge d\u2019or de l\u2019Empire romain et le rayonnement\u2026","rel":"","context":"Dans &quot;histoire&quot;","block_context":{"text":"histoire","link":"https:\/\/lyonelkaufmann.ch\/Blog\/category\/histoire-2\/"},"img":{"alt_text":"","src":"https:\/\/i0.wp.com\/lyonelkaufmann.ch\/Blog\/wp-content\/uploads\/2015\/03\/blogcafe1.jpg?fit=1024%2C683&ssl=1&resize=350%2C200","width":350,"height":200,"srcset":"https:\/\/i0.wp.com\/lyonelkaufmann.ch\/Blog\/wp-content\/uploads\/2015\/03\/blogcafe1.jpg?fit=1024%2C683&ssl=1&resize=350%2C200 1x, https:\/\/i0.wp.com\/lyonelkaufmann.ch\/Blog\/wp-content\/uploads\/2015\/03\/blogcafe1.jpg?fit=1024%2C683&ssl=1&resize=525%2C300 1.5x, https:\/\/i0.wp.com\/lyonelkaufmann.ch\/Blog\/wp-content\/uploads\/2015\/03\/blogcafe1.jpg?fit=1024%2C683&ssl=1&resize=700%2C400 2x"},"classes":[]}],"jetpack_likes_enabled":true,"_links":{"self":[{"href":"https:\/\/lyonelkaufmann.ch\/Blog\/wp-json\/wp\/v2\/posts\/5285","targetHints":{"allow":["GET"]}}],"collection":[{"href":"https:\/\/lyonelkaufmann.ch\/Blog\/wp-json\/wp\/v2\/posts"}],"about":[{"href":"https:\/\/lyonelkaufmann.ch\/Blog\/wp-json\/wp\/v2\/types\/post"}],"author":[{"embeddable":true,"href":"https:\/\/lyonelkaufmann.ch\/Blog\/wp-json\/wp\/v2\/users\/1"}],"replies":[{"embeddable":true,"href":"https:\/\/lyonelkaufmann.ch\/Blog\/wp-json\/wp\/v2\/comments?post=5285"}],"version-history":[{"count":0,"href":"https:\/\/lyonelkaufmann.ch\/Blog\/wp-json\/wp\/v2\/posts\/5285\/revisions"}],"wp:featuredmedia":[{"embeddable":true,"href":"https:\/\/lyonelkaufmann.ch\/Blog\/wp-json\/wp\/v2\/media\/14680"}],"wp:attachment":[{"href":"https:\/\/lyonelkaufmann.ch\/Blog\/wp-json\/wp\/v2\/media?parent=5285"}],"wp:term":[{"taxonomy":"category","embeddable":true,"href":"https:\/\/lyonelkaufmann.ch\/Blog\/wp-json\/wp\/v2\/categories?post=5285"},{"taxonomy":"post_tag","embeddable":true,"href":"https:\/\/lyonelkaufmann.ch\/Blog\/wp-json\/wp\/v2\/tags?post=5285"}],"curies":[{"name":"wp","href":"https:\/\/api.w.org\/{rel}","templated":true}]}}