{"id":5289,"date":"2012-04-14T23:11:18","date_gmt":"2012-04-14T23:11:18","guid":{"rendered":"http:\/\/lyonelkaufmann.ch\/histoire\/?p=5289"},"modified":"2012-04-14T23:11:18","modified_gmt":"2012-04-14T23:11:18","slug":"mapping-the-republic-of-letters-la-republique-des-lettres","status":"publish","type":"post","link":"https:\/\/lyonelkaufmann.ch\/Blog\/2012\/04\/14\/mapping-the-republic-of-letters-la-republique-des-lettres\/","title":{"rendered":"Mapping the Republic of Letters |\u00a0La R\u00e9publique des lettres"},"content":{"rendered":"<p>Via <a style='font-weight:bold;font-size:18px;' href='http:\/\/www.scoop.it\/t\/histoire\/p\/1601440106\/mapping-the-republic-of-letters-la-republique-des-lettres'>Scoop.it<\/a> &#8211; <a href='http:\/\/www.scoop.it\/t\/histoire'>histoire<\/a><br \/><img src='http:\/\/img.scoop.it\/y0FXpNw7rNv6KTZi3urgrjl72eJkfbmt4t8yenImKBXEejxNn4ZJNZ2ss5Ku7Cxt' \/><\/p>\n<p>La R&eacute;publique des Lettres d&eacute;signe depuis la Renaissance un espace virtuel qui transcende les entit&eacute;s territoriales et r&eacute;unit les lettr&eacute;s europ&eacute;ens &agrave; travers des traces &eacute;crites et des rencontres autour de valeurs communes, rendues possibles gr&acirc;ce &agrave; une langue europ&eacute;enne commune, le latin.<br \/>L&rsquo;universit&eacute; de Stanford a construit la carte interactive de ce premier r&eacute;seau social de l&rsquo;histoire.<br \/>Ce site nous offre ainsi un autre regard sur la Renaissance et l&rsquo;Humanisme.<\/p>\n<p><a href='https:\/\/republicofletters.stanford.edu\/'>Via republicofletters.stanford.edu<\/a><\/p>\n","protected":false},"excerpt":{"rendered":"<p>Via Scoop.it &#8211; histoire La R&eacute;publique des Lettres d&eacute;signe depuis la Renaissance un espace virtuel qui transcende les entit&eacute;s territoriales et r&eacute;unit les lettr&eacute;s europ&eacute;ens &agrave; travers des traces &eacute;crites et des rencontres autour de valeurs communes, rendues possibles gr&acirc;ce &agrave; une langue europ&eacute;enne commune, le latin.L&rsquo;universit&eacute; de Stanford a construit la carte interactive de [&hellip;]<\/p>\n","protected":false},"author":1,"featured_media":14069,"comment_status":"open","ping_status":"open","sticky":false,"template":"","format":"standard","meta":{"_import_markdown_pro_load_document_selector":0,"_import_markdown_pro_submit_text_textarea":"","_genesis_hide_title":false,"_genesis_hide_breadcrumbs":false,"_genesis_hide_singular_image":false,"_genesis_hide_footer_widgets":false,"_genesis_custom_body_class":"","_genesis_custom_post_class":"","_genesis_layout":"","jetpack_post_was_ever_published":false,"_jetpack_newsletter_access":"","_jetpack_dont_email_post_to_subs":false,"_jetpack_newsletter_tier_id":0,"_jetpack_memberships_contains_paywalled_content":false,"_jetpack_memberships_contains_paid_content":false,"activitypub_content_warning":"","activitypub_content_visibility":"","activitypub_max_image_attachments":3,"activitypub_interaction_policy_quote":"anyone","activitypub_status":"","footnotes":"","jetpack_publicize_message":"","jetpack_publicize_feature_enabled":true,"jetpack_social_post_already_shared":true,"jetpack_social_options":{"image_generator_settings":{"template":"fullscreen","default_image_id":0,"font":"","enabled":false},"version":2}},"categories":[2],"tags":[],"class_list":{"0":"post-5289","1":"post","2":"type-post","3":"status-publish","4":"format-standard","5":"has-post-thumbnail","7":"category-histoire-2","8":"entry"},"jetpack_publicize_connections":[],"featured_image_src":"https:\/\/i0.wp.com\/lyonelkaufmann.ch\/Blog\/wp-content\/uploads\/2015\/03\/y0FXpNw7rNv6KTZi3urgrjl72eJkfbmt4t8yenImKBXEejxNn4ZJNZ2ss5Ku7Cxt.jpg?resize=500%2C334&ssl=1","featured_image_src_square":"https:\/\/i0.wp.com\/lyonelkaufmann.ch\/Blog\/wp-content\/uploads\/2015\/03\/y0FXpNw7rNv6KTZi3urgrjl72eJkfbmt4t8yenImKBXEejxNn4ZJNZ2ss5Ku7Cxt.jpg?resize=500%2C334&ssl=1","author_info":{"display_name":"Lyonel Kaufmann","author_link":"https:\/\/lyonelkaufmann.ch\/Blog\/author\/lyonelk\/"},"jetpack_featured_media_url":"https:\/\/i0.wp.com\/lyonelkaufmann.ch\/Blog\/wp-content\/uploads\/2015\/03\/y0FXpNw7rNv6KTZi3urgrjl72eJkfbmt4t8yenImKBXEejxNn4ZJNZ2ss5Ku7Cxt.jpg?fit=500%2C334&ssl=1","jetpack_sharing_enabled":true,"jetpack_shortlink":"https:\/\/wp.me\/p1qtF4-1nj","jetpack-related-posts":[{"id":7900,"url":"https:\/\/lyonelkaufmann.ch\/Blog\/2014\/01\/19\/jacques-le-goff-et-lhistoire-en-tranches-page-1-mediapart\/","url_meta":{"origin":5289,"position":0},"title":"Jacques Le Goff et \u00ab l\u2019histoire en tranches \u00bb | Mediapart","author":"Lyonel Kaufmann","date":"19 janvier 2014","format":false,"excerpt":"\u00c0\u00a0tous ceux qui, se souvenant de leurs manuels scolaires, pensent encore que le Moyen\u00a0\u00c2ge s\u2019oppose \u00e0 la Renaissance, ou que l\u2019histoire moderne succ\u00e8de distinctement \u00e0 l\u2019histoire m\u00e9di\u00e9vale, Jacques Le\u00a0Goff propose de repenser les grands d\u00e9coupages historiques qui scandent nos imaginaires du pass\u00e9. Entretien avec Mediapart. Extrait : Doit-on encore vous\u2026","rel":"","context":"Dans &quot;histoire&quot;","block_context":{"text":"histoire","link":"https:\/\/lyonelkaufmann.ch\/Blog\/category\/histoire-2\/"},"img":{"alt_text":"wpid-9782021106053-2014-01-19-20-08.jpg","src":"https:\/\/i0.wp.com\/lyonelkaufmann.ch\/histoire\/wp-content\/uploads\/2014\/01\/wpid-9782021106053-2014-01-19-20-08.jpg?resize=350%2C200","width":350,"height":200},"classes":[]},{"id":6703,"url":"https:\/\/lyonelkaufmann.ch\/Blog\/2013\/01\/15\/revue-de-presse-scenario-pedagogique-et-si-la-renaissance-avait-connu-twitter-ma-onzieme-annee-et-les-suivantes\/","url_meta":{"origin":5289,"position":1},"title":"Revue de presse : Sc\u00e9nario p\u00e9dagogique: \u00ab\u00a0et si la Renaissance avait connu Twitter?\u00a0 | \u00abMa onzi\u00e8me ann\u00e9e et les suivantes&#8230;","author":"Lyonel Kaufmann","date":"15 janvier 2013","format":false,"excerpt":"Fiche p\u00e9dagogique d\u2019un sc\u00e9nario p\u00e9dagogique mis en place par Laurence Juin avec ses \u00e9l\u00e8ves.Sc\u00e9nario p\u00e9dagogique: \u00ab\u00a0et si la Renaissance avait connu Twitter?\u00a0 | \u00abMa onzi\u00e8me ann\u00e9e et les suivantes...","rel":"","context":"Dans &quot;histoire&quot;","block_context":{"text":"histoire","link":"https:\/\/lyonelkaufmann.ch\/Blog\/category\/histoire-2\/"},"img":{"alt_text":"","src":"https:\/\/i0.wp.com\/lyonelkaufmann.ch\/Blog\/wp-content\/uploads\/2015\/03\/blogcafe1.jpg?fit=1024%2C683&ssl=1&resize=350%2C200","width":350,"height":200,"srcset":"https:\/\/i0.wp.com\/lyonelkaufmann.ch\/Blog\/wp-content\/uploads\/2015\/03\/blogcafe1.jpg?fit=1024%2C683&ssl=1&resize=350%2C200 1x, https:\/\/i0.wp.com\/lyonelkaufmann.ch\/Blog\/wp-content\/uploads\/2015\/03\/blogcafe1.jpg?fit=1024%2C683&ssl=1&resize=525%2C300 1.5x, https:\/\/i0.wp.com\/lyonelkaufmann.ch\/Blog\/wp-content\/uploads\/2015\/03\/blogcafe1.jpg?fit=1024%2C683&ssl=1&resize=700%2C400 2x"},"classes":[]},{"id":18313,"url":"https:\/\/lyonelkaufmann.ch\/Blog\/2017\/07\/23\/pienza-ville-ideale-de-la-renaissance-italien-pienza-toscane-italie-summer2017\/","url_meta":{"origin":5289,"position":2},"title":"Pienza, ville id\u00e9ale de la Renaissance italienne #pienza # toscane #italie #summer2017","author":"Lyonel Kaufmann","date":"23 juillet 2017","format":false,"excerpt":"","rel":"","context":"Dans &quot;Blogcaf\u00e9&quot;","block_context":{"text":"Blogcaf\u00e9","link":"https:\/\/lyonelkaufmann.ch\/Blog\/category\/blogcafe-2\/"},"img":{"alt_text":"","src":"https:\/\/i0.wp.com\/lyonelkaufmann.ch\/Blog\/wp-content\/uploads\/2017\/07\/img_3321.jpg?fit=1080%2C1080&ssl=1&resize=350%2C200","width":350,"height":200,"srcset":"https:\/\/i0.wp.com\/lyonelkaufmann.ch\/Blog\/wp-content\/uploads\/2017\/07\/img_3321.jpg?fit=1080%2C1080&ssl=1&resize=350%2C200 1x, https:\/\/i0.wp.com\/lyonelkaufmann.ch\/Blog\/wp-content\/uploads\/2017\/07\/img_3321.jpg?fit=1080%2C1080&ssl=1&resize=525%2C300 1.5x, https:\/\/i0.wp.com\/lyonelkaufmann.ch\/Blog\/wp-content\/uploads\/2017\/07\/img_3321.jpg?fit=1080%2C1080&ssl=1&resize=700%2C400 2x, https:\/\/i0.wp.com\/lyonelkaufmann.ch\/Blog\/wp-content\/uploads\/2017\/07\/img_3321.jpg?fit=1080%2C1080&ssl=1&resize=1050%2C600 3x"},"classes":[]},{"id":2671,"url":"https:\/\/lyonelkaufmann.ch\/Blog\/2010\/03\/26\/lautre-guerre-de-louis-pergaud-la-republique-des-livres\/","url_meta":{"origin":5289,"position":3},"title":"L\u2019autre guerre de Louis Pergaud | La r\u00e9publique des livres","author":"Lyonel Kaufmann","date":"26 mars 2010","format":false,"excerpt":"En lisant aujourd'hui cet extrait de la correspondance de guerre de Louis Pergeaud (l'auteur de la Guerre des boutons), sous-lieutenant lors de la Premi\u00e8re Guerre mondiale, je ne peux que faire le rapprochement avec les Sentiers de la Gloire de Stanley Kubrik (1957) et au colonel Dax interpr\u00e9t\u00e9 par Kirk\u2026","rel":"","context":"Dans &quot;histoire&quot;","block_context":{"text":"histoire","link":"https:\/\/lyonelkaufmann.ch\/Blog\/category\/histoire-2\/"},"img":{"alt_text":"","src":"https:\/\/i0.wp.com\/lyonelkaufmann.ch\/histoire\/wp-content\/uploads\/2010\/03\/pergaud-military.1269576105.jpg?resize=350%2C200","width":350,"height":200},"classes":[]},{"id":22139,"url":"https:\/\/lyonelkaufmann.ch\/Blog\/2020\/12\/08\/le-brexit-et-la-dissolution-de-la-tchecoslovaquie\/","url_meta":{"origin":5289,"position":4},"title":"Le Brexit et la dissolution de la Tch\u00e9coslovaquie","author":"Lyonel Kaufmann","date":"8 d\u00e9cembre 2020","format":false,"excerpt":"Actuellement le Brexit est dans sa derni\u00e8re phase. Soit un accord est trouv\u00e9 entre les Britanniques et les Europ\u00e9ens. Soit les r\u00e8gles de l'OMC r\u00e9giront les rapports entre l'Union europ\u00e9enne et la Grande-Bretagne. Cr\u00e9dit photo : Photo de\u00a0Jannes Van den wouwer\u00a0sur\u00a0Unsplash Alors que l'absence d'un accord para\u00eet devoir co\u00fbter cher\u2026","rel":"","context":"Dans &quot;politis&quot;","block_context":{"text":"politis","link":"https:\/\/lyonelkaufmann.ch\/Blog\/category\/politis\/"},"img":{"alt_text":"","src":"https:\/\/i0.wp.com\/lyonelkaufmann.ch\/Blog\/wp-content\/uploads\/2020\/12\/jannes-van-den-wouwer-wod3IB2jkhA-unsplash.jpg?fit=1200%2C800&ssl=1&resize=350%2C200","width":350,"height":200,"srcset":"https:\/\/i0.wp.com\/lyonelkaufmann.ch\/Blog\/wp-content\/uploads\/2020\/12\/jannes-van-den-wouwer-wod3IB2jkhA-unsplash.jpg?fit=1200%2C800&ssl=1&resize=350%2C200 1x, https:\/\/i0.wp.com\/lyonelkaufmann.ch\/Blog\/wp-content\/uploads\/2020\/12\/jannes-van-den-wouwer-wod3IB2jkhA-unsplash.jpg?fit=1200%2C800&ssl=1&resize=525%2C300 1.5x, https:\/\/i0.wp.com\/lyonelkaufmann.ch\/Blog\/wp-content\/uploads\/2020\/12\/jannes-van-den-wouwer-wod3IB2jkhA-unsplash.jpg?fit=1200%2C800&ssl=1&resize=700%2C400 2x, https:\/\/i0.wp.com\/lyonelkaufmann.ch\/Blog\/wp-content\/uploads\/2020\/12\/jannes-van-den-wouwer-wod3IB2jkhA-unsplash.jpg?fit=1200%2C800&ssl=1&resize=1050%2C600 3x"},"classes":[]},{"id":6348,"url":"https:\/\/lyonelkaufmann.ch\/Blog\/2012\/10\/30\/revue-de-presse-la-guerre-premoderne-5e-15e-siecles-histoire-globale\/","url_meta":{"origin":5289,"position":5},"title":"Revue de presse : La guerre pr\u00e9moderne, 5e-15e si\u00e8cles | Histoire Globale","author":"Lyonel Kaufmann","date":"30 octobre 2012","format":false,"excerpt":"Le Moyen \u00c2ge est une p\u00e9riode historiquement d\u00e9termin\u00e9e. Et encadr\u00e9e par des \u00e9v\u00e9nements qui ne font sens que d\u2019un point de vue occidental\u00a0(476 \u00e0 1453 ou 1492). Un mill\u00e9naire approximatif, longtemps vu comme une p\u00e9riode obscure et violente assurant la transition entre l\u2019\u00e2ge d\u2019or de l\u2019Empire romain et le rayonnement\u2026","rel":"","context":"Dans &quot;histoire&quot;","block_context":{"text":"histoire","link":"https:\/\/lyonelkaufmann.ch\/Blog\/category\/histoire-2\/"},"img":{"alt_text":"","src":"https:\/\/i0.wp.com\/lyonelkaufmann.ch\/Blog\/wp-content\/uploads\/2015\/03\/blogcafe1.jpg?fit=1024%2C683&ssl=1&resize=350%2C200","width":350,"height":200,"srcset":"https:\/\/i0.wp.com\/lyonelkaufmann.ch\/Blog\/wp-content\/uploads\/2015\/03\/blogcafe1.jpg?fit=1024%2C683&ssl=1&resize=350%2C200 1x, https:\/\/i0.wp.com\/lyonelkaufmann.ch\/Blog\/wp-content\/uploads\/2015\/03\/blogcafe1.jpg?fit=1024%2C683&ssl=1&resize=525%2C300 1.5x, https:\/\/i0.wp.com\/lyonelkaufmann.ch\/Blog\/wp-content\/uploads\/2015\/03\/blogcafe1.jpg?fit=1024%2C683&ssl=1&resize=700%2C400 2x"},"classes":[]}],"jetpack_likes_enabled":true,"_links":{"self":[{"href":"https:\/\/lyonelkaufmann.ch\/Blog\/wp-json\/wp\/v2\/posts\/5289","targetHints":{"allow":["GET"]}}],"collection":[{"href":"https:\/\/lyonelkaufmann.ch\/Blog\/wp-json\/wp\/v2\/posts"}],"about":[{"href":"https:\/\/lyonelkaufmann.ch\/Blog\/wp-json\/wp\/v2\/types\/post"}],"author":[{"embeddable":true,"href":"https:\/\/lyonelkaufmann.ch\/Blog\/wp-json\/wp\/v2\/users\/1"}],"replies":[{"embeddable":true,"href":"https:\/\/lyonelkaufmann.ch\/Blog\/wp-json\/wp\/v2\/comments?post=5289"}],"version-history":[{"count":0,"href":"https:\/\/lyonelkaufmann.ch\/Blog\/wp-json\/wp\/v2\/posts\/5289\/revisions"}],"wp:featuredmedia":[{"embeddable":true,"href":"https:\/\/lyonelkaufmann.ch\/Blog\/wp-json\/wp\/v2\/media\/14069"}],"wp:attachment":[{"href":"https:\/\/lyonelkaufmann.ch\/Blog\/wp-json\/wp\/v2\/media?parent=5289"}],"wp:term":[{"taxonomy":"category","embeddable":true,"href":"https:\/\/lyonelkaufmann.ch\/Blog\/wp-json\/wp\/v2\/categories?post=5289"},{"taxonomy":"post_tag","embeddable":true,"href":"https:\/\/lyonelkaufmann.ch\/Blog\/wp-json\/wp\/v2\/tags?post=5289"}],"curies":[{"name":"wp","href":"https:\/\/api.w.org\/{rel}","templated":true}]}}