{"id":5293,"date":"2012-04-14T23:58:20","date_gmt":"2012-04-14T23:58:20","guid":{"rendered":"http:\/\/lyonelkaufmann.ch\/histoire\/?p=5293"},"modified":"2012-04-14T23:58:20","modified_gmt":"2012-04-14T23:58:20","slug":"essential-questions-in-american-history-the-gilder-lehrman-institute-of-american-history","status":"publish","type":"post","link":"https:\/\/lyonelkaufmann.ch\/Blog\/2012\/04\/14\/essential-questions-in-american-history-the-gilder-lehrman-institute-of-american-history\/","title":{"rendered":"Essential Questions in American History | The Gilder Lehrman Institute of American History"},"content":{"rendered":"<p>Via <a style='font-weight:bold;font-size:18px;' href='http:\/\/www.scoop.it\/t\/histoire\/p\/1601546188\/essential-questions-in-american-history-the-gilder-lehrman-institute-of-american-history'>Scoop.it<\/a> &#8211; <a href='http:\/\/www.scoop.it\/t\/histoire'>histoire<\/a><\/p>\n<p>Ce site propose une s&eacute;rie de courtes vid&eacute;os autour des \u00ab\u00a0Questions essentielles de l&rsquo;histoire des Etats-Unis\u00a0\u00bb (en anglais). Des historiens s&rsquo;expriment tels Christopher Brown sur l&rsquo;esclavage, Edward L. Ayers sur la Guerre de S&eacute;cession ou Pauline Maier au sujet de la R&eacute;volution am&eacute;ricaine.<\/p>\n<p>Sur le m&ecirc;me site, on trouve une liste de 163 questions se rapportant &agrave; l&rsquo;histoire des Etats-Unis : <a href=\"http:\/\/www.gilderlehrman.org\/history-by-era\/resources\/essential-questions-teaching-american-history\">http:\/\/www.gilderlehrman.org\/history-by-era\/resources\/essential-questions-teaching-american-history<\/a><\/p>\n<p>Tout simplement impressionnant et remarquable. <\/p>\n<p><a href='http:\/\/www.gilderlehrman.org\/programs-exhibitions\/essential-questions-american-history'>Via www.gilderlehrman.org<\/a><\/p>\n","protected":false},"excerpt":{"rendered":"<p>Via Scoop.it &#8211; histoire Ce site propose une s&eacute;rie de courtes vid&eacute;os autour des \u00ab\u00a0Questions essentielles de l&rsquo;histoire des Etats-Unis\u00a0\u00bb (en anglais). Des historiens s&rsquo;expriment tels Christopher Brown sur l&rsquo;esclavage, Edward L. Ayers sur la Guerre de S&eacute;cession ou Pauline Maier au sujet de la R&eacute;volution am&eacute;ricaine. Sur le m&ecirc;me site, on trouve une liste [&hellip;]<\/p>\n","protected":false},"author":1,"featured_media":14680,"comment_status":"open","ping_status":"open","sticky":false,"template":"","format":"standard","meta":{"_import_markdown_pro_load_document_selector":0,"_import_markdown_pro_submit_text_textarea":"","_genesis_hide_title":false,"_genesis_hide_breadcrumbs":false,"_genesis_hide_singular_image":false,"_genesis_hide_footer_widgets":false,"_genesis_custom_body_class":"","_genesis_custom_post_class":"","_genesis_layout":"","jetpack_post_was_ever_published":false,"_jetpack_newsletter_access":"","_jetpack_dont_email_post_to_subs":false,"_jetpack_newsletter_tier_id":0,"_jetpack_memberships_contains_paywalled_content":false,"_jetpack_memberships_contains_paid_content":false,"activitypub_content_warning":"","activitypub_content_visibility":"","activitypub_max_image_attachments":3,"activitypub_interaction_policy_quote":"anyone","activitypub_status":"","footnotes":"","jetpack_publicize_message":"","jetpack_publicize_feature_enabled":true,"jetpack_social_post_already_shared":true,"jetpack_social_options":{"image_generator_settings":{"template":"fullscreen","default_image_id":0,"font":"","enabled":false},"version":2}},"categories":[2],"tags":[],"class_list":{"0":"post-5293","1":"post","2":"type-post","3":"status-publish","4":"format-standard","5":"has-post-thumbnail","7":"category-histoire-2","8":"entry"},"jetpack_publicize_connections":[],"featured_image_src":"https:\/\/i0.wp.com\/lyonelkaufmann.ch\/Blog\/wp-content\/uploads\/2015\/03\/blogcafe1.jpg?resize=600%2C400&ssl=1","featured_image_src_square":"https:\/\/i0.wp.com\/lyonelkaufmann.ch\/Blog\/wp-content\/uploads\/2015\/03\/blogcafe1.jpg?resize=600%2C600&ssl=1","author_info":{"display_name":"Lyonel Kaufmann","author_link":"https:\/\/lyonelkaufmann.ch\/Blog\/author\/lyonelk\/"},"jetpack_featured_media_url":"https:\/\/i0.wp.com\/lyonelkaufmann.ch\/Blog\/wp-content\/uploads\/2015\/03\/blogcafe1.jpg?fit=1024%2C683&ssl=1","jetpack_sharing_enabled":true,"jetpack_shortlink":"https:\/\/wp.me\/p1qtF4-1nn","jetpack-related-posts":[{"id":7861,"url":"https:\/\/lyonelkaufmann.ch\/Blog\/2007\/10\/29\/roy-rosenzweig-19502007\/","url_meta":{"origin":5293,"position":0},"title":"Roy Rosenzweig (1950\u20142007)","author":"Lyonel Kaufmann","date":"29 octobre 2007","format":false,"excerpt":"Roy Rosenzweig (1950\u20142007) Roy Rosenzweig n'est pas un historien fort connu dans nos contr\u00e9es. C'est dommage. Historien am\u00e9ricain, il est un des pionniers relativement \u00e0 l'histoire et l'utilisation des nouveaux m\u00e9dias. Ses pr\u00e9occupations portaient notamment sur la mise \u00e0 disposition de ressources historiques sous forme digitale (Digital history). Parmi ses\u2026","rel":"","context":"Dans &quot;histoire&quot;","block_context":{"text":"histoire","link":"https:\/\/lyonelkaufmann.ch\/Blog\/category\/histoire-2\/"},"img":{"alt_text":"","src":"https:\/\/i0.wp.com\/lyonelkaufmann.ch\/Blog\/wp-content\/uploads\/2015\/03\/158.jpg?fit=234%2C252&ssl=1&resize=350%2C200","width":350,"height":200},"classes":[]},{"id":7126,"url":"https:\/\/lyonelkaufmann.ch\/Blog\/2013\/06\/03\/comment-proteger-lhistoire-du-politique-the-history-education-network\/","url_meta":{"origin":5293,"position":1},"title":"Comment prot\u00e9ger l\u2019histoire du politique? | The History Education Network","author":"Lyonel Kaufmann","date":"3 juin 2013","format":false,"excerpt":"\"Comment prot\u00e9ger l\u2019histoire du politique[1]? Si on veut permettre aux citoyens d\u2019aujourd\u2019hui et de demain de se pr\u00e9munir contre la propagande, il faut leur donner les outils intellectuels n\u00e9cessaires. En histoire, ces outils sont de l\u2019ordre de la m\u00e9thode. Tenter d\u2019enseigner l\u2019histoire comme certains le font, en narrant un r\u00e9cit\u2026","rel":"","context":"Dans &quot;histoire&quot;","block_context":{"text":"histoire","link":"https:\/\/lyonelkaufmann.ch\/Blog\/category\/histoire-2\/"},"img":{"alt_text":"","src":"https:\/\/i0.wp.com\/lyonelkaufmann.ch\/Blog\/wp-content\/uploads\/2015\/03\/blogcafe1.jpg?fit=1024%2C683&ssl=1&resize=350%2C200","width":350,"height":200,"srcset":"https:\/\/i0.wp.com\/lyonelkaufmann.ch\/Blog\/wp-content\/uploads\/2015\/03\/blogcafe1.jpg?fit=1024%2C683&ssl=1&resize=350%2C200 1x, https:\/\/i0.wp.com\/lyonelkaufmann.ch\/Blog\/wp-content\/uploads\/2015\/03\/blogcafe1.jpg?fit=1024%2C683&ssl=1&resize=525%2C300 1.5x, https:\/\/i0.wp.com\/lyonelkaufmann.ch\/Blog\/wp-content\/uploads\/2015\/03\/blogcafe1.jpg?fit=1024%2C683&ssl=1&resize=700%2C400 2x"},"classes":[]},{"id":4273,"url":"https:\/\/lyonelkaufmann.ch\/Blog\/2011\/11\/06\/the-new-deal-a-modern-history-michael-hiltzik\/","url_meta":{"origin":5293,"position":2},"title":"The New Deal : A Modern History | Michael Hiltzik","author":"Lyonel Kaufmann","date":"6 novembre 2011","format":false,"excerpt":"Tout d'abord laissez-moi affirmer ma ferme conviction que la seule chose que nous devons craindre est la crainte elle-m\u00eame\u2026 une terreur sans nom, irraisonn\u00e9e, injustifi\u00e9e qui paralyse les efforts n\u00e9cessaires pour la convertir et nous permettre d'avancer. Discours d'inauguration de Franklin D. Roosevelt 1 million de kilom\u00e8tres d\u2019autoroutes, 8.000 parcs,\u2026","rel":"","context":"Dans &quot;histoire&quot;","block_context":{"text":"histoire","link":"https:\/\/lyonelkaufmann.ch\/Blog\/category\/histoire-2\/"},"img":{"alt_text":"Cb4fe The New Deal A Modern American History by Michael Hiltzik","src":"https:\/\/i0.wp.com\/lyonelkaufmann.ch\/histoire\/wp-content\/uploads\/2011\/11\/cb4fe_The-New-Deal-A-Modern-American-History-by-Michael-Hiltzik1.png?resize=350%2C200","width":350,"height":200},"classes":[]},{"id":276,"url":"https:\/\/lyonelkaufmann.ch\/Blog\/2008\/01\/21\/la-droite-franaise-attaque-les-manuels-dhistoire-gographie\/","url_meta":{"origin":5293,"position":3},"title":"La droite fran\u00e7aise attaque les manuels d&rsquo;histoire-g\u00e9ographie","author":"Lyonel Kaufmann","date":"21 janvier 2008","format":false,"excerpt":"L'Expresso du 21 Janvier 2008 Histoire-G\u00e9o : La droite attaque les manuels. La campagne contre les manuels scolaires va-t-elle se porter des Ses \u00e0 l'histoire-g\u00e9ographie ? Le Figaro, qui a lanc\u00e9 la campagne anti-SES, publie le 17 janvier un article sur les manuels d'histoire et de g\u00e9ographie. \"Le minist\u00e8re de\u2026","rel":"","context":"Dans &quot;histoire&quot;","block_context":{"text":"histoire","link":"https:\/\/lyonelkaufmann.ch\/Blog\/category\/histoire-2\/"},"img":{"alt_text":"","src":"https:\/\/i0.wp.com\/lyonelkaufmann.ch\/Blog\/wp-content\/uploads\/2015\/03\/blogcafe1.jpg?fit=1024%2C683&ssl=1&resize=350%2C200","width":350,"height":200,"srcset":"https:\/\/i0.wp.com\/lyonelkaufmann.ch\/Blog\/wp-content\/uploads\/2015\/03\/blogcafe1.jpg?fit=1024%2C683&ssl=1&resize=350%2C200 1x, https:\/\/i0.wp.com\/lyonelkaufmann.ch\/Blog\/wp-content\/uploads\/2015\/03\/blogcafe1.jpg?fit=1024%2C683&ssl=1&resize=525%2C300 1.5x, https:\/\/i0.wp.com\/lyonelkaufmann.ch\/Blog\/wp-content\/uploads\/2015\/03\/blogcafe1.jpg?fit=1024%2C683&ssl=1&resize=700%2C400 2x"},"classes":[]},{"id":5593,"url":"https:\/\/lyonelkaufmann.ch\/Blog\/2012\/07\/04\/histoire-serieuse-et-histoire-grand-public-la-concurrence-des-histoires-chronique-no-134\/","url_meta":{"origin":5293,"position":4},"title":"Histoire \u00abs\u00e9rieuse\u00bb et histoire grand public : la concurrence des histoires ? |\u00a0Chronique no 134","author":"Lyonel Kaufmann","date":"4 juillet 2012","format":false,"excerpt":"A intervalle r\u00e9gulier, l\u2019histoire universitaire renvoie aupr\u00e8s du grand public une image peu flatteuse d\u2019elle-m\u00eame. Dans son num\u00e9ro de mars 2012 et sur son site internet, l\u2019American Historical Association (AHA) d\u00e9battait du \u00abProfessionnal Boredom\u00bb\u00a0in History (L\u2019ennui professionnel en histoire) et son pr\u00e9sident William Cronon plaidait pour une \u00e9criture de l\u2019histoire\u2026","rel":"","context":"Dans &quot;histoire&quot;","block_context":{"text":"histoire","link":"https:\/\/lyonelkaufmann.ch\/Blog\/category\/histoire-2\/"},"img":{"alt_text":"","src":"https:\/\/i0.wp.com\/lyonelkaufmann.ch\/Blog\/wp-content\/uploads\/2015\/03\/blogcafe1.jpg?fit=1024%2C683&ssl=1&resize=350%2C200","width":350,"height":200,"srcset":"https:\/\/i0.wp.com\/lyonelkaufmann.ch\/Blog\/wp-content\/uploads\/2015\/03\/blogcafe1.jpg?fit=1024%2C683&ssl=1&resize=350%2C200 1x, https:\/\/i0.wp.com\/lyonelkaufmann.ch\/Blog\/wp-content\/uploads\/2015\/03\/blogcafe1.jpg?fit=1024%2C683&ssl=1&resize=525%2C300 1.5x, https:\/\/i0.wp.com\/lyonelkaufmann.ch\/Blog\/wp-content\/uploads\/2015\/03\/blogcafe1.jpg?fit=1024%2C683&ssl=1&resize=700%2C400 2x"},"classes":[]},{"id":489,"url":"https:\/\/lyonelkaufmann.ch\/Blog\/2008\/11\/06\/we-made-history\/","url_meta":{"origin":5293,"position":5},"title":"\u00ab\u00a0We made history\u00a0\u00bb","author":"Lyonel Kaufmann","date":"6 novembre 2008","format":false,"excerpt":"Je pourrais dire que cela n'a pas tra\u00een\u00e9. Hier, je proposais un parcours de l'ascension de Barack Obama au travers de son utilisation de l'histoire dans les discours. Aujourd'hui, je peux vous pr\u00e9senter la traduction graphique du fait qu'en devenant le premier pr\u00e9sident des Etats-Unis issu de la communaut\u00e9 afro-am\u00e9ricaine\u2026","rel":"","context":"Dans &quot;histoire&quot;","block_context":{"text":"histoire","link":"https:\/\/lyonelkaufmann.ch\/Blog\/category\/histoire-2\/"},"img":{"alt_text":"Barack Obama: &quot;We Made History&quot; Prints","src":"https:\/\/i0.wp.com\/farm4.static.flickr.com\/3071\/3006538362_4671208a5f.jpg?resize=350%2C200","width":350,"height":200},"classes":[]}],"jetpack_likes_enabled":true,"_links":{"self":[{"href":"https:\/\/lyonelkaufmann.ch\/Blog\/wp-json\/wp\/v2\/posts\/5293","targetHints":{"allow":["GET"]}}],"collection":[{"href":"https:\/\/lyonelkaufmann.ch\/Blog\/wp-json\/wp\/v2\/posts"}],"about":[{"href":"https:\/\/lyonelkaufmann.ch\/Blog\/wp-json\/wp\/v2\/types\/post"}],"author":[{"embeddable":true,"href":"https:\/\/lyonelkaufmann.ch\/Blog\/wp-json\/wp\/v2\/users\/1"}],"replies":[{"embeddable":true,"href":"https:\/\/lyonelkaufmann.ch\/Blog\/wp-json\/wp\/v2\/comments?post=5293"}],"version-history":[{"count":0,"href":"https:\/\/lyonelkaufmann.ch\/Blog\/wp-json\/wp\/v2\/posts\/5293\/revisions"}],"wp:featuredmedia":[{"embeddable":true,"href":"https:\/\/lyonelkaufmann.ch\/Blog\/wp-json\/wp\/v2\/media\/14680"}],"wp:attachment":[{"href":"https:\/\/lyonelkaufmann.ch\/Blog\/wp-json\/wp\/v2\/media?parent=5293"}],"wp:term":[{"taxonomy":"category","embeddable":true,"href":"https:\/\/lyonelkaufmann.ch\/Blog\/wp-json\/wp\/v2\/categories?post=5293"},{"taxonomy":"post_tag","embeddable":true,"href":"https:\/\/lyonelkaufmann.ch\/Blog\/wp-json\/wp\/v2\/tags?post=5293"}],"curies":[{"name":"wp","href":"https:\/\/api.w.org\/{rel}","templated":true}]}}