{"id":5306,"date":"2012-04-18T11:21:34","date_gmt":"2012-04-18T11:21:34","guid":{"rendered":"http:\/\/lyonelkaufmann.ch\/histoire\/?p=5306"},"modified":"2012-04-18T11:21:34","modified_gmt":"2012-04-18T11:21:34","slug":"la-differenciation-pedagogique","status":"publish","type":"post","link":"https:\/\/lyonelkaufmann.ch\/Blog\/2012\/04\/18\/la-differenciation-pedagogique\/","title":{"rendered":"La diff\u00e9renciation p\u00e9dagogique"},"content":{"rendered":"<p>Via <a style=\"font-weight:bold;font-size:18px;\" href=\"http:\/\/www.scoop.it\/t\/histoire\/p\/1618323796\/la-differenciation-pedagogique\">Scoop.it<\/a> &#8211; <a href=\"http:\/\/www.scoop.it\/t\/histoire\">histoire<\/a><br \/>\n<img decoding=\"async\" src=\"http:\/\/img.scoop.it\/BJDA9T8r8-FBViGA2eO6tDl72eJkfbmt4t8yenImKBXEejxNn4ZJNZ2ss5Ku7Cxt\" alt=\"\" \/><\/p>\n<p>Pour chaque discipline, il est sugger\u00e9 quelques \u00e9l\u00e9ments de diff\u00e9renciation en regard aux quatre dispositifs, soit les contenus, les structures, les processus et les productions.<\/p>\n<p>Voici un aper\u00e7u de ce qui est propos\u00e9 pour les Sciences humaines et sociales (Univers social au Qu\u00e9bec) :<\/p>\n<p><a href=\"https:\/\/i0.wp.com\/lyonelkaufmann.ch\/histoire\/wp-content\/uploads\/2012\/04\/differenciation_univers_social.png\"><img data-recalc-dims=\"1\" loading=\"lazy\" decoding=\"async\" class=\"alignnone  wp-image-5311\" title=\"differenciation_univers_social\" src=\"https:\/\/i0.wp.com\/lyonelkaufmann.ch\/histoire\/wp-content\/uploads\/2012\/04\/differenciation_univers_social.png?resize=533%2C422\" alt=\"\" width=\"533\" height=\"422\" \/><\/a><\/p>\n<p>Vous trouverez sur le site le document original au format .pdf.<br \/>\n<a href=\"http:\/\/www.differenciation.org\/index.html\">Via www.differenciation.org<\/a><\/p>\n","protected":false},"excerpt":{"rendered":"<p>Via Scoop.it &#8211; histoire Pour chaque discipline, il est sugger\u00e9 quelques \u00e9l\u00e9ments de diff\u00e9renciation en regard aux quatre dispositifs, soit les contenus, les structures, les processus et les productions. Voici un aper\u00e7u de ce qui est propos\u00e9 pour les Sciences humaines et sociales (Univers social au Qu\u00e9bec) : Vous trouverez sur le site le document [&hellip;]<\/p>\n","protected":false},"author":1,"featured_media":14071,"comment_status":"open","ping_status":"open","sticky":false,"template":"","format":"standard","meta":{"_import_markdown_pro_load_document_selector":0,"_import_markdown_pro_submit_text_textarea":"","_genesis_hide_title":false,"_genesis_hide_breadcrumbs":false,"_genesis_hide_singular_image":false,"_genesis_hide_footer_widgets":false,"_genesis_custom_body_class":"","_genesis_custom_post_class":"","_genesis_layout":"","jetpack_post_was_ever_published":false,"_jetpack_newsletter_access":"","_jetpack_dont_email_post_to_subs":false,"_jetpack_newsletter_tier_id":0,"_jetpack_memberships_contains_paywalled_content":false,"_jetpack_memberships_contains_paid_content":false,"activitypub_content_warning":"","activitypub_content_visibility":"","activitypub_max_image_attachments":3,"activitypub_interaction_policy_quote":"anyone","activitypub_status":"","footnotes":"","jetpack_publicize_message":"","jetpack_publicize_feature_enabled":true,"jetpack_social_post_already_shared":true,"jetpack_social_options":{"image_generator_settings":{"template":"fullscreen","default_image_id":0,"font":"","enabled":false},"version":2}},"categories":[2],"tags":[],"class_list":{"0":"post-5306","1":"post","2":"type-post","3":"status-publish","4":"format-standard","5":"has-post-thumbnail","7":"category-histoire-2","8":"entry"},"jetpack_publicize_connections":[],"featured_image_src":"https:\/\/i0.wp.com\/lyonelkaufmann.ch\/Blog\/wp-content\/uploads\/2015\/03\/BJDA9T8r8-FBViGA2eO6tDl72eJkfbmt4t8yenImKBXEejxNn4ZJNZ2ss5Ku7Cxt.jpg?resize=425%2C157&ssl=1","featured_image_src_square":"https:\/\/i0.wp.com\/lyonelkaufmann.ch\/Blog\/wp-content\/uploads\/2015\/03\/BJDA9T8r8-FBViGA2eO6tDl72eJkfbmt4t8yenImKBXEejxNn4ZJNZ2ss5Ku7Cxt.jpg?resize=425%2C157&ssl=1","author_info":{"display_name":"Lyonel Kaufmann","author_link":"https:\/\/lyonelkaufmann.ch\/Blog\/author\/lyonelk\/"},"jetpack_featured_media_url":"https:\/\/i0.wp.com\/lyonelkaufmann.ch\/Blog\/wp-content\/uploads\/2015\/03\/BJDA9T8r8-FBViGA2eO6tDl72eJkfbmt4t8yenImKBXEejxNn4ZJNZ2ss5Ku7Cxt.jpg?fit=425%2C157&ssl=1","jetpack_sharing_enabled":true,"jetpack_shortlink":"https:\/\/wp.me\/p1qtF4-1nA","jetpack-related-posts":[{"id":12697,"url":"https:\/\/lyonelkaufmann.ch\/Blog\/2011\/03\/10\/la-popularite-de-la-presse-sur-les-reseaux-sociaux-crossmedias\/","url_meta":{"origin":5306,"position":0},"title":"La popularit\u00e9 de la presse sur les r\u00e9seaux sociaux | Crossm\u00e9dias","author":"Lyonel Kaufmann","date":"10 mars 2011","format":"aside","excerpt":"De l\u2019autre c\u00f4t\u00e9 de l\u2019Atlantique, le New-York Times poss\u00e8de aujourd\u2019hui un plus grand nombre de followers sur Twitter que d\u2019abonn\u00e9s \u00e0 sa version papier (observation relev\u00e9e par le site sp\u00e9cialis\u00e9 am\u00e9ricain Journalistics). Le journal diff\u00e9rencie ses strat\u00e9gies web et papier. Alors que la premi\u00e8re ne diffuse que des annonces courtes,\u2026","rel":"","context":"Dans &quot;L'Expresso&quot;","block_context":{"text":"L'Expresso","link":"https:\/\/lyonelkaufmann.ch\/Blog\/category\/breves\/"},"img":{"alt_text":"","src":"https:\/\/i0.wp.com\/lyonelkaufmann.ch\/Blog\/wp-content\/uploads\/2015\/03\/blogcafe1.jpg?fit=1024%2C683&ssl=1&resize=350%2C200","width":350,"height":200,"srcset":"https:\/\/i0.wp.com\/lyonelkaufmann.ch\/Blog\/wp-content\/uploads\/2015\/03\/blogcafe1.jpg?fit=1024%2C683&ssl=1&resize=350%2C200 1x, https:\/\/i0.wp.com\/lyonelkaufmann.ch\/Blog\/wp-content\/uploads\/2015\/03\/blogcafe1.jpg?fit=1024%2C683&ssl=1&resize=525%2C300 1.5x, https:\/\/i0.wp.com\/lyonelkaufmann.ch\/Blog\/wp-content\/uploads\/2015\/03\/blogcafe1.jpg?fit=1024%2C683&ssl=1&resize=700%2C400 2x"},"classes":[]},{"id":1439,"url":"https:\/\/lyonelkaufmann.ch\/Blog\/2009\/07\/29\/lectures-dete-preparer-sa-rentree-1\/","url_meta":{"origin":5306,"position":1},"title":"Lectures d&rsquo;\u00e9t\u00e9: Pr\u00e9parer sa rentr\u00e9e (1)","author":"Lyonel Kaufmann","date":"29 juillet 2009","format":false,"excerpt":"Quand l'\u00e9t\u00e9 vient c'est le temps tout \u00e0 la fois de lire des romans policiers et de pr\u00e9parer sa rentr\u00e9e \u00e0 l'aide de lectures stimulantes. Voici les miennes p\u00each\u00e9es sur la to\u00eele. 5 Innovative Ways to Differentiate Instruction as Witnessed During My Visit to the School of One Si les\u2026","rel":"","context":"Dans &quot;histoire&quot;","block_context":{"text":"histoire","link":"https:\/\/lyonelkaufmann.ch\/Blog\/category\/histoire-2\/"},"img":{"alt_text":"","src":"https:\/\/i0.wp.com\/lyonelkaufmann.ch\/Blog\/wp-content\/uploads\/2015\/03\/blogcafe1.jpg?fit=1024%2C683&ssl=1&resize=350%2C200","width":350,"height":200,"srcset":"https:\/\/i0.wp.com\/lyonelkaufmann.ch\/Blog\/wp-content\/uploads\/2015\/03\/blogcafe1.jpg?fit=1024%2C683&ssl=1&resize=350%2C200 1x, https:\/\/i0.wp.com\/lyonelkaufmann.ch\/Blog\/wp-content\/uploads\/2015\/03\/blogcafe1.jpg?fit=1024%2C683&ssl=1&resize=525%2C300 1.5x, https:\/\/i0.wp.com\/lyonelkaufmann.ch\/Blog\/wp-content\/uploads\/2015\/03\/blogcafe1.jpg?fit=1024%2C683&ssl=1&resize=700%2C400 2x"},"classes":[]},{"id":7712,"url":"https:\/\/lyonelkaufmann.ch\/Blog\/2006\/06\/16\/programme-dhistoire-de-lecole-quebecoise\/","url_meta":{"origin":5306,"position":2},"title":"Programme d&rsquo;histoire de l&rsquo;\u00e9cole qu\u00e9b\u00e9coise","author":"Lyonel Kaufmann","date":"16 juin 2006","format":false,"excerpt":"PROGRAMME DE FORMATION DE L'\u00c9COLE QU\u00c9B\u00c9COISE Enseignement secondaire, deuxi\u00e8me cycle Histoire et \u00e9ducation \u00e0 la citoyennet\u00e9 Document aux fins de validation - 15 juin 2006 version fran\u00e7aise, 1,7 Mo Direction g\u00e9n\u00e9rale de la formation des jeunes Le site du gouvernement qu\u00e9b\u00e9cois vient de mettre en consultation son nouveau programme d'histoire\u2026","rel":"","context":"Dans &quot;histoire&quot;","block_context":{"text":"histoire","link":"https:\/\/lyonelkaufmann.ch\/Blog\/category\/histoire-2\/"},"img":{"alt_text":"","src":"https:\/\/i0.wp.com\/lyonelkaufmann.ch\/Blog\/wp-content\/uploads\/2015\/03\/blogcafe1.jpg?fit=1024%2C683&ssl=1&resize=350%2C200","width":350,"height":200,"srcset":"https:\/\/i0.wp.com\/lyonelkaufmann.ch\/Blog\/wp-content\/uploads\/2015\/03\/blogcafe1.jpg?fit=1024%2C683&ssl=1&resize=350%2C200 1x, https:\/\/i0.wp.com\/lyonelkaufmann.ch\/Blog\/wp-content\/uploads\/2015\/03\/blogcafe1.jpg?fit=1024%2C683&ssl=1&resize=525%2C300 1.5x, https:\/\/i0.wp.com\/lyonelkaufmann.ch\/Blog\/wp-content\/uploads\/2015\/03\/blogcafe1.jpg?fit=1024%2C683&ssl=1&resize=700%2C400 2x"},"classes":[]},{"id":5367,"url":"https:\/\/lyonelkaufmann.ch\/Blog\/2012\/05\/03\/obeir-en-1914-1918-la-vie-des-idees\/","url_meta":{"origin":5306,"position":3},"title":"Ob\u00e9ir en 1914-1918 | La Vie des id\u00e9es","author":"Lyonel Kaufmann","date":"3 mai 2012","format":false,"excerpt":"See on Scoop.it - histoirePourquoi les poilus ont-ils accept\u00e9 de se battre, de tuer, de mourir ? Si l\u2019ob\u00e9issance aux ordres d\u00e9pend de l\u2019autorit\u00e9 des grad\u00e9s, l\u2019adh\u00e9sion politique ou culturelle n\u2019y est pas directement li\u00e9e. Il est important, pour comprendre les sacrifices de la Grande Guerre, de replacer la \u00abrelation\u2026","rel":"","context":"Dans &quot;histoire&quot;","block_context":{"text":"histoire","link":"https:\/\/lyonelkaufmann.ch\/Blog\/category\/histoire-2\/"},"img":{"alt_text":"","src":"","width":0,"height":0},"classes":[]},{"id":5028,"url":"https:\/\/lyonelkaufmann.ch\/Blog\/2011\/10\/11\/steve-jobs-un-innovateur-schumpeterien-alternatives-economiques\/","url_meta":{"origin":5306,"position":4},"title":"Steve Jobs : un innovateur schumpeterien |\u00a0Alternatives \u00e9conomiques","author":"Lyonel Kaufmann","date":"11 octobre 2011","format":"aside","excerpt":"\u00abSteve Jobs incarne la figure de l'entrepreneur au sens o\u00f9 l'entendait l'\u00e9conomiste Joseph Schumpeter, c'est-\u00e0-dire celle d'un innovateur, qui sait sortir des sentiers battus et r\u00e9ussit par son charisme \u00e0 vaincre les r\u00e9sistances au changement de ses collaborateurs, des financiers ou des clients. La cl\u00e9 de cette diff\u00e9renciation se joue\u2026","rel":"","context":"Dans &quot;Blogcaf\u00e9&quot;","block_context":{"text":"Blogcaf\u00e9","link":"https:\/\/lyonelkaufmann.ch\/Blog\/category\/blogcafe-2\/"},"img":{"alt_text":"","src":"https:\/\/i0.wp.com\/lyonelkaufmann.ch\/Blog\/wp-content\/uploads\/2015\/03\/blogcafe1.jpg?fit=1024%2C683&ssl=1&resize=350%2C200","width":350,"height":200,"srcset":"https:\/\/i0.wp.com\/lyonelkaufmann.ch\/Blog\/wp-content\/uploads\/2015\/03\/blogcafe1.jpg?fit=1024%2C683&ssl=1&resize=350%2C200 1x, https:\/\/i0.wp.com\/lyonelkaufmann.ch\/Blog\/wp-content\/uploads\/2015\/03\/blogcafe1.jpg?fit=1024%2C683&ssl=1&resize=525%2C300 1.5x, https:\/\/i0.wp.com\/lyonelkaufmann.ch\/Blog\/wp-content\/uploads\/2015\/03\/blogcafe1.jpg?fit=1024%2C683&ssl=1&resize=700%2C400 2x"},"classes":[]},{"id":18597,"url":"https:\/\/lyonelkaufmann.ch\/Blog\/2017\/10\/11\/bramberg-1\/","url_meta":{"origin":5306,"position":5},"title":"Bramberg (1)","author":"Lyonel Kaufmann","date":"11 octobre 2017","format":false,"excerpt":"Apr\u00e8s Schwarzenburg et sa campagne, je poursuis en direction de Neuenegg \u00e0 la recherche du monument de la bataille de Laupen (1339). Arriv\u00e9 \u00e0 Bramberg, le monument est facilement rep\u00e9rable, tr\u00f4nant au sommet d'une cr\u00eate. La bataille de Laupen eut lieu le 21 juin 1339. Elle opposa une coalition form\u00e9e\u2026","rel":"","context":"Dans &quot;Blogcaf\u00e9&quot;","block_context":{"text":"Blogcaf\u00e9","link":"https:\/\/lyonelkaufmann.ch\/Blog\/category\/blogcafe-2\/"},"img":{"alt_text":"","src":"https:\/\/i0.wp.com\/lyonelkaufmann.ch\/Blog\/wp-content\/uploads\/2017\/10\/IMGP2458.jpg?fit=798%2C1200&ssl=1&resize=350%2C200","width":350,"height":200,"srcset":"https:\/\/i0.wp.com\/lyonelkaufmann.ch\/Blog\/wp-content\/uploads\/2017\/10\/IMGP2458.jpg?fit=798%2C1200&ssl=1&resize=350%2C200 1x, https:\/\/i0.wp.com\/lyonelkaufmann.ch\/Blog\/wp-content\/uploads\/2017\/10\/IMGP2458.jpg?fit=798%2C1200&ssl=1&resize=525%2C300 1.5x, https:\/\/i0.wp.com\/lyonelkaufmann.ch\/Blog\/wp-content\/uploads\/2017\/10\/IMGP2458.jpg?fit=798%2C1200&ssl=1&resize=700%2C400 2x"},"classes":[]}],"jetpack_likes_enabled":true,"_links":{"self":[{"href":"https:\/\/lyonelkaufmann.ch\/Blog\/wp-json\/wp\/v2\/posts\/5306","targetHints":{"allow":["GET"]}}],"collection":[{"href":"https:\/\/lyonelkaufmann.ch\/Blog\/wp-json\/wp\/v2\/posts"}],"about":[{"href":"https:\/\/lyonelkaufmann.ch\/Blog\/wp-json\/wp\/v2\/types\/post"}],"author":[{"embeddable":true,"href":"https:\/\/lyonelkaufmann.ch\/Blog\/wp-json\/wp\/v2\/users\/1"}],"replies":[{"embeddable":true,"href":"https:\/\/lyonelkaufmann.ch\/Blog\/wp-json\/wp\/v2\/comments?post=5306"}],"version-history":[{"count":0,"href":"https:\/\/lyonelkaufmann.ch\/Blog\/wp-json\/wp\/v2\/posts\/5306\/revisions"}],"wp:featuredmedia":[{"embeddable":true,"href":"https:\/\/lyonelkaufmann.ch\/Blog\/wp-json\/wp\/v2\/media\/14071"}],"wp:attachment":[{"href":"https:\/\/lyonelkaufmann.ch\/Blog\/wp-json\/wp\/v2\/media?parent=5306"}],"wp:term":[{"taxonomy":"category","embeddable":true,"href":"https:\/\/lyonelkaufmann.ch\/Blog\/wp-json\/wp\/v2\/categories?post=5306"},{"taxonomy":"post_tag","embeddable":true,"href":"https:\/\/lyonelkaufmann.ch\/Blog\/wp-json\/wp\/v2\/tags?post=5306"}],"curies":[{"name":"wp","href":"https:\/\/api.w.org\/{rel}","templated":true}]}}