{"id":5313,"date":"2012-04-19T15:24:39","date_gmt":"2012-04-19T15:24:39","guid":{"rendered":"http:\/\/lyonelkaufmann.ch\/histoire\/?p=5313"},"modified":"2012-04-19T15:24:39","modified_gmt":"2012-04-19T15:24:39","slug":"la-grande-pauvrete-des-rescapes-de-la-shoah-en-israel-slate","status":"publish","type":"post","link":"https:\/\/lyonelkaufmann.ch\/Blog\/2012\/04\/19\/la-grande-pauvrete-des-rescapes-de-la-shoah-en-israel-slate\/","title":{"rendered":"La grande pauvret\u00e9 des rescap\u00e9s de la Shoah en Isra\u00ebl | Slate"},"content":{"rendered":"<p>See on <a style='font-weight:bold;font-size:18px;' href='http:\/\/www.scoop.it\/t\/histoire\/p\/1630205123\/la-grande-pauvrete-des-rescapes-de-la-shoah-en-israel-slate'>Scoop.it<\/a> &#8211; <a href='http:\/\/www.scoop.it\/t\/histoire'>histoire<\/a><br \/><img src='http:\/\/img.scoop.it\/TERuWqTZy1bK3sW8k112vzl72eJkfbmt4t8yenImKBXEejxNn4ZJNZ2ss5Ku7Cxt' \/><\/p>\n<blockquote><p> Pr&egrave;s de 200.000 survivants de la Shoah vivent en Isra&euml;l. Mais pr&egrave;s d&rsquo;un quart d&rsquo;entre eux vivent sous le seuil de pauvret&eacute; et presque la moiti&eacute; souffre de solitude.<\/p><\/blockquote>\n<p>See on <a href='http:\/\/www.slate.fr\/story\/53609\/pauvrete-rescapes-shoah-israel'>www.slate.fr<\/a><\/p>\n","protected":false},"excerpt":{"rendered":"<p>See on Scoop.it &#8211; histoire Pr&egrave;s de 200.000 survivants de la Shoah vivent en Isra&euml;l. Mais pr&egrave;s d&rsquo;un quart d&rsquo;entre eux vivent sous le seuil de pauvret&eacute; et presque la moiti&eacute; souffre de solitude. See on www.slate.fr<\/p>\n","protected":false},"author":1,"featured_media":14072,"comment_status":"open","ping_status":"open","sticky":false,"template":"","format":"standard","meta":{"_import_markdown_pro_load_document_selector":0,"_import_markdown_pro_submit_text_textarea":"","_genesis_hide_title":false,"_genesis_hide_breadcrumbs":false,"_genesis_hide_singular_image":false,"_genesis_hide_footer_widgets":false,"_genesis_custom_body_class":"","_genesis_custom_post_class":"","_genesis_layout":"","jetpack_post_was_ever_published":false,"_jetpack_newsletter_access":"","_jetpack_dont_email_post_to_subs":false,"_jetpack_newsletter_tier_id":0,"_jetpack_memberships_contains_paywalled_content":false,"_jetpack_memberships_contains_paid_content":false,"activitypub_content_warning":"","activitypub_content_visibility":"","activitypub_max_image_attachments":3,"activitypub_interaction_policy_quote":"anyone","activitypub_status":"","footnotes":"","jetpack_publicize_message":"","jetpack_publicize_feature_enabled":true,"jetpack_social_post_already_shared":true,"jetpack_social_options":{"image_generator_settings":{"template":"fullscreen","default_image_id":0,"font":"","enabled":false},"version":2}},"categories":[2],"tags":[],"class_list":{"0":"post-5313","1":"post","2":"type-post","3":"status-publish","4":"format-standard","5":"has-post-thumbnail","7":"category-histoire-2","8":"entry"},"jetpack_publicize_connections":[],"featured_image_src":"https:\/\/i0.wp.com\/lyonelkaufmann.ch\/Blog\/wp-content\/uploads\/2015\/03\/TERuWqTZy1bK3sW8k112vzl72eJkfbmt4t8yenImKBXEejxNn4ZJNZ2ss5Ku7Cxt.jpg?resize=500%2C275&ssl=1","featured_image_src_square":"https:\/\/i0.wp.com\/lyonelkaufmann.ch\/Blog\/wp-content\/uploads\/2015\/03\/TERuWqTZy1bK3sW8k112vzl72eJkfbmt4t8yenImKBXEejxNn4ZJNZ2ss5Ku7Cxt.jpg?resize=500%2C275&ssl=1","author_info":{"display_name":"Lyonel Kaufmann","author_link":"https:\/\/lyonelkaufmann.ch\/Blog\/author\/lyonelk\/"},"jetpack_featured_media_url":"https:\/\/i0.wp.com\/lyonelkaufmann.ch\/Blog\/wp-content\/uploads\/2015\/03\/TERuWqTZy1bK3sW8k112vzl72eJkfbmt4t8yenImKBXEejxNn4ZJNZ2ss5Ku7Cxt.jpg?fit=500%2C275&ssl=1","jetpack_sharing_enabled":true,"jetpack_shortlink":"https:\/\/wp.me\/p1qtF4-1nH","jetpack-related-posts":[{"id":5568,"url":"https:\/\/lyonelkaufmann.ch\/Blog\/2012\/06\/22\/revue-de-presse-enseigner-lhistoire-de-la-shoah-memorial-de-la-shoah\/","url_meta":{"origin":5313,"position":0},"title":"Revue de presse : Enseigner l&rsquo;histoire de la Shoah |\u00a0M\u00e9morial de la Shoah","author":"Lyonel Kaufmann","date":"22 juin 2012","format":false,"excerpt":"Le M\u00e9morial de la Shoah et le minist\u00e8re de l'\u00e9ducation nationale ont ouvert le 27 mars un nouveau site destin\u00e9 aux enseignants.Il propose des s\u00e9quences adaptables pour la classe du primaire au lyc\u00e9e. Le site propose des fiches historique th\u00e9matiques, des documents d'archive et de nombreux documents p\u00e9dagogiques. Les enseignants\u2026","rel":"","context":"Dans &quot;histoire&quot;","block_context":{"text":"histoire","link":"https:\/\/lyonelkaufmann.ch\/Blog\/category\/histoire-2\/"},"img":{"alt_text":"","src":"https:\/\/i0.wp.com\/lyonelkaufmann.ch\/Blog\/wp-content\/uploads\/2015\/03\/blogcafe1.jpg?fit=1024%2C683&ssl=1&resize=350%2C200","width":350,"height":200,"srcset":"https:\/\/i0.wp.com\/lyonelkaufmann.ch\/Blog\/wp-content\/uploads\/2015\/03\/blogcafe1.jpg?fit=1024%2C683&ssl=1&resize=350%2C200 1x, https:\/\/i0.wp.com\/lyonelkaufmann.ch\/Blog\/wp-content\/uploads\/2015\/03\/blogcafe1.jpg?fit=1024%2C683&ssl=1&resize=525%2C300 1.5x, https:\/\/i0.wp.com\/lyonelkaufmann.ch\/Blog\/wp-content\/uploads\/2015\/03\/blogcafe1.jpg?fit=1024%2C683&ssl=1&resize=700%2C400 2x"},"classes":[]},{"id":5644,"url":"https:\/\/lyonelkaufmann.ch\/Blog\/2012\/07\/20\/revue-de-presse-enseigner-lhistoire-de-la-shoah-memorial-de-la-shoah-2\/","url_meta":{"origin":5313,"position":1},"title":"Revue de presse : Enseigner l&rsquo;histoire de la Shoah |\u00a0M\u00e9morial de la Shoah","author":"Lyonel Kaufmann","date":"20 juillet 2012","format":false,"excerpt":"Le M\u00e9morial de la Shoah et le minist\u00e8re de l'\u00e9ducation nationale ont ouvert le 27 mars un nouveau site destin\u00e9 aux enseignants.Il propose des s\u00e9quences adaptables pour la classe du primaire au lyc\u00e9e. Le site propose des fiches historique th\u00e9matiques, des documents d'archive et de nombreux documents p\u00e9dagogiques. Les enseignants\u2026","rel":"","context":"Dans &quot;histoire&quot;","block_context":{"text":"histoire","link":"https:\/\/lyonelkaufmann.ch\/Blog\/category\/histoire-2\/"},"img":{"alt_text":"","src":"https:\/\/i0.wp.com\/lyonelkaufmann.ch\/Blog\/wp-content\/uploads\/2015\/03\/blogcafe1.jpg?fit=1024%2C683&ssl=1&resize=350%2C200","width":350,"height":200,"srcset":"https:\/\/i0.wp.com\/lyonelkaufmann.ch\/Blog\/wp-content\/uploads\/2015\/03\/blogcafe1.jpg?fit=1024%2C683&ssl=1&resize=350%2C200 1x, https:\/\/i0.wp.com\/lyonelkaufmann.ch\/Blog\/wp-content\/uploads\/2015\/03\/blogcafe1.jpg?fit=1024%2C683&ssl=1&resize=525%2C300 1.5x, https:\/\/i0.wp.com\/lyonelkaufmann.ch\/Blog\/wp-content\/uploads\/2015\/03\/blogcafe1.jpg?fit=1024%2C683&ssl=1&resize=700%2C400 2x"},"classes":[]},{"id":5007,"url":"https:\/\/lyonelkaufmann.ch\/Blog\/2012\/02\/03\/revue-de-presse-gino-bartali-un-juste-sur-un-velo-letemps-ch\/","url_meta":{"origin":5313,"position":2},"title":"Revue de presse : Gino Bartali, un Juste sur un v\u00e9lo | LeTemps.ch","author":"Lyonel Kaufmann","date":"3 f\u00e9vrier 2012","format":false,"excerpt":"Un aspect m\u00e9connu qui grandit encore Gino Bartali. Le sportif toscan, \u00e9ternel adversaire de Fausto Coppi, devrait \u00eatre prochainement proclam\u00e9 \u00abJuste parmi les nations\u00bb par l\u2019Etat d\u2019Isra\u00ebl pour son r\u00f4le durant la Seconde Guerre mondiale. L'article retrace d'abord la carri\u00e8re et la rivalit\u00e9 existant avec Coppi.Gino Bartali, un Juste sur\u2026","rel":"","context":"Dans &quot;histoire&quot;","block_context":{"text":"histoire","link":"https:\/\/lyonelkaufmann.ch\/Blog\/category\/histoire-2\/"},"img":{"alt_text":"","src":"https:\/\/i0.wp.com\/lyonelkaufmann.ch\/Blog\/wp-content\/uploads\/2015\/03\/blogcafe1.jpg?fit=1024%2C683&ssl=1&resize=350%2C200","width":350,"height":200,"srcset":"https:\/\/i0.wp.com\/lyonelkaufmann.ch\/Blog\/wp-content\/uploads\/2015\/03\/blogcafe1.jpg?fit=1024%2C683&ssl=1&resize=350%2C200 1x, https:\/\/i0.wp.com\/lyonelkaufmann.ch\/Blog\/wp-content\/uploads\/2015\/03\/blogcafe1.jpg?fit=1024%2C683&ssl=1&resize=525%2C300 1.5x, https:\/\/i0.wp.com\/lyonelkaufmann.ch\/Blog\/wp-content\/uploads\/2015\/03\/blogcafe1.jpg?fit=1024%2C683&ssl=1&resize=700%2C400 2x"},"classes":[]},{"id":7897,"url":"https:\/\/lyonelkaufmann.ch\/Blog\/2014\/01\/12\/revue-de-presse-dieudonne-les-rouages-du-shoah-business\/","url_meta":{"origin":5313,"position":3},"title":"Revue de presse : Dieudonn\u00e9 : les rouages du Shoah business","author":"Lyonel Kaufmann","date":"12 janvier 2014","format":false,"excerpt":"Tr\u00e8s bon texte adress\u00e9 \u00e0 un d\u00e9fenseur de Dieudonn\u00e9 et d\u00e9montant le syst\u00e8me d'un mec qui \u00abfait du business sur la Shoah en d\u00e9non\u00e7ant le Shoah business.\u00bb En m\u00eame temps, ce texte d\u00e9montre l'\u00e9chec du devoir de m\u00e9moire de la Shoah en milieu scolaire lorsque celle-ci n'inflige aux \u00e9l\u00e8ves qu'\u00abun\u2026","rel":"","context":"Dans &quot;histoire&quot;","block_context":{"text":"histoire","link":"https:\/\/lyonelkaufmann.ch\/Blog\/category\/histoire-2\/"},"img":{"alt_text":"","src":"https:\/\/i0.wp.com\/lyonelkaufmann.ch\/Blog\/wp-content\/uploads\/2015\/03\/blogcafe1.jpg?fit=1024%2C683&ssl=1&resize=350%2C200","width":350,"height":200,"srcset":"https:\/\/i0.wp.com\/lyonelkaufmann.ch\/Blog\/wp-content\/uploads\/2015\/03\/blogcafe1.jpg?fit=1024%2C683&ssl=1&resize=350%2C200 1x, https:\/\/i0.wp.com\/lyonelkaufmann.ch\/Blog\/wp-content\/uploads\/2015\/03\/blogcafe1.jpg?fit=1024%2C683&ssl=1&resize=525%2C300 1.5x, https:\/\/i0.wp.com\/lyonelkaufmann.ch\/Blog\/wp-content\/uploads\/2015\/03\/blogcafe1.jpg?fit=1024%2C683&ssl=1&resize=700%2C400 2x"},"classes":[]},{"id":1616,"url":"https:\/\/lyonelkaufmann.ch\/Blog\/2009\/10\/19\/le-musee-dauschwitz-birkenau-sinstalle-sur-facebook-lemonde-fr\/","url_meta":{"origin":5313,"position":4},"title":"Le mus\u00e9e d&rsquo;Auschwitz-Birkenau s&rsquo;installe sur Facebook | LeMonde.fr","author":"Lyonel Kaufmann","date":"19 octobre 2009","format":false,"excerpt":"Si, conform\u00e9ment \u00e0 notre mission, nous voulons \u00e9duquer les jeunes, leur enseigner la responsabilit\u00e9 pour le monde dans lequel ils vivent, nous devons utiliser les moyens de communication que les jeunes utilisent eux-m\u00eames. Propos de\u00a0Pawel Sawicki, le porte-parole du mus\u00e9e d'Auschwitz-Birkenau, \u00e0 l'AFP. Source: Le mus\u00e9e d'Auschwitz-Birkenau s'installe sur Facebook\u2026","rel":"","context":"Dans &quot;histoire&quot;","block_context":{"text":"histoire","link":"https:\/\/lyonelkaufmann.ch\/Blog\/category\/histoire-2\/"},"img":{"alt_text":"","src":"https:\/\/i0.wp.com\/lyonelkaufmann.ch\/Blog\/wp-content\/uploads\/2015\/03\/blogcafe1.jpg?fit=1024%2C683&ssl=1&resize=350%2C200","width":350,"height":200,"srcset":"https:\/\/i0.wp.com\/lyonelkaufmann.ch\/Blog\/wp-content\/uploads\/2015\/03\/blogcafe1.jpg?fit=1024%2C683&ssl=1&resize=350%2C200 1x, https:\/\/i0.wp.com\/lyonelkaufmann.ch\/Blog\/wp-content\/uploads\/2015\/03\/blogcafe1.jpg?fit=1024%2C683&ssl=1&resize=525%2C300 1.5x, https:\/\/i0.wp.com\/lyonelkaufmann.ch\/Blog\/wp-content\/uploads\/2015\/03\/blogcafe1.jpg?fit=1024%2C683&ssl=1&resize=700%2C400 2x"},"classes":[]},{"id":14558,"url":"https:\/\/lyonelkaufmann.ch\/Blog\/2015\/02\/24\/revue-de-presse-le-salaire-minimum-savere-impuissant-face-a-un-niveau-de-pauvrete-record-en-allemagne-euractiv-fr\/","url_meta":{"origin":5313,"position":5},"title":"Revue de Presse : Le salaire minimum s&rsquo;av\u00e8re impuissant face \u00e0 un niveau de pauvret\u00e9 record en Allemagne | EurActiv.fr","author":"Lyonel Kaufmann","date":"24 f\u00e9vrier 2015","format":false,"excerpt":"Douze\u00a0millions de personnes vivent sous le seuil de pauvret\u00e9 outre-Rhin, un record selon l'\u00e9tude d'une association allemande d\u2019aide sociale. Qui estime que l'introduction du salaire minimum ne r\u00e9soudra rien. Un article d'EurActiv\u00a0Allemagne. A retenir : \u00abLa pauvret\u00e9 a atteint un niveau jamais atteint en Allemagne, selon un rapport r\u00e9alis\u00e9 par\u2026","rel":"","context":"Dans &quot;Diary&quot;","block_context":{"text":"Diary","link":"https:\/\/lyonelkaufmann.ch\/Blog\/category\/diary\/"},"img":{"alt_text":"","src":"https:\/\/i0.wp.com\/lyonelkaufmann.ch\/Blog\/wp-content\/uploads\/2015\/03\/1wiVxfx.jpg?fit=460%2C307&ssl=1&resize=350%2C200","width":350,"height":200},"classes":[]}],"jetpack_likes_enabled":true,"_links":{"self":[{"href":"https:\/\/lyonelkaufmann.ch\/Blog\/wp-json\/wp\/v2\/posts\/5313","targetHints":{"allow":["GET"]}}],"collection":[{"href":"https:\/\/lyonelkaufmann.ch\/Blog\/wp-json\/wp\/v2\/posts"}],"about":[{"href":"https:\/\/lyonelkaufmann.ch\/Blog\/wp-json\/wp\/v2\/types\/post"}],"author":[{"embeddable":true,"href":"https:\/\/lyonelkaufmann.ch\/Blog\/wp-json\/wp\/v2\/users\/1"}],"replies":[{"embeddable":true,"href":"https:\/\/lyonelkaufmann.ch\/Blog\/wp-json\/wp\/v2\/comments?post=5313"}],"version-history":[{"count":0,"href":"https:\/\/lyonelkaufmann.ch\/Blog\/wp-json\/wp\/v2\/posts\/5313\/revisions"}],"wp:featuredmedia":[{"embeddable":true,"href":"https:\/\/lyonelkaufmann.ch\/Blog\/wp-json\/wp\/v2\/media\/14072"}],"wp:attachment":[{"href":"https:\/\/lyonelkaufmann.ch\/Blog\/wp-json\/wp\/v2\/media?parent=5313"}],"wp:term":[{"taxonomy":"category","embeddable":true,"href":"https:\/\/lyonelkaufmann.ch\/Blog\/wp-json\/wp\/v2\/categories?post=5313"},{"taxonomy":"post_tag","embeddable":true,"href":"https:\/\/lyonelkaufmann.ch\/Blog\/wp-json\/wp\/v2\/tags?post=5313"}],"curies":[{"name":"wp","href":"https:\/\/api.w.org\/{rel}","templated":true}]}}