{"id":5323,"date":"2012-04-21T14:29:33","date_gmt":"2012-04-21T14:29:33","guid":{"rendered":"http:\/\/lyonelkaufmann.ch\/histoire\/?p=5323"},"modified":"2012-04-21T14:29:33","modified_gmt":"2012-04-21T14:29:33","slug":"civil-war-washington","status":"publish","type":"post","link":"https:\/\/lyonelkaufmann.ch\/Blog\/2012\/04\/21\/civil-war-washington\/","title":{"rendered":"Civil War Washington"},"content":{"rendered":"<p>See on <a style='font-weight:bold;font-size:18px;' href='http:\/\/www.scoop.it\/t\/histoire\/p\/1601582923\/civil-war-washington'>Scoop.it<\/a> &#8211; <a href='http:\/\/www.scoop.it\/t\/histoire'>histoire<\/a><br \/><img src='http:\/\/img.scoop.it\/dyfGyTfg_kbhvZO8HCxCbDl72eJkfbmt4t8yenImKBXEejxNn4ZJNZ2ss5Ku7Cxt' \/><\/p>\n<p>Le site \u00ab\u00a0La guerre civile &agrave; Washington\u00a0\u00bb compte plus de 200 p&eacute;titions &eacute;mancipation num&eacute;ris&eacute;s, des cartes et autres donn&eacute;es qui permettent d&rsquo;examiner la fa&ccedil;on dont la guerre civile a affect&eacute; Washington, D.C.<\/p>\n<p>Le projet s&rsquo;appuie sur les m&eacute;thodes de nombreux domaines-litt&eacute;raires &eacute;tudes, histoire, g&eacute;ographie, cartographie assist&eacute;e par ordinateur, afin de cr&eacute;er une ressource num&eacute;rique qui relate l&rsquo;impact de la guerre sur la ville. Les troupes, les esclaves fugitifs, les bureaucrates, les prostitu&eacute;es, com&eacute;diens, auteurs, m&eacute;decins, et les ouvriers ont &eacute;t&eacute; parmi ceux attir&eacute;s vers la capitale par sens du devoir, d&eacute;sespoir ou besoin d&rsquo;aventure. <\/p>\n<p>See on <a href='http:\/\/civilwardc.org\/'>civilwardc.org<\/a><\/p>\n","protected":false},"excerpt":{"rendered":"<p>See on Scoop.it &#8211; histoire Le site \u00ab\u00a0La guerre civile &agrave; Washington\u00a0\u00bb compte plus de 200 p&eacute;titions &eacute;mancipation num&eacute;ris&eacute;s, des cartes et autres donn&eacute;es qui permettent d&rsquo;examiner la fa&ccedil;on dont la guerre civile a affect&eacute; Washington, D.C. Le projet s&rsquo;appuie sur les m&eacute;thodes de nombreux domaines-litt&eacute;raires &eacute;tudes, histoire, g&eacute;ographie, cartographie assist&eacute;e par ordinateur, afin de [&hellip;]<\/p>\n","protected":false},"author":1,"featured_media":14073,"comment_status":"open","ping_status":"open","sticky":false,"template":"","format":"standard","meta":{"_import_markdown_pro_load_document_selector":0,"_import_markdown_pro_submit_text_textarea":"","_genesis_hide_title":false,"_genesis_hide_breadcrumbs":false,"_genesis_hide_singular_image":false,"_genesis_hide_footer_widgets":false,"_genesis_custom_body_class":"","_genesis_custom_post_class":"","_genesis_layout":"","jetpack_post_was_ever_published":false,"_jetpack_newsletter_access":"","_jetpack_dont_email_post_to_subs":false,"_jetpack_newsletter_tier_id":0,"_jetpack_memberships_contains_paywalled_content":false,"_jetpack_memberships_contains_paid_content":false,"activitypub_content_warning":"","activitypub_content_visibility":"","activitypub_max_image_attachments":3,"activitypub_interaction_policy_quote":"anyone","activitypub_status":"","footnotes":"","jetpack_publicize_message":"","jetpack_publicize_feature_enabled":true,"jetpack_social_post_already_shared":true,"jetpack_social_options":{"image_generator_settings":{"template":"fullscreen","default_image_id":0,"font":"","enabled":false},"version":2}},"categories":[2],"tags":[],"class_list":{"0":"post-5323","1":"post","2":"type-post","3":"status-publish","4":"format-standard","5":"has-post-thumbnail","7":"category-histoire-2","8":"entry"},"jetpack_publicize_connections":[],"featured_image_src":"https:\/\/i0.wp.com\/lyonelkaufmann.ch\/Blog\/wp-content\/uploads\/2015\/03\/dyfGyTfg_kbhvZO8HCxCbDl72eJkfbmt4t8yenImKBXEejxNn4ZJNZ2ss5Ku7Cxt.jpg?resize=283%2C101&ssl=1","featured_image_src_square":"https:\/\/i0.wp.com\/lyonelkaufmann.ch\/Blog\/wp-content\/uploads\/2015\/03\/dyfGyTfg_kbhvZO8HCxCbDl72eJkfbmt4t8yenImKBXEejxNn4ZJNZ2ss5Ku7Cxt.jpg?resize=283%2C101&ssl=1","author_info":{"display_name":"Lyonel Kaufmann","author_link":"https:\/\/lyonelkaufmann.ch\/Blog\/author\/lyonelk\/"},"jetpack_featured_media_url":"https:\/\/i0.wp.com\/lyonelkaufmann.ch\/Blog\/wp-content\/uploads\/2015\/03\/dyfGyTfg_kbhvZO8HCxCbDl72eJkfbmt4t8yenImKBXEejxNn4ZJNZ2ss5Ku7Cxt.jpg?fit=283%2C101&ssl=1","jetpack_sharing_enabled":true,"jetpack_shortlink":"https:\/\/wp.me\/p1qtF4-1nR","jetpack-related-posts":[{"id":7722,"url":"https:\/\/lyonelkaufmann.ch\/Blog\/2006\/07\/25\/les-suisses-et-la-guerre-despagne\/","url_meta":{"origin":5323,"position":0},"title":"Les Suisses et la Guerre d&rsquo;Espagne (1936-1939)","author":"Lyonel Kaufmann","date":"25 juillet 2006","format":false,"excerpt":"Le 18 juillet 1936 marque le d\u00e9but de la Guerre d'Espagne. Ce jour-l\u00e0, l'arm\u00e9e tente un coup d'Etat; ce dernier \u00e9choue, mais les g\u00e9n\u00e9raux rebelles, parmi lesquels figure le g\u00e9n\u00e9ral Franco, refusent la m\u00e9diation et poursuivent le combat. Pendant trois ans, cette guerre va d\u00e9chirer l'Espagne et co\u00fbter la vie\u2026","rel":"","context":"Dans &quot;histoire&quot;","block_context":{"text":"histoire","link":"https:\/\/lyonelkaufmann.ch\/Blog\/category\/histoire-2\/"},"img":{"alt_text":"","src":"https:\/\/i0.wp.com\/lyonelkaufmann.ch\/Blog\/wp-content\/uploads\/2015\/03\/blogcafe1.jpg?fit=1024%2C683&ssl=1&resize=350%2C200","width":350,"height":200,"srcset":"https:\/\/i0.wp.com\/lyonelkaufmann.ch\/Blog\/wp-content\/uploads\/2015\/03\/blogcafe1.jpg?fit=1024%2C683&ssl=1&resize=350%2C200 1x, https:\/\/i0.wp.com\/lyonelkaufmann.ch\/Blog\/wp-content\/uploads\/2015\/03\/blogcafe1.jpg?fit=1024%2C683&ssl=1&resize=525%2C300 1.5x, https:\/\/i0.wp.com\/lyonelkaufmann.ch\/Blog\/wp-content\/uploads\/2015\/03\/blogcafe1.jpg?fit=1024%2C683&ssl=1&resize=700%2C400 2x"},"classes":[]},{"id":6415,"url":"https:\/\/lyonelkaufmann.ch\/Blog\/2012\/11\/17\/sur-les-traces-de-george-washington-le-devoir\/","url_meta":{"origin":5323,"position":1},"title":"Sur les traces de George Washington | Le Devoir","author":"Lyonel Kaufmann","date":"17 novembre 2012","format":false,"excerpt":"Photo : Annik MH De Carufel - Le Devoir Les rebondissements de l\u2019histoire sont parfois \u00e9tranges. Comment un acte de reddition sign\u00e9 en 1754 de la main de George Washington, p\u00e8re fondateur des \u00c9tats-Unis, a-t-il pu traverser les si\u00e8cles pour se retrouver dans les archives qu\u00e9b\u00e9coises ? L'explication: \u00a0Sur les\u2026","rel":"","context":"Dans &quot;histoire&quot;","block_context":{"text":"histoire","link":"https:\/\/lyonelkaufmann.ch\/Blog\/category\/histoire-2\/"},"img":{"alt_text":"","src":"https:\/\/i0.wp.com\/lyonelkaufmann.ch\/Blog\/wp-content\/uploads\/2015\/03\/image1.jpg?fit=449%2C299&ssl=1&resize=350%2C200","width":350,"height":200},"classes":[]},{"id":4050,"url":"https:\/\/lyonelkaufmann.ch\/Blog\/2011\/09\/04\/pourquoi-ne-peut-on-pas-voir-le-discours-de-martin-luther-king-i-have-a-dream-sur-youtube\/","url_meta":{"origin":5323,"position":2},"title":"Pourquoi ne peut-on pas voir le discours de Martin Luther King &lsquo;I have a Dream&rsquo; sur Youtube?","author":"Lyonel Kaufmann","date":"4 septembre 2011","format":false,"excerpt":"Surprise, le fameux discours du pasteur Martin Luther King ne tombera pas dans le domaine public avant 2038\u2026 Express.be nous en explique les raisons. \u00abOn pourrait s\u2019attendre \u00e0 ce qu\u2019un discours historique tombe automatiquement dans le domaine public et devienne disponible \u00e0 la consultation gratuite sur Youtube. Mais ce n\u2019est\u2026","rel":"","context":"Dans &quot;histoire&quot;","block_context":{"text":"histoire","link":"https:\/\/lyonelkaufmann.ch\/Blog\/category\/histoire-2\/"},"img":{"alt_text":"20060829115601 Martin Luther King March on Washington","src":"https:\/\/i0.wp.com\/lyonelkaufmann.ch\/histoire\/wp-content\/uploads\/2011\/09\/20060829115601Martin_Luther_King_-_March_on_Washington1.jpg?resize=350%2C200","width":350,"height":200},"classes":[]},{"id":4203,"url":"https:\/\/lyonelkaufmann.ch\/Blog\/2011\/10\/20\/civil-war-diaries-letters-transcription-project-iowa-digital-library\/","url_meta":{"origin":5323,"position":3},"title":"Civil War Diaries &amp; Letters Transcription Project | Iowa Digital Library","author":"Lyonel Kaufmann","date":"20 octobre 2011","format":false,"excerpt":"Gr\u00e2ce au d\u00e9veloppement du \u00abcrowdsourcing\u00bb ou de d\u00e9marches collaboratives rendues possible par le web, les biblioth\u00e8ques ou les archives sont maintenant en mesure d'utiliser les connaissances et l'int\u00e9r\u00eat du public en g\u00e9n\u00e9ral pour r\u00e9pondre aux objectifs qu'ils n'auraient jamais le temps des ressources, financi\u00e8res et du personnel d'atteindre par leurs\u2026","rel":"","context":"Dans &quot;histoire&quot;","block_context":{"text":"histoire","link":"https:\/\/lyonelkaufmann.ch\/Blog\/category\/histoire-2\/"},"img":{"alt_text":"","src":"https:\/\/i0.wp.com\/lyonelkaufmann.ch\/Blog\/wp-content\/uploads\/2015\/03\/civilwar21.png?fit=600%2C339&ssl=1&resize=350%2C200","width":350,"height":200,"srcset":"https:\/\/i0.wp.com\/lyonelkaufmann.ch\/Blog\/wp-content\/uploads\/2015\/03\/civilwar21.png?fit=600%2C339&ssl=1&resize=350%2C200 1x, https:\/\/i0.wp.com\/lyonelkaufmann.ch\/Blog\/wp-content\/uploads\/2015\/03\/civilwar21.png?fit=600%2C339&ssl=1&resize=525%2C300 1.5x"},"classes":[]},{"id":5297,"url":"https:\/\/lyonelkaufmann.ch\/Blog\/2012\/04\/16\/16-avril-1862-lincoln-signe-la-loi-demancipation\/","url_meta":{"origin":5323,"position":4},"title":"16 avril 1862 : Lincoln signe la loi d&rsquo;\u00e9mancipation","author":"Lyonel Kaufmann","date":"16 avril 2012","format":false,"excerpt":"Le 16 Avril 1862, le pr\u00e9sident Abraham Lincoln promulgue la loi du Congr\u00e8s autorisant l'\u00e9mancipation des personnes r\u00e9duites en esclavage \u00e0 Washington, DC, et la compensation mon\u00e9taire de leurs propri\u00e9taires par le Tr\u00e9sor am\u00e9ricain. 150 ans plus tard, les Archives nationales am\u00e9ricaines marquent cet anniversaire en r\u00e9alisant et diffusant la\u2026","rel":"","context":"Dans &quot;histoire&quot;","block_context":{"text":"histoire","link":"https:\/\/lyonelkaufmann.ch\/Blog\/category\/histoire-2\/"},"img":{"alt_text":"","src":"https:\/\/i0.wp.com\/lyonelkaufmann.ch\/Blog\/wp-content\/uploads\/2015\/03\/0116.jpg?fit=480%2C360&ssl=1&resize=350%2C200","width":350,"height":200},"classes":[]},{"id":5023,"url":"https:\/\/lyonelkaufmann.ch\/Blog\/2012\/02\/07\/revue-de-presse-benoit-falaize-marianne-koreta-dir-la-guerre-despagne-lecrire-et-lenseigner\/","url_meta":{"origin":5323,"position":5},"title":"Revue de presse : Beno\u00eet Falaize, Marianne Koreta (dir.), La guerre d&rsquo;Espagne. L&rsquo;\u00e9crire et l&rsquo;enseigner","author":"Lyonel Kaufmann","date":"7 f\u00e9vrier 2012","format":false,"excerpt":"Il 's'agit d'un compte-rendu de l\u2019ouvrage dirig\u00e9 par Beno\u00eet Falaize et Marianne Koreta, issu des rencontres internationales de Lyon en 2007 autour des fa\u00e7ons d\u2019\u00e9crire et d\u2019enseigner la guerre d\u2019Espagne. L'ouvrage est compos\u00e9 de deux grandes parties, regroupant chacune plusieurs articles. Au sein de la premi\u00e8re partie, sont d\u00e9velopp\u00e9s, tout\u2026","rel":"","context":"Dans &quot;histoire&quot;","block_context":{"text":"histoire","link":"https:\/\/lyonelkaufmann.ch\/Blog\/category\/histoire-2\/"},"img":{"alt_text":"","src":"https:\/\/i0.wp.com\/lyonelkaufmann.ch\/Blog\/wp-content\/uploads\/2015\/03\/blogcafe1.jpg?fit=1024%2C683&ssl=1&resize=350%2C200","width":350,"height":200,"srcset":"https:\/\/i0.wp.com\/lyonelkaufmann.ch\/Blog\/wp-content\/uploads\/2015\/03\/blogcafe1.jpg?fit=1024%2C683&ssl=1&resize=350%2C200 1x, https:\/\/i0.wp.com\/lyonelkaufmann.ch\/Blog\/wp-content\/uploads\/2015\/03\/blogcafe1.jpg?fit=1024%2C683&ssl=1&resize=525%2C300 1.5x, https:\/\/i0.wp.com\/lyonelkaufmann.ch\/Blog\/wp-content\/uploads\/2015\/03\/blogcafe1.jpg?fit=1024%2C683&ssl=1&resize=700%2C400 2x"},"classes":[]}],"jetpack_likes_enabled":true,"_links":{"self":[{"href":"https:\/\/lyonelkaufmann.ch\/Blog\/wp-json\/wp\/v2\/posts\/5323","targetHints":{"allow":["GET"]}}],"collection":[{"href":"https:\/\/lyonelkaufmann.ch\/Blog\/wp-json\/wp\/v2\/posts"}],"about":[{"href":"https:\/\/lyonelkaufmann.ch\/Blog\/wp-json\/wp\/v2\/types\/post"}],"author":[{"embeddable":true,"href":"https:\/\/lyonelkaufmann.ch\/Blog\/wp-json\/wp\/v2\/users\/1"}],"replies":[{"embeddable":true,"href":"https:\/\/lyonelkaufmann.ch\/Blog\/wp-json\/wp\/v2\/comments?post=5323"}],"version-history":[{"count":0,"href":"https:\/\/lyonelkaufmann.ch\/Blog\/wp-json\/wp\/v2\/posts\/5323\/revisions"}],"wp:featuredmedia":[{"embeddable":true,"href":"https:\/\/lyonelkaufmann.ch\/Blog\/wp-json\/wp\/v2\/media\/14073"}],"wp:attachment":[{"href":"https:\/\/lyonelkaufmann.ch\/Blog\/wp-json\/wp\/v2\/media?parent=5323"}],"wp:term":[{"taxonomy":"category","embeddable":true,"href":"https:\/\/lyonelkaufmann.ch\/Blog\/wp-json\/wp\/v2\/categories?post=5323"},{"taxonomy":"post_tag","embeddable":true,"href":"https:\/\/lyonelkaufmann.ch\/Blog\/wp-json\/wp\/v2\/tags?post=5323"}],"curies":[{"name":"wp","href":"https:\/\/api.w.org\/{rel}","templated":true}]}}