{"id":5343,"date":"2012-04-25T08:41:48","date_gmt":"2012-04-25T08:41:48","guid":{"rendered":"http:\/\/lyonelkaufmann.ch\/histoire\/?p=5343"},"modified":"2012-04-25T08:41:48","modified_gmt":"2012-04-25T08:41:48","slug":"des-derangeants-secrets-de-lempire-britannique-publies-socialist-worker","status":"publish","type":"post","link":"https:\/\/lyonelkaufmann.ch\/Blog\/2012\/04\/25\/des-derangeants-secrets-de-lempire-britannique-publies-socialist-worker\/","title":{"rendered":"Des d\u00e9rangeants secrets de l&rsquo;Empire britannique publi\u00e9s |\u00a0Socialist Worker"},"content":{"rendered":"<p><strong>Alors que l&rsquo;establishment britannique souhaiterait favoriser, \u00e0 propos de l&rsquo;Empire colonial britannique l&rsquo;image d&rsquo;un colonialisme doux, l&rsquo;ouverture d&rsquo;archives jusqu&rsquo;\u00e0 pr\u00e9sent \u00abperdues\u00bb vient mettre \u00e0 mal ce mythe et cette absurdit\u00e9.<\/strong><\/p>\n<p>C&rsquo;est ainsi que ces archives montrent que, dans les ann\u00e9es 1940, le gouvernement britannique a s\u00e9rieusement envisag\u00e9 de tester des armes chimiques dans l&rsquo;actuel Botswana.<\/p>\n<p>De m\u00eame, dans les ann\u00e9es 1950, ce m\u00eame gouvernement punit brutalement et collectivement les Kenyans, soup\u00e7onn\u00e9s de soutenir le mouvement Mau-Mau. Comme il \u00e9limine les ennemis de l&rsquo;autorit\u00e9 coloniale en Malaisie.<\/p>\n<p>A lire :\u00a0<a href=\"http:\/\/www.socialistworker.co.uk\/art.php?id=28240\">Guilty secrets of British Empire exposed in newly released documents|28Apr12|Socialist Worker<\/a>.<\/p>\n","protected":false},"excerpt":{"rendered":"<p>Alors que l&rsquo;establishment britannique souhaiterait favoriser, \u00e0 propos de l&rsquo;Empire colonial britannique l&rsquo;image d&rsquo;un colonialisme doux, l&rsquo;ouverture d&rsquo;archives jusqu&rsquo;\u00e0 pr\u00e9sent \u00abperdues\u00bb vient mettre \u00e0 mal ce mythe et cette absurdit\u00e9. C&rsquo;est ainsi que ces archives montrent que, dans les ann\u00e9es 1940, le gouvernement britannique a s\u00e9rieusement envisag\u00e9 de tester des armes chimiques dans l&rsquo;actuel Botswana. [&hellip;]<\/p>\n","protected":false},"author":1,"featured_media":14680,"comment_status":"open","ping_status":"open","sticky":false,"template":"","format":"standard","meta":{"_import_markdown_pro_load_document_selector":0,"_import_markdown_pro_submit_text_textarea":"","_genesis_hide_title":false,"_genesis_hide_breadcrumbs":false,"_genesis_hide_singular_image":false,"_genesis_hide_footer_widgets":false,"_genesis_custom_body_class":"","_genesis_custom_post_class":"","_genesis_layout":"","jetpack_post_was_ever_published":false,"_jetpack_newsletter_access":"","_jetpack_dont_email_post_to_subs":false,"_jetpack_newsletter_tier_id":0,"_jetpack_memberships_contains_paywalled_content":false,"_jetpack_memberships_contains_paid_content":false,"activitypub_content_warning":"","activitypub_content_visibility":"","activitypub_max_image_attachments":3,"activitypub_interaction_policy_quote":"anyone","activitypub_status":"","footnotes":"","jetpack_publicize_message":"","jetpack_publicize_feature_enabled":true,"jetpack_social_post_already_shared":true,"jetpack_social_options":{"image_generator_settings":{"template":"fullscreen","default_image_id":0,"font":"","enabled":false},"version":2}},"categories":[2],"tags":[],"class_list":{"0":"post-5343","1":"post","2":"type-post","3":"status-publish","4":"format-standard","5":"has-post-thumbnail","7":"category-histoire-2","8":"entry"},"jetpack_publicize_connections":[],"featured_image_src":"https:\/\/i0.wp.com\/lyonelkaufmann.ch\/Blog\/wp-content\/uploads\/2015\/03\/blogcafe1.jpg?resize=600%2C400&ssl=1","featured_image_src_square":"https:\/\/i0.wp.com\/lyonelkaufmann.ch\/Blog\/wp-content\/uploads\/2015\/03\/blogcafe1.jpg?resize=600%2C600&ssl=1","author_info":{"display_name":"Lyonel Kaufmann","author_link":"https:\/\/lyonelkaufmann.ch\/Blog\/author\/lyonelk\/"},"jetpack_featured_media_url":"https:\/\/i0.wp.com\/lyonelkaufmann.ch\/Blog\/wp-content\/uploads\/2015\/03\/blogcafe1.jpg?fit=1024%2C683&ssl=1","jetpack_sharing_enabled":true,"jetpack_shortlink":"https:\/\/wp.me\/p1qtF4-1ob","jetpack-related-posts":[{"id":7927,"url":"https:\/\/lyonelkaufmann.ch\/Blog\/2014\/03\/21\/la-trahison-de-cortes-desobeissance-proces-politiques-et-gouvernement-des-indes-de-castille-seconde-moitie-du-xvie-siecle-le-blog-de-lhistoire\/","url_meta":{"origin":5343,"position":0},"title":"La trahison de Cort\u00e9s \u2013 D\u00e9sob\u00e9issance, proc\u00e8s politiques et gouvernement des Indes de Castille, seconde moiti\u00e9 du XVIe si\u00e8cle","author":"Lyonel Kaufmann","date":"21 mars 2014","format":false,"excerpt":"Pr\u00e9sentation de l'\u00e9diteur : Ourdi au Mexique en 1565, le complot de Martin Cort\u00e9s (fils d\u2019Hernan Cort\u00e9s) s\u2019av\u00e8re paradigmatique des nombreuses r\u00e9bellions contre la couronne de Castille. Loin de se r\u00e9duire \u00e0 un face-\u00e0-face entre Espagnols et Indiens, la conqu\u00eate brouille tous les clivages et s\u00e9cr\u00e8te pr\u00e9cocement une conscience politique\u2026","rel":"","context":"Dans &quot;histoire&quot;","block_context":{"text":"histoire","link":"https:\/\/lyonelkaufmann.ch\/Blog\/category\/histoire-2\/"},"img":{"alt_text":"","src":"","width":0,"height":0},"classes":[]},{"id":7062,"url":"https:\/\/lyonelkaufmann.ch\/Blog\/2013\/05\/15\/philippe-delisle-bande-dessinee-franco-belge-et-imaginaire-colonial-emulations-revue-des-jeunes-chercheurs-en-sciences-sociales\/","url_meta":{"origin":5343,"position":1},"title":"Philippe Delisle &#8211; Bande dessin\u00e9e franco-belge et imaginaire colonial | \u00c9mulations &#8211; Revue des jeunes chercheurs en sciences sociales","author":"Lyonel Kaufmann","date":"15 mai 2013","format":false,"excerpt":"Benoit Lucien Vaillot, de\u00a0Sciences Po Lyon - Universit\u00e9 Lumi\u00e8re Lyon 2, nous offre un compte-rendu de l'ouvrage de\u00a0Philippe Delisle\u00a0Bande dessin\u00e9e franco-belge et imaginaire colonial. Des ann\u00e9es 1930 aux ann\u00e9es 1980. Depuis une quinzaine d\u2019ann\u00e9es, des historiens : Nicolas Bancel, Pascal Blanchard ou encore Sandrine Lemaire en t\u00eate, d\u00e9veloppent le concept\u2026","rel":"","context":"Dans &quot;histoire&quot;","block_context":{"text":"histoire","link":"https:\/\/lyonelkaufmann.ch\/Blog\/category\/histoire-2\/"},"img":{"alt_text":"","src":"","width":0,"height":0},"classes":[]},{"id":1301,"url":"https:\/\/lyonelkaufmann.ch\/Blog\/2009\/05\/04\/eric-hobsbawm-a-lage-des-incertitudes-mediapart\/","url_meta":{"origin":5343,"position":2},"title":"Eric Hobsbawm \u00e0 l&rsquo;\u00e2ge des incertitudes | Mediapart","author":"Lyonel Kaufmann","date":"4 mai 2009","format":false,"excerpt":"Mediapart nous propose un interview vid\u00e9o en cinq parties avec Eric Hobsbawm \u00e0 l'occasion de la sortie en fran\u00e7ais de deux ouvrages de cet important historien britannique, sp\u00e9cialiste des 19e et 20e si\u00e8cles. Le premier de ces ouvrages est consacr\u00e9 \u00e0 L'Empire, la d\u00e9mocratie et le terrorisme et l'autre \u00e0\u2026","rel":"","context":"Dans &quot;histoire&quot;","block_context":{"text":"histoire","link":"https:\/\/lyonelkaufmann.ch\/Blog\/category\/histoire-2\/"},"img":{"alt_text":"","src":"https:\/\/i0.wp.com\/lyonelkaufmann.ch\/Blog\/wp-content\/uploads\/2015\/03\/blogcafe1.jpg?fit=1024%2C683&ssl=1&resize=350%2C200","width":350,"height":200,"srcset":"https:\/\/i0.wp.com\/lyonelkaufmann.ch\/Blog\/wp-content\/uploads\/2015\/03\/blogcafe1.jpg?fit=1024%2C683&ssl=1&resize=350%2C200 1x, https:\/\/i0.wp.com\/lyonelkaufmann.ch\/Blog\/wp-content\/uploads\/2015\/03\/blogcafe1.jpg?fit=1024%2C683&ssl=1&resize=525%2C300 1.5x, https:\/\/i0.wp.com\/lyonelkaufmann.ch\/Blog\/wp-content\/uploads\/2015\/03\/blogcafe1.jpg?fit=1024%2C683&ssl=1&resize=700%2C400 2x"},"classes":[]},{"id":16179,"url":"https:\/\/lyonelkaufmann.ch\/Blog\/2016\/03\/26\/dernier-tour-de-rotatives-pour-le-quotidien-britannique-the-independent\/","url_meta":{"origin":5343,"position":3},"title":"Dernier tour de rotatives pour le quotidien britannique The Independent","author":"Lyonel Kaufmann","date":"26 mars 2016","format":false,"excerpt":"Les employ\u00e9s du quotidien britannique The Independent, dont les ventes sont en chute libre depuis quelques ann\u00e9es, ont envoy\u00e9 vendredi pour la derni\u00e8re fois \u00e0 l'impression leur journal, qui s'appr\u00eate \u00e0 passer au 100% num\u00e9rique. The Independent, n\u00e9 en octobre 1986, est le quotidien national le moins distribu\u00e9 au Royaume-Uni.\u2026","rel":"","context":"Dans &quot;Blogcaf\u00e9&quot;","block_context":{"text":"Blogcaf\u00e9","link":"https:\/\/lyonelkaufmann.ch\/Blog\/category\/blogcafe-2\/"},"img":{"alt_text":"","src":"https:\/\/i0.wp.com\/lyonelkaufmann.ch\/Blog\/wp-content\/uploads\/2016\/03\/img_0233.jpg?fit=641%2C427&ssl=1&resize=350%2C200","width":350,"height":200,"srcset":"https:\/\/i0.wp.com\/lyonelkaufmann.ch\/Blog\/wp-content\/uploads\/2016\/03\/img_0233.jpg?fit=641%2C427&ssl=1&resize=350%2C200 1x, https:\/\/i0.wp.com\/lyonelkaufmann.ch\/Blog\/wp-content\/uploads\/2016\/03\/img_0233.jpg?fit=641%2C427&ssl=1&resize=525%2C300 1.5x"},"classes":[]},{"id":7098,"url":"https:\/\/lyonelkaufmann.ch\/Blog\/2013\/05\/31\/trois-nouveaux-livres-sur-le-colonialisme-allemand\/","url_meta":{"origin":5343,"position":4},"title":"Trois nouveaux livres sur le colonialisme allemand","author":"Lyonel Kaufmann","date":"31 mai 2013","format":false,"excerpt":"See on Scoop.it - histoire L'histoire du colonialisme allemand est un th\u00e8me montant dans l'historiographie r\u00e9cente. Cette histoire avait \u00e9t\u00e9 n\u00e9glig\u00e9e par le pass\u00e9. On tend maintenant \u00e0 consid\u00e9rer que, au contraire, l\u2019exp\u00e9rience coloniale allemande a \u00e9t\u00e9 d\u00e9cisive, car elle aurait pr\u00e9par\u00e9 le terrain \u00e0 l\u2019Holocauste.\u00a0Trois nouveaux livres viennent contribuer\u2026","rel":"","context":"Dans &quot;histoire&quot;","block_context":{"text":"histoire","link":"https:\/\/lyonelkaufmann.ch\/Blog\/category\/histoire-2\/"},"img":{"alt_text":"","src":"https:\/\/i0.wp.com\/lyonelkaufmann.ch\/Blog\/wp-content\/uploads\/2015\/03\/Zi6o5szP40Lk9vRbE9RYTzl72eJkfbmt4t8yenImKBXEejxNn4ZJNZ2ss5Ku7Cxt.jpg?fit=500%2C757&ssl=1&resize=350%2C200","width":350,"height":200},"classes":[]},{"id":6460,"url":"https:\/\/lyonelkaufmann.ch\/Blog\/2012\/11\/27\/toute-commemoration-est-elle-une-question-sociale-vive-chronique-no-137\/","url_meta":{"origin":5343,"position":5},"title":"Toute comm\u00e9moration est-elle une question sociale vive? | Chronique no 137","author":"Lyonel Kaufmann","date":"27 novembre 2012","format":false,"excerpt":"Que ce soit en France ou au Qu\u00e9bec les derni\u00e8res ou prochaines comm\u00e9morations sont l'objet de controverses.\u00a0\u00a0Un peu partout nous sommes en pr\u00e9sence de la concurrence des m\u00e9moires.\u00a0Avec en filigrane deux questions : toute comm\u00e9moration est-elle une question sociale vive? Comment les aborder d\u00e8s lors en classe?\u00a0 Au mois d'octobre,\u2026","rel":"","context":"Dans &quot;histoire&quot;","block_context":{"text":"histoire","link":"https:\/\/lyonelkaufmann.ch\/Blog\/category\/histoire-2\/"},"img":{"alt_text":"","src":"https:\/\/i0.wp.com\/lyonelkaufmann.ch\/Blog\/wp-content\/uploads\/2015\/03\/0122.jpg?fit=480%2C360&ssl=1&resize=350%2C200","width":350,"height":200},"classes":[]}],"jetpack_likes_enabled":true,"_links":{"self":[{"href":"https:\/\/lyonelkaufmann.ch\/Blog\/wp-json\/wp\/v2\/posts\/5343","targetHints":{"allow":["GET"]}}],"collection":[{"href":"https:\/\/lyonelkaufmann.ch\/Blog\/wp-json\/wp\/v2\/posts"}],"about":[{"href":"https:\/\/lyonelkaufmann.ch\/Blog\/wp-json\/wp\/v2\/types\/post"}],"author":[{"embeddable":true,"href":"https:\/\/lyonelkaufmann.ch\/Blog\/wp-json\/wp\/v2\/users\/1"}],"replies":[{"embeddable":true,"href":"https:\/\/lyonelkaufmann.ch\/Blog\/wp-json\/wp\/v2\/comments?post=5343"}],"version-history":[{"count":0,"href":"https:\/\/lyonelkaufmann.ch\/Blog\/wp-json\/wp\/v2\/posts\/5343\/revisions"}],"wp:featuredmedia":[{"embeddable":true,"href":"https:\/\/lyonelkaufmann.ch\/Blog\/wp-json\/wp\/v2\/media\/14680"}],"wp:attachment":[{"href":"https:\/\/lyonelkaufmann.ch\/Blog\/wp-json\/wp\/v2\/media?parent=5343"}],"wp:term":[{"taxonomy":"category","embeddable":true,"href":"https:\/\/lyonelkaufmann.ch\/Blog\/wp-json\/wp\/v2\/categories?post=5343"},{"taxonomy":"post_tag","embeddable":true,"href":"https:\/\/lyonelkaufmann.ch\/Blog\/wp-json\/wp\/v2\/tags?post=5343"}],"curies":[{"name":"wp","href":"https:\/\/api.w.org\/{rel}","templated":true}]}}