{"id":5350,"date":"2012-05-01T07:42:57","date_gmt":"2012-05-01T07:42:57","guid":{"rendered":"http:\/\/lyonelkaufmann.ch\/histoire\/?p=5350"},"modified":"2012-05-01T07:42:57","modified_gmt":"2012-05-01T07:42:57","slug":"la-rentree-des-classes-la-vie-des-idees","status":"publish","type":"post","link":"https:\/\/lyonelkaufmann.ch\/Blog\/2012\/05\/01\/la-rentree-des-classes-la-vie-des-idees\/","title":{"rendered":"La rentr\u00e9e des classes | La Vie des id\u00e9es"},"content":{"rendered":"<p><a href=\"http:\/\/www.laviedesidees.fr\/La-rentree-des-classes.html\"><img data-recalc-dims=\"1\" loading=\"lazy\" decoding=\"async\" class=\"alignleft\" src=\"https:\/\/i0.wp.com\/lyonelkaufmann.ch\/histoire\/wp-content\/uploads\/2012\/05\/arton1842-66fc3.png?resize=113%2C200\" alt=\"\" width=\"113\" height=\"200\" \/><\/a> L\u2019ouvrage de Paul Willis, paru il y a trente ans et r\u00e9cemment traduit, analyse \u00e0 partir d\u2019un travail ethnographique minutieux la r\u00e9sistance des enfants d\u2019ouvriers \u00e0 la scolarisation, contribuant ainsi \u00e0 la reproduction des in\u00e9galit\u00e9s sociales. L\u2019enqu\u00eate n\u2019a rien perdu de son actualit\u00e9.<\/p>\n<p>L&rsquo;ouvrage :\u00a0Paul Willis,\u00a0<em>L\u2019\u00c9cole des ouvriers. Comment les enfants d\u2019ouvriers obtiennent des boulots d\u2019ouvriers<\/em>. Traduction de l\u2019anglais par Bernard H\u0153pffner. Pr\u00e9face, postface et entretien avec l\u2019auteur par Sylvain Laurens &amp; Julian Mischi. Agone, 2011. 456 p., 25 \u20ac.<\/p>\n<p>Son compte-rendu :\u00a0<a href=\"http:\/\/www.laviedesidees.fr\/La-rentree-des-classes.html\">La rentr\u00e9e des classes &#8211; La Vie des id\u00e9es<\/a>.<\/p>\n","protected":false},"excerpt":{"rendered":"<p>L\u2019ouvrage de Paul Willis, paru il y a trente ans et r\u00e9cemment traduit, analyse \u00e0 partir d\u2019un travail ethnographique minutieux la r\u00e9sistance des enfants d\u2019ouvriers \u00e0 la scolarisation, contribuant ainsi \u00e0 la reproduction des in\u00e9galit\u00e9s sociales. L\u2019enqu\u00eate n\u2019a rien perdu de son actualit\u00e9. L&rsquo;ouvrage :\u00a0Paul Willis,\u00a0L\u2019\u00c9cole des ouvriers. Comment les enfants d\u2019ouvriers obtiennent des boulots [&hellip;]<\/p>\n","protected":false},"author":1,"featured_media":14074,"comment_status":"open","ping_status":"open","sticky":false,"template":"","format":"standard","meta":{"_import_markdown_pro_load_document_selector":0,"_import_markdown_pro_submit_text_textarea":"","_genesis_hide_title":false,"_genesis_hide_breadcrumbs":false,"_genesis_hide_singular_image":false,"_genesis_hide_footer_widgets":false,"_genesis_custom_body_class":"","_genesis_custom_post_class":"","_genesis_layout":"","jetpack_post_was_ever_published":false,"_jetpack_newsletter_access":"","_jetpack_dont_email_post_to_subs":false,"_jetpack_newsletter_tier_id":0,"_jetpack_memberships_contains_paywalled_content":false,"_jetpack_memberships_contains_paid_content":false,"activitypub_content_warning":"","activitypub_content_visibility":"","activitypub_max_image_attachments":3,"activitypub_interaction_policy_quote":"anyone","activitypub_status":"","footnotes":"","jetpack_publicize_message":"","jetpack_publicize_feature_enabled":true,"jetpack_social_post_already_shared":true,"jetpack_social_options":{"image_generator_settings":{"template":"fullscreen","default_image_id":0,"font":"","enabled":false},"version":2}},"categories":[2],"tags":[],"class_list":{"0":"post-5350","1":"post","2":"type-post","3":"status-publish","4":"format-standard","5":"has-post-thumbnail","7":"category-histoire-2","8":"entry"},"jetpack_publicize_connections":[],"featured_image_src":"https:\/\/i0.wp.com\/lyonelkaufmann.ch\/Blog\/wp-content\/uploads\/2015\/03\/arton1842-66fc3.png?resize=113%2C200&ssl=1","featured_image_src_square":"https:\/\/i0.wp.com\/lyonelkaufmann.ch\/Blog\/wp-content\/uploads\/2015\/03\/arton1842-66fc3.png?resize=113%2C200&ssl=1","author_info":{"display_name":"Lyonel Kaufmann","author_link":"https:\/\/lyonelkaufmann.ch\/Blog\/author\/lyonelk\/"},"jetpack_featured_media_url":"https:\/\/i0.wp.com\/lyonelkaufmann.ch\/Blog\/wp-content\/uploads\/2015\/03\/arton1842-66fc3.png?fit=113%2C200&ssl=1","jetpack_sharing_enabled":true,"jetpack_shortlink":"https:\/\/wp.me\/p1qtF4-1oi","jetpack-related-posts":[{"id":268,"url":"https:\/\/lyonelkaufmann.ch\/Blog\/2008\/01\/04\/390\/","url_meta":{"origin":5350,"position":0},"title":"Lausanne en photos depuis 1850","author":"Lyonel Kaufmann","date":"4 janvier 2008","format":false,"excerpt":"Le Mus\u00e9e historique de Lausanne poss\u00e8de plus de 300'000 photographies de la capitale vaudoise, datant de 1850 \u00e0 nos jours. Pour mieux faire conna\u00eetre cette richesse, l\u2019institution vient de sortir un catalogue de 144 pages regroupant une centaine de clich\u00e9s. Chaque chapitre de l'ouvrage d\u00e9veloppe un th\u00e8me particulier: &#149; De\u2026","rel":"","context":"Dans &quot;histoire&quot;","block_context":{"text":"histoire","link":"https:\/\/lyonelkaufmann.ch\/Blog\/category\/histoire-2\/"},"img":{"alt_text":"","src":"","width":0,"height":0},"classes":[]},{"id":12681,"url":"https:\/\/lyonelkaufmann.ch\/Blog\/2011\/02\/16\/links-for-2011-02-15\/","url_meta":{"origin":5350,"position":1},"title":"Revue de presse (15.02.2011)","author":"Lyonel Kaufmann","date":"16 f\u00e9vrier 2011","format":"aside","excerpt":"Luddisme et r\u00e9sistance \u00e0 la technique Webographie sur le luddisme. Pour rappel: Trouvant son origine dans le nom du mythique ouvrier anglais, John ou Ned Ludd (parfois appel\u00e9 \u00ab King Ludd \u00bb ou \u00ab General Ludd \u00bb), qui aurait d\u00e9truit deux m\u00e9tiers \u00e0 tisser en 1780, le terme luddisme a\u2026","rel":"","context":"Dans &quot;L'Expresso&quot;","block_context":{"text":"L'Expresso","link":"https:\/\/lyonelkaufmann.ch\/Blog\/category\/breves\/"},"img":{"alt_text":"","src":"https:\/\/i0.wp.com\/lyonelkaufmann.ch\/Blog\/wp-content\/uploads\/2015\/03\/blogcafe1.jpg?fit=1024%2C683&ssl=1&resize=350%2C200","width":350,"height":200,"srcset":"https:\/\/i0.wp.com\/lyonelkaufmann.ch\/Blog\/wp-content\/uploads\/2015\/03\/blogcafe1.jpg?fit=1024%2C683&ssl=1&resize=350%2C200 1x, https:\/\/i0.wp.com\/lyonelkaufmann.ch\/Blog\/wp-content\/uploads\/2015\/03\/blogcafe1.jpg?fit=1024%2C683&ssl=1&resize=525%2C300 1.5x, https:\/\/i0.wp.com\/lyonelkaufmann.ch\/Blog\/wp-content\/uploads\/2015\/03\/blogcafe1.jpg?fit=1024%2C683&ssl=1&resize=700%2C400 2x"},"classes":[]},{"id":7703,"url":"https:\/\/lyonelkaufmann.ch\/Blog\/2006\/05\/03\/le-front-populaire-a-ete-un-feu-dartifice-social-liberation\/","url_meta":{"origin":5350,"position":2},"title":"\u00abLe Front populaire a \u00e9t\u00e9 un feu d&rsquo;artifice social\u00bb (Lib\u00e9ration)","author":"Lyonel Kaufmann","date":"3 mai 2006","format":false,"excerpt":"Lib\u00e9ration : \u00abLe Front populaire a \u00e9t\u00e9 un feu d'artifice social\u00bb Soixante-dix ans apr\u00e8s, la victoire historique de la gauche reste un mythe ouvrier. \u00abLe Front populaire a \u00e9t\u00e9 un feu d'artifice social\u00bb Michel Winock est historien et professeur \u00e9m\u00e9rite \u00e0 l'Institut d'\u00e9tudes politiques de Paris. Il publie, avec S\u00e9verine\u2026","rel":"","context":"Dans &quot;histoire&quot;","block_context":{"text":"histoire","link":"https:\/\/lyonelkaufmann.ch\/Blog\/category\/histoire-2\/"},"img":{"alt_text":"","src":"https:\/\/i0.wp.com\/lyonelkaufmann.ch\/Blog\/wp-content\/uploads\/2015\/03\/blogcafe1.jpg?fit=1024%2C683&ssl=1&resize=350%2C200","width":350,"height":200,"srcset":"https:\/\/i0.wp.com\/lyonelkaufmann.ch\/Blog\/wp-content\/uploads\/2015\/03\/blogcafe1.jpg?fit=1024%2C683&ssl=1&resize=350%2C200 1x, https:\/\/i0.wp.com\/lyonelkaufmann.ch\/Blog\/wp-content\/uploads\/2015\/03\/blogcafe1.jpg?fit=1024%2C683&ssl=1&resize=525%2C300 1.5x, https:\/\/i0.wp.com\/lyonelkaufmann.ch\/Blog\/wp-content\/uploads\/2015\/03\/blogcafe1.jpg?fit=1024%2C683&ssl=1&resize=700%2C400 2x"},"classes":[]},{"id":17068,"url":"https:\/\/lyonelkaufmann.ch\/Blog\/2016\/07\/19\/une-b-d-pour-lete-la-menuiserie-chronique-dune-fermeture-annoncee\/","url_meta":{"origin":5350,"position":3},"title":"Une B.D. pour l&rsquo;\u00e9t\u00e9 : La Menuiserie, chronique d\u2019une fermeture annonc\u00e9e","author":"Lyonel Kaufmann","date":"19 juillet 2016","format":false,"excerpt":"La Menuiserie, chronique d\u2019une fermeture annonc\u00e9e Par Aurel, Futuropolis, 130 p., 19,90 euros. La fin d\u2019une menuiserie dans les C\u00e9vennes, \u00e7a rend forc\u00e9ment m\u00e9lancolique. Surtout lorsqu\u2019elle s\u2019est transmise de p\u00e8re en fils et que l\u2019histoire est racont\u00e9e par l\u2019ultime rejeton, celui-l\u00e0 m\u00eame qui a interrompu la lign\u00e9e en devenant dessinateur\u2026","rel":"","context":"Dans &quot;Blogcaf\u00e9&quot;","block_context":{"text":"Blogcaf\u00e9","link":"https:\/\/lyonelkaufmann.ch\/Blog\/category\/blogcafe-2\/"},"img":{"alt_text":"","src":"https:\/\/i0.wp.com\/lyonelkaufmann.ch\/Blog\/wp-content\/uploads\/2016\/07\/790506_01.jpg?fit=568%2C771&ssl=1&resize=350%2C200","width":350,"height":200,"srcset":"https:\/\/i0.wp.com\/lyonelkaufmann.ch\/Blog\/wp-content\/uploads\/2016\/07\/790506_01.jpg?fit=568%2C771&ssl=1&resize=350%2C200 1x, https:\/\/i0.wp.com\/lyonelkaufmann.ch\/Blog\/wp-content\/uploads\/2016\/07\/790506_01.jpg?fit=568%2C771&ssl=1&resize=525%2C300 1.5x"},"classes":[]},{"id":11298,"url":"https:\/\/lyonelkaufmann.ch\/Blog\/2014\/03\/22\/revue-de-presse-le-capital-culturel-classe-t-il-encore\/","url_meta":{"origin":5350,"position":4},"title":"Revue de Presse : Le capital culturel classe-t-il encore ?","author":"Lyonel Kaufmann","date":"22 mars 2014","format":false,"excerpt":"Un ouvrage collectif s'est pench\u00e9 sur la pertinence et les enjeux d'une relecture contemporaine du livre de Pierre Bourdieu, La Distinction, publi\u00e9 en 1979. Il en ressort une discussion critique d'une grande vitalit\u00e9, tant du point de vue des positions par rapport aux th\u00e8ses de l'ouvrage, des th\u00e8mes ou de\u2026","rel":"","context":"Dans &quot;Blogcaf\u00e9&quot;","block_context":{"text":"Blogcaf\u00e9","link":"https:\/\/lyonelkaufmann.ch\/Blog\/category\/blogcafe-2\/"},"img":{"alt_text":"","src":"https:\/\/i0.wp.com\/lyonelkaufmann.ch\/Blog\/wp-content\/uploads\/2015\/03\/blogcafe1.jpg?fit=1024%2C683&ssl=1&resize=350%2C200","width":350,"height":200,"srcset":"https:\/\/i0.wp.com\/lyonelkaufmann.ch\/Blog\/wp-content\/uploads\/2015\/03\/blogcafe1.jpg?fit=1024%2C683&ssl=1&resize=350%2C200 1x, https:\/\/i0.wp.com\/lyonelkaufmann.ch\/Blog\/wp-content\/uploads\/2015\/03\/blogcafe1.jpg?fit=1024%2C683&ssl=1&resize=525%2C300 1.5x, https:\/\/i0.wp.com\/lyonelkaufmann.ch\/Blog\/wp-content\/uploads\/2015\/03\/blogcafe1.jpg?fit=1024%2C683&ssl=1&resize=700%2C400 2x"},"classes":[]},{"id":21549,"url":"https:\/\/lyonelkaufmann.ch\/Blog\/2020\/05\/01\/la-vigne-au-fil-des-jours\/","url_meta":{"origin":5350,"position":5},"title":"La vigne au fil des jours","author":"Lyonel Kaufmann","date":"1 mai 2020","format":false,"excerpt":"Depuis 6 semaines, les journ\u00e9es sont entrecoup\u00e9es de sorties dans les environs. Campagne et vignes sont au rendez-vous. Le temps est superbe \u00e0 tel point que la s\u00e9cheresse s'installe. Les travaux de la vigne continuent alors que nous d\u00e9ambulons jour apr\u00e8s jour. C'est aussi l'occasion de prendre des photos lors\u2026","rel":"","context":"Dans &quot;Blogcaf\u00e9&quot;","block_context":{"text":"Blogcaf\u00e9","link":"https:\/\/lyonelkaufmann.ch\/Blog\/category\/blogcafe-2\/"},"img":{"alt_text":"","src":"https:\/\/i0.wp.com\/lyonelkaufmann.ch\/Blog\/wp-content\/uploads\/2020\/05\/null-2.jpeg?fit=601%2C602&ssl=1&resize=350%2C200","width":350,"height":200,"srcset":"https:\/\/i0.wp.com\/lyonelkaufmann.ch\/Blog\/wp-content\/uploads\/2020\/05\/null-2.jpeg?fit=601%2C602&ssl=1&resize=350%2C200 1x, https:\/\/i0.wp.com\/lyonelkaufmann.ch\/Blog\/wp-content\/uploads\/2020\/05\/null-2.jpeg?fit=601%2C602&ssl=1&resize=525%2C300 1.5x"},"classes":[]}],"jetpack_likes_enabled":true,"_links":{"self":[{"href":"https:\/\/lyonelkaufmann.ch\/Blog\/wp-json\/wp\/v2\/posts\/5350","targetHints":{"allow":["GET"]}}],"collection":[{"href":"https:\/\/lyonelkaufmann.ch\/Blog\/wp-json\/wp\/v2\/posts"}],"about":[{"href":"https:\/\/lyonelkaufmann.ch\/Blog\/wp-json\/wp\/v2\/types\/post"}],"author":[{"embeddable":true,"href":"https:\/\/lyonelkaufmann.ch\/Blog\/wp-json\/wp\/v2\/users\/1"}],"replies":[{"embeddable":true,"href":"https:\/\/lyonelkaufmann.ch\/Blog\/wp-json\/wp\/v2\/comments?post=5350"}],"version-history":[{"count":0,"href":"https:\/\/lyonelkaufmann.ch\/Blog\/wp-json\/wp\/v2\/posts\/5350\/revisions"}],"wp:featuredmedia":[{"embeddable":true,"href":"https:\/\/lyonelkaufmann.ch\/Blog\/wp-json\/wp\/v2\/media\/14074"}],"wp:attachment":[{"href":"https:\/\/lyonelkaufmann.ch\/Blog\/wp-json\/wp\/v2\/media?parent=5350"}],"wp:term":[{"taxonomy":"category","embeddable":true,"href":"https:\/\/lyonelkaufmann.ch\/Blog\/wp-json\/wp\/v2\/categories?post=5350"},{"taxonomy":"post_tag","embeddable":true,"href":"https:\/\/lyonelkaufmann.ch\/Blog\/wp-json\/wp\/v2\/tags?post=5350"}],"curies":[{"name":"wp","href":"https:\/\/api.w.org\/{rel}","templated":true}]}}