{"id":5367,"date":"2012-05-03T19:28:56","date_gmt":"2012-05-03T19:28:56","guid":{"rendered":"http:\/\/lyonelkaufmann.ch\/histoire\/?p=5367"},"modified":"2012-05-03T19:28:56","modified_gmt":"2012-05-03T19:28:56","slug":"obeir-en-1914-1918-la-vie-des-idees","status":"publish","type":"post","link":"https:\/\/lyonelkaufmann.ch\/Blog\/2012\/05\/03\/obeir-en-1914-1918-la-vie-des-idees\/","title":{"rendered":"Ob\u00e9ir en 1914-1918 | La Vie des id\u00e9es"},"content":{"rendered":"<p>See on <a style='font-weight:bold;font-size:18px;' href='http:\/\/www.scoop.it\/t\/histoire\/p\/1715610780\/obeir-en-1914-1918-la-vie-des-idees'>Scoop.it<\/a> &#8211; <a href='http:\/\/www.scoop.it\/t\/histoire'>histoire<\/a><br \/><img src='http:\/\/img.scoop.it\/TBEVnJe_cL7SB1XNCg82uTl72eJkfbmt4t8yenImKBXEejxNn4ZJNZ2ss5Ku7Cxt' \/><\/p>\n<p>Pourquoi les poilus ont-ils accept&eacute; de se battre, de tuer, de mourir ? Si l&rsquo;ob&eacute;issance aux ordres d&eacute;pend de l&rsquo;autorit&eacute; des grad&eacute;s, l&rsquo;adh&eacute;sion politique ou culturelle n&rsquo;y est pas directement li&eacute;e. Il est important, pour comprendre les sacrifices de la Grande Guerre, de replacer la &laquo;relation d&rsquo;autorit&eacute;&raquo; dans les rapports de domination et les structures sociales.<\/p>\n<p>Recens&eacute; par &laquo;La Vie des id&eacute;es&raquo; du livre Emmanuel Saint-Fuscien, &Agrave; vos ordres ? La relation d&rsquo;autorit&eacute; dans l&rsquo;arm&eacute;e fran&ccedil;aise de la Grande Guerre, Paris, &Eacute;ditions de l&rsquo;EHESS, 2011, 310 p.<\/p>\n<p>See on <a href='http:\/\/www.laviedesidees.fr\/Obeir-en-1914-1918.html'>www.laviedesidees.fr<\/a><\/p>\n","protected":false},"excerpt":{"rendered":"<p>See on Scoop.it &#8211; histoire Pourquoi les poilus ont-ils accept&eacute; de se battre, de tuer, de mourir ? Si l&rsquo;ob&eacute;issance aux ordres d&eacute;pend de l&rsquo;autorit&eacute; des grad&eacute;s, l&rsquo;adh&eacute;sion politique ou culturelle n&rsquo;y est pas directement li&eacute;e. Il est important, pour comprendre les sacrifices de la Grande Guerre, de replacer la &laquo;relation d&rsquo;autorit&eacute;&raquo; dans les rapports [&hellip;]<\/p>\n","protected":false},"author":1,"featured_media":14076,"comment_status":"open","ping_status":"open","sticky":false,"template":"","format":"standard","meta":{"_import_markdown_pro_load_document_selector":0,"_import_markdown_pro_submit_text_textarea":"","_genesis_hide_title":false,"_genesis_hide_breadcrumbs":false,"_genesis_hide_singular_image":false,"_genesis_hide_footer_widgets":false,"_genesis_custom_body_class":"","_genesis_custom_post_class":"","_genesis_layout":"","jetpack_post_was_ever_published":false,"_jetpack_newsletter_access":"","_jetpack_dont_email_post_to_subs":false,"_jetpack_newsletter_tier_id":0,"_jetpack_memberships_contains_paywalled_content":false,"_jetpack_memberships_contains_paid_content":false,"activitypub_content_warning":"","activitypub_content_visibility":"","activitypub_max_image_attachments":3,"activitypub_interaction_policy_quote":"anyone","activitypub_status":"","footnotes":"","jetpack_publicize_message":"","jetpack_publicize_feature_enabled":true,"jetpack_social_post_already_shared":true,"jetpack_social_options":{"image_generator_settings":{"template":"fullscreen","default_image_id":0,"font":"","enabled":false},"version":2}},"categories":[2],"tags":[],"class_list":{"0":"post-5367","1":"post","2":"type-post","3":"status-publish","4":"format-standard","5":"has-post-thumbnail","7":"category-histoire-2","8":"entry"},"jetpack_publicize_connections":[],"featured_image_src":"https:\/\/i0.wp.com\/lyonelkaufmann.ch\/Blog\/wp-content\/uploads\/2015\/03\/TBEVnJe_cL7SB1XNCg82uTl72eJkfbmt4t8yenImKBXEejxNn4ZJNZ2ss5Ku7Cxt.jpg?resize=113%2C169&ssl=1","featured_image_src_square":"https:\/\/i0.wp.com\/lyonelkaufmann.ch\/Blog\/wp-content\/uploads\/2015\/03\/TBEVnJe_cL7SB1XNCg82uTl72eJkfbmt4t8yenImKBXEejxNn4ZJNZ2ss5Ku7Cxt.jpg?resize=113%2C169&ssl=1","author_info":{"display_name":"Lyonel Kaufmann","author_link":"https:\/\/lyonelkaufmann.ch\/Blog\/author\/lyonelk\/"},"jetpack_featured_media_url":"https:\/\/i0.wp.com\/lyonelkaufmann.ch\/Blog\/wp-content\/uploads\/2015\/03\/TBEVnJe_cL7SB1XNCg82uTl72eJkfbmt4t8yenImKBXEejxNn4ZJNZ2ss5Ku7Cxt.jpg?fit=113%2C169&ssl=1","jetpack_sharing_enabled":true,"jetpack_shortlink":"https:\/\/wp.me\/p1qtF4-1oz","jetpack-related-posts":[{"id":5509,"url":"https:\/\/lyonelkaufmann.ch\/Blog\/2012\/06\/04\/14-18-obeir-est-ce-adherer-chronique-no-133\/","url_meta":{"origin":5367,"position":0},"title":"14-18 : ob\u00e9ir est-ce adh\u00e9rer ? | Chronique no 133","author":"Lyonel Kaufmann","date":"4 juin 2012","format":false,"excerpt":"Apr\u00e8s le maelstr\u00f6m en 2008 des comm\u00e9morations du quatre-vingt-dixi\u00e8me anniversaire de la signature de l\u2019armistice de Rethondes et de la disparition la m\u00eame ann\u00e9e du dernier poilu, le temps de la recherche historique est peut-\u00eatre revenu. Renouvellera-t-il notre enseignement de 14-18, voire notre enseignement de l'histoire tout court \u00e0 l'\u00e8re\u2026","rel":"","context":"Dans &quot;histoire&quot;","block_context":{"text":"histoire","link":"https:\/\/lyonelkaufmann.ch\/Blog\/category\/histoire-2\/"},"img":{"alt_text":"","src":"https:\/\/i0.wp.com\/lyonelkaufmann.ch\/Blog\/wp-content\/uploads\/2015\/03\/saintfuscien_avosordres.jpg?fit=400%2C600&ssl=1&resize=350%2C200","width":350,"height":200},"classes":[]},{"id":3240,"url":"https:\/\/lyonelkaufmann.ch\/Blog\/2010\/09\/29\/rwanda-de-la-guerre-au-genocide\/","url_meta":{"origin":5367,"position":1},"title":"Rwanda : de la guerre au g\u00e9nocide","author":"Lyonel Kaufmann","date":"29 septembre 2010","format":false,"excerpt":"Comment, le 7 avril 1994, une faction a-t-elle d\u00e9cid\u00e9 et engag\u00e9 le g\u00e9nocide tutsi\u00a0? Le livre d\u2019Andr\u00e9 Guichaoua enqu\u00eate sur les strat\u00e9gies \u00e9tatiques g\u00e9nocidaires mises en \u0153uvre par un gouvernement extr\u00e9miste apr\u00e8s qu\u2019il eut \u00e9limin\u00e9 les autorit\u00e9s l\u00e9gitimes. Andr\u00e9 Guichaoua,\u00a0Rwanda, de la guerre au g\u00e9nocide. Les politiques criminelles au Rwanda\u2026","rel":"","context":"Dans &quot;histoire&quot;","block_context":{"text":"histoire","link":"https:\/\/lyonelkaufmann.ch\/Blog\/category\/histoire-2\/"},"img":{"alt_text":"","src":"https:\/\/i0.wp.com\/lyonelkaufmann.ch\/Blog\/wp-content\/uploads\/2015\/03\/blogcafe1.jpg?fit=1024%2C683&ssl=1&resize=350%2C200","width":350,"height":200,"srcset":"https:\/\/i0.wp.com\/lyonelkaufmann.ch\/Blog\/wp-content\/uploads\/2015\/03\/blogcafe1.jpg?fit=1024%2C683&ssl=1&resize=350%2C200 1x, https:\/\/i0.wp.com\/lyonelkaufmann.ch\/Blog\/wp-content\/uploads\/2015\/03\/blogcafe1.jpg?fit=1024%2C683&ssl=1&resize=525%2C300 1.5x, https:\/\/i0.wp.com\/lyonelkaufmann.ch\/Blog\/wp-content\/uploads\/2015\/03\/blogcafe1.jpg?fit=1024%2C683&ssl=1&resize=700%2C400 2x"},"classes":[]},{"id":6253,"url":"https:\/\/lyonelkaufmann.ch\/Blog\/2012\/10\/11\/la-paix-toujours-recommencee-la-vie-des-idees\/","url_meta":{"origin":5367,"position":2},"title":"La paix, toujours recommenc\u00e9e | La Vie des id\u00e9es","author":"Lyonel Kaufmann","date":"11 octobre 2012","format":false,"excerpt":"Tout \u00e9volue dans le cours de l\u2019histoire, y compris la fa\u00e7on d\u2019\u00e9crire l\u2019histoire elle-m\u00eame. Longtemps port\u00e9e par les chantres des \u00ab\u00a0grandes nations\u00a0\u00bb, elle a donn\u00e9 un travers belliqueux \u00e0 nos manuels d\u2019histoire\u00a0: l\u2019exaltation des guerres du pass\u00e9, des batailles et des grands g\u00e9n\u00e9raux ont accompagn\u00e9 notre enfance. La r\u00e9conciliation franco-allemande\u2026","rel":"","context":"Dans &quot;histoire&quot;","block_context":{"text":"histoire","link":"https:\/\/lyonelkaufmann.ch\/Blog\/category\/histoire-2\/"},"img":{"alt_text":"","src":"https:\/\/i0.wp.com\/lyonelkaufmann.ch\/histoire\/wp-content\/uploads\/2012\/10\/arton2054-7b4ab.png?resize=350%2C200","width":350,"height":200},"classes":[]},{"id":8540,"url":"https:\/\/lyonelkaufmann.ch\/Blog\/2014\/11\/11\/14-18-revue-de-presse-du-11-novembre\/","url_meta":{"origin":5367,"position":3},"title":"14-18 : revue de presse du 11 novembre","author":"Lyonel Kaufmann","date":"11 novembre 2014","format":false,"excerpt":"Les comm\u00e9morations de 14-18 battent leur plein plus particuli\u00e8rement en ce 11 novembre. Revue de presse subjective d\u2019articles actuels ou de 2014 sur le conflit. Documentaire. En m\u00e9moire de ces \u00abPoilus d\u2019ailleurs\u00bb | Mediapart\u00a0 Ils venaient de tous les coins du monde, enr\u00f4l\u00e9s de gr\u00e9 ou de force pour se\u2026","rel":"","context":"Dans &quot;histoire&quot;","block_context":{"text":"histoire","link":"https:\/\/lyonelkaufmann.ch\/Blog\/category\/histoire-2\/"},"img":{"alt_text":"","src":"https:\/\/i0.wp.com\/lyonelkaufmann.ch\/Blog\/wp-content\/uploads\/2015\/03\/1415738078_thumb.jpeg.jpg?fit=720%2C405&ssl=1&resize=350%2C200","width":350,"height":200,"srcset":"https:\/\/i0.wp.com\/lyonelkaufmann.ch\/Blog\/wp-content\/uploads\/2015\/03\/1415738078_thumb.jpeg.jpg?fit=720%2C405&ssl=1&resize=350%2C200 1x, https:\/\/i0.wp.com\/lyonelkaufmann.ch\/Blog\/wp-content\/uploads\/2015\/03\/1415738078_thumb.jpeg.jpg?fit=720%2C405&ssl=1&resize=525%2C300 1.5x, https:\/\/i0.wp.com\/lyonelkaufmann.ch\/Blog\/wp-content\/uploads\/2015\/03\/1415738078_thumb.jpeg.jpg?fit=720%2C405&ssl=1&resize=700%2C400 2x"},"classes":[]},{"id":8072,"url":"https:\/\/lyonelkaufmann.ch\/Blog\/2014\/06\/27\/dossier-historiographies-de-la-grande-guerre\/","url_meta":{"origin":5367,"position":4},"title":"DOSSIER \u2013 Historiographies de la Grande Guerre","author":"Lyonel Kaufmann","date":"27 juin 2014","format":false,"excerpt":"Consacrer un dossier au conflit qui ouvre l\u2019\u00e8re des guerres mondiales et totales est un passage oblig\u00e9 pour tout m\u00e9dia en ces temps de comm\u00e9moration. L\u2019imp\u00e9ratif m\u00e9moriel se fait sans doute d\u2019autant plus pressant que le premier conflit mondial, longtemps occult\u00e9 par l\u2019ombre du second et sans plus...","rel":"","context":"Dans &quot;histoire&quot;","block_context":{"text":"histoire","link":"https:\/\/lyonelkaufmann.ch\/Blog\/category\/histoire-2\/"},"img":{"alt_text":"","src":"","width":0,"height":0},"classes":[]},{"id":2681,"url":"https:\/\/lyonelkaufmann.ch\/Blog\/2010\/03\/30\/lennemi-intime-un-film-sur-la-guerre-en-algerie-la-psserelle\/","url_meta":{"origin":5367,"position":5},"title":"L\u2019ennemi intime, un film sur la guerre en Alg\u00e9rie | La p@sserelle","author":"Lyonel Kaufmann","date":"30 mars 2010","format":false,"excerpt":"Le blog La p@sserelle nous propose une int\u00e9ressante s\u00e9quence exploitant en classe de la bande-annonce du film \"L'ennemi intime\". Pour la r\u00e9aliser, le blog s'est notamment appuy\u00e9 sur le dossier p\u00e9dagogique en ligne sur le site \u201cZ\u00e9ro de conduite\u201d. \u201cL\u2019ennemi intime\u201c est une fiction r\u00e9alis\u00e9e en 2007 par Florent Siri\u2026","rel":"","context":"Dans &quot;histoire&quot;","block_context":{"text":"histoire","link":"https:\/\/lyonelkaufmann.ch\/Blog\/category\/histoire-2\/"},"img":{"alt_text":"","src":"https:\/\/i0.wp.com\/lyonelkaufmann.ch\/Blog\/wp-content\/uploads\/2015\/03\/073.jpg?fit=450%2C360&ssl=1&resize=350%2C200","width":350,"height":200},"classes":[]}],"jetpack_likes_enabled":true,"_links":{"self":[{"href":"https:\/\/lyonelkaufmann.ch\/Blog\/wp-json\/wp\/v2\/posts\/5367","targetHints":{"allow":["GET"]}}],"collection":[{"href":"https:\/\/lyonelkaufmann.ch\/Blog\/wp-json\/wp\/v2\/posts"}],"about":[{"href":"https:\/\/lyonelkaufmann.ch\/Blog\/wp-json\/wp\/v2\/types\/post"}],"author":[{"embeddable":true,"href":"https:\/\/lyonelkaufmann.ch\/Blog\/wp-json\/wp\/v2\/users\/1"}],"replies":[{"embeddable":true,"href":"https:\/\/lyonelkaufmann.ch\/Blog\/wp-json\/wp\/v2\/comments?post=5367"}],"version-history":[{"count":0,"href":"https:\/\/lyonelkaufmann.ch\/Blog\/wp-json\/wp\/v2\/posts\/5367\/revisions"}],"wp:featuredmedia":[{"embeddable":true,"href":"https:\/\/lyonelkaufmann.ch\/Blog\/wp-json\/wp\/v2\/media\/14076"}],"wp:attachment":[{"href":"https:\/\/lyonelkaufmann.ch\/Blog\/wp-json\/wp\/v2\/media?parent=5367"}],"wp:term":[{"taxonomy":"category","embeddable":true,"href":"https:\/\/lyonelkaufmann.ch\/Blog\/wp-json\/wp\/v2\/categories?post=5367"},{"taxonomy":"post_tag","embeddable":true,"href":"https:\/\/lyonelkaufmann.ch\/Blog\/wp-json\/wp\/v2\/tags?post=5367"}],"curies":[{"name":"wp","href":"https:\/\/api.w.org\/{rel}","templated":true}]}}