{"id":5374,"date":"2012-01-16T10:00:55","date_gmt":"2012-01-16T09:00:55","guid":{"rendered":"https:\/\/lyonelkaufmann.ch\/Blog\/?p=5374"},"modified":"2012-01-16T10:00:55","modified_gmt":"2012-01-16T09:00:55","slug":"tobogganing-park-leysin","status":"publish","type":"post","link":"https:\/\/lyonelkaufmann.ch\/Blog\/2012\/01\/16\/tobogganing-park-leysin\/","title":{"rendered":"Tobogganing Park Leysin"},"content":{"rendered":"<p style=\"text-align:justify;\">Reportage photos au <em><a href=\"http:\/\/www.leysin.ch\/fr\/tobogganing_park\" target=\"_blank\">Tobogganing Park de\u00a0Leysin<\/a><\/em>. Ce dimanche 15 janvier 2012, le soleil et la bonne humeur \u00e9tait au rendez-vous \u00e0 Leysin. Frissons et \u00e9motions \u00e9taient \u00e9galement de la partie. Let&rsquo;s go\u2026<\/p>\n<p style=\"text-align:center;\"><a href=\"https:\/\/i0.wp.com\/lyonelkaufmann.ch\/Blog\/wp-content\/uploads\/2012\/01\/IMGP2483.jpg\"><img data-recalc-dims=\"1\" loading=\"lazy\" decoding=\"async\" class=\"aligncenter size-large wp-image-5378\" title=\"IMGP2483\" src=\"https:\/\/i0.wp.com\/lyonelkaufmann.ch\/Blog\/wp-content\/uploads\/2012\/01\/IMGP2483-1024x681.jpg?resize=584%2C388\" alt=\"\" width=\"584\" height=\"388\" \/><\/a><\/p>\n<p style=\"text-align:center;\"><a href=\"https:\/\/i0.wp.com\/lyonelkaufmann.ch\/Blog\/wp-content\/uploads\/2012\/01\/IMGP2494.jpg\"><img data-recalc-dims=\"1\" loading=\"lazy\" decoding=\"async\" class=\"aligncenter size-large wp-image-5379\" title=\"IMGP2494\" src=\"https:\/\/i0.wp.com\/lyonelkaufmann.ch\/Blog\/wp-content\/uploads\/2012\/01\/IMGP2494-1024x681.jpg?resize=584%2C388\" alt=\"\" width=\"584\" height=\"388\" \/><\/a><\/p>\n<p style=\"text-align:center;\"><a href=\"https:\/\/i0.wp.com\/lyonelkaufmann.ch\/Blog\/wp-content\/uploads\/2012\/01\/IMGP2498.jpg\"><img data-recalc-dims=\"1\" loading=\"lazy\" decoding=\"async\" class=\"aligncenter size-large wp-image-5387\" title=\"IMGP2498\" src=\"https:\/\/i0.wp.com\/lyonelkaufmann.ch\/Blog\/wp-content\/uploads\/2012\/01\/IMGP2498-1024x681.jpg?resize=584%2C388\" alt=\"\" width=\"584\" height=\"388\" \/><\/a><\/p>\n<p style=\"text-align:center;\"><a href=\"https:\/\/i0.wp.com\/lyonelkaufmann.ch\/Blog\/wp-content\/uploads\/2012\/01\/IMGP2500.jpg\"><img data-recalc-dims=\"1\" loading=\"lazy\" decoding=\"async\" class=\"aligncenter size-large wp-image-5381\" title=\"IMGP2500\" src=\"https:\/\/i0.wp.com\/lyonelkaufmann.ch\/Blog\/wp-content\/uploads\/2012\/01\/IMGP2500-1024x681.jpg?resize=584%2C388\" alt=\"\" width=\"584\" height=\"388\" \/><\/a><\/p>\n<p style=\"text-align:center;\"><a href=\"https:\/\/i0.wp.com\/lyonelkaufmann.ch\/Blog\/wp-content\/uploads\/2012\/01\/IMGP2550.jpg\"><img data-recalc-dims=\"1\" loading=\"lazy\" decoding=\"async\" class=\"aligncenter size-large wp-image-5390\" title=\"IMGP2550\" src=\"https:\/\/i0.wp.com\/lyonelkaufmann.ch\/Blog\/wp-content\/uploads\/2012\/01\/IMGP2550-1024x681.jpg?resize=584%2C388\" alt=\"\" width=\"584\" height=\"388\" \/><\/a><\/p>\n<p style=\"text-align:center;\"><a href=\"https:\/\/i0.wp.com\/lyonelkaufmann.ch\/Blog\/wp-content\/uploads\/2012\/01\/IMGP2551.jpg\"><img data-recalc-dims=\"1\" loading=\"lazy\" decoding=\"async\" class=\"aligncenter size-large wp-image-5383\" title=\"IMGP2551\" src=\"https:\/\/i0.wp.com\/lyonelkaufmann.ch\/Blog\/wp-content\/uploads\/2012\/01\/IMGP2551-1024x681.jpg?resize=584%2C388\" alt=\"\" width=\"584\" height=\"388\" \/><\/a><a href=\"https:\/\/i0.wp.com\/lyonelkaufmann.ch\/Blog\/wp-content\/uploads\/2012\/01\/IMGP2559.jpg\"><img data-recalc-dims=\"1\" loading=\"lazy\" decoding=\"async\" class=\"aligncenter size-large wp-image-5384\" title=\"IMGP2559\" src=\"https:\/\/i0.wp.com\/lyonelkaufmann.ch\/Blog\/wp-content\/uploads\/2012\/01\/IMGP2559-1024x681.jpg?resize=584%2C388\" alt=\"\" width=\"584\" height=\"388\" \/><\/a><a href=\"https:\/\/i0.wp.com\/lyonelkaufmann.ch\/Blog\/wp-content\/uploads\/2012\/01\/IMGP2581.jpg\"><img data-recalc-dims=\"1\" loading=\"lazy\" decoding=\"async\" class=\"aligncenter size-large wp-image-5386\" title=\"IMGP2581\" src=\"https:\/\/i0.wp.com\/lyonelkaufmann.ch\/Blog\/wp-content\/uploads\/2012\/01\/IMGP2581-1024x681.jpg?resize=584%2C388\" alt=\"\" width=\"584\" height=\"388\" \/><\/a><\/p>\n","protected":false},"excerpt":{"rendered":"<p>Reportage photos au Tobogganing Park de\u00a0Leysin. Ce dimanche 15 janvier 2012, le soleil et la bonne humeur \u00e9tait au rendez-vous \u00e0 Leysin. Frissons et \u00e9motions \u00e9taient \u00e9galement de la partie. Let&rsquo;s go\u2026<\/p>\n","protected":false},"author":1,"featured_media":13878,"comment_status":"open","ping_status":"open","sticky":false,"template":"","format":"gallery","meta":{"_import_markdown_pro_load_document_selector":0,"_import_markdown_pro_submit_text_textarea":"","_genesis_hide_title":false,"_genesis_hide_breadcrumbs":false,"_genesis_hide_singular_image":false,"_genesis_hide_footer_widgets":false,"_genesis_custom_body_class":"","_genesis_custom_post_class":"","_genesis_layout":"","jetpack_post_was_ever_published":false,"_jetpack_newsletter_access":"","_jetpack_dont_email_post_to_subs":false,"_jetpack_newsletter_tier_id":0,"_jetpack_memberships_contains_paywalled_content":false,"_jetpack_memberships_contains_paid_content":false,"activitypub_content_warning":"","activitypub_content_visibility":"","activitypub_max_image_attachments":3,"activitypub_interaction_policy_quote":"anyone","activitypub_status":"","footnotes":"","jetpack_publicize_message":"","jetpack_publicize_feature_enabled":true,"jetpack_social_post_already_shared":true,"jetpack_social_options":{"image_generator_settings":{"template":"fullscreen","default_image_id":0,"font":"","enabled":false},"version":2}},"categories":[3],"tags":[],"class_list":{"0":"post-5374","1":"post","2":"type-post","3":"status-publish","4":"format-gallery","5":"has-post-thumbnail","7":"category-blogcafe-2","8":"post_format-post-format-gallery","9":"entry"},"jetpack_publicize_connections":[],"featured_image_src":"https:\/\/i0.wp.com\/lyonelkaufmann.ch\/Blog\/wp-content\/uploads\/2015\/03\/IMGP2483-1024x681.jpg?resize=600%2C400&ssl=1","featured_image_src_square":"https:\/\/i0.wp.com\/lyonelkaufmann.ch\/Blog\/wp-content\/uploads\/2015\/03\/IMGP2483-1024x681.jpg?resize=600%2C600&ssl=1","author_info":{"display_name":"Lyonel Kaufmann","author_link":"https:\/\/lyonelkaufmann.ch\/Blog\/author\/lyonelk\/"},"jetpack_featured_media_url":"https:\/\/i0.wp.com\/lyonelkaufmann.ch\/Blog\/wp-content\/uploads\/2015\/03\/IMGP2483-1024x681.jpg?fit=1024%2C681&ssl=1","jetpack_sharing_enabled":true,"jetpack_shortlink":"https:\/\/wp.me\/p1qtF4-1oG","jetpack-related-posts":[{"id":9551,"url":"https:\/\/lyonelkaufmann.ch\/Blog\/2013\/04\/12\/la-berneuse-leysin\/","url_meta":{"origin":5374,"position":0},"title":"La Berneuse @ Leysin | Photo du jour","author":"Lyonel Kaufmann","date":"12 avril 2013","format":"image","excerpt":"La Berneuse @ Leysin with Pentax MX, a photo by lyonelkaufmann on Flickr. La photo a \u00e9t\u00e9 prise \u00e0 Leyin lors d'un week-end \u00e0 ski au mois de janvier 2013. Bon, et maintenant, on attend le printemps!! Photo prise avec un Pentax MX + objectif SMC Pentax M 1:1.7 50mm\u2026","rel":"","context":"Dans &quot;Photo du jour&quot;","block_context":{"text":"Photo du jour","link":"https:\/\/lyonelkaufmann.ch\/Blog\/category\/photo-du-jour\/"},"img":{"alt_text":"","src":"https:\/\/i0.wp.com\/lyonelkaufmann.ch\/Blog\/wp-content\/uploads\/2015\/03\/8644143382_93fb1e4706_z.jpg?fit=640%2C445&ssl=1&resize=350%2C200","width":350,"height":200,"srcset":"https:\/\/i0.wp.com\/lyonelkaufmann.ch\/Blog\/wp-content\/uploads\/2015\/03\/8644143382_93fb1e4706_z.jpg?fit=640%2C445&ssl=1&resize=350%2C200 1x, https:\/\/i0.wp.com\/lyonelkaufmann.ch\/Blog\/wp-content\/uploads\/2015\/03\/8644143382_93fb1e4706_z.jpg?fit=640%2C445&ssl=1&resize=525%2C300 1.5x"},"classes":[]},{"id":9324,"url":"https:\/\/lyonelkaufmann.ch\/Blog\/2013\/01\/31\/sur-les-pistes-photo-du-jour\/","url_meta":{"origin":5374,"position":1},"title":"Sur les pistes | Photo du jour","author":"Lyonel Kaufmann","date":"31 janvier 2013","format":"image","excerpt":"Week-end \u00e0 ski \u00e0 Leysin (26-27 janvier 2013)","rel":"","context":"Dans &quot;Photo du jour&quot;","block_context":{"text":"Photo du jour","link":"https:\/\/lyonelkaufmann.ch\/Blog\/category\/photo-du-jour\/"},"img":{"alt_text":"","src":"https:\/\/i0.wp.com\/lyonelkaufmann.ch\/Blog\/wp-content\/uploads\/2015\/03\/20130131-1301511.jpg?fit=600%2C400&ssl=1&resize=350%2C200","width":350,"height":200,"srcset":"https:\/\/i0.wp.com\/lyonelkaufmann.ch\/Blog\/wp-content\/uploads\/2015\/03\/20130131-1301511.jpg?fit=600%2C400&ssl=1&resize=350%2C200 1x, https:\/\/i0.wp.com\/lyonelkaufmann.ch\/Blog\/wp-content\/uploads\/2015\/03\/20130131-1301511.jpg?fit=600%2C400&ssl=1&resize=525%2C300 1.5x"},"classes":[]},{"id":9326,"url":"https:\/\/lyonelkaufmann.ch\/Blog\/2013\/02\/01\/restaurant-la-berneuse-photo-du-jour\/","url_meta":{"origin":5374,"position":2},"title":"Restaurant La Berneuse |\u00a0Photo du jour","author":"Lyonel Kaufmann","date":"1 f\u00e9vrier 2013","format":"image","excerpt":"Le restaurant tournant de la Berneuse @ Leysin le 26 janvier 2013 depuis la piste de ski.","rel":"","context":"Dans &quot;Photo du jour&quot;","block_context":{"text":"Photo du jour","link":"https:\/\/lyonelkaufmann.ch\/Blog\/category\/photo-du-jour\/"},"img":{"alt_text":"","src":"https:\/\/i0.wp.com\/lyonelkaufmann.ch\/Blog\/wp-content\/uploads\/2015\/03\/berneuse.jpg?fit=600%2C600&ssl=1&resize=350%2C200","width":350,"height":200,"srcset":"https:\/\/i0.wp.com\/lyonelkaufmann.ch\/Blog\/wp-content\/uploads\/2015\/03\/berneuse.jpg?fit=600%2C600&ssl=1&resize=350%2C200 1x, https:\/\/i0.wp.com\/lyonelkaufmann.ch\/Blog\/wp-content\/uploads\/2015\/03\/berneuse.jpg?fit=600%2C600&ssl=1&resize=525%2C300 1.5x"},"classes":[]},{"id":9331,"url":"https:\/\/lyonelkaufmann.ch\/Blog\/2013\/02\/02\/berneuse-de-puis-la-tour-dai-photo-du-jour\/","url_meta":{"origin":5374,"position":3},"title":"Berneuse depuis la Tour d&rsquo;A\u00ef |\u00a0Photo du jour","author":"Lyonel Kaufmann","date":"2 f\u00e9vrier 2013","format":"image","excerpt":"La Berneuse depuis la piste de ski de la Tour d'A\u00ef @ Leysin le 26 janvier 2013","rel":"","context":"Dans &quot;Photo du jour&quot;","block_context":{"text":"Photo du jour","link":"https:\/\/lyonelkaufmann.ch\/Blog\/category\/photo-du-jour\/"},"img":{"alt_text":"","src":"https:\/\/i0.wp.com\/lyonelkaufmann.ch\/Blog\/wp-content\/uploads\/2015\/03\/leysin20137.jpg?fit=800%2C533&ssl=1&resize=350%2C200","width":350,"height":200,"srcset":"https:\/\/i0.wp.com\/lyonelkaufmann.ch\/Blog\/wp-content\/uploads\/2015\/03\/leysin20137.jpg?fit=800%2C533&ssl=1&resize=350%2C200 1x, https:\/\/i0.wp.com\/lyonelkaufmann.ch\/Blog\/wp-content\/uploads\/2015\/03\/leysin20137.jpg?fit=800%2C533&ssl=1&resize=525%2C300 1.5x, https:\/\/i0.wp.com\/lyonelkaufmann.ch\/Blog\/wp-content\/uploads\/2015\/03\/leysin20137.jpg?fit=800%2C533&ssl=1&resize=700%2C400 2x"},"classes":[]},{"id":9337,"url":"https:\/\/lyonelkaufmann.ch\/Blog\/2013\/02\/03\/au-comptoir-photo-du-jour\/","url_meta":{"origin":5374,"position":4},"title":"Au comptoir |\u00a0Photo du jour","author":"Lyonel Kaufmann","date":"3 f\u00e9vrier 2013","format":"image","excerpt":"Au comptoir apr\u00e8s une bonne journ\u00e9e de ski @ Leysin (26 janvier 2013)","rel":"","context":"Dans &quot;Photo du jour&quot;","block_context":{"text":"Photo du jour","link":"https:\/\/lyonelkaufmann.ch\/Blog\/category\/photo-du-jour\/"},"img":{"alt_text":"","src":"https:\/\/i0.wp.com\/lyonelkaufmann.ch\/Blog\/wp-content\/uploads\/2015\/03\/leysin201314.jpg?fit=800%2C800&ssl=1&resize=350%2C200","width":350,"height":200,"srcset":"https:\/\/i0.wp.com\/lyonelkaufmann.ch\/Blog\/wp-content\/uploads\/2015\/03\/leysin201314.jpg?fit=800%2C800&ssl=1&resize=350%2C200 1x, https:\/\/i0.wp.com\/lyonelkaufmann.ch\/Blog\/wp-content\/uploads\/2015\/03\/leysin201314.jpg?fit=800%2C800&ssl=1&resize=525%2C300 1.5x, https:\/\/i0.wp.com\/lyonelkaufmann.ch\/Blog\/wp-content\/uploads\/2015\/03\/leysin201314.jpg?fit=800%2C800&ssl=1&resize=700%2C400 2x"},"classes":[]},{"id":9358,"url":"https:\/\/lyonelkaufmann.ch\/Blog\/2013\/02\/15\/bleu-photo-du-mois\/","url_meta":{"origin":5374,"position":5},"title":"Bleu |\u00a0Photo du mois","author":"Lyonel Kaufmann","date":"15 f\u00e9vrier 2013","format":"image","excerpt":"Pour ce mois de f\u00e9vrier, c'est hibiscus qui nous a propos\u00e9 le sujet suivant : Bleu : azur, ciel, cobalt, indigo, lapis-lazuli, myosotis, saphir ... Ce ne sont que quelques pistes d'interpr\u00e9tation, il y en a bien d'autres. Laissons libre cours \u00e0 notre imagination et plongeons tous dans le grand\u2026","rel":"","context":"Dans &quot;Photo du mois&quot;","block_context":{"text":"Photo du mois","link":"https:\/\/lyonelkaufmann.ch\/Blog\/category\/photo-du-mois\/"},"img":{"alt_text":"","src":"https:\/\/i0.wp.com\/lyonelkaufmann.ch\/Blog\/wp-content\/uploads\/2015\/03\/bleu.jpg?fit=400%2C600&ssl=1&resize=350%2C200","width":350,"height":200},"classes":[]}],"jetpack_likes_enabled":true,"_links":{"self":[{"href":"https:\/\/lyonelkaufmann.ch\/Blog\/wp-json\/wp\/v2\/posts\/5374","targetHints":{"allow":["GET"]}}],"collection":[{"href":"https:\/\/lyonelkaufmann.ch\/Blog\/wp-json\/wp\/v2\/posts"}],"about":[{"href":"https:\/\/lyonelkaufmann.ch\/Blog\/wp-json\/wp\/v2\/types\/post"}],"author":[{"embeddable":true,"href":"https:\/\/lyonelkaufmann.ch\/Blog\/wp-json\/wp\/v2\/users\/1"}],"replies":[{"embeddable":true,"href":"https:\/\/lyonelkaufmann.ch\/Blog\/wp-json\/wp\/v2\/comments?post=5374"}],"version-history":[{"count":0,"href":"https:\/\/lyonelkaufmann.ch\/Blog\/wp-json\/wp\/v2\/posts\/5374\/revisions"}],"wp:featuredmedia":[{"embeddable":true,"href":"https:\/\/lyonelkaufmann.ch\/Blog\/wp-json\/wp\/v2\/media\/13878"}],"wp:attachment":[{"href":"https:\/\/lyonelkaufmann.ch\/Blog\/wp-json\/wp\/v2\/media?parent=5374"}],"wp:term":[{"taxonomy":"category","embeddable":true,"href":"https:\/\/lyonelkaufmann.ch\/Blog\/wp-json\/wp\/v2\/categories?post=5374"},{"taxonomy":"post_tag","embeddable":true,"href":"https:\/\/lyonelkaufmann.ch\/Blog\/wp-json\/wp\/v2\/tags?post=5374"}],"curies":[{"name":"wp","href":"https:\/\/api.w.org\/{rel}","templated":true}]}}