{"id":5388,"date":"2012-05-12T13:07:39","date_gmt":"2012-05-12T13:07:39","guid":{"rendered":"http:\/\/lyonelkaufmann.ch\/histoire\/?p=5388"},"modified":"2012-05-12T13:07:39","modified_gmt":"2012-05-12T13:07:39","slug":"joe-sacco-du9-lautre-bande-dessinee","status":"publish","type":"post","link":"https:\/\/lyonelkaufmann.ch\/Blog\/2012\/05\/12\/joe-sacco-du9-lautre-bande-dessinee\/","title":{"rendered":"Joe Sacco | du9, l&rsquo;autre bande dessin\u00e9e"},"content":{"rendered":"<p style=\"text-align:center;\"><a href=\"http:\/\/www.du9.org\/entretien\/joe-sacco-2\/\"><img data-recalc-dims=\"1\" decoding=\"async\" src=\"https:\/\/i0.wp.com\/lyonelkaufmann.ch\/histoire\/wp-content\/uploads\/2012\/05\/gaza-1956-en-marge-de-l-histoire-remontee.jpg\" alt=\"\" \/><\/a><\/p>\n<p><strong>Joe Sacco est un auteur utilisant la BD pour r\u00e9alis\u00e9 des formes de reportages historiques. Il est l&rsquo;auteur de Gaza 1956 et de Gorazde (Guerre de Yougoslavie.<\/strong><\/p>\n<blockquote><p>Tout ce qui int\u00e9resse le journalisme aujourd\u2019hui appartiendra \u00e0 l\u2019Histoire demain. Il faut juste admettre qu\u2019on ne peut rapporter correctement des \u00e9v\u00e9nements quelques minutes seulement apr\u00e8s qu\u2019ils aient eu lieu. La radio, la t\u00e9l\u00e9vision et internet fonctionnent peut-\u00eatre sur ce principe mais ce n\u2019est pas mon travail. J\u2019essaie de brosser un tableau plus complet. Disons que je r\u00e9alise un travail de journaliste en essayant de penser comme un historien.<\/p><\/blockquote>\n<p>via <a href=\"http:\/\/www.du9.org\/entretien\/joe-sacco-2\/\">Joe Sacco | du9, l&rsquo;autre bande dessin\u00e9e<\/a>.<\/p>\n","protected":false},"excerpt":{"rendered":"<p>Joe Sacco est un auteur utilisant la BD pour r\u00e9alis\u00e9 des formes de reportages historiques. Il est l&rsquo;auteur de Gaza 1956 et de Gorazde (Guerre de Yougoslavie. Tout ce qui int\u00e9resse le journalisme aujourd\u2019hui appartiendra \u00e0 l\u2019Histoire demain. Il faut juste admettre qu\u2019on ne peut rapporter correctement des \u00e9v\u00e9nements quelques minutes seulement apr\u00e8s qu\u2019ils aient [&hellip;]<\/p>\n","protected":false},"author":1,"featured_media":14078,"comment_status":"open","ping_status":"open","sticky":false,"template":"","format":"quote","meta":{"_import_markdown_pro_load_document_selector":0,"_import_markdown_pro_submit_text_textarea":"","_genesis_hide_title":false,"_genesis_hide_breadcrumbs":false,"_genesis_hide_singular_image":false,"_genesis_hide_footer_widgets":false,"_genesis_custom_body_class":"","_genesis_custom_post_class":"","_genesis_layout":"","jetpack_post_was_ever_published":false,"_jetpack_newsletter_access":"","_jetpack_dont_email_post_to_subs":false,"_jetpack_newsletter_tier_id":0,"_jetpack_memberships_contains_paywalled_content":false,"_jetpack_memberships_contains_paid_content":false,"activitypub_content_warning":"","activitypub_content_visibility":"","activitypub_max_image_attachments":3,"activitypub_interaction_policy_quote":"anyone","activitypub_status":"","footnotes":"","jetpack_publicize_message":"","jetpack_publicize_feature_enabled":true,"jetpack_social_post_already_shared":true,"jetpack_social_options":{"image_generator_settings":{"template":"fullscreen","default_image_id":0,"font":"","enabled":false},"version":2}},"categories":[2],"tags":[],"class_list":{"0":"post-5388","1":"post","2":"type-post","3":"status-publish","4":"format-quote","5":"has-post-thumbnail","7":"category-histoire-2","8":"post_format-post-format-quote","9":"entry"},"jetpack_publicize_connections":[],"featured_image_src":"https:\/\/i0.wp.com\/lyonelkaufmann.ch\/Blog\/wp-content\/uploads\/2015\/03\/gaza-1956-en-marge-de-l-histoire-remontee.jpg?resize=158%2C212&ssl=1","featured_image_src_square":"https:\/\/i0.wp.com\/lyonelkaufmann.ch\/Blog\/wp-content\/uploads\/2015\/03\/gaza-1956-en-marge-de-l-histoire-remontee.jpg?resize=158%2C212&ssl=1","author_info":{"display_name":"Lyonel Kaufmann","author_link":"https:\/\/lyonelkaufmann.ch\/Blog\/author\/lyonelk\/"},"jetpack_featured_media_url":"https:\/\/i0.wp.com\/lyonelkaufmann.ch\/Blog\/wp-content\/uploads\/2015\/03\/gaza-1956-en-marge-de-l-histoire-remontee.jpg?fit=158%2C212&ssl=1","jetpack_sharing_enabled":true,"jetpack_shortlink":"https:\/\/wp.me\/p1qtF4-1oU","jetpack-related-posts":[{"id":8093,"url":"https:\/\/lyonelkaufmann.ch\/Blog\/2014\/07\/06\/joe-sacco-et-la-premiere-guerre-mondiale-comment-il-en-est-venu-a-realiser-une-exceptionnelle-tapisserie-sur-la-bataille-de-la-somme-slate-fr\/","url_meta":{"origin":5388,"position":0},"title":"Joe Sacco et la Premi\u00e8re Guerre mondiale: comment il en est venu \u00e0 r\u00e9aliser une exceptionnelle tapisserie sur la Bataille de la Somme | Slate.fr","author":"Lyonel Kaufmann","date":"6 juillet 2014","format":false,"excerpt":"Le 1er juillet 1916, commence la bataille de la Somme, la plus meurtri\u00e8re que l'arm\u00e9e britannique ait jamais connue. Rencontre de Slate.fr avec l\u2019auteur de la longue fresque qui est expos\u00e9e tout cet \u00e9t\u00e9 \u00e0 la station Montparnasse \u00e0 Paris. D\u00e9tail de la tapisserie r\u00e9alis\u00e9e par Joe Sacco. Se jouant\u2026","rel":"","context":"Dans &quot;histoire&quot;","block_context":{"text":"histoire","link":"https:\/\/lyonelkaufmann.ch\/Blog\/category\/histoire-2\/"},"img":{"alt_text":"","src":"https:\/\/i0.wp.com\/lyonelkaufmann.ch\/Blog\/wp-content\/uploads\/2015\/02\/wpid-tapisserie-sacco-2014-07-6-16-07.jpg?fit=1090%2C500&ssl=1&resize=350%2C200","width":350,"height":200,"srcset":"https:\/\/i0.wp.com\/lyonelkaufmann.ch\/Blog\/wp-content\/uploads\/2015\/02\/wpid-tapisserie-sacco-2014-07-6-16-07.jpg?fit=1090%2C500&ssl=1&resize=350%2C200 1x, https:\/\/i0.wp.com\/lyonelkaufmann.ch\/Blog\/wp-content\/uploads\/2015\/02\/wpid-tapisserie-sacco-2014-07-6-16-07.jpg?fit=1090%2C500&ssl=1&resize=525%2C300 1.5x, https:\/\/i0.wp.com\/lyonelkaufmann.ch\/Blog\/wp-content\/uploads\/2015\/02\/wpid-tapisserie-sacco-2014-07-6-16-07.jpg?fit=1090%2C500&ssl=1&resize=700%2C400 2x, https:\/\/i0.wp.com\/lyonelkaufmann.ch\/Blog\/wp-content\/uploads\/2015\/02\/wpid-tapisserie-sacco-2014-07-6-16-07.jpg?fit=1090%2C500&ssl=1&resize=1050%2C600 3x"},"classes":[]},{"id":3599,"url":"https:\/\/lyonelkaufmann.ch\/Blog\/2011\/03\/03\/la-bande-dessinee-historique-universite-de-pau\/","url_meta":{"origin":5388,"position":1},"title":"La bande dessin\u00e9e historique | Universit\u00e9 de Pau","author":"Lyonel Kaufmann","date":"3 mars 2011","format":false,"excerpt":"L'Universit\u00e9 de Pau organise en novembre prochain son Premier colloque international sur la Bande dessin\u00e9e historique (23-25 novembre 2011). L'appel \u00e0 contribution est ouvert jusqu'au 30 avril 2011. Cette premi\u00e8re \u00e9dition est centr\u00e9e sur la bande dessin\u00e9e et l'Antiquit\u00e9. La pr\u00e9sentation du colloque et de la th\u00e9matique En janvier 2010\u2026","rel":"","context":"Dans &quot;histoire&quot;","block_context":{"text":"histoire","link":"https:\/\/lyonelkaufmann.ch\/Blog\/category\/histoire-2\/"},"img":{"alt_text":"","src":"https:\/\/i0.wp.com\/lyonelkaufmann.ch\/histoire\/wp-content\/uploads\/2011\/03\/101713_Alix_intrepide_Casterman_reed_Lombard.jpg?resize=350%2C200","width":350,"height":200},"classes":[]},{"id":8564,"url":"https:\/\/lyonelkaufmann.ch\/Blog\/2014\/11\/18\/histoire-et-bande-dessinee-la-vie-des-idees\/","url_meta":{"origin":5388,"position":2},"title":"Histoire et bande dessin\u00e9e | La Vie des id\u00e9es","author":"Lyonel Kaufmann","date":"18 novembre 2014","format":false,"excerpt":"Et si les historiens et les dessinateurs faisaient \u00e9quipe\u00a0? Pour faire fonctionner ce couple, on peut choisir d\u2019illustrer l\u2019\u00ab\u00a0Histoire\u00a0\u00bb. On peut aussi s\u2019inspirer des enqu\u00eates et reportages dessin\u00e9s, guid\u00e9s par un raisonnement, fond\u00e9s sur des questions originales et des sources neuves. Cet article d\u2019Ivan Jablonka pour\u00a0\u00abLa Vie des id\u00e9es\u00bb pr\u00e9sente\u2026","rel":"","context":"Dans &quot;histoire&quot;","block_context":{"text":"histoire","link":"https:\/\/lyonelkaufmann.ch\/Blog\/category\/histoire-2\/"},"img":{"alt_text":"","src":"https:\/\/i0.wp.com\/lyonelkaufmann.ch\/Blog\/wp-content\/uploads\/2015\/03\/blogcafe1.jpg?fit=1024%2C683&ssl=1&resize=350%2C200","width":350,"height":200,"srcset":"https:\/\/i0.wp.com\/lyonelkaufmann.ch\/Blog\/wp-content\/uploads\/2015\/03\/blogcafe1.jpg?fit=1024%2C683&ssl=1&resize=350%2C200 1x, https:\/\/i0.wp.com\/lyonelkaufmann.ch\/Blog\/wp-content\/uploads\/2015\/03\/blogcafe1.jpg?fit=1024%2C683&ssl=1&resize=525%2C300 1.5x, https:\/\/i0.wp.com\/lyonelkaufmann.ch\/Blog\/wp-content\/uploads\/2015\/03\/blogcafe1.jpg?fit=1024%2C683&ssl=1&resize=700%2C400 2x"},"classes":[]},{"id":4343,"url":"https:\/\/lyonelkaufmann.ch\/Blog\/2011\/11\/23\/revue-de-presse-22-novembre-2011\/","url_meta":{"origin":5388,"position":3},"title":"Revue de presse : la BD historique (22 novembre 2011)","author":"Lyonel Kaufmann","date":"23 novembre 2011","format":false,"excerpt":"Du 23 au 26 novembre 2011, \u00a0l'Universit\u00e9 de Pau et des Pays de l\u2019Adour (UPPA) accueil un colloque international consacr\u00e9 \u00e0 la Bande Dessin\u00e9e historique. Ce colloque est organis\u00e9 par le Centre de Recherches Po\u00e9tiques et Histoire litt\u00e9raire (CRPHL) et \u00a0a pour but de mieux (faire) comprendre les sp\u00e9cificit\u00e9s de\u2026","rel":"","context":"Dans &quot;histoire&quot;","block_context":{"text":"histoire","link":"https:\/\/lyonelkaufmann.ch\/Blog\/category\/histoire-2\/"},"img":{"alt_text":"","src":"https:\/\/i0.wp.com\/lyonelkaufmann.ch\/Blog\/wp-content\/uploads\/2015\/03\/blogcafe1.jpg?fit=1024%2C683&ssl=1&resize=350%2C200","width":350,"height":200,"srcset":"https:\/\/i0.wp.com\/lyonelkaufmann.ch\/Blog\/wp-content\/uploads\/2015\/03\/blogcafe1.jpg?fit=1024%2C683&ssl=1&resize=350%2C200 1x, https:\/\/i0.wp.com\/lyonelkaufmann.ch\/Blog\/wp-content\/uploads\/2015\/03\/blogcafe1.jpg?fit=1024%2C683&ssl=1&resize=525%2C300 1.5x, https:\/\/i0.wp.com\/lyonelkaufmann.ch\/Blog\/wp-content\/uploads\/2015\/03\/blogcafe1.jpg?fit=1024%2C683&ssl=1&resize=700%2C400 2x"},"classes":[]},{"id":7051,"url":"https:\/\/lyonelkaufmann.ch\/Blog\/2013\/05\/12\/references-bande-dessinee-et-histoire\/","url_meta":{"origin":5388,"position":4},"title":"R\u00e9f\u00e9rences \u00ab Bande dessin\u00e9e et Histoire \u00bb","author":"Lyonel Kaufmann","date":"12 mai 2013","format":false,"excerpt":"Le jeudi 16 mai 2013 sera diffus\u00e9e, dans le cadre de \u00ab\u00a0Radio Goliards\u00a0\u00bb, une \u00e9mission intitul\u00e9e \u00ab\u00a0Bande dessin\u00e9e et Histoire\u00a0\u00bb sur Radio Libertaire (89.4) \u00e0 16h30. Adrien Genoudet nous pr\u00e9sente l'\u00e9mission, mais surtout son billet comporte une int\u00e9ressante bibliographie en relation avec le question Bande dessin\u00e9e et Histoire. Son billet\u2026","rel":"","context":"Dans &quot;histoire&quot;","block_context":{"text":"histoire","link":"https:\/\/lyonelkaufmann.ch\/Blog\/category\/histoire-2\/"},"img":{"alt_text":"","src":"https:\/\/i0.wp.com\/lyonelkaufmann.ch\/Blog\/wp-content\/uploads\/2015\/03\/HistoireBande1.jpg?fit=300%2C300&ssl=1&resize=350%2C200","width":350,"height":200},"classes":[]},{"id":7969,"url":"https:\/\/lyonelkaufmann.ch\/Blog\/2014\/04\/18\/la-grande-guerre-au-miroir-de-la-bande-dessinee\/","url_meta":{"origin":5388,"position":5},"title":"La Grande Guerre au miroir de la bande dessin\u00e9e","author":"Lyonel Kaufmann","date":"18 avril 2014","format":false,"excerpt":"See on Scoop.it - histoire\"Nombreux sont aujourd\u2019hui les r\u00e9cits dessin\u00e9s qui \u00e9voquent le premier conflit mondial et certains critiques vont m\u00eame jusqu\u2019\u00e0 parler d\u2019une nouvelle \u00e9criture de la guerre en bande dessin\u00e9e, voire d\u2019un sujet \u00e0 la mode. Pourquoi la Grande Guerre int\u00e9resse-t-elle autant les auteurs de bandes dessin\u00e9es ?\u2026","rel":"","context":"Dans &quot;histoire&quot;","block_context":{"text":"histoire","link":"https:\/\/lyonelkaufmann.ch\/Blog\/category\/histoire-2\/"},"img":{"alt_text":"","src":"https:\/\/i0.wp.com\/lyonelkaufmann.ch\/Blog\/wp-content\/uploads\/2015\/03\/py5TGh1HCOVoP9BJN0n-yTl72eJkfbmt4t8yenImKBXEejxNn4ZJNZ2ss5Ku7Cxt.jpg?fit=500%2C281&ssl=1&resize=350%2C200","width":350,"height":200},"classes":[]}],"jetpack_likes_enabled":true,"_links":{"self":[{"href":"https:\/\/lyonelkaufmann.ch\/Blog\/wp-json\/wp\/v2\/posts\/5388","targetHints":{"allow":["GET"]}}],"collection":[{"href":"https:\/\/lyonelkaufmann.ch\/Blog\/wp-json\/wp\/v2\/posts"}],"about":[{"href":"https:\/\/lyonelkaufmann.ch\/Blog\/wp-json\/wp\/v2\/types\/post"}],"author":[{"embeddable":true,"href":"https:\/\/lyonelkaufmann.ch\/Blog\/wp-json\/wp\/v2\/users\/1"}],"replies":[{"embeddable":true,"href":"https:\/\/lyonelkaufmann.ch\/Blog\/wp-json\/wp\/v2\/comments?post=5388"}],"version-history":[{"count":0,"href":"https:\/\/lyonelkaufmann.ch\/Blog\/wp-json\/wp\/v2\/posts\/5388\/revisions"}],"wp:featuredmedia":[{"embeddable":true,"href":"https:\/\/lyonelkaufmann.ch\/Blog\/wp-json\/wp\/v2\/media\/14078"}],"wp:attachment":[{"href":"https:\/\/lyonelkaufmann.ch\/Blog\/wp-json\/wp\/v2\/media?parent=5388"}],"wp:term":[{"taxonomy":"category","embeddable":true,"href":"https:\/\/lyonelkaufmann.ch\/Blog\/wp-json\/wp\/v2\/categories?post=5388"},{"taxonomy":"post_tag","embeddable":true,"href":"https:\/\/lyonelkaufmann.ch\/Blog\/wp-json\/wp\/v2\/tags?post=5388"}],"curies":[{"name":"wp","href":"https:\/\/api.w.org\/{rel}","templated":true}]}}