{"id":5443,"date":"2012-05-20T19:14:15","date_gmt":"2012-05-20T19:14:15","guid":{"rendered":"http:\/\/lyonelkaufmann.ch\/histoire\/?p=5443"},"modified":"2012-05-20T19:14:15","modified_gmt":"2012-05-20T19:14:15","slug":"lapres-bataille-de-grandson-comme-si-vous-y-etiez-cuk-ch","status":"publish","type":"post","link":"https:\/\/lyonelkaufmann.ch\/Blog\/2012\/05\/20\/lapres-bataille-de-grandson-comme-si-vous-y-etiez-cuk-ch\/","title":{"rendered":"L\u2019apr\u00e8s-bataille de Grandson comme si vous y \u00e9tiez\u2026 |\u00a0Cuk.ch"},"content":{"rendered":"<p><strong>En fait c&rsquo;est un double article que nous propose Anne Cun\u00e9o sur cuk.ch sur les collections et l&rsquo;exposition temporaire \u00e0 venir en 2013 du <a href=\"http:\/\/www.bhm.ch\/fr\/\" target=\"_blank\">Mus\u00e9e Historique de Berne<\/a>.<\/strong><\/p>\n<p>En premier lieu, Anne Cun\u00e9o nous pr\u00e9sente les tapisseries prises par les Suisses lors de la bataille de Grandson.<\/p>\n<p style=\"text-align:center;\"><a href=\"http:\/\/www.cuk.ch\/articles\/5128\"><img data-recalc-dims=\"1\" decoding=\"async\" src=\"https:\/\/i0.wp.com\/lyonelkaufmann.ch\/histoire\/wp-content\/uploads\/2012\/05\/RoisMages_vign.jpg\" alt=\"\" \/><\/a><\/p>\n<p style=\"text-align:left;\"><em>La Tenture des trois Rois mages (Bruxelles ou Tournai, vers 1450\/1460)<\/em><\/p>\n<p>Anne Cun\u00e9o s&rsquo;attarde ensuite avec bonheur sur les Tapisseries de C\u00e9sar et leur restauration:<\/p>\n<p style=\"text-align:center;\"><a href=\"http:\/\/www.cuk.ch\/articles\/5128\"><img data-recalc-dims=\"1\" decoding=\"async\" src=\"https:\/\/i0.wp.com\/lyonelkaufmann.ch\/histoire\/wp-content\/uploads\/2012\/05\/Caesar4_vign.jpg\" alt=\"\" \/><\/a><\/p>\n<p style=\"text-align:center;\"><em>Tapisserie de C\u00e9sar: Curion se bat avec les tribuns du peuple aux c\u00f4t\u00e9s de C\u00e9sar<\/em><\/p>\n<p>Enfin, Anne Cun\u00e9o termine en nous all\u00e9chant avec l&rsquo;exposition temporaire que le Mus\u00e9e consacrera du 15 mars au 17 novembre 2013 <a href=\"http:\/\/www.bhm.ch\/fr\/expositions\/expositions-temporaires\/qin-8-000-guerriers-de-terre-cuite-2-000-ans-de-chine-1-empereur\/\" target=\"_blank\">8000 guerriers chinois de terre cuite de l\u2019empereur Qin<\/a>. Pour l&rsquo;instant, nous ne disposons que de la bande-annonce. L&rsquo;attente va \u00eatre longue\u2026<\/p>\n<p>Mais l&rsquo;exposition permanente devrait vous permettre de patienter\u2026 un peu.<\/p>\n<p>L&rsquo;article <a href=\"http:\/\/www.cuk.ch\/articles\/5128\">Cuk.ch &#8211; L\u2019apr\u00e8s-bataille de Grandson comme si vous y \u00e9tiez\u2026<\/a>.<\/p>\n","protected":false},"excerpt":{"rendered":"<p>En fait c&rsquo;est un double article que nous propose Anne Cun\u00e9o sur cuk.ch sur les collections et l&rsquo;exposition temporaire \u00e0 venir en 2013 du Mus\u00e9e Historique de Berne. En premier lieu, Anne Cun\u00e9o nous pr\u00e9sente les tapisseries prises par les Suisses lors de la bataille de Grandson. La Tenture des trois Rois mages (Bruxelles ou [&hellip;]<\/p>\n","protected":false},"author":1,"featured_media":14093,"comment_status":"open","ping_status":"open","sticky":false,"template":"","format":"standard","meta":{"_import_markdown_pro_load_document_selector":0,"_import_markdown_pro_submit_text_textarea":"","_genesis_hide_title":false,"_genesis_hide_breadcrumbs":false,"_genesis_hide_singular_image":false,"_genesis_hide_footer_widgets":false,"_genesis_custom_body_class":"","_genesis_custom_post_class":"","_genesis_layout":"","jetpack_post_was_ever_published":false,"_jetpack_newsletter_access":"","_jetpack_dont_email_post_to_subs":false,"_jetpack_newsletter_tier_id":0,"_jetpack_memberships_contains_paywalled_content":false,"_jetpack_memberships_contains_paid_content":false,"activitypub_content_warning":"","activitypub_content_visibility":"","activitypub_max_image_attachments":3,"activitypub_interaction_policy_quote":"anyone","activitypub_status":"","footnotes":"","jetpack_publicize_message":"","jetpack_publicize_feature_enabled":true,"jetpack_social_post_already_shared":true,"jetpack_social_options":{"image_generator_settings":{"template":"fullscreen","default_image_id":0,"font":"","enabled":false},"version":2}},"categories":[2],"tags":[],"class_list":{"0":"post-5443","1":"post","2":"type-post","3":"status-publish","4":"format-standard","5":"has-post-thumbnail","7":"category-histoire-2","8":"entry"},"jetpack_publicize_connections":[],"featured_image_src":"https:\/\/i0.wp.com\/lyonelkaufmann.ch\/Blog\/wp-content\/uploads\/2015\/03\/RoisMages_vign.jpg?resize=400%2C316&ssl=1","featured_image_src_square":"https:\/\/i0.wp.com\/lyonelkaufmann.ch\/Blog\/wp-content\/uploads\/2015\/03\/RoisMages_vign.jpg?resize=400%2C316&ssl=1","author_info":{"display_name":"Lyonel Kaufmann","author_link":"https:\/\/lyonelkaufmann.ch\/Blog\/author\/lyonelk\/"},"jetpack_featured_media_url":"https:\/\/i0.wp.com\/lyonelkaufmann.ch\/Blog\/wp-content\/uploads\/2015\/03\/RoisMages_vign.jpg?fit=400%2C316&ssl=1","jetpack_sharing_enabled":true,"jetpack_shortlink":"https:\/\/wp.me\/p1qtF4-1pN","jetpack-related-posts":[{"id":8093,"url":"https:\/\/lyonelkaufmann.ch\/Blog\/2014\/07\/06\/joe-sacco-et-la-premiere-guerre-mondiale-comment-il-en-est-venu-a-realiser-une-exceptionnelle-tapisserie-sur-la-bataille-de-la-somme-slate-fr\/","url_meta":{"origin":5443,"position":0},"title":"Joe Sacco et la Premi\u00e8re Guerre mondiale: comment il en est venu \u00e0 r\u00e9aliser une exceptionnelle tapisserie sur la Bataille de la Somme | Slate.fr","author":"Lyonel Kaufmann","date":"6 juillet 2014","format":false,"excerpt":"Le 1er juillet 1916, commence la bataille de la Somme, la plus meurtri\u00e8re que l'arm\u00e9e britannique ait jamais connue. Rencontre de Slate.fr avec l\u2019auteur de la longue fresque qui est expos\u00e9e tout cet \u00e9t\u00e9 \u00e0 la station Montparnasse \u00e0 Paris. D\u00e9tail de la tapisserie r\u00e9alis\u00e9e par Joe Sacco. Se jouant\u2026","rel":"","context":"Dans &quot;histoire&quot;","block_context":{"text":"histoire","link":"https:\/\/lyonelkaufmann.ch\/Blog\/category\/histoire-2\/"},"img":{"alt_text":"","src":"https:\/\/i0.wp.com\/lyonelkaufmann.ch\/Blog\/wp-content\/uploads\/2015\/02\/wpid-tapisserie-sacco-2014-07-6-16-07.jpg?fit=1090%2C500&ssl=1&resize=350%2C200","width":350,"height":200,"srcset":"https:\/\/i0.wp.com\/lyonelkaufmann.ch\/Blog\/wp-content\/uploads\/2015\/02\/wpid-tapisserie-sacco-2014-07-6-16-07.jpg?fit=1090%2C500&ssl=1&resize=350%2C200 1x, https:\/\/i0.wp.com\/lyonelkaufmann.ch\/Blog\/wp-content\/uploads\/2015\/02\/wpid-tapisserie-sacco-2014-07-6-16-07.jpg?fit=1090%2C500&ssl=1&resize=525%2C300 1.5x, https:\/\/i0.wp.com\/lyonelkaufmann.ch\/Blog\/wp-content\/uploads\/2015\/02\/wpid-tapisserie-sacco-2014-07-6-16-07.jpg?fit=1090%2C500&ssl=1&resize=700%2C400 2x, https:\/\/i0.wp.com\/lyonelkaufmann.ch\/Blog\/wp-content\/uploads\/2015\/02\/wpid-tapisserie-sacco-2014-07-6-16-07.jpg?fit=1090%2C500&ssl=1&resize=1050%2C600 3x"},"classes":[]},{"id":590,"url":"https:\/\/lyonelkaufmann.ch\/Blog\/2007\/04\/30\/ici-je-prends-mon-temps\/","url_meta":{"origin":5443,"position":1},"title":"Ici je prends mon temps.","author":"Lyonel Kaufmann","date":"30 avril 2007","format":"aside","excerpt":"Ici je prends mon temps. Plusieurs caf\u00e9s par jour Ou un de temps en temps C'est le temps du discontinu. Ici, c'est mon temps le plus proche Le choix de la tapisserie La couleur des plinthes L'enseigne \u00e0 l'entr\u00e9e J'en ai compos\u00e9 le menu. Ici c'est le temps du passage\u2026","rel":"","context":"Dans &quot;Blogcaf\u00e9&quot;","block_context":{"text":"Blogcaf\u00e9","link":"https:\/\/lyonelkaufmann.ch\/Blog\/category\/blogcafe-2\/"},"img":{"alt_text":"","src":"https:\/\/i0.wp.com\/lyonelkaufmann.ch\/Blog\/wp-content\/uploads\/2015\/03\/20_-_Olea_Restaurant.jpg?fit=365%2C233&ssl=1&resize=350%2C200","width":350,"height":200},"classes":[]},{"id":27774,"url":"https:\/\/lyonelkaufmann.ch\/Blog\/2025\/11\/30\/52-alesia-quand-lhistoire-fait-dates-arte\/","url_meta":{"origin":5443,"position":2},"title":"-52 Al\u00e9sia | Quand l&rsquo;histoire fait dates | ARTE","author":"Lyonel Kaufmann","date":"30 novembre 2025","format":false,"excerpt":"Dans cette magnifique s\u00e9rie d'Arte, Patrick Boucheron nous met en perspective la bataille d'Al\u00e9sia, la Guerre des Gaules, Jules C\u00e9sar, Vercing\u00e9torix et notre rapport au pass\u00e9 et \u00e0 l'histoire. Brillant. https:\/\/youtu.be\/Ss-CGE--fZs?si=LP1aC_TUKZHxiXgZ Le site de la bataille, situ\u00e9 \u00e0 Alise-Sainte-Reine (n'en d\u00e9plaise \u00e0 certains), est en Bourgogne, pas si loin de\u2026","rel":"","context":"Dans &quot;histoire&quot;","block_context":{"text":"histoire","link":"https:\/\/lyonelkaufmann.ch\/Blog\/category\/histoire-2\/"},"img":{"alt_text":"","src":"https:\/\/i0.wp.com\/lyonelkaufmann.ch\/Blog\/wp-content\/uploads\/2025\/11\/1920x1080-3982961008.jpg?fit=1200%2C675&ssl=1&resize=350%2C200","width":350,"height":200,"srcset":"https:\/\/i0.wp.com\/lyonelkaufmann.ch\/Blog\/wp-content\/uploads\/2025\/11\/1920x1080-3982961008.jpg?fit=1200%2C675&ssl=1&resize=350%2C200 1x, https:\/\/i0.wp.com\/lyonelkaufmann.ch\/Blog\/wp-content\/uploads\/2025\/11\/1920x1080-3982961008.jpg?fit=1200%2C675&ssl=1&resize=525%2C300 1.5x, https:\/\/i0.wp.com\/lyonelkaufmann.ch\/Blog\/wp-content\/uploads\/2025\/11\/1920x1080-3982961008.jpg?fit=1200%2C675&ssl=1&resize=700%2C400 2x, https:\/\/i0.wp.com\/lyonelkaufmann.ch\/Blog\/wp-content\/uploads\/2025\/11\/1920x1080-3982961008.jpg?fit=1200%2C675&ssl=1&resize=1050%2C600 3x"},"classes":[]},{"id":5924,"url":"https:\/\/lyonelkaufmann.ch\/Blog\/2012\/08\/14\/revue-de-presse-comment-twitter-aurait-pu-sauver-jules-cesar-le-nouvel-observateur\/","url_meta":{"origin":5443,"position":3},"title":"Revue de presse : Comment Twitter aurait pu sauver Jules C\u00e9sar | Le Nouvel Observateur","author":"Lyonel Kaufmann","date":"14 ao\u00fbt 2012","format":false,"excerpt":"Dr\u00f4le, frais et g\u00e9nial : L'histoire revisit\u00e9e si les r\u00e9seaux sociaux avaient exist\u00e9 #1 La derni\u00e8re journ\u00e9e de Jules C\u00e9sar vue des smartphones. \u00c0 suivre. Comment Twitter aurait pu sauver Jules C\u00e9sar - Le Nouvel Observateur","rel":"","context":"Dans &quot;histoire&quot;","block_context":{"text":"histoire","link":"https:\/\/lyonelkaufmann.ch\/Blog\/category\/histoire-2\/"},"img":{"alt_text":"","src":"https:\/\/i0.wp.com\/lyonelkaufmann.ch\/Blog\/wp-content\/uploads\/2015\/03\/blogcafe1.jpg?fit=1024%2C683&ssl=1&resize=350%2C200","width":350,"height":200,"srcset":"https:\/\/i0.wp.com\/lyonelkaufmann.ch\/Blog\/wp-content\/uploads\/2015\/03\/blogcafe1.jpg?fit=1024%2C683&ssl=1&resize=350%2C200 1x, https:\/\/i0.wp.com\/lyonelkaufmann.ch\/Blog\/wp-content\/uploads\/2015\/03\/blogcafe1.jpg?fit=1024%2C683&ssl=1&resize=525%2C300 1.5x, https:\/\/i0.wp.com\/lyonelkaufmann.ch\/Blog\/wp-content\/uploads\/2015\/03\/blogcafe1.jpg?fit=1024%2C683&ssl=1&resize=700%2C400 2x"},"classes":[]},{"id":5929,"url":"https:\/\/lyonelkaufmann.ch\/Blog\/2012\/08\/15\/colloque-la-narration-en-images-de-la-colonne-trajane-a-la-bande-dessinee-latelier-des-icones\/","url_meta":{"origin":5443,"position":4},"title":"Colloque \u201cLa narration en images. De la colonne Trajane \u00e0 la bande dessin\u00e9e\u201d | L&rsquo;Atelier des ic\u00f4nes","author":"Lyonel Kaufmann","date":"15 ao\u00fbt 2012","format":false,"excerpt":"Tapisserie de Bayeux, d\u00e9tail Ce colloque qui a lieu du lundi 27 ao\u00fbt 2012 au vendredi 31 ao\u00fbt 2012 \u00e0 Angoul\u00eame offre des conf\u00e9rences tr\u00e8s int\u00e9ressantes pour un enseignant d'histoire et l'utilisation de l'image en classe d'histoire.\u00a0 Voici une s\u00e9lection de contributions en ce sens: Mardi 28 ao\u00fbt 2012: Antiquit\u00e9\u2026","rel":"","context":"Dans &quot;histoire&quot;","block_context":{"text":"histoire","link":"https:\/\/lyonelkaufmann.ch\/Blog\/category\/histoire-2\/"},"img":{"alt_text":"","src":"","width":0,"height":0},"classes":[]},{"id":2531,"url":"https:\/\/lyonelkaufmann.ch\/Blog\/2009\/02\/28\/seraphine\/","url_meta":{"origin":5443,"position":5},"title":"S\u00e9raphine","author":"Lyonel Kaufmann","date":"28 f\u00e9vrier 2009","format":"aside","excerpt":"S\u00e9raphine est le film sorti grand vainqueur de la c\u00e9r\u00e9monie des C\u00e9sars 2009. Comme personnellement je ne connaissais pas ce film, je suis parti \u00e0 sa rencontre\u2026 En 1912, le collectionneur allemand Wilhelm Uhde, premier acheteur de Picasso et d\u00e9couvreur du douanier Rousseau, loue un appartement \u00e0 Senlis pour \u00e9crire\u2026","rel":"","context":"Dans &quot;Blogcaf\u00e9&quot;","block_context":{"text":"Blogcaf\u00e9","link":"https:\/\/lyonelkaufmann.ch\/Blog\/category\/blogcafe-2\/"},"img":{"alt_text":"","src":"https:\/\/i0.wp.com\/lyonelkaufmann.ch\/Blog\/wp-content\/uploads\/2015\/03\/ARi3S.jpg?fit=320%2C240&ssl=1&resize=350%2C200","width":350,"height":200},"classes":[]}],"jetpack_likes_enabled":true,"_links":{"self":[{"href":"https:\/\/lyonelkaufmann.ch\/Blog\/wp-json\/wp\/v2\/posts\/5443","targetHints":{"allow":["GET"]}}],"collection":[{"href":"https:\/\/lyonelkaufmann.ch\/Blog\/wp-json\/wp\/v2\/posts"}],"about":[{"href":"https:\/\/lyonelkaufmann.ch\/Blog\/wp-json\/wp\/v2\/types\/post"}],"author":[{"embeddable":true,"href":"https:\/\/lyonelkaufmann.ch\/Blog\/wp-json\/wp\/v2\/users\/1"}],"replies":[{"embeddable":true,"href":"https:\/\/lyonelkaufmann.ch\/Blog\/wp-json\/wp\/v2\/comments?post=5443"}],"version-history":[{"count":0,"href":"https:\/\/lyonelkaufmann.ch\/Blog\/wp-json\/wp\/v2\/posts\/5443\/revisions"}],"wp:featuredmedia":[{"embeddable":true,"href":"https:\/\/lyonelkaufmann.ch\/Blog\/wp-json\/wp\/v2\/media\/14093"}],"wp:attachment":[{"href":"https:\/\/lyonelkaufmann.ch\/Blog\/wp-json\/wp\/v2\/media?parent=5443"}],"wp:term":[{"taxonomy":"category","embeddable":true,"href":"https:\/\/lyonelkaufmann.ch\/Blog\/wp-json\/wp\/v2\/categories?post=5443"},{"taxonomy":"post_tag","embeddable":true,"href":"https:\/\/lyonelkaufmann.ch\/Blog\/wp-json\/wp\/v2\/tags?post=5443"}],"curies":[{"name":"wp","href":"https:\/\/api.w.org\/{rel}","templated":true}]}}