{"id":5450,"date":"2012-02-01T11:12:53","date_gmt":"2012-02-01T10:12:53","guid":{"rendered":"https:\/\/lyonelkaufmann.ch\/Blog\/?p=5450"},"modified":"2012-02-01T11:12:53","modified_gmt":"2012-02-01T10:12:53","slug":"xavier-comtesse-quel-sens-donnez-vous-au-transformationnel-le-monde-economique","status":"publish","type":"post","link":"https:\/\/lyonelkaufmann.ch\/Blog\/2012\/02\/01\/xavier-comtesse-quel-sens-donnez-vous-au-transformationnel-le-monde-economique\/","title":{"rendered":"Xavier Comtesse &#8211; Quel sens donnez-vous au transformationnel? |\u00a0Le Monde Economique"},"content":{"rendered":"<span class=\"embed-youtube\" style=\"text-align:center; display: block;\"><iframe loading=\"lazy\" class=\"youtube-player\" width=\"640\" height=\"360\" src=\"https:\/\/www.youtube.com\/embed\/B91P7nLmX30?version=3&#038;rel=0&#038;showsearch=0&#038;showinfo=1&#038;iv_load_policy=1&#038;fs=1&#038;hl=fr-FR&#038;autohide=2&#038;wmode=transparent\" allowfullscreen=\"true\" style=\"border:0;\" sandbox=\"allow-scripts allow-same-origin allow-popups allow-presentation allow-popups-to-escape-sandbox\"><\/iframe><\/span>\n<p>Tr\u00e8s int\u00e9ressante contribution de Xavier Comtesse, le directeur romand d&rsquo;<em>Avenir Suisse<\/em> r\u00e9pondant au <em>Monde Economique<\/em>.<br \/>\n<a title=\"http:\/\/www.monde-economique.ch\/index.php?option=com_content&amp;view=article&amp;id=321&amp;catid=22&amp;Itemid=144&amp;vid=323\" href=\"http:\/\/www.monde-economique.ch\/index.php?option=com_content&amp;view=article&amp;id=321&amp;catid=22&amp;Itemid=144&amp;vid=323\" rel=\"nofollow\" target=\"_blank\">http:\/\/www.monde-economique.ch\/index.php?option=com_content&amp;view=article&amp;&#8230;<\/a><\/p>\n","protected":false},"excerpt":{"rendered":"<p>Tr\u00e8s int\u00e9ressante contribution de Xavier Comtesse, le directeur romand d&rsquo;Avenir Suisse r\u00e9pondant au Monde Economique. http:\/\/www.monde-economique.ch\/index.php?option=com_content&amp;view=article&amp;&#8230;<\/p>\n","protected":false},"author":1,"featured_media":13879,"comment_status":"open","ping_status":"open","sticky":false,"template":"","format":"quote","meta":{"_import_markdown_pro_load_document_selector":0,"_import_markdown_pro_submit_text_textarea":"","_genesis_hide_title":false,"_genesis_hide_breadcrumbs":false,"_genesis_hide_singular_image":false,"_genesis_hide_footer_widgets":false,"_genesis_custom_body_class":"","_genesis_custom_post_class":"","_genesis_layout":"","jetpack_post_was_ever_published":false,"_jetpack_newsletter_access":"","_jetpack_dont_email_post_to_subs":false,"_jetpack_newsletter_tier_id":0,"_jetpack_memberships_contains_paywalled_content":false,"_jetpack_memberships_contains_paid_content":false,"activitypub_content_warning":"","activitypub_content_visibility":"","activitypub_max_image_attachments":3,"activitypub_interaction_policy_quote":"anyone","activitypub_status":"","footnotes":"","jetpack_publicize_message":"","jetpack_publicize_feature_enabled":true,"jetpack_social_post_already_shared":true,"jetpack_social_options":{"image_generator_settings":{"template":"fullscreen","default_image_id":0,"font":"","enabled":false},"version":2}},"categories":[3],"tags":[],"class_list":{"0":"post-5450","1":"post","2":"type-post","3":"status-publish","4":"format-quote","5":"has-post-thumbnail","7":"category-blogcafe-2","8":"post_format-post-format-quote","9":"entry"},"jetpack_publicize_connections":[],"featured_image_src":"https:\/\/i0.wp.com\/lyonelkaufmann.ch\/Blog\/wp-content\/uploads\/2015\/03\/0102.jpg?resize=480%2C360&ssl=1","featured_image_src_square":"https:\/\/i0.wp.com\/lyonelkaufmann.ch\/Blog\/wp-content\/uploads\/2015\/03\/0102.jpg?resize=480%2C360&ssl=1","author_info":{"display_name":"Lyonel Kaufmann","author_link":"https:\/\/lyonelkaufmann.ch\/Blog\/author\/lyonelk\/"},"jetpack_featured_media_url":"https:\/\/i0.wp.com\/lyonelkaufmann.ch\/Blog\/wp-content\/uploads\/2015\/03\/0102.jpg?fit=480%2C360&ssl=1","jetpack_sharing_enabled":true,"jetpack_shortlink":"https:\/\/wp.me\/p1qtF4-1pU","jetpack-related-posts":[{"id":4178,"url":"https:\/\/lyonelkaufmann.ch\/Blog\/2010\/11\/03\/la-princesse-de-montpensier-en-salles\/","url_meta":{"origin":5450,"position":0},"title":"La Princesse de Montpensier en salles","author":"Lyonel Kaufmann","date":"3 novembre 2010","format":"aside","excerpt":"via Z\u00e9ro de Conduite : Blog cin\u00e9ma & \u00e9ducation A l'occasion de la sortie en salle du film de Bertrand \u00abLa Princesse de Montpensier\u00bb, Z\u00e9ro de Conduite, site consacr\u00e9 \u00e0 l'utilisation du film en classe, rappelle sa chronique r\u00e9dig\u00e9e au moment de la pr\u00e9sentation du film au festival de Cannes,\u2026","rel":"","context":"Dans &quot;histoire&quot;","block_context":{"text":"histoire","link":"https:\/\/lyonelkaufmann.ch\/Blog\/category\/histoire-2\/"},"img":{"alt_text":"","src":"https:\/\/i0.wp.com\/lyonelkaufmann.ch\/Blog\/wp-content\/uploads\/2010\/11\/laprincesse_demontpensier_texte.jpg?resize=350%2C200","width":350,"height":200},"classes":[]},{"id":6950,"url":"https:\/\/lyonelkaufmann.ch\/Blog\/2013\/04\/13\/les-archives-federales-collaborent-avec-wikimedia-xavier-studer\/","url_meta":{"origin":5450,"position":1},"title":"Les Archives f\u00e9d\u00e9rales collaborent avec Wikimedia | Xavier Studer","author":"Lyonel Kaufmann","date":"13 avril 2013","format":false,"excerpt":"Pendant que les milieux de l'\u00e9cole d\u00e9veloppent toujours un rapport ambigu avec Wikipedia \u2014 les profs l'utilisent pour leur pr\u00e9paration tout en l'interdisant en classe \u00e0 leurs \u00e9l\u00e8ves \u2014 les Archives f\u00e9d\u00e9rales suisses (AFS) font un pas en direction de la soci\u00e9t\u00e9 de l\u2019information du XXIe si\u00e8cle. Elles vont ainsi\u2026","rel":"","context":"Dans &quot;histoire&quot;","block_context":{"text":"histoire","link":"https:\/\/lyonelkaufmann.ch\/Blog\/category\/histoire-2\/"},"img":{"alt_text":"","src":"https:\/\/i0.wp.com\/lyonelkaufmann.ch\/Blog\/wp-content\/uploads\/2015\/03\/Wikimedia_CH.jpg?fit=930%2C716&ssl=1&resize=350%2C200","width":350,"height":200,"srcset":"https:\/\/i0.wp.com\/lyonelkaufmann.ch\/Blog\/wp-content\/uploads\/2015\/03\/Wikimedia_CH.jpg?fit=930%2C716&ssl=1&resize=350%2C200 1x, https:\/\/i0.wp.com\/lyonelkaufmann.ch\/Blog\/wp-content\/uploads\/2015\/03\/Wikimedia_CH.jpg?fit=930%2C716&ssl=1&resize=525%2C300 1.5x, https:\/\/i0.wp.com\/lyonelkaufmann.ch\/Blog\/wp-content\/uploads\/2015\/03\/Wikimedia_CH.jpg?fit=930%2C716&ssl=1&resize=700%2C400 2x"},"classes":[]},{"id":1868,"url":"https:\/\/lyonelkaufmann.ch\/Blog\/2010\/01\/13\/culture-web-la-force-de-lutopie-sciences-humaines\/","url_meta":{"origin":5450,"position":2},"title":"Culture web: La force de l&rsquo;utopie | Sciences humaines","author":"Lyonel Kaufmann","date":"13 janvier 2010","format":false,"excerpt":"Depuis sa naissance, Internet a \u00e9t\u00e9 porteur des r\u00eaves de ses concepteurs. A travers le r\u00e9seau devait \u00e9merger une soci\u00e9t\u00e9 du partage du savoir, pacifique et \u00e9galitaire. Ces id\u00e9aux survivent malgr\u00e9 la banalisation du Web. La Revue Sciences humaines consacre une partie de son grand \u00a0dossier sur les Villes mondiales\u2026","rel":"","context":"Dans &quot;histoire&quot;","block_context":{"text":"histoire","link":"https:\/\/lyonelkaufmann.ch\/Blog\/category\/histoire-2\/"},"img":{"alt_text":"","src":"https:\/\/i0.wp.com\/lyonelkaufmann.ch\/Blog\/wp-content\/uploads\/2015\/03\/blogcafe1.jpg?fit=1024%2C683&ssl=1&resize=350%2C200","width":350,"height":200,"srcset":"https:\/\/i0.wp.com\/lyonelkaufmann.ch\/Blog\/wp-content\/uploads\/2015\/03\/blogcafe1.jpg?fit=1024%2C683&ssl=1&resize=350%2C200 1x, https:\/\/i0.wp.com\/lyonelkaufmann.ch\/Blog\/wp-content\/uploads\/2015\/03\/blogcafe1.jpg?fit=1024%2C683&ssl=1&resize=525%2C300 1.5x, https:\/\/i0.wp.com\/lyonelkaufmann.ch\/Blog\/wp-content\/uploads\/2015\/03\/blogcafe1.jpg?fit=1024%2C683&ssl=1&resize=700%2C400 2x"},"classes":[]},{"id":3039,"url":"https:\/\/lyonelkaufmann.ch\/Blog\/2010\/01\/11\/culture-web-la-force-de-lutopie-sciences-humaines-2\/","url_meta":{"origin":5450,"position":3},"title":"Culture web: La force de l\u2019utopie | Sciences humaines","author":"Lyonel Kaufmann","date":"11 janvier 2010","format":"aside","excerpt":"Depuis sa naissance, Internet a \u00e9t\u00e9 porteur des r\u00eaves de ses concepteurs. A travers le r\u00e9seau devait \u00e9merger une soci\u00e9t\u00e9 du partage du savoir, pacifique et \u00e9galitaire. Ces id\u00e9aux survivent malgr\u00e9 la banalisation du Web. La Revue Sciences humaines consacre un dossier \u00e0 la culture web. Dix ou quinze ans\u2026","rel":"","context":"Dans &quot;Blogcaf\u00e9&quot;","block_context":{"text":"Blogcaf\u00e9","link":"https:\/\/lyonelkaufmann.ch\/Blog\/category\/blogcafe-2\/"},"img":{"alt_text":"","src":"https:\/\/i0.wp.com\/lyonelkaufmann.ch\/Blog\/wp-content\/uploads\/2010\/01\/12585490072_GDSH_17_258.jpg?resize=350%2C200","width":350,"height":200},"classes":[]},{"id":5491,"url":"https:\/\/lyonelkaufmann.ch\/Blog\/2012\/05\/31\/avec-robert-fossier-meurt-un-pan-de-lhistoire-economique-et-sociale-nonfiction\/","url_meta":{"origin":5450,"position":4},"title":"Avec Robert Fossier meurt un pan de \u00ab\u00a0l\u2019histoire \u00e9conomique et sociale\u00a0\u00bb | Nonfiction","author":"Lyonel Kaufmann","date":"31 mai 2012","format":false,"excerpt":"Robert Fossier, historien du Moyen-\u00c2ge, est mort le 25 mai 2012, dans un silence m\u00e9diatique peut-\u00eatre d\u00fb au week-end de la Pentec\u00f4te. La nouvelle m\u00e9rite pourtant r\u00e9action : au-del\u00e0 de l\u2019\u00e9motion du petit milieu des m\u00e9di\u00e9vistes, c\u2019est une g\u00e9n\u00e9ration d\u2019historiens qui dispara\u00eet progressivement, une mani\u00e8re de faire de l\u2019histoire et\u2026","rel":"","context":"Dans &quot;histoire&quot;","block_context":{"text":"histoire","link":"https:\/\/lyonelkaufmann.ch\/Blog\/category\/histoire-2\/"},"img":{"alt_text":"","src":"https:\/\/i0.wp.com\/lyonelkaufmann.ch\/histoire\/wp-content\/uploads\/2012\/05\/a1432efc07e48415d083e4b688f46276-0.jpg?resize=350%2C200","width":350,"height":200},"classes":[]},{"id":17872,"url":"https:\/\/lyonelkaufmann.ch\/Blog\/2017\/01\/06\/valparaiso-serge-larrain\/","url_meta":{"origin":5450,"position":5},"title":"Valparaiso | Serge Larrain","author":"Lyonel Kaufmann","date":"6 janvier 2017","format":false,"excerpt":"Il y a 26 ans paraissait \"Valparaiso\", petit ouvrage discret sign\u00e9 du nom d'un photographe alors inconnu, Sergio Larrain. Aujourd'hui, le livre s'\u00e9change entre les collectionneurs \u00e0 des prix faramineux. Les \u00e9ditions Xavier Barral viennent de publier un remake de l\u2019\u0153uvre originelle, qui n'a pas su convaincre totalement Jean-Christophe B\u00e9chet.\u2026","rel":"","context":"Dans &quot;Blogcaf\u00e9&quot;","block_context":{"text":"Blogcaf\u00e9","link":"https:\/\/lyonelkaufmann.ch\/Blog\/category\/blogcafe-2\/"},"img":{"alt_text":"","src":"https:\/\/i0.wp.com\/lyonelkaufmann.ch\/Blog\/wp-content\/uploads\/2017\/01\/featuredImage.jpg?fit=720%2C717&ssl=1&resize=350%2C200","width":350,"height":200,"srcset":"https:\/\/i0.wp.com\/lyonelkaufmann.ch\/Blog\/wp-content\/uploads\/2017\/01\/featuredImage.jpg?fit=720%2C717&ssl=1&resize=350%2C200 1x, https:\/\/i0.wp.com\/lyonelkaufmann.ch\/Blog\/wp-content\/uploads\/2017\/01\/featuredImage.jpg?fit=720%2C717&ssl=1&resize=525%2C300 1.5x, https:\/\/i0.wp.com\/lyonelkaufmann.ch\/Blog\/wp-content\/uploads\/2017\/01\/featuredImage.jpg?fit=720%2C717&ssl=1&resize=700%2C400 2x"},"classes":[]}],"jetpack_likes_enabled":true,"_links":{"self":[{"href":"https:\/\/lyonelkaufmann.ch\/Blog\/wp-json\/wp\/v2\/posts\/5450","targetHints":{"allow":["GET"]}}],"collection":[{"href":"https:\/\/lyonelkaufmann.ch\/Blog\/wp-json\/wp\/v2\/posts"}],"about":[{"href":"https:\/\/lyonelkaufmann.ch\/Blog\/wp-json\/wp\/v2\/types\/post"}],"author":[{"embeddable":true,"href":"https:\/\/lyonelkaufmann.ch\/Blog\/wp-json\/wp\/v2\/users\/1"}],"replies":[{"embeddable":true,"href":"https:\/\/lyonelkaufmann.ch\/Blog\/wp-json\/wp\/v2\/comments?post=5450"}],"version-history":[{"count":0,"href":"https:\/\/lyonelkaufmann.ch\/Blog\/wp-json\/wp\/v2\/posts\/5450\/revisions"}],"wp:featuredmedia":[{"embeddable":true,"href":"https:\/\/lyonelkaufmann.ch\/Blog\/wp-json\/wp\/v2\/media\/13879"}],"wp:attachment":[{"href":"https:\/\/lyonelkaufmann.ch\/Blog\/wp-json\/wp\/v2\/media?parent=5450"}],"wp:term":[{"taxonomy":"category","embeddable":true,"href":"https:\/\/lyonelkaufmann.ch\/Blog\/wp-json\/wp\/v2\/categories?post=5450"},{"taxonomy":"post_tag","embeddable":true,"href":"https:\/\/lyonelkaufmann.ch\/Blog\/wp-json\/wp\/v2\/tags?post=5450"}],"curies":[{"name":"wp","href":"https:\/\/api.w.org\/{rel}","templated":true}]}}