{"id":5456,"date":"2012-05-21T21:11:28","date_gmt":"2012-05-21T21:11:28","guid":{"rendered":"http:\/\/lyonelkaufmann.ch\/histoire\/?p=5456"},"modified":"2012-05-21T21:11:28","modified_gmt":"2012-05-21T21:11:28","slug":"la-page-facebook-de-marie-antoinette-lecole-de-demain","status":"publish","type":"post","link":"https:\/\/lyonelkaufmann.ch\/Blog\/2012\/05\/21\/la-page-facebook-de-marie-antoinette-lecole-de-demain\/","title":{"rendered":"La page Facebook de Marie-Antoinette | L&rsquo;\u00c9COLE DE DEMAIN"},"content":{"rendered":"<p>See on <a style=\"font-weight:bold;font-size:18px;\" href=\"http:\/\/www.scoop.it\/t\/histoire\/p\/1817710802\/la-page-facebook-de-marie-antoinette-l-ecole-de-demain\">Scoop.it<\/a> &#8211; <a href=\"http:\/\/www.scoop.it\/t\/histoire\">histoire<\/a><br \/>\n<a href=\"http:\/\/www.scoop.it\/t\/histoire\/p\/1817710802\/la-page-facebook-de-marie-antoinette-l-ecole-de-demain\"><img decoding=\"async\" src=\"http:\/\/img.scoop.it\/6RPslsweaIb5hKaQMBnS7Tl72eJkfbmt4t8yenImKBXEejxNn4ZJNZ2ss5Ku7Cxt\" alt=\"\" \/><\/a><\/p>\n<p>\u00abCe travail a eu lieu \u00e0 l\u2019occasion du th\u00e8me de 4e sur la R\u00e9volution fran\u00e7aise. Les \u00e9l\u00e8ves, par groupes, devait travailler la biographie des acteurs de la R\u00e9volution (Robespierre, Napol\u00e9on, Louis XVI\u2026). Ils disposaient de liens s\u00e9lectionn\u00e9s par mes soins mais pouvaient aussi effectuer des recherches libres (avec un peu d\u2019aide de ma part). Le faux profil facebook impliquait de trouver des renseignements sur le personnages (dates, lieu de r\u00e9sidence, famille, amis, centres d\u2019int\u00e9r\u00eat, image du personnage et de ses connaissances) mais aussi de s\u00e9lectionner les 8 moments les plus important de sa vie pour remplir un faux \u201cmur\u201d facebook.\u00bb<br \/>\nSee on <a href=\"http:\/\/ecolededemain.wordpress.com\/2012\/05\/18\/la-page-facebook-de-marie-antoinette\/\">ecolededemain.wordpress.com<\/a><\/p>\n","protected":false},"excerpt":{"rendered":"<p>See on Scoop.it &#8211; histoire \u00abCe travail a eu lieu \u00e0 l\u2019occasion du th\u00e8me de 4e sur la R\u00e9volution fran\u00e7aise. Les \u00e9l\u00e8ves, par groupes, devait travailler la biographie des acteurs de la R\u00e9volution (Robespierre, Napol\u00e9on, Louis XVI\u2026). Ils disposaient de liens s\u00e9lectionn\u00e9s par mes soins mais pouvaient aussi effectuer des recherches libres (avec un peu [&hellip;]<\/p>\n","protected":false},"author":1,"featured_media":14094,"comment_status":"open","ping_status":"open","sticky":false,"template":"","format":"standard","meta":{"_import_markdown_pro_load_document_selector":0,"_import_markdown_pro_submit_text_textarea":"","_genesis_hide_title":false,"_genesis_hide_breadcrumbs":false,"_genesis_hide_singular_image":false,"_genesis_hide_footer_widgets":false,"_genesis_custom_body_class":"","_genesis_custom_post_class":"","_genesis_layout":"","jetpack_post_was_ever_published":false,"_jetpack_newsletter_access":"","_jetpack_dont_email_post_to_subs":false,"_jetpack_newsletter_tier_id":0,"_jetpack_memberships_contains_paywalled_content":false,"_jetpack_memberships_contains_paid_content":false,"activitypub_content_warning":"","activitypub_content_visibility":"","activitypub_max_image_attachments":3,"activitypub_interaction_policy_quote":"anyone","activitypub_status":"","footnotes":"","jetpack_publicize_message":"","jetpack_publicize_feature_enabled":true,"jetpack_social_post_already_shared":true,"jetpack_social_options":{"image_generator_settings":{"template":"fullscreen","default_image_id":0,"font":"","enabled":false},"version":2}},"categories":[2],"tags":[],"class_list":{"0":"post-5456","1":"post","2":"type-post","3":"status-publish","4":"format-standard","5":"has-post-thumbnail","7":"category-histoire-2","8":"entry"},"jetpack_publicize_connections":[],"featured_image_src":"https:\/\/i0.wp.com\/lyonelkaufmann.ch\/Blog\/wp-content\/uploads\/2015\/03\/6RPslsweaIb5hKaQMBnS7Tl72eJkfbmt4t8yenImKBXEejxNn4ZJNZ2ss5Ku7Cxt.jpg?resize=300%2C225&ssl=1","featured_image_src_square":"https:\/\/i0.wp.com\/lyonelkaufmann.ch\/Blog\/wp-content\/uploads\/2015\/03\/6RPslsweaIb5hKaQMBnS7Tl72eJkfbmt4t8yenImKBXEejxNn4ZJNZ2ss5Ku7Cxt.jpg?resize=300%2C225&ssl=1","author_info":{"display_name":"Lyonel Kaufmann","author_link":"https:\/\/lyonelkaufmann.ch\/Blog\/author\/lyonelk\/"},"jetpack_featured_media_url":"https:\/\/i0.wp.com\/lyonelkaufmann.ch\/Blog\/wp-content\/uploads\/2015\/03\/6RPslsweaIb5hKaQMBnS7Tl72eJkfbmt4t8yenImKBXEejxNn4ZJNZ2ss5Ku7Cxt.jpg?fit=300%2C225&ssl=1","jetpack_sharing_enabled":true,"jetpack_shortlink":"https:\/\/wp.me\/p1qtF4-1q0","jetpack-related-posts":[{"id":6964,"url":"https:\/\/lyonelkaufmann.ch\/Blog\/2013\/04\/16\/la-revolution-francaise-en-chansons-revolution-francaise\/","url_meta":{"origin":5456,"position":0},"title":"La R\u00e9volution fran\u00e7aise en chansons | R\u00e9volution Fran\u00e7aise","author":"Lyonel Kaufmann","date":"16 avril 2013","format":false,"excerpt":"Le site R\u00e9volution fran\u00e7aise.net\u00a0a s\u00e9lectionn\u00e9 quelques exemples de chansons r\u00e9volutionnaire en ligne sur YouTube. Les chansons ont jou\u00e9 un r\u00f4le important dans la circulation des id\u00e9es et des st\u00e9r\u00e9otypes politiques pendant la R\u00e9volution fran\u00e7aise. Certaines de ces chansons sont elles-m\u00eames des \"\u00e9v\u00e9nements\" r\u00e9volutionnaires\u00a0: La \"Marseillaise\" bien s\u00fbr, mais aussi le\u2026","rel":"","context":"Dans &quot;histoire&quot;","block_context":{"text":"histoire","link":"https:\/\/lyonelkaufmann.ch\/Blog\/category\/histoire-2\/"},"img":{"alt_text":"","src":"https:\/\/i0.wp.com\/lyonelkaufmann.ch\/Blog\/wp-content\/uploads\/2015\/03\/blogcafe1.jpg?fit=1024%2C683&ssl=1&resize=350%2C200","width":350,"height":200,"srcset":"https:\/\/i0.wp.com\/lyonelkaufmann.ch\/Blog\/wp-content\/uploads\/2015\/03\/blogcafe1.jpg?fit=1024%2C683&ssl=1&resize=350%2C200 1x, https:\/\/i0.wp.com\/lyonelkaufmann.ch\/Blog\/wp-content\/uploads\/2015\/03\/blogcafe1.jpg?fit=1024%2C683&ssl=1&resize=525%2C300 1.5x, https:\/\/i0.wp.com\/lyonelkaufmann.ch\/Blog\/wp-content\/uploads\/2015\/03\/blogcafe1.jpg?fit=1024%2C683&ssl=1&resize=700%2C400 2x"},"classes":[]},{"id":7193,"url":"https:\/\/lyonelkaufmann.ch\/Blog\/2013\/06\/29\/revue-de-presse-la-revolution-francaise-francetv-education\/","url_meta":{"origin":5456,"position":1},"title":"Revue de presse : La r\u00e9volution fran\u00e7aise | francetv \u00e9ducation","author":"Lyonel Kaufmann","date":"29 juin 2013","format":false,"excerpt":"Un dossier ludique de France T\u00e9l\u00e9visions pour expliquer aux plus jeunes les principales \u00e9tapes de la R\u00e9volution fran\u00e7aise \u00e0 travers une frise chronologique, les portraits des principaux personnages et les grands th\u00e8mes de la R\u00e9volution. La r\u00e9volution fran\u00e7aise | francetv \u00e9ducation","rel":"","context":"Dans &quot;histoire&quot;","block_context":{"text":"histoire","link":"https:\/\/lyonelkaufmann.ch\/Blog\/category\/histoire-2\/"},"img":{"alt_text":"","src":"https:\/\/i0.wp.com\/lyonelkaufmann.ch\/Blog\/wp-content\/uploads\/2015\/03\/blogcafe1.jpg?fit=1024%2C683&ssl=1&resize=350%2C200","width":350,"height":200,"srcset":"https:\/\/i0.wp.com\/lyonelkaufmann.ch\/Blog\/wp-content\/uploads\/2015\/03\/blogcafe1.jpg?fit=1024%2C683&ssl=1&resize=350%2C200 1x, https:\/\/i0.wp.com\/lyonelkaufmann.ch\/Blog\/wp-content\/uploads\/2015\/03\/blogcafe1.jpg?fit=1024%2C683&ssl=1&resize=525%2C300 1.5x, https:\/\/i0.wp.com\/lyonelkaufmann.ch\/Blog\/wp-content\/uploads\/2015\/03\/blogcafe1.jpg?fit=1024%2C683&ssl=1&resize=700%2C400 2x"},"classes":[]},{"id":18690,"url":"https:\/\/lyonelkaufmann.ch\/Blog\/2017\/10\/17\/soudain-au-detour-dun-miroir-tel-un-personnage-stendhalien-il-apparut-les-convulsions-de-la-revolution-nallaient-pas-tarder-a-engloutir-la-republique-de-venise\/","url_meta":{"origin":5456,"position":2},"title":"Soudain au d\u00e9tour d\u2019un miroir, tel un personnage stendhalien, il apparut. Les convulsions de la Revolution n\u2019allaient pas tarder \u00e0 engloutir la R\u00e9publique de Venise.","author":"Lyonel Kaufmann","date":"17 octobre 2017","format":false,"excerpt":"from Instagram: http:\/\/ift.tt\/2xPGhg6","rel":"","context":"Dans &quot;Blogcaf\u00e9&quot;","block_context":{"text":"Blogcaf\u00e9","link":"https:\/\/lyonelkaufmann.ch\/Blog\/category\/blogcafe-2\/"},"img":{"alt_text":"","src":"","width":0,"height":0},"classes":[]},{"id":7806,"url":"https:\/\/lyonelkaufmann.ch\/Blog\/2007\/04\/25\/grandola-ville-brune-revolution-des-oeillets-25041974\/","url_meta":{"origin":5456,"position":3},"title":"Gr\u00e2ndola, ville brune (R\u00e9volution des oeillets 25.04.1974)","author":"Lyonel Kaufmann","date":"25 avril 2007","format":false,"excerpt":"Le 25 avril 1974 avait lieu au Portugal la R\u00e9volution des Oeillets. Pour une fois, une arm\u00e9e mettait bas une dictature et instaurait la d\u00e9mocratie.Le signal de d\u00e9part de cette r\u00e9volution est donn\u00e9 le 25 avril 1974 \u00e0 0h25. A cette heure-l\u00e0, la radio nationale diffuse Gr\u00e2ndola, vila morena (Gr\u00e2ndola,\u2026","rel":"","context":"Dans &quot;histoire&quot;","block_context":{"text":"histoire","link":"https:\/\/lyonelkaufmann.ch\/Blog\/category\/histoire-2\/"},"img":{"alt_text":"","src":"https:\/\/i0.wp.com\/lyonelkaufmann.ch\/Blog\/wp-content\/uploads\/2007\/04\/maxresdefault.jpg?fit=1200%2C675&ssl=1&resize=350%2C200","width":350,"height":200,"srcset":"https:\/\/i0.wp.com\/lyonelkaufmann.ch\/Blog\/wp-content\/uploads\/2007\/04\/maxresdefault.jpg?fit=1200%2C675&ssl=1&resize=350%2C200 1x, https:\/\/i0.wp.com\/lyonelkaufmann.ch\/Blog\/wp-content\/uploads\/2007\/04\/maxresdefault.jpg?fit=1200%2C675&ssl=1&resize=525%2C300 1.5x, https:\/\/i0.wp.com\/lyonelkaufmann.ch\/Blog\/wp-content\/uploads\/2007\/04\/maxresdefault.jpg?fit=1200%2C675&ssl=1&resize=700%2C400 2x, https:\/\/i0.wp.com\/lyonelkaufmann.ch\/Blog\/wp-content\/uploads\/2007\/04\/maxresdefault.jpg?fit=1200%2C675&ssl=1&resize=1050%2C600 3x"},"classes":[]},{"id":7707,"url":"https:\/\/lyonelkaufmann.ch\/Blog\/2006\/05\/24\/marie-antoinette-en-ado-lassante-zero-de-conduite\/","url_meta":{"origin":5456,"position":4},"title":"Marie Antoinette en ado lassante (Z\u00e9ro de conduite)","author":"Lyonel Kaufmann","date":"24 mai 2006","format":false,"excerpt":"L'excellent site Z\u00e9ro de conduite (L'actualit\u00e9 \u00e9ducative au cin\u00e9ma) propose son compte-rendu du film, attendu sur la Croisette, de Sofia Coppola consacr\u00e9 \u00e0 Marie Antoinette. Le titre donne imm\u00e9diatement le ton de l'article: Marie Antoinette en ado lassante Sur le plan historique, Z\u00e9ro de conduite s'appuie justement sur l'analyse des\u2026","rel":"","context":"Dans &quot;Blogcaf\u00e9&quot;","block_context":{"text":"Blogcaf\u00e9","link":"https:\/\/lyonelkaufmann.ch\/Blog\/category\/blogcafe-2\/"},"img":{"alt_text":"","src":"https:\/\/i0.wp.com\/lyonelkaufmann.ch\/Blog\/wp-content\/uploads\/2015\/03\/blogcafe1.jpg?fit=1024%2C683&ssl=1&resize=350%2C200","width":350,"height":200,"srcset":"https:\/\/i0.wp.com\/lyonelkaufmann.ch\/Blog\/wp-content\/uploads\/2015\/03\/blogcafe1.jpg?fit=1024%2C683&ssl=1&resize=350%2C200 1x, https:\/\/i0.wp.com\/lyonelkaufmann.ch\/Blog\/wp-content\/uploads\/2015\/03\/blogcafe1.jpg?fit=1024%2C683&ssl=1&resize=525%2C300 1.5x, https:\/\/i0.wp.com\/lyonelkaufmann.ch\/Blog\/wp-content\/uploads\/2015\/03\/blogcafe1.jpg?fit=1024%2C683&ssl=1&resize=700%2C400 2x"},"classes":[]},{"id":5151,"url":"https:\/\/lyonelkaufmann.ch\/Blog\/2012\/03\/06\/la-revolution-francaise-par-limage-1789-1799\/","url_meta":{"origin":5456,"position":5},"title":"La R\u00e9volution Fran\u00e7aise par l&rsquo;image 1789-1799","author":"Lyonel Kaufmann","date":"6 mars 2012","format":false,"excerpt":"Via Scoop.it - histoireUn site personnel \"sans pr\u00e9tention\" (selon son auteur) qui \"recense documents et repr\u00e9sentations sur la R\u00e9volution fran\u00e7aise\". On y trouvera notamment des tableaux (de l'\u00e9poque r\u00e9volutionnaire, mais aussi du XIXe si\u00e8cle), des reproductions de documents, des \"bonus musicaux\" int\u00e9ressants\u2026Via 1789-1799.blogspot.com","rel":"","context":"Dans &quot;histoire&quot;","block_context":{"text":"histoire","link":"https:\/\/lyonelkaufmann.ch\/Blog\/category\/histoire-2\/"},"img":{"alt_text":"","src":"https:\/\/i0.wp.com\/lyonelkaufmann.ch\/Blog\/wp-content\/uploads\/2015\/03\/MSWMAWBJQkch4cZGRm6Vejl72eJkfbmt4t8yenImKBXEejxNn4ZJNZ2ss5Ku7Cxt.jpg?fit=455%2C543&ssl=1&resize=350%2C200","width":350,"height":200},"classes":[]}],"jetpack_likes_enabled":true,"_links":{"self":[{"href":"https:\/\/lyonelkaufmann.ch\/Blog\/wp-json\/wp\/v2\/posts\/5456","targetHints":{"allow":["GET"]}}],"collection":[{"href":"https:\/\/lyonelkaufmann.ch\/Blog\/wp-json\/wp\/v2\/posts"}],"about":[{"href":"https:\/\/lyonelkaufmann.ch\/Blog\/wp-json\/wp\/v2\/types\/post"}],"author":[{"embeddable":true,"href":"https:\/\/lyonelkaufmann.ch\/Blog\/wp-json\/wp\/v2\/users\/1"}],"replies":[{"embeddable":true,"href":"https:\/\/lyonelkaufmann.ch\/Blog\/wp-json\/wp\/v2\/comments?post=5456"}],"version-history":[{"count":0,"href":"https:\/\/lyonelkaufmann.ch\/Blog\/wp-json\/wp\/v2\/posts\/5456\/revisions"}],"wp:featuredmedia":[{"embeddable":true,"href":"https:\/\/lyonelkaufmann.ch\/Blog\/wp-json\/wp\/v2\/media\/14094"}],"wp:attachment":[{"href":"https:\/\/lyonelkaufmann.ch\/Blog\/wp-json\/wp\/v2\/media?parent=5456"}],"wp:term":[{"taxonomy":"category","embeddable":true,"href":"https:\/\/lyonelkaufmann.ch\/Blog\/wp-json\/wp\/v2\/categories?post=5456"},{"taxonomy":"post_tag","embeddable":true,"href":"https:\/\/lyonelkaufmann.ch\/Blog\/wp-json\/wp\/v2\/tags?post=5456"}],"curies":[{"name":"wp","href":"https:\/\/api.w.org\/{rel}","templated":true}]}}