{"id":5469,"date":"2012-05-26T05:38:27","date_gmt":"2012-05-26T05:38:27","guid":{"rendered":"http:\/\/lyonelkaufmann.ch\/histoire\/?p=5469"},"modified":"2012-05-26T05:38:27","modified_gmt":"2012-05-26T05:38:27","slug":"les-conditions-optimales-dune-integration-reussie-des-tic-en-classe","status":"publish","type":"post","link":"https:\/\/lyonelkaufmann.ch\/Blog\/2012\/05\/26\/les-conditions-optimales-dune-integration-reussie-des-tic-en-classe\/","title":{"rendered":"Les conditions optimales d&rsquo;une int\u00e9gration r\u00e9ussie des TIC en classe"},"content":{"rendered":"<p>See on <a style='font-weight:bold;font-size:18px;' href='http:\/\/www.scoop.it\/t\/medias-sociaux-et-enseignement\/p\/1844722361\/les-conditions-optimales-d-une-integration-reussie-des-tic-en-classe'>Scoop.it<\/a> &#8211; <a href='http:\/\/www.scoop.it\/t\/medias-sociaux-et-enseignement'>M\u00e9dias sociaux et enseignement<\/a><br \/><a href='http:\/\/www.scoop.it\/t\/medias-sociaux-et-enseignement\/p\/1844722361\/les-conditions-optimales-d-une-integration-reussie-des-tic-en-classe'><img src='http:\/\/img.scoop.it\/2IRZxS-AOzuaA8tF2Ns47Dl72eJkfbmt4t8yenImKBXEejxNn4ZJNZ2ss5Ku7Cxt' \/><\/a><\/p>\n<p>L&rsquo;&eacute;tude de G. B&eacute;liveau consiste en une analyse des recherches men&eacute;es principalement au Qu&eacute;bec sur l&rsquo;impact des TICE au coll&eacute;gial, avec des r&eacute;f&eacute;rences &agrave; des recherches fran&ccedil;aises et am&eacute;ricaines.<\/p>\n<p>See on <a href='http:\/\/cursus.edu\/dossiers-articles\/articles\/17798\/les-conditions-optimales-une-integration-reussie\/'>cursus.edu<\/a><\/p>\n","protected":false},"excerpt":{"rendered":"<p>See on Scoop.it &#8211; M\u00e9dias sociaux et enseignement L&rsquo;&eacute;tude de G. B&eacute;liveau consiste en une analyse des recherches men&eacute;es principalement au Qu&eacute;bec sur l&rsquo;impact des TICE au coll&eacute;gial, avec des r&eacute;f&eacute;rences &agrave; des recherches fran&ccedil;aises et am&eacute;ricaines. See on cursus.edu<\/p>\n","protected":false},"author":1,"featured_media":14095,"comment_status":"open","ping_status":"open","sticky":false,"template":"","format":"standard","meta":{"_import_markdown_pro_load_document_selector":0,"_import_markdown_pro_submit_text_textarea":"","_genesis_hide_title":false,"_genesis_hide_breadcrumbs":false,"_genesis_hide_singular_image":false,"_genesis_hide_footer_widgets":false,"_genesis_custom_body_class":"","_genesis_custom_post_class":"","_genesis_layout":"","jetpack_post_was_ever_published":false,"_jetpack_newsletter_access":"","_jetpack_dont_email_post_to_subs":false,"_jetpack_newsletter_tier_id":0,"_jetpack_memberships_contains_paywalled_content":false,"_jetpack_memberships_contains_paid_content":false,"activitypub_content_warning":"","activitypub_content_visibility":"","activitypub_max_image_attachments":3,"activitypub_interaction_policy_quote":"anyone","activitypub_status":"","footnotes":"","jetpack_publicize_message":"","jetpack_publicize_feature_enabled":true,"jetpack_social_post_already_shared":true,"jetpack_social_options":{"image_generator_settings":{"template":"fullscreen","default_image_id":0,"font":"","enabled":false},"version":2}},"categories":[2],"tags":[],"class_list":{"0":"post-5469","1":"post","2":"type-post","3":"status-publish","4":"format-standard","5":"has-post-thumbnail","7":"category-histoire-2","8":"entry"},"jetpack_publicize_connections":[],"featured_image_src":"https:\/\/i0.wp.com\/lyonelkaufmann.ch\/Blog\/wp-content\/uploads\/2015\/03\/2IRZxS-AOzuaA8tF2Ns47Dl72eJkfbmt4t8yenImKBXEejxNn4ZJNZ2ss5Ku7Cxt.jpg?resize=229%2C172&ssl=1","featured_image_src_square":"https:\/\/i0.wp.com\/lyonelkaufmann.ch\/Blog\/wp-content\/uploads\/2015\/03\/2IRZxS-AOzuaA8tF2Ns47Dl72eJkfbmt4t8yenImKBXEejxNn4ZJNZ2ss5Ku7Cxt.jpg?resize=229%2C172&ssl=1","author_info":{"display_name":"Lyonel Kaufmann","author_link":"https:\/\/lyonelkaufmann.ch\/Blog\/author\/lyonelk\/"},"jetpack_featured_media_url":"https:\/\/i0.wp.com\/lyonelkaufmann.ch\/Blog\/wp-content\/uploads\/2015\/03\/2IRZxS-AOzuaA8tF2Ns47Dl72eJkfbmt4t8yenImKBXEejxNn4ZJNZ2ss5Ku7Cxt.jpg?fit=229%2C172&ssl=1","jetpack_sharing_enabled":true,"jetpack_shortlink":"https:\/\/wp.me\/p1qtF4-1qd","jetpack-related-posts":[{"id":7462,"url":"https:\/\/lyonelkaufmann.ch\/Blog\/2013\/09\/07\/revue-de-presse-la-motivation-des-enseignants-pour-les-tic-eduscol-numerique\/","url_meta":{"origin":5469,"position":0},"title":"Revue de presse : La motivation des enseignants pour les TIC | \u00c9duscol num\u00e9rique","author":"Lyonel Kaufmann","date":"7 septembre 2013","format":false,"excerpt":"Une \u00e9tude suisse effectue une analyse de \u00ab l'\u00e9volution des attitudes des enseignants vis-\u00e0-vis de l'int\u00e9gration des TICE \u00bb dans le canton de Fribourg. Les r\u00e9sultats des recherches montrent une augmentation du sentiment de comp\u00e9tence technique chez les professeurs, une perception plus positive des technologies de l'information et de la\u2026","rel":"","context":"Dans &quot;histoire&quot;","block_context":{"text":"histoire","link":"https:\/\/lyonelkaufmann.ch\/Blog\/category\/histoire-2\/"},"img":{"alt_text":"","src":"https:\/\/i0.wp.com\/lyonelkaufmann.ch\/Blog\/wp-content\/uploads\/2015\/03\/blogcafe1.jpg?fit=1024%2C683&ssl=1&resize=350%2C200","width":350,"height":200,"srcset":"https:\/\/i0.wp.com\/lyonelkaufmann.ch\/Blog\/wp-content\/uploads\/2015\/03\/blogcafe1.jpg?fit=1024%2C683&ssl=1&resize=350%2C200 1x, https:\/\/i0.wp.com\/lyonelkaufmann.ch\/Blog\/wp-content\/uploads\/2015\/03\/blogcafe1.jpg?fit=1024%2C683&ssl=1&resize=525%2C300 1.5x, https:\/\/i0.wp.com\/lyonelkaufmann.ch\/Blog\/wp-content\/uploads\/2015\/03\/blogcafe1.jpg?fit=1024%2C683&ssl=1&resize=700%2C400 2x"},"classes":[]},{"id":6169,"url":"https:\/\/lyonelkaufmann.ch\/Blog\/2012\/09\/25\/que-signifie-vraiment-integrer-les-tic-en-pedagogie-educavox\/","url_meta":{"origin":5469,"position":1},"title":"Que signifie vraiment \u00ab int\u00e9grer les TIC \u00bb en p\u00e9dagogie ? | Educavox","author":"Lyonel Kaufmann","date":"25 septembre 2012","format":false,"excerpt":"Sur Educavox, Yves Morin pose la question suivante : comment un enseignant qui d\u00e9sire int\u00e9grer les technologies \u00e0 sa p\u00e9dagogie doit-il proc\u00e9der ou quelles sont les \u00e9tapes successives et requises visant \u00e0 l\u2019int\u00e9gration des TIC par un enseignant ? Sur la base de ses recherches et de ses diff\u00e9rentes lectures,\u2026","rel":"","context":"Dans &quot;histoire&quot;","block_context":{"text":"histoire","link":"https:\/\/lyonelkaufmann.ch\/Blog\/category\/histoire-2\/"},"img":{"alt_text":"","src":"https:\/\/i0.wp.com\/lyonelkaufmann.ch\/Blog\/wp-content\/uploads\/2015\/03\/blogcafe1.jpg?fit=1024%2C683&ssl=1&resize=350%2C200","width":350,"height":200,"srcset":"https:\/\/i0.wp.com\/lyonelkaufmann.ch\/Blog\/wp-content\/uploads\/2015\/03\/blogcafe1.jpg?fit=1024%2C683&ssl=1&resize=350%2C200 1x, https:\/\/i0.wp.com\/lyonelkaufmann.ch\/Blog\/wp-content\/uploads\/2015\/03\/blogcafe1.jpg?fit=1024%2C683&ssl=1&resize=525%2C300 1.5x, https:\/\/i0.wp.com\/lyonelkaufmann.ch\/Blog\/wp-content\/uploads\/2015\/03\/blogcafe1.jpg?fit=1024%2C683&ssl=1&resize=700%2C400 2x"},"classes":[]},{"id":10677,"url":"https:\/\/lyonelkaufmann.ch\/Blog\/2013\/09\/07\/revue-de-presse-la-motivation-des-enseignants-pour-les-tic-eduscol-numerique-2\/","url_meta":{"origin":5469,"position":2},"title":"Revue de presse : La motivation des enseignants pour les TIC | \u00c9duscol num\u00e9rique","author":"Lyonel Kaufmann","date":"7 septembre 2013","format":false,"excerpt":"Une \u00e9tude suisse effectue une analyse de \u00ab l'\u00e9volution des attitudes des enseignants vis-\u00e0-vis de l'int\u00e9gration des TICE \u00bb dans le canton de Fribourg. Les r\u00e9sultats des recherches montrent une augmentation du sentiment de comp\u00e9tence technique chez les professeurs, une perception plus positive des technologies de l'information et de la\u2026","rel":"","context":"Dans &quot;L'Expresso&quot;","block_context":{"text":"L'Expresso","link":"https:\/\/lyonelkaufmann.ch\/Blog\/category\/breves\/"},"img":{"alt_text":"","src":"https:\/\/i0.wp.com\/lyonelkaufmann.ch\/Blog\/wp-content\/uploads\/2015\/03\/blogcafe1.jpg?fit=1024%2C683&ssl=1&resize=350%2C200","width":350,"height":200,"srcset":"https:\/\/i0.wp.com\/lyonelkaufmann.ch\/Blog\/wp-content\/uploads\/2015\/03\/blogcafe1.jpg?fit=1024%2C683&ssl=1&resize=350%2C200 1x, https:\/\/i0.wp.com\/lyonelkaufmann.ch\/Blog\/wp-content\/uploads\/2015\/03\/blogcafe1.jpg?fit=1024%2C683&ssl=1&resize=525%2C300 1.5x, https:\/\/i0.wp.com\/lyonelkaufmann.ch\/Blog\/wp-content\/uploads\/2015\/03\/blogcafe1.jpg?fit=1024%2C683&ssl=1&resize=700%2C400 2x"},"classes":[]},{"id":7362,"url":"https:\/\/lyonelkaufmann.ch\/Blog\/2012\/09\/25\/que-signifie-vraiment-integrer-les-tic-en-pedagogie-educavox-2\/","url_meta":{"origin":5469,"position":3},"title":"Que signifie vraiment \u00ab int\u00e9grer les TIC \u00bb en p\u00e9dagogie ? | Educavox","author":"Lyonel Kaufmann","date":"25 septembre 2012","format":false,"excerpt":"Sur Educavox, Yves Morin pose la question suivante : comment un enseignant qui d\u00e9sire int\u00e9grer les technologies \u00e0 sa p\u00e9dagogie doit-il proc\u00e9der ou quelles sont les \u00e9tapes successives et requises visant \u00e0 l\u2019int\u00e9gration des TIC par un enseignant ? Sur la base de ses recherches et de ses diff\u00e9rentes lectures,\u2026","rel":"","context":"Dans &quot;Blogcaf\u00e9&quot;","block_context":{"text":"Blogcaf\u00e9","link":"https:\/\/lyonelkaufmann.ch\/Blog\/category\/blogcafe-2\/"},"img":{"alt_text":"","src":"https:\/\/i0.wp.com\/lyonelkaufmann.ch\/Blog\/wp-content\/uploads\/2015\/03\/blogcafe1.jpg?fit=1024%2C683&ssl=1&resize=350%2C200","width":350,"height":200,"srcset":"https:\/\/i0.wp.com\/lyonelkaufmann.ch\/Blog\/wp-content\/uploads\/2015\/03\/blogcafe1.jpg?fit=1024%2C683&ssl=1&resize=350%2C200 1x, https:\/\/i0.wp.com\/lyonelkaufmann.ch\/Blog\/wp-content\/uploads\/2015\/03\/blogcafe1.jpg?fit=1024%2C683&ssl=1&resize=525%2C300 1.5x, https:\/\/i0.wp.com\/lyonelkaufmann.ch\/Blog\/wp-content\/uploads\/2015\/03\/blogcafe1.jpg?fit=1024%2C683&ssl=1&resize=700%2C400 2x"},"classes":[]},{"id":904,"url":"https:\/\/lyonelkaufmann.ch\/Blog\/2009\/02\/04\/dossier-dactualite-impact-des-tic-dans-lenseignement-janvier-2009\/","url_meta":{"origin":5469,"position":4},"title":"Dossier d&rsquo;actualit\u00e9 \u2013 Impact des TIC dans l&rsquo;enseignement \u2013 janvier 2009","author":"Lyonel Kaufmann","date":"4 f\u00e9vrier 2009","format":false,"excerpt":"Dossier d'actualit\u00e9 \u2013 Impact des TIC dans l'enseignement \u2013 janvier 2009: Comment individualiser les...","rel":"","context":"Dans &quot;histoire&quot;","block_context":{"text":"histoire","link":"https:\/\/lyonelkaufmann.ch\/Blog\/category\/histoire-2\/"},"img":{"alt_text":"","src":"https:\/\/i0.wp.com\/lyonelkaufmann.ch\/Blog\/wp-content\/uploads\/2015\/03\/blogcafe1.jpg?fit=1024%2C683&ssl=1&resize=350%2C200","width":350,"height":200,"srcset":"https:\/\/i0.wp.com\/lyonelkaufmann.ch\/Blog\/wp-content\/uploads\/2015\/03\/blogcafe1.jpg?fit=1024%2C683&ssl=1&resize=350%2C200 1x, https:\/\/i0.wp.com\/lyonelkaufmann.ch\/Blog\/wp-content\/uploads\/2015\/03\/blogcafe1.jpg?fit=1024%2C683&ssl=1&resize=525%2C300 1.5x, https:\/\/i0.wp.com\/lyonelkaufmann.ch\/Blog\/wp-content\/uploads\/2015\/03\/blogcafe1.jpg?fit=1024%2C683&ssl=1&resize=700%2C400 2x"},"classes":[]},{"id":5534,"url":"https:\/\/lyonelkaufmann.ch\/Blog\/2012\/06\/04\/impacts-des-tic-sur-la-qualite-des-apprentissages-des-etudiants\/","url_meta":{"origin":5469,"position":5},"title":"Impacts des TIC sur la qualit\u00e9 des apprentissages des \u00e9tudiants","author":"Lyonel Kaufmann","date":"4 juin 2012","format":false,"excerpt":"See on Scoop.it - M\u00e9dias sociaux et enseignementLes recherches les plus fr\u00e9quentes, souvent construites sur une comparaison \u00ab avec et sans technologie \u00bb et ax\u00e9es sur les effets en termes de \u00ab r\u00e9ussite \u00bb des apprenants dans un contexte limit\u00e9 (par exemple : une institution donn\u00e9e, un outil particulier, une\u2026","rel":"","context":"Dans &quot;histoire&quot;","block_context":{"text":"histoire","link":"https:\/\/lyonelkaufmann.ch\/Blog\/category\/histoire-2\/"},"img":{"alt_text":"","src":"https:\/\/i0.wp.com\/lyonelkaufmann.ch\/Blog\/wp-content\/uploads\/2015\/03\/Lz_IMqpxueQpHJ1PiXPjDl72eJkfbmt4t8yenImKBXEejxNn4ZJNZ2ss5Ku7Cxt.jpg?fit=500%2C284&ssl=1&resize=350%2C200","width":350,"height":200},"classes":[]}],"jetpack_likes_enabled":true,"_links":{"self":[{"href":"https:\/\/lyonelkaufmann.ch\/Blog\/wp-json\/wp\/v2\/posts\/5469","targetHints":{"allow":["GET"]}}],"collection":[{"href":"https:\/\/lyonelkaufmann.ch\/Blog\/wp-json\/wp\/v2\/posts"}],"about":[{"href":"https:\/\/lyonelkaufmann.ch\/Blog\/wp-json\/wp\/v2\/types\/post"}],"author":[{"embeddable":true,"href":"https:\/\/lyonelkaufmann.ch\/Blog\/wp-json\/wp\/v2\/users\/1"}],"replies":[{"embeddable":true,"href":"https:\/\/lyonelkaufmann.ch\/Blog\/wp-json\/wp\/v2\/comments?post=5469"}],"version-history":[{"count":0,"href":"https:\/\/lyonelkaufmann.ch\/Blog\/wp-json\/wp\/v2\/posts\/5469\/revisions"}],"wp:featuredmedia":[{"embeddable":true,"href":"https:\/\/lyonelkaufmann.ch\/Blog\/wp-json\/wp\/v2\/media\/14095"}],"wp:attachment":[{"href":"https:\/\/lyonelkaufmann.ch\/Blog\/wp-json\/wp\/v2\/media?parent=5469"}],"wp:term":[{"taxonomy":"category","embeddable":true,"href":"https:\/\/lyonelkaufmann.ch\/Blog\/wp-json\/wp\/v2\/categories?post=5469"},{"taxonomy":"post_tag","embeddable":true,"href":"https:\/\/lyonelkaufmann.ch\/Blog\/wp-json\/wp\/v2\/tags?post=5469"}],"curies":[{"name":"wp","href":"https:\/\/api.w.org\/{rel}","templated":true}]}}