{"id":5491,"date":"2012-05-31T14:13:08","date_gmt":"2012-05-31T14:13:08","guid":{"rendered":"http:\/\/lyonelkaufmann.ch\/histoire\/?p=5491"},"modified":"2012-05-31T14:13:08","modified_gmt":"2012-05-31T14:13:08","slug":"avec-robert-fossier-meurt-un-pan-de-lhistoire-economique-et-sociale-nonfiction","status":"publish","type":"post","link":"https:\/\/lyonelkaufmann.ch\/Blog\/2012\/05\/31\/avec-robert-fossier-meurt-un-pan-de-lhistoire-economique-et-sociale-nonfiction\/","title":{"rendered":"Avec Robert Fossier meurt un pan de \u00ab\u00a0l\u2019histoire \u00e9conomique et sociale\u00a0\u00bb | Nonfiction"},"content":{"rendered":"<p><a href=\"http:\/\/www.nonfiction.fr\/article-5851-avec_robert_fossier_meurt_un_pan_de_lhistoire_economique_et_sociale.htm\"><img data-recalc-dims=\"1\" loading=\"lazy\" decoding=\"async\" class=\"alignleft\" src=\"https:\/\/i0.wp.com\/lyonelkaufmann.ch\/histoire\/wp-content\/uploads\/2012\/05\/a1432efc07e48415d083e4b688f46276-0.jpg?resize=195%2C306\" alt=\"\" width=\"195\" height=\"306\" \/><\/a>Robert Fossier, historien du Moyen-\u00c2ge, est mort le 25 mai 2012, dans un silence m\u00e9diatique peut-\u00eatre d\u00fb au week-end de la Pentec\u00f4te. La nouvelle m\u00e9rite pourtant r\u00e9action : au-del\u00e0 de l\u2019\u00e9motion du petit milieu des m\u00e9di\u00e9vistes, c\u2019est une g\u00e9n\u00e9ration d\u2019historiens qui dispara\u00eet progressivement, une mani\u00e8re de faire de l\u2019histoire et d\u2019envisager le monde. Robert Fossier incarne une histoire \u00e9conomique et sociale du Moyen \u00c2ge poursuivie avec t\u00e9nacit\u00e9 dans la lign\u00e9e de l\u2019Ecole des Annales, tendance Marc Bloch. Robert Fossier a contribu\u00e9 \u00e0 rendre le Moyen \u00c2ge plus humain, plus concret et moins caricatural. Sans c\u00e9der aux modes intellectuelles, il a r\u00e9pondu \u00e0 sa mani\u00e8re \u00e0 la \u00ab\u00a0demande de Moyen \u00c2ge\u00a0\u00bb de son \u00e9poque.<\/p>\n<p>Lire l&rsquo;article : <a href=\"http:\/\/www.nonfiction.fr\/article-5851-avec_robert_fossier_meurt_un_pan_de_lhistoire_economique_et_sociale.htm\">Avec Robert Fossier meurt un pan de \u00ab\u00a0l\u2019histoire \u00e9conomique et sociale\u00a0\u00bb &#8211; Nonfiction.fr le portail des livres et des id\u00e9es<\/a>.<\/p>\n","protected":false},"excerpt":{"rendered":"<p>Robert Fossier, historien du Moyen-\u00c2ge, est mort le 25 mai 2012, dans un silence m\u00e9diatique peut-\u00eatre d\u00fb au week-end de la Pentec\u00f4te. La nouvelle m\u00e9rite pourtant r\u00e9action : au-del\u00e0 de l\u2019\u00e9motion du petit milieu des m\u00e9di\u00e9vistes, c\u2019est une g\u00e9n\u00e9ration d\u2019historiens qui dispara\u00eet progressivement, une mani\u00e8re de faire de l\u2019histoire et d\u2019envisager le monde. Robert Fossier [&hellip;]<\/p>\n","protected":false},"author":1,"featured_media":14097,"comment_status":"open","ping_status":"open","sticky":false,"template":"","format":"standard","meta":{"_import_markdown_pro_load_document_selector":0,"_import_markdown_pro_submit_text_textarea":"","_genesis_hide_title":false,"_genesis_hide_breadcrumbs":false,"_genesis_hide_singular_image":false,"_genesis_hide_footer_widgets":false,"_genesis_custom_body_class":"","_genesis_custom_post_class":"","_genesis_layout":"","jetpack_post_was_ever_published":false,"_jetpack_newsletter_access":"","_jetpack_dont_email_post_to_subs":false,"_jetpack_newsletter_tier_id":0,"_jetpack_memberships_contains_paywalled_content":false,"_jetpack_memberships_contains_paid_content":false,"activitypub_content_warning":"","activitypub_content_visibility":"","activitypub_max_image_attachments":3,"activitypub_interaction_policy_quote":"anyone","activitypub_status":"","footnotes":"","jetpack_publicize_message":"","jetpack_publicize_feature_enabled":true,"jetpack_social_post_already_shared":true,"jetpack_social_options":{"image_generator_settings":{"template":"fullscreen","default_image_id":0,"font":"","enabled":false},"version":2}},"categories":[2],"tags":[],"class_list":{"0":"post-5491","1":"post","2":"type-post","3":"status-publish","4":"format-standard","5":"has-post-thumbnail","7":"category-histoire-2","8":"entry"},"jetpack_publicize_connections":[],"featured_image_src":"https:\/\/i0.wp.com\/lyonelkaufmann.ch\/Blog\/wp-content\/uploads\/2015\/03\/a1432efc07e48415d083e4b688f46276-0.jpg?resize=195%2C306&ssl=1","featured_image_src_square":"https:\/\/i0.wp.com\/lyonelkaufmann.ch\/Blog\/wp-content\/uploads\/2015\/03\/a1432efc07e48415d083e4b688f46276-0.jpg?resize=195%2C306&ssl=1","author_info":{"display_name":"Lyonel Kaufmann","author_link":"https:\/\/lyonelkaufmann.ch\/Blog\/author\/lyonelk\/"},"jetpack_featured_media_url":"https:\/\/i0.wp.com\/lyonelkaufmann.ch\/Blog\/wp-content\/uploads\/2015\/03\/a1432efc07e48415d083e4b688f46276-0.jpg?fit=195%2C306&ssl=1","jetpack_sharing_enabled":true,"jetpack_shortlink":"https:\/\/wp.me\/p1qtF4-1qz","jetpack-related-posts":[{"id":7940,"url":"https:\/\/lyonelkaufmann.ch\/Blog\/2014\/04\/01\/jacques-le-goff-1924-2014-leclaireur-du-moyen-age\/","url_meta":{"origin":5491,"position":0},"title":"Jacques Le Goff (1924-2014) : L&rsquo;\u00e9claireur du Moyen-\u00c2ge","author":"Lyonel Kaufmann","date":"1 avril 2014","format":false,"excerpt":"Jacques Le Goff (1924-2014) AFP\/JACQUES SASSIER Certes, vu l\u2019\u00e2ge du bonhomme (90 ans), plus le temps avan\u00e7ait et plus l\u2019in\u00e9luctable devait arriver, mais bon c\u2019est pas un tr\u00e8s chouette poisson d\u2019avril que de lire dans son fil d\u2019actualit\u00e9 que l\u2019historien Jacques Le Goff est d\u00e9c\u00e9d\u00e9 ce mardi 1er avril 2014.\u2026","rel":"","context":"Dans &quot;histoire&quot;","block_context":{"text":"histoire","link":"https:\/\/lyonelkaufmann.ch\/Blog\/category\/histoire-2\/"},"img":{"alt_text":"","src":"https:\/\/i0.wp.com\/lyonelkaufmann.ch\/Blog\/wp-content\/uploads\/2015\/03\/0135.jpg?fit=480%2C360&ssl=1&resize=350%2C200","width":350,"height":200},"classes":[]},{"id":7900,"url":"https:\/\/lyonelkaufmann.ch\/Blog\/2014\/01\/19\/jacques-le-goff-et-lhistoire-en-tranches-page-1-mediapart\/","url_meta":{"origin":5491,"position":1},"title":"Jacques Le Goff et \u00ab l\u2019histoire en tranches \u00bb | Mediapart","author":"Lyonel Kaufmann","date":"19 janvier 2014","format":false,"excerpt":"\u00c0\u00a0tous ceux qui, se souvenant de leurs manuels scolaires, pensent encore que le Moyen\u00a0\u00c2ge s\u2019oppose \u00e0 la Renaissance, ou que l\u2019histoire moderne succ\u00e8de distinctement \u00e0 l\u2019histoire m\u00e9di\u00e9vale, Jacques Le\u00a0Goff propose de repenser les grands d\u00e9coupages historiques qui scandent nos imaginaires du pass\u00e9. Entretien avec Mediapart. Extrait : Doit-on encore vous\u2026","rel":"","context":"Dans &quot;histoire&quot;","block_context":{"text":"histoire","link":"https:\/\/lyonelkaufmann.ch\/Blog\/category\/histoire-2\/"},"img":{"alt_text":"wpid-9782021106053-2014-01-19-20-08.jpg","src":"https:\/\/i0.wp.com\/lyonelkaufmann.ch\/histoire\/wp-content\/uploads\/2014\/01\/wpid-9782021106053-2014-01-19-20-08.jpg?resize=350%2C200","width":350,"height":200},"classes":[]},{"id":7964,"url":"https:\/\/lyonelkaufmann.ch\/Blog\/2014\/04\/30\/jacques-le-goff-et-le-moyen-age-renvoyes-dans-les-tenebres-par-games-of-thrones-chronique-no-152\/","url_meta":{"origin":5491,"position":2},"title":"Jacques Le Goff et le Moyen \u00c2ge renvoy\u00e9s dans les t\u00e9n\u00e8bres par Games of Thrones ? | Chronique no 152","author":"Lyonel Kaufmann","date":"30 avril 2014","format":false,"excerpt":"Certes, vu l\u2019\u00e2ge du bonhomme (90 ans), plus le temps avan\u00e7ait et plus l\u2019in\u00e9luctable devait arriver, mais bon ce n'est pas un tr\u00e8s chouette poisson d\u2019avril que de lire dans son fil d\u2019actualit\u00e9 que l\u2019historien Jacques Le Goff est d\u00e9c\u00e9d\u00e9 le mardi 1er avril 2014. En lisant les hommages, l'\u00e9claireur\u2026","rel":"","context":"Dans &quot;histoire&quot;","block_context":{"text":"histoire","link":"https:\/\/lyonelkaufmann.ch\/Blog\/category\/histoire-2\/"},"img":{"alt_text":"","src":"https:\/\/i0.wp.com\/toutelaculture.com\/wp-content\/uploads\/2014\/04\/2159240-M.jpg?resize=350%2C200","width":350,"height":200},"classes":[]},{"id":19447,"url":"https:\/\/lyonelkaufmann.ch\/Blog\/2018\/08\/13\/pourquoi-lhistoire-pourquoi-le-moyen-age-et-vous-patrick-boucheron-2016-pourquoi-faire-profession-dhistorien-paris-seuil-points-histoire-p-61-enquete\/","url_meta":{"origin":5491,"position":3},"title":"Pourquoi l\u2019#histoire, pourquoi le Moyen \u00c2ge ? Et vous ? Patrick Boucheron (2016). Pourquoi faire profession d\u2019historien. Paris: Seuil, Points histoire, p. 61 #enqu\u00eate","author":"Lyonel Kaufmann","date":"13 ao\u00fbt 2018","format":false,"excerpt":"from Instagram: https:\/\/ift.tt\/2MhCHmw","rel":"","context":"Dans &quot;Blogcaf\u00e9&quot;","block_context":{"text":"Blogcaf\u00e9","link":"https:\/\/lyonelkaufmann.ch\/Blog\/category\/blogcafe-2\/"},"img":{"alt_text":"","src":"https:\/\/i0.wp.com\/lyonelkaufmann.ch\/Blog\/wp-content\/uploads\/2018\/08\/F4B1D75A-19EE-42D8-9BDB-64CBC664FE7F.jpeg?resize=350%2C200&ssl=1","width":350,"height":200,"srcset":"https:\/\/i0.wp.com\/lyonelkaufmann.ch\/Blog\/wp-content\/uploads\/2018\/08\/F4B1D75A-19EE-42D8-9BDB-64CBC664FE7F.jpeg?resize=350%2C200&ssl=1 1x, https:\/\/i0.wp.com\/lyonelkaufmann.ch\/Blog\/wp-content\/uploads\/2018\/08\/F4B1D75A-19EE-42D8-9BDB-64CBC664FE7F.jpeg?resize=525%2C300&ssl=1 1.5x"},"classes":[]},{"id":21956,"url":"https:\/\/lyonelkaufmann.ch\/Blog\/2020\/10\/10\/derniere-taverne-avant-la-fin-du-monde-actuel-moyen-age\/","url_meta":{"origin":5491,"position":4},"title":"Derni\u00e8re taverne avant la fin du monde \u2013 Actuel Moyen \u00c2ge","author":"Lyonel Kaufmann","date":"10 octobre 2020","format":false,"excerpt":"Une seconde maison Une taverne au XVe si\u00e8cle, BNf ms. FR 1460 f. 111V Bien avant la crise du logement contemporaine, vivre dans le Paris m\u00e9di\u00e9val quand on n'appartenait pas aux classes ais\u00e9es \u00e9tait relativement inconfortable : on habitait dans une maison souvent sans cuisine, sans chemin\u00e9e, o\u00f9 l'on reste\u2026","rel":"","context":"Dans &quot;Blogcaf\u00e9&quot;","block_context":{"text":"Blogcaf\u00e9","link":"https:\/\/lyonelkaufmann.ch\/Blog\/category\/blogcafe-2\/"},"img":{"alt_text":"","src":"","width":0,"height":0},"classes":[]},{"id":2935,"url":"https:\/\/lyonelkaufmann.ch\/Blog\/2010\/06\/24\/quand-le-film-defie-lhistorien-robert-a-rosenstone-cinemadoc\/","url_meta":{"origin":5491,"position":5},"title":"Quand le film d\u00e9fie l\u2019historien \u2013 Robert A. Rosenstone | Cin\u00e9madoc","author":"Lyonel Kaufmann","date":"24 juin 2010","format":false,"excerpt":"Dans son article, Robert Rosenstone part du constat que les historiens critiquent les films historiques, car ils interpr\u00e8tent ces derniers \u00e0 l\u2019aune de leurs propres exigences acad\u00e9miques. Pour l\u2019auteur, cette critique masque un double d\u00e9ni. En fait, d\u2019un c\u00f4t\u00e9 les historiens critiquent les films car ils se rendent compte qu\u2019ils\u2026","rel":"","context":"Dans &quot;histoire&quot;","block_context":{"text":"histoire","link":"https:\/\/lyonelkaufmann.ch\/Blog\/category\/histoire-2\/"},"img":{"alt_text":"","src":"https:\/\/i0.wp.com\/lyonelkaufmann.ch\/Blog\/wp-content\/uploads\/2015\/03\/blogcafe1.jpg?fit=1024%2C683&ssl=1&resize=350%2C200","width":350,"height":200,"srcset":"https:\/\/i0.wp.com\/lyonelkaufmann.ch\/Blog\/wp-content\/uploads\/2015\/03\/blogcafe1.jpg?fit=1024%2C683&ssl=1&resize=350%2C200 1x, https:\/\/i0.wp.com\/lyonelkaufmann.ch\/Blog\/wp-content\/uploads\/2015\/03\/blogcafe1.jpg?fit=1024%2C683&ssl=1&resize=525%2C300 1.5x, https:\/\/i0.wp.com\/lyonelkaufmann.ch\/Blog\/wp-content\/uploads\/2015\/03\/blogcafe1.jpg?fit=1024%2C683&ssl=1&resize=700%2C400 2x"},"classes":[]}],"jetpack_likes_enabled":true,"_links":{"self":[{"href":"https:\/\/lyonelkaufmann.ch\/Blog\/wp-json\/wp\/v2\/posts\/5491","targetHints":{"allow":["GET"]}}],"collection":[{"href":"https:\/\/lyonelkaufmann.ch\/Blog\/wp-json\/wp\/v2\/posts"}],"about":[{"href":"https:\/\/lyonelkaufmann.ch\/Blog\/wp-json\/wp\/v2\/types\/post"}],"author":[{"embeddable":true,"href":"https:\/\/lyonelkaufmann.ch\/Blog\/wp-json\/wp\/v2\/users\/1"}],"replies":[{"embeddable":true,"href":"https:\/\/lyonelkaufmann.ch\/Blog\/wp-json\/wp\/v2\/comments?post=5491"}],"version-history":[{"count":0,"href":"https:\/\/lyonelkaufmann.ch\/Blog\/wp-json\/wp\/v2\/posts\/5491\/revisions"}],"wp:featuredmedia":[{"embeddable":true,"href":"https:\/\/lyonelkaufmann.ch\/Blog\/wp-json\/wp\/v2\/media\/14097"}],"wp:attachment":[{"href":"https:\/\/lyonelkaufmann.ch\/Blog\/wp-json\/wp\/v2\/media?parent=5491"}],"wp:term":[{"taxonomy":"category","embeddable":true,"href":"https:\/\/lyonelkaufmann.ch\/Blog\/wp-json\/wp\/v2\/categories?post=5491"},{"taxonomy":"post_tag","embeddable":true,"href":"https:\/\/lyonelkaufmann.ch\/Blog\/wp-json\/wp\/v2\/tags?post=5491"}],"curies":[{"name":"wp","href":"https:\/\/api.w.org\/{rel}","templated":true}]}}