{"id":5532,"date":"2012-02-21T10:48:48","date_gmt":"2012-02-21T09:48:48","guid":{"rendered":"https:\/\/lyonelkaufmann.ch\/Blog\/?p=5532"},"modified":"2012-02-21T10:48:48","modified_gmt":"2012-02-21T09:48:48","slug":"panorama-des-medias-sociaux-2012-mediassociaux-fr","status":"publish","type":"post","link":"https:\/\/lyonelkaufmann.ch\/Blog\/2012\/02\/21\/panorama-des-medias-sociaux-2012-mediassociaux-fr\/","title":{"rendered":"Panorama des m\u00e9dias sociaux 2012 |\u00a0MediasSociaux.fr"},"content":{"rendered":"<p><strong>Comme chaque ann\u00e9e depuis quatre ans (2008, 2009 et 2011), Fr\u00e9d\u00e9ric Cavazza vous propose son panorama des m\u00e9dias sociaux qui, en 2012, g\u00e9n\u00e9ralise les conversations et qui tient compte des terminaux mobiles.<\/strong><\/p>\n<p><a href=\"https:\/\/i0.wp.com\/lyonelkaufmann.ch\/Blog\/wp-content\/uploads\/2012\/02\/Panorama_MS_2012-522x550.png\"><img data-recalc-dims=\"1\" loading=\"lazy\" decoding=\"async\" class=\"aligncenter size-full wp-image-5539\" title=\"Panorama_MS_2012-522x550\" src=\"https:\/\/i0.wp.com\/lyonelkaufmann.ch\/Blog\/wp-content\/uploads\/2012\/02\/Panorama_MS_2012-522x550.png?resize=522%2C550\" alt=\"\" width=\"522\" height=\"550\" \/><\/a><\/p>\n<p>Au centre de son panorama, il y place donc Facebook, Twitter et Google + et s&rsquo;en explique, puis organise les diff\u00e9rents m\u00e9dias sociaux en 6 familles d&rsquo;usage :<\/p>\n<ul>\n<li>La publication;<\/li>\n<li>Le partage ;<\/li>\n<li>Le jeu ;<\/li>\n<li>L&rsquo;achat ;<\/li>\n<li>La rencontre\u00a0;<\/li>\n<li>La localisation.<\/li>\n<\/ul>\n<p>Dans son panorama, il indique \u00e9galement comment, selon lui, exploiter la diversit\u00e9 de ces m\u00e9dias sociaux et \u00e0 quoi s&rsquo;attendre pour 2012.<\/p>\n<p>L&rsquo;article est \u00e9galement int\u00e9ressant pour suivre l&rsquo;\u00e9volution de ce panorama non seulement du point de vue des outils pr\u00e9sents, mais \u00e9galement pour la mani\u00e8re choisie et les explications fournies par Fr\u00e9d\u00e9ric Cavazza au fil des ann\u00e9es pour organiser son panorama.<\/p>\n<p>A lire :\u00a0<a href=\"http:\/\/www.mediassociaux.fr\/2012\/02\/20\/panorama-des-medias-sociaux-2012\/\">Panorama des m\u00e9dias sociaux 2012 \u00ab \u00ab MediasSociaux.fr MediasSociaux.fr<\/a>.<\/p>\n","protected":false},"excerpt":{"rendered":"<p>Comme chaque ann\u00e9e depuis quatre ans (2008, 2009 et 2011), Fr\u00e9d\u00e9ric Cavazza vous propose son panorama des m\u00e9dias sociaux qui, en 2012, g\u00e9n\u00e9ralise les conversations et qui tient compte des terminaux mobiles. Au centre de son panorama, il y place donc Facebook, Twitter et Google + et s&rsquo;en explique, puis organise les diff\u00e9rents m\u00e9dias sociaux [&hellip;]<\/p>\n","protected":false},"author":1,"featured_media":13884,"comment_status":"open","ping_status":"open","sticky":false,"template":"","format":"standard","meta":{"_import_markdown_pro_load_document_selector":0,"_import_markdown_pro_submit_text_textarea":"","_genesis_hide_title":false,"_genesis_hide_breadcrumbs":false,"_genesis_hide_singular_image":false,"_genesis_hide_footer_widgets":false,"_genesis_custom_body_class":"","_genesis_custom_post_class":"","_genesis_layout":"","jetpack_post_was_ever_published":false,"_jetpack_newsletter_access":"","_jetpack_dont_email_post_to_subs":false,"_jetpack_newsletter_tier_id":0,"_jetpack_memberships_contains_paywalled_content":false,"_jetpack_memberships_contains_paid_content":false,"activitypub_content_warning":"","activitypub_content_visibility":"","activitypub_max_image_attachments":3,"activitypub_interaction_policy_quote":"anyone","activitypub_status":"","footnotes":"","jetpack_publicize_message":"","jetpack_publicize_feature_enabled":true,"jetpack_social_post_already_shared":true,"jetpack_social_options":{"image_generator_settings":{"template":"fullscreen","default_image_id":0,"font":"","enabled":false},"version":2}},"categories":[3],"tags":[],"class_list":{"0":"post-5532","1":"post","2":"type-post","3":"status-publish","4":"format-standard","5":"has-post-thumbnail","7":"category-blogcafe-2","8":"entry"},"jetpack_publicize_connections":[],"featured_image_src":"https:\/\/i0.wp.com\/lyonelkaufmann.ch\/Blog\/wp-content\/uploads\/2015\/03\/Panorama_MS_2012-522x550.png?resize=522%2C400&ssl=1","featured_image_src_square":"https:\/\/i0.wp.com\/lyonelkaufmann.ch\/Blog\/wp-content\/uploads\/2015\/03\/Panorama_MS_2012-522x550.png?resize=522%2C550&ssl=1","author_info":{"display_name":"Lyonel Kaufmann","author_link":"https:\/\/lyonelkaufmann.ch\/Blog\/author\/lyonelk\/"},"jetpack_featured_media_url":"https:\/\/i0.wp.com\/lyonelkaufmann.ch\/Blog\/wp-content\/uploads\/2015\/03\/Panorama_MS_2012-522x550.png?fit=522%2C550&ssl=1","jetpack_sharing_enabled":true,"jetpack_shortlink":"https:\/\/wp.me\/p1qtF4-1re","jetpack-related-posts":[{"id":19559,"url":"https:\/\/lyonelkaufmann.ch\/Blog\/2018\/10\/08\/repas-du-dimanche-soir-resto-les-enfants-terribles-vous-aurez-un-panorama-incroyable-sur-toute-la-ville-tout-en-mangeant-montreal-montrealrestaurant-canada%f0%9f%87%a8%f0%9f%87%a6-quebec-roadt\/","url_meta":{"origin":5532,"position":0},"title":"Repas du dimanche soir. Resto Les Enfants terribles. Vous aurez un panorama incroyable sur toute la ville tout en mangeant. #montreal #montrealrestaurant #canada?? #qu\u00e9bec #roadtrip #roadbook #commeundimancheparfait","author":"Lyonel Kaufmann","date":"8 octobre 2018","format":false,"excerpt":"from Instagram: https:\/\/ift.tt\/2Od6k9l","rel":"","context":"Dans &quot;Blogcaf\u00e9&quot;","block_context":{"text":"Blogcaf\u00e9","link":"https:\/\/lyonelkaufmann.ch\/Blog\/category\/blogcafe-2\/"},"img":{"alt_text":"","src":"","width":0,"height":0},"classes":[]},{"id":3758,"url":"https:\/\/lyonelkaufmann.ch\/Blog\/2011\/05\/15\/colloque-la-shoah-au-prisme-des-medias\/","url_meta":{"origin":5532,"position":1},"title":"Colloque: La Shoah au prisme des m\u00e9dias","author":"Lyonel Kaufmann","date":"15 mai 2011","format":false,"excerpt":"Colloque interdisciplinaire organis\u00e9 par le CIERA, le Duitsland Instituut Amsterdam, Center for German Studies at the Hebrew University of Jerusalem et le Goethe Institut Paris. Aucun autre \u00e9v\u00e9nement historique ou presque n\u2019a \u00e9t\u00e9 autant m\u00e9diatis\u00e9 et sous des formes aussi multiples que la Shoah. [...] La repr\u00e9sentation m\u00e9diatique de la\u2026","rel":"","context":"Dans &quot;histoire&quot;","block_context":{"text":"histoire","link":"https:\/\/lyonelkaufmann.ch\/Blog\/category\/histoire-2\/"},"img":{"alt_text":"","src":"https:\/\/i0.wp.com\/lyonelkaufmann.ch\/Blog\/wp-content\/uploads\/2015\/03\/blogcafe1.jpg?fit=1024%2C683&ssl=1&resize=350%2C200","width":350,"height":200,"srcset":"https:\/\/i0.wp.com\/lyonelkaufmann.ch\/Blog\/wp-content\/uploads\/2015\/03\/blogcafe1.jpg?fit=1024%2C683&ssl=1&resize=350%2C200 1x, https:\/\/i0.wp.com\/lyonelkaufmann.ch\/Blog\/wp-content\/uploads\/2015\/03\/blogcafe1.jpg?fit=1024%2C683&ssl=1&resize=525%2C300 1.5x, https:\/\/i0.wp.com\/lyonelkaufmann.ch\/Blog\/wp-content\/uploads\/2015\/03\/blogcafe1.jpg?fit=1024%2C683&ssl=1&resize=700%2C400 2x"},"classes":[]},{"id":5955,"url":"https:\/\/lyonelkaufmann.ch\/Blog\/2012\/04\/21\/guide-des-medias-sociaux-edition-2012\/","url_meta":{"origin":5532,"position":2},"title":"Guide des m\u00e9dias sociaux. Edition 2012","author":"Lyonel Kaufmann","date":"21 avril 2012","format":false,"excerpt":"L\u2019agence de communication Wellcom a publi\u00e9 en ligne l\u2019\u00e9dition 2012 du guide Tout ce que vous avez toujours voulu savoir sur les m\u00e9dias sociaux sans jamais oser le demander\u2026 ou comment int\u00e9grer les m\u00e9dias sociaux dans votre communication et vos relations avec vos publics (en pdf, 94 pages) dont la\u2026","rel":"","context":"Dans &quot;Blogcaf\u00e9&quot;","block_context":{"text":"Blogcaf\u00e9","link":"https:\/\/lyonelkaufmann.ch\/Blog\/category\/blogcafe-2\/"},"img":{"alt_text":"","src":"https:\/\/i0.wp.com\/lyonelkaufmann.ch\/Blog\/wp-content\/uploads\/2015\/03\/blogcafe1.jpg?fit=1024%2C683&ssl=1&resize=350%2C200","width":350,"height":200,"srcset":"https:\/\/i0.wp.com\/lyonelkaufmann.ch\/Blog\/wp-content\/uploads\/2015\/03\/blogcafe1.jpg?fit=1024%2C683&ssl=1&resize=350%2C200 1x, https:\/\/i0.wp.com\/lyonelkaufmann.ch\/Blog\/wp-content\/uploads\/2015\/03\/blogcafe1.jpg?fit=1024%2C683&ssl=1&resize=525%2C300 1.5x, https:\/\/i0.wp.com\/lyonelkaufmann.ch\/Blog\/wp-content\/uploads\/2015\/03\/blogcafe1.jpg?fit=1024%2C683&ssl=1&resize=700%2C400 2x"},"classes":[]},{"id":7744,"url":"https:\/\/lyonelkaufmann.ch\/Blog\/2006\/10\/11\/lanalyse-de-documents-lunivers-social\/","url_meta":{"origin":5532,"position":3},"title":"L&rsquo;Analyse de documents  &#8211; l&rsquo;Univers social","author":"Lyonel Kaufmann","date":"11 octobre 2006","format":false,"excerpt":"Dans le cadre de la pr\u00e9paration de son Congr\u00e8s 2007 des 26,27 et 28 octobre 2006 Qu\u00e9bec \u2014intitul\u00e9 Concepts et comp\u00e9tences, un pont \u00e0 construire\u2014, le Congr\u00e8s de l'Univers social propose un certain nombre d'articles et de dossiers \u00e0 l'intention de ses participants. Le troisi\u00e8me article concerne L\u2019analyse des documents\u2026","rel":"","context":"Dans &quot;histoire&quot;","block_context":{"text":"histoire","link":"https:\/\/lyonelkaufmann.ch\/Blog\/category\/histoire-2\/"},"img":{"alt_text":"","src":"https:\/\/i0.wp.com\/lyonelkaufmann.ch\/Blog\/wp-content\/uploads\/2015\/03\/blogcafe1.jpg?fit=1024%2C683&ssl=1&resize=350%2C200","width":350,"height":200,"srcset":"https:\/\/i0.wp.com\/lyonelkaufmann.ch\/Blog\/wp-content\/uploads\/2015\/03\/blogcafe1.jpg?fit=1024%2C683&ssl=1&resize=350%2C200 1x, https:\/\/i0.wp.com\/lyonelkaufmann.ch\/Blog\/wp-content\/uploads\/2015\/03\/blogcafe1.jpg?fit=1024%2C683&ssl=1&resize=525%2C300 1.5x, https:\/\/i0.wp.com\/lyonelkaufmann.ch\/Blog\/wp-content\/uploads\/2015\/03\/blogcafe1.jpg?fit=1024%2C683&ssl=1&resize=700%2C400 2x"},"classes":[]},{"id":5960,"url":"https:\/\/lyonelkaufmann.ch\/Blog\/2012\/04\/22\/les-medias-sociaux-et-lindustrie-de-linformation\/","url_meta":{"origin":5532,"position":4},"title":"Les m\u00e9dias sociaux et l&rsquo;industrie de l&rsquo;information","author":"Lyonel Kaufmann","date":"22 avril 2012","format":false,"excerpt":"A combien de reprises avez-vous appris une information par\u00a0l\u2019interm\u00e9diaire\u00a0des r\u00e9seaux sociaux et non via la presse traditionnelle ?\u00a0R\u00e9alis\u00e9e par le site\u00a0Schools.com\u00a0et bas\u00e9e sur les donn\u00e9es publi\u00e9es par Reuters, le\u00a0Washington Post, ou encore le\u00a0Pew Research Center, l\u2019infographie met en avant une s\u00e9rie de chiffres -valables pour les Etats-Unis- sur l\u2019importance qu\u2019ont\u2026","rel":"","context":"Dans &quot;Blogcaf\u00e9&quot;","block_context":{"text":"Blogcaf\u00e9","link":"https:\/\/lyonelkaufmann.ch\/Blog\/category\/blogcafe-2\/"},"img":{"alt_text":"","src":"https:\/\/i0.wp.com\/lyonelkaufmann.ch\/Blog\/wp-content\/uploads\/2015\/03\/social_waspo-9d8ca.jpg?fit=450%2C291&ssl=1&resize=350%2C200","width":350,"height":200},"classes":[]},{"id":3344,"url":"https:\/\/lyonelkaufmann.ch\/Blog\/2010\/07\/25\/le-premier-social-media-magazine-sur-ipad-la-social-newsroom\/","url_meta":{"origin":5532,"position":5},"title":"Le premier \u201csocial media\u201d magazine sur iPad | La Social Newsroom","author":"Lyonel Kaufmann","date":"25 juillet 2010","format":"aside","excerpt":"Ce n\u2019est pas la premi\u00e8re fois que des applications ou des sites \u00a0se branchent sur les API de Twitter ou Facebook pour organiser les contenus \u00e0 la fa\u00e7on d\u2019un m\u00e9dia. Ce qui est int\u00e9ressant avec Flipboard, c\u2019est qu\u2019un effort consid\u00e9rable a \u00e9t\u00e9 fourni sur l\u2019interface graphique et l\u2019ergonomie. C\u2019est \u00e9videmment\u2026","rel":"","context":"Dans &quot;Blogcaf\u00e9&quot;","block_context":{"text":"Blogcaf\u00e9","link":"https:\/\/lyonelkaufmann.ch\/Blog\/category\/blogcafe-2\/"},"img":{"alt_text":"","src":"https:\/\/i0.wp.com\/lyonelkaufmann.ch\/Blog\/wp-content\/uploads\/2010\/07\/flipboard-HP-NB-300x225.png?resize=350%2C200","width":350,"height":200},"classes":[]}],"jetpack_likes_enabled":true,"_links":{"self":[{"href":"https:\/\/lyonelkaufmann.ch\/Blog\/wp-json\/wp\/v2\/posts\/5532","targetHints":{"allow":["GET"]}}],"collection":[{"href":"https:\/\/lyonelkaufmann.ch\/Blog\/wp-json\/wp\/v2\/posts"}],"about":[{"href":"https:\/\/lyonelkaufmann.ch\/Blog\/wp-json\/wp\/v2\/types\/post"}],"author":[{"embeddable":true,"href":"https:\/\/lyonelkaufmann.ch\/Blog\/wp-json\/wp\/v2\/users\/1"}],"replies":[{"embeddable":true,"href":"https:\/\/lyonelkaufmann.ch\/Blog\/wp-json\/wp\/v2\/comments?post=5532"}],"version-history":[{"count":0,"href":"https:\/\/lyonelkaufmann.ch\/Blog\/wp-json\/wp\/v2\/posts\/5532\/revisions"}],"wp:featuredmedia":[{"embeddable":true,"href":"https:\/\/lyonelkaufmann.ch\/Blog\/wp-json\/wp\/v2\/media\/13884"}],"wp:attachment":[{"href":"https:\/\/lyonelkaufmann.ch\/Blog\/wp-json\/wp\/v2\/media?parent=5532"}],"wp:term":[{"taxonomy":"category","embeddable":true,"href":"https:\/\/lyonelkaufmann.ch\/Blog\/wp-json\/wp\/v2\/categories?post=5532"},{"taxonomy":"post_tag","embeddable":true,"href":"https:\/\/lyonelkaufmann.ch\/Blog\/wp-json\/wp\/v2\/tags?post=5532"}],"curies":[{"name":"wp","href":"https:\/\/api.w.org\/{rel}","templated":true}]}}