{"id":5559,"date":"2012-06-19T06:13:23","date_gmt":"2012-06-19T06:13:23","guid":{"rendered":"http:\/\/lyonelkaufmann.ch\/histoire\/?p=5559"},"modified":"2012-06-19T06:13:23","modified_gmt":"2012-06-19T06:13:23","slug":"lusage-des-reseaux-sociaux-en-classe-1ere-partie-du-bilan-ouvrir-ma-onzieme-annee-et-les-suivantes","status":"publish","type":"post","link":"https:\/\/lyonelkaufmann.ch\/Blog\/2012\/06\/19\/lusage-des-reseaux-sociaux-en-classe-1ere-partie-du-bilan-ouvrir-ma-onzieme-annee-et-les-suivantes\/","title":{"rendered":"L\u2019usage des r\u00e9seaux sociaux en classe: 1\u00e8re partie du bilan, ouvrir ! | Ma onzi\u00e8me ann\u00e9e et les suivantes\u2026"},"content":{"rendered":"<p><strong>Laurence Juin revient sur l&rsquo;utilisation cette ann\u00e9e par ses \u00e9l\u00e8ves de 1\u00e8re bac pro (France) des r\u00e9seaux sociaux (twitter, faxebook et tumblr.).<\/strong><\/p>\n<p>Avec Facebook, Twitter a notamment permis de recueillir des t\u00e9moignages sur ce que les gens faisaient au moment de la chute du mur de Berlin et le 11 septembre au moyen de deux balises : #Berlin89 et\u00a0#New York11. Les t\u00e9moignages \u00e9taient ensuite mis en forme et compl\u00e9t\u00e9s par les \u00e9l\u00e8ves sur\u00a0<strong style=\"color:inherit;font:normal normal normal 15px\/normal 'Helvetica Neue', Helvetica, Arial, sans-serif;font-style:inherit;font-weight:bold;line-height:1.625;\"><a style=\"color:#1b8be0;font:normal normal normal 15px\/normal 'Helvetica Neue', Helvetica, Arial, sans-serif;font-style:inherit;font-weight:inherit;line-height:1.625;text-decoration:underline;\" href=\"http:\/\/eportfoliobacprocomptadoriole.tumblr.com\/page\/3\" target=\"_blank\">tumblr.<\/a><\/strong><\/p>\n<p>Pour Laurence Juin, <em>\u00abce recueil de t\u00e9moignage, leur lecture, l\u2019implication de l\u2019\u00e9l\u00e8ve comme \u201chistorien\u201d r\u00e9coltant des sources\u00bb<\/em> ont permis l&rsquo;appropriation de ces th\u00e8mes d&rsquo;\u00e9tudes et, <em>\u00abc\u2019est en cela d\u00e9j\u00e0 une grande victoire p\u00e9dagogique.\u00bb<\/em><\/p>\n<p>Le bilan de Laurence Juin (1\u00e8re partie) :\u00a0<a href=\"http:\/\/maonziemeannee.wordpress.com\/2012\/06\/18\/quand-les-reseaux-permettent-de-sapproprier-un-cours\/\">L\u2019usage des r\u00e9seaux sociaux en classe: 1\u00e8re partie du bilan, ouvrir ! \u00ab Ma onzi\u00e8me ann\u00e9e et les suivantes\u2026<\/a>.<\/p>\n","protected":false},"excerpt":{"rendered":"<p>Laurence Juin revient sur l&rsquo;utilisation cette ann\u00e9e par ses \u00e9l\u00e8ves de 1\u00e8re bac pro (France) des r\u00e9seaux sociaux (twitter, faxebook et tumblr.). Avec Facebook, Twitter a notamment permis de recueillir des t\u00e9moignages sur ce que les gens faisaient au moment de la chute du mur de Berlin et le 11 septembre au moyen de deux [&hellip;]<\/p>\n","protected":false},"author":1,"featured_media":14680,"comment_status":"open","ping_status":"open","sticky":false,"template":"","format":"standard","meta":{"_import_markdown_pro_load_document_selector":0,"_import_markdown_pro_submit_text_textarea":"","_genesis_hide_title":false,"_genesis_hide_breadcrumbs":false,"_genesis_hide_singular_image":false,"_genesis_hide_footer_widgets":false,"_genesis_custom_body_class":"","_genesis_custom_post_class":"","_genesis_layout":"","jetpack_post_was_ever_published":false,"_jetpack_newsletter_access":"","_jetpack_dont_email_post_to_subs":false,"_jetpack_newsletter_tier_id":0,"_jetpack_memberships_contains_paywalled_content":false,"_jetpack_memberships_contains_paid_content":false,"activitypub_content_warning":"","activitypub_content_visibility":"","activitypub_max_image_attachments":3,"activitypub_interaction_policy_quote":"anyone","activitypub_status":"","footnotes":"","jetpack_publicize_message":"","jetpack_publicize_feature_enabled":true,"jetpack_social_post_already_shared":true,"jetpack_social_options":{"image_generator_settings":{"template":"fullscreen","default_image_id":0,"font":"","enabled":false},"version":2}},"categories":[2],"tags":[],"class_list":{"0":"post-5559","1":"post","2":"type-post","3":"status-publish","4":"format-standard","5":"has-post-thumbnail","7":"category-histoire-2","8":"entry"},"jetpack_publicize_connections":[],"featured_image_src":"https:\/\/i0.wp.com\/lyonelkaufmann.ch\/Blog\/wp-content\/uploads\/2015\/03\/blogcafe1.jpg?resize=600%2C400&ssl=1","featured_image_src_square":"https:\/\/i0.wp.com\/lyonelkaufmann.ch\/Blog\/wp-content\/uploads\/2015\/03\/blogcafe1.jpg?resize=600%2C600&ssl=1","author_info":{"display_name":"Lyonel Kaufmann","author_link":"https:\/\/lyonelkaufmann.ch\/Blog\/author\/lyonelk\/"},"jetpack_featured_media_url":"https:\/\/i0.wp.com\/lyonelkaufmann.ch\/Blog\/wp-content\/uploads\/2015\/03\/blogcafe1.jpg?fit=1024%2C683&ssl=1","jetpack_sharing_enabled":true,"jetpack_shortlink":"https:\/\/wp.me\/p1qtF4-1rF","jetpack-related-posts":[{"id":7366,"url":"https:\/\/lyonelkaufmann.ch\/Blog\/2012\/09\/26\/education-la-generation-facebook-2\/","url_meta":{"origin":5559,"position":0},"title":"Education : la G\u00e9n\u00e9ration Facebook","author":"Lyonel Kaufmann","date":"26 septembre 2012","format":false,"excerpt":"En cette nouvelle ann\u00e9e scolaire et avec une nouvelle vol\u00e9e d'\u00e9l\u00e8ves pour Laurence Juin, celle-ci nous fait part de ses premiers constats apr\u00e8s un mois lorsqu'elle parle \u00e0 ses \u00e9l\u00e8ves de la possibilit\u00e9 de communiquer avec eux et entre eux scolairement au moyen des m\u00e9dias sociaux: \u00ab\u00c0 cette rentr\u00e9e, je\u2026","rel":"","context":"Dans &quot;Blogcaf\u00e9&quot;","block_context":{"text":"Blogcaf\u00e9","link":"https:\/\/lyonelkaufmann.ch\/Blog\/category\/blogcafe-2\/"},"img":{"alt_text":"","src":"https:\/\/i0.wp.com\/lyonelkaufmann.ch\/Blog\/wp-content\/uploads\/2015\/03\/blogcafe1.jpg?fit=1024%2C683&ssl=1&resize=350%2C200","width":350,"height":200,"srcset":"https:\/\/i0.wp.com\/lyonelkaufmann.ch\/Blog\/wp-content\/uploads\/2015\/03\/blogcafe1.jpg?fit=1024%2C683&ssl=1&resize=350%2C200 1x, https:\/\/i0.wp.com\/lyonelkaufmann.ch\/Blog\/wp-content\/uploads\/2015\/03\/blogcafe1.jpg?fit=1024%2C683&ssl=1&resize=525%2C300 1.5x, https:\/\/i0.wp.com\/lyonelkaufmann.ch\/Blog\/wp-content\/uploads\/2015\/03\/blogcafe1.jpg?fit=1024%2C683&ssl=1&resize=700%2C400 2x"},"classes":[]},{"id":6191,"url":"https:\/\/lyonelkaufmann.ch\/Blog\/2012\/09\/26\/education-la-generation-facebook\/","url_meta":{"origin":5559,"position":1},"title":"Education : la G\u00e9n\u00e9ration Facebook","author":"Lyonel Kaufmann","date":"26 septembre 2012","format":false,"excerpt":"En cette nouvelle ann\u00e9e scolaire et avec une nouvelle vol\u00e9e d'\u00e9l\u00e8ves pour Laurence Juin, celle-ci nous fait part de ses premiers constats apr\u00e8s un mois lorsqu'elle parle \u00e0 ses \u00e9l\u00e8ves de la possibilit\u00e9 de communiquer avec eux et entre eux scolairement au moyen des m\u00e9dias sociaux: \u00ab\u00c0 cette rentr\u00e9e, je\u2026","rel":"","context":"Dans &quot;histoire&quot;","block_context":{"text":"histoire","link":"https:\/\/lyonelkaufmann.ch\/Blog\/category\/histoire-2\/"},"img":{"alt_text":"","src":"https:\/\/i0.wp.com\/lyonelkaufmann.ch\/Blog\/wp-content\/uploads\/2015\/03\/blogcafe1.jpg?fit=1024%2C683&ssl=1&resize=350%2C200","width":350,"height":200,"srcset":"https:\/\/i0.wp.com\/lyonelkaufmann.ch\/Blog\/wp-content\/uploads\/2015\/03\/blogcafe1.jpg?fit=1024%2C683&ssl=1&resize=350%2C200 1x, https:\/\/i0.wp.com\/lyonelkaufmann.ch\/Blog\/wp-content\/uploads\/2015\/03\/blogcafe1.jpg?fit=1024%2C683&ssl=1&resize=525%2C300 1.5x, https:\/\/i0.wp.com\/lyonelkaufmann.ch\/Blog\/wp-content\/uploads\/2015\/03\/blogcafe1.jpg?fit=1024%2C683&ssl=1&resize=700%2C400 2x"},"classes":[]},{"id":12707,"url":"https:\/\/lyonelkaufmann.ch\/Blog\/2011\/03\/30\/links-for-2011-03-29\/","url_meta":{"origin":5559,"position":2},"title":"Vers la fin de Twitter en classe? | Ma onzi\u00e8me ann\u00e9e","author":"Lyonel Kaufmann","date":"30 mars 2011","format":"aside","excerpt":"Vers la fin de Twitter en classe? \u00ab Ma onzi\u00e8me ann\u00e9e Concernant l'utilisation pour la deuxi\u00e8me ann\u00e9e cons\u00e9cutive de Twitter en classe, Laurence Juin dresse le constat que \u00abL\u2019usage de Twitter en classe prend cette ann\u00e9e scolaire avec ma classe de 1\u00e8re bac pro ( @ladeuxiemeannee) une autre optique que\u2026","rel":"","context":"Dans &quot;histoire&quot;","block_context":{"text":"histoire","link":"https:\/\/lyonelkaufmann.ch\/Blog\/category\/histoire-2\/"},"img":{"alt_text":"","src":"https:\/\/i0.wp.com\/lyonelkaufmann.ch\/Blog\/wp-content\/uploads\/2015\/03\/blogcafe1.jpg?fit=1024%2C683&ssl=1&resize=350%2C200","width":350,"height":200,"srcset":"https:\/\/i0.wp.com\/lyonelkaufmann.ch\/Blog\/wp-content\/uploads\/2015\/03\/blogcafe1.jpg?fit=1024%2C683&ssl=1&resize=350%2C200 1x, https:\/\/i0.wp.com\/lyonelkaufmann.ch\/Blog\/wp-content\/uploads\/2015\/03\/blogcafe1.jpg?fit=1024%2C683&ssl=1&resize=525%2C300 1.5x, https:\/\/i0.wp.com\/lyonelkaufmann.ch\/Blog\/wp-content\/uploads\/2015\/03\/blogcafe1.jpg?fit=1024%2C683&ssl=1&resize=700%2C400 2x"},"classes":[]},{"id":6903,"url":"https:\/\/lyonelkaufmann.ch\/Blog\/2013\/04\/09\/scenario-pedagogique-et-si-la-renaissance-avait-connu-twitter-ma-onzieme-annee-et-les-suivantes\/","url_meta":{"origin":5559,"position":3},"title":"Sc\u00e9nario p\u00e9dagogique: \u00ab\u00a0et si la Renaissance avait connu Twitter? \u00bb\u00a0 | Ma onzi\u00e8me ann\u00e9e et les suivantes&#8230;","author":"Lyonel Kaufmann","date":"9 avril 2013","format":false,"excerpt":"Laurence Juin nous propose une nouvelle activit\u00e9 p\u00e9dagogique recourant aux technologies. Celle-ci a pour cadre l'\u00e9tude de la renaissance en lyc\u00e9e professionnel. Elle a \u00e9t\u00e9 r\u00e9alis\u00e9e en 4heures. Les disciplines convoqu\u00e9es sont l'histoire et le fran\u00e7ais. Comme elle l'indique elle-m\u00eame : Dans ce sc\u00e9nario, les activit\u00e9s demand\u00e9es aux \u00e9l\u00e8ves et\u2026","rel":"","context":"Dans &quot;histoire&quot;","block_context":{"text":"histoire","link":"https:\/\/lyonelkaufmann.ch\/Blog\/category\/histoire-2\/"},"img":{"alt_text":"","src":"https:\/\/i0.wp.com\/lyonelkaufmann.ch\/Blog\/wp-content\/uploads\/2015\/03\/r9.png?fit=520%2C256&ssl=1&resize=350%2C200","width":350,"height":200},"classes":[]},{"id":6703,"url":"https:\/\/lyonelkaufmann.ch\/Blog\/2013\/01\/15\/revue-de-presse-scenario-pedagogique-et-si-la-renaissance-avait-connu-twitter-ma-onzieme-annee-et-les-suivantes\/","url_meta":{"origin":5559,"position":4},"title":"Revue de presse : Sc\u00e9nario p\u00e9dagogique: \u00ab\u00a0et si la Renaissance avait connu Twitter?\u00a0 | \u00abMa onzi\u00e8me ann\u00e9e et les suivantes&#8230;","author":"Lyonel Kaufmann","date":"15 janvier 2013","format":false,"excerpt":"Fiche p\u00e9dagogique d\u2019un sc\u00e9nario p\u00e9dagogique mis en place par Laurence Juin avec ses \u00e9l\u00e8ves.Sc\u00e9nario p\u00e9dagogique: \u00ab\u00a0et si la Renaissance avait connu Twitter?\u00a0 | \u00abMa onzi\u00e8me ann\u00e9e et les suivantes...","rel":"","context":"Dans &quot;histoire&quot;","block_context":{"text":"histoire","link":"https:\/\/lyonelkaufmann.ch\/Blog\/category\/histoire-2\/"},"img":{"alt_text":"","src":"https:\/\/i0.wp.com\/lyonelkaufmann.ch\/Blog\/wp-content\/uploads\/2015\/03\/blogcafe1.jpg?fit=1024%2C683&ssl=1&resize=350%2C200","width":350,"height":200,"srcset":"https:\/\/i0.wp.com\/lyonelkaufmann.ch\/Blog\/wp-content\/uploads\/2015\/03\/blogcafe1.jpg?fit=1024%2C683&ssl=1&resize=350%2C200 1x, https:\/\/i0.wp.com\/lyonelkaufmann.ch\/Blog\/wp-content\/uploads\/2015\/03\/blogcafe1.jpg?fit=1024%2C683&ssl=1&resize=525%2C300 1.5x, https:\/\/i0.wp.com\/lyonelkaufmann.ch\/Blog\/wp-content\/uploads\/2015\/03\/blogcafe1.jpg?fit=1024%2C683&ssl=1&resize=700%2C400 2x"},"classes":[]},{"id":3183,"url":"https:\/\/lyonelkaufmann.ch\/Blog\/2010\/05\/02\/twitter-en-classe-des-freins-a-un-tel-usage-ma-dixieme-annee\/","url_meta":{"origin":5559,"position":5},"title":"Twitter en classe: des freins \u00e0 un tel usage? | Ma dixi\u00e8me ann\u00e9e","author":"Lyonel Kaufmann","date":"2 mai 2010","format":"aside","excerpt":"Laurence Juin, professeur en Lyc\u00e9e professionnel, revient dans ce billet sur les freins de l'utilisation de twitter en classe. Contrairement \u00e0 ses hypoth\u00e8ses de d\u00e9part, l'accessibilit\u00e9 personnelle des \u00e9l\u00e8ves \u00e0 l'Internet n'a pas \u00e9t\u00e9 un frein et ce ne sont pas les \u00e9l\u00e8ves les plus \u00e9quip\u00e9s qui gazouillent le plus.\u2026","rel":"","context":"Dans &quot;Blogcaf\u00e9&quot;","block_context":{"text":"Blogcaf\u00e9","link":"https:\/\/lyonelkaufmann.ch\/Blog\/category\/blogcafe-2\/"},"img":{"alt_text":"","src":"https:\/\/i0.wp.com\/lyonelkaufmann.ch\/Blog\/wp-content\/uploads\/2015\/03\/blogcafe1.jpg?fit=1024%2C683&ssl=1&resize=350%2C200","width":350,"height":200,"srcset":"https:\/\/i0.wp.com\/lyonelkaufmann.ch\/Blog\/wp-content\/uploads\/2015\/03\/blogcafe1.jpg?fit=1024%2C683&ssl=1&resize=350%2C200 1x, https:\/\/i0.wp.com\/lyonelkaufmann.ch\/Blog\/wp-content\/uploads\/2015\/03\/blogcafe1.jpg?fit=1024%2C683&ssl=1&resize=525%2C300 1.5x, https:\/\/i0.wp.com\/lyonelkaufmann.ch\/Blog\/wp-content\/uploads\/2015\/03\/blogcafe1.jpg?fit=1024%2C683&ssl=1&resize=700%2C400 2x"},"classes":[]}],"jetpack_likes_enabled":true,"_links":{"self":[{"href":"https:\/\/lyonelkaufmann.ch\/Blog\/wp-json\/wp\/v2\/posts\/5559","targetHints":{"allow":["GET"]}}],"collection":[{"href":"https:\/\/lyonelkaufmann.ch\/Blog\/wp-json\/wp\/v2\/posts"}],"about":[{"href":"https:\/\/lyonelkaufmann.ch\/Blog\/wp-json\/wp\/v2\/types\/post"}],"author":[{"embeddable":true,"href":"https:\/\/lyonelkaufmann.ch\/Blog\/wp-json\/wp\/v2\/users\/1"}],"replies":[{"embeddable":true,"href":"https:\/\/lyonelkaufmann.ch\/Blog\/wp-json\/wp\/v2\/comments?post=5559"}],"version-history":[{"count":0,"href":"https:\/\/lyonelkaufmann.ch\/Blog\/wp-json\/wp\/v2\/posts\/5559\/revisions"}],"wp:featuredmedia":[{"embeddable":true,"href":"https:\/\/lyonelkaufmann.ch\/Blog\/wp-json\/wp\/v2\/media\/14680"}],"wp:attachment":[{"href":"https:\/\/lyonelkaufmann.ch\/Blog\/wp-json\/wp\/v2\/media?parent=5559"}],"wp:term":[{"taxonomy":"category","embeddable":true,"href":"https:\/\/lyonelkaufmann.ch\/Blog\/wp-json\/wp\/v2\/categories?post=5559"},{"taxonomy":"post_tag","embeddable":true,"href":"https:\/\/lyonelkaufmann.ch\/Blog\/wp-json\/wp\/v2\/tags?post=5559"}],"curies":[{"name":"wp","href":"https:\/\/api.w.org\/{rel}","templated":true}]}}