{"id":5564,"date":"2012-06-21T20:15:36","date_gmt":"2012-06-21T20:15:36","guid":{"rendered":"http:\/\/lyonelkaufmann.ch\/histoire\/?p=5564"},"modified":"2012-06-21T20:15:36","modified_gmt":"2012-06-21T20:15:36","slug":"marche-aux-esclaves-antique-latine-loquere","status":"publish","type":"post","link":"https:\/\/lyonelkaufmann.ch\/Blog\/2012\/06\/21\/marche-aux-esclaves-antique-latine-loquere\/","title":{"rendered":"March\u00e9 aux esclaves antique | Latine Loquere"},"content":{"rendered":"<p>See on <a style='font-weight:bold;font-size:18px;' href='http:\/\/www.scoop.it\/t\/histoire\/p\/2009792714\/marche-aux-esclaves-antique-latine-loquere'>Scoop.it<\/a> &#8211; <a href='http:\/\/www.scoop.it\/t\/histoire'>histoire<\/a><br \/><a href='http:\/\/www.scoop.it\/t\/histoire\/p\/2009792714\/marche-aux-esclaves-antique-latine-loquere'><img src='http:\/\/img.scoop.it\/zbkSFCYS2py7AMWQZ7mS4jl72eJkfbmt4t8yenImKBXEejxNn4ZJNZ2ss5Ku7Cxt' \/><\/a><\/p>\n<p>&laquo; Servos emite &raquo;, March&eacute; aux esclaves antique<\/p>\n<p>Principe du jeu<\/p>\n<p>Le jeu consiste &agrave; mettre les &eacute;l&egrave;ves dans les conditions d&rsquo;un march&eacute; aux esclaves dans la Rome Antique.<\/p>\n<p>Les &eacute;l&egrave;ves jouent le r&ocirc;le des riches romains qui doivent &eacute;valuer les esclaves qu&rsquo;ils vont acheter sur le march&eacute; en recensant leurs qualit&eacute;s et leurs d&eacute;fauts &agrave; partir des informations donn&eacute;es par leur petit &eacute;criteau r&eacute;dig&eacute; en latin.<\/p>\n<p>Vous trouverez sur le site:<\/p>\n<p>&#8211; Polycopi&eacute; &eacute;l&egrave;ves (PDF &ndash; 39.3 ko)<br \/>&#8211; Ecriteaux des esclaves (PDF &ndash; 208.1 ko)<br \/>&#8211; Proposition de corrig&eacute; (PDF &ndash; 216 ko)<\/p>\n<p>See on <a href='http:\/\/www.ac-grenoble.fr\/lycee\/diois\/Latin\/spip.php?article5994'>www.ac-grenoble.fr<\/a><\/p>\n","protected":false},"excerpt":{"rendered":"<p>See on Scoop.it &#8211; histoire &laquo; Servos emite &raquo;, March&eacute; aux esclaves antique Principe du jeu Le jeu consiste &agrave; mettre les &eacute;l&egrave;ves dans les conditions d&rsquo;un march&eacute; aux esclaves dans la Rome Antique. Les &eacute;l&egrave;ves jouent le r&ocirc;le des riches romains qui doivent &eacute;valuer les esclaves qu&rsquo;ils vont acheter sur le march&eacute; en recensant [&hellip;]<\/p>\n","protected":false},"author":1,"featured_media":14104,"comment_status":"open","ping_status":"open","sticky":false,"template":"","format":"standard","meta":{"_import_markdown_pro_load_document_selector":0,"_import_markdown_pro_submit_text_textarea":"","_genesis_hide_title":false,"_genesis_hide_breadcrumbs":false,"_genesis_hide_singular_image":false,"_genesis_hide_footer_widgets":false,"_genesis_custom_body_class":"","_genesis_custom_post_class":"","_genesis_layout":"","jetpack_post_was_ever_published":false,"_jetpack_newsletter_access":"","_jetpack_dont_email_post_to_subs":false,"_jetpack_newsletter_tier_id":0,"_jetpack_memberships_contains_paywalled_content":false,"_jetpack_memberships_contains_paid_content":false,"activitypub_content_warning":"","activitypub_content_visibility":"","activitypub_max_image_attachments":3,"activitypub_interaction_policy_quote":"anyone","activitypub_status":"","footnotes":"","jetpack_publicize_message":"","jetpack_publicize_feature_enabled":true,"jetpack_social_post_already_shared":true,"jetpack_social_options":{"image_generator_settings":{"template":"fullscreen","default_image_id":0,"font":"","enabled":false},"version":2}},"categories":[2],"tags":[],"class_list":{"0":"post-5564","1":"post","2":"type-post","3":"status-publish","4":"format-standard","5":"has-post-thumbnail","7":"category-histoire-2","8":"entry"},"jetpack_publicize_connections":[],"featured_image_src":"https:\/\/i0.wp.com\/lyonelkaufmann.ch\/Blog\/wp-content\/uploads\/2015\/03\/zbkSFCYS2py7AMWQZ7mS4jl72eJkfbmt4t8yenImKBXEejxNn4ZJNZ2ss5Ku7Cxt.jpg?resize=170%2C150&ssl=1","featured_image_src_square":"https:\/\/i0.wp.com\/lyonelkaufmann.ch\/Blog\/wp-content\/uploads\/2015\/03\/zbkSFCYS2py7AMWQZ7mS4jl72eJkfbmt4t8yenImKBXEejxNn4ZJNZ2ss5Ku7Cxt.jpg?resize=170%2C150&ssl=1","author_info":{"display_name":"Lyonel Kaufmann","author_link":"https:\/\/lyonelkaufmann.ch\/Blog\/author\/lyonelk\/"},"jetpack_featured_media_url":"https:\/\/i0.wp.com\/lyonelkaufmann.ch\/Blog\/wp-content\/uploads\/2015\/03\/zbkSFCYS2py7AMWQZ7mS4jl72eJkfbmt4t8yenImKBXEejxNn4ZJNZ2ss5Ku7Cxt.jpg?fit=170%2C150&ssl=1","jetpack_sharing_enabled":true,"jetpack_shortlink":"https:\/\/wp.me\/p1qtF4-1rK","jetpack-related-posts":[{"id":3403,"url":"https:\/\/lyonelkaufmann.ch\/Blog\/2011\/01\/13\/quelle-place-la-rome-antique-doit-elle-avoir-a-lecole-vaudoise\/","url_meta":{"origin":5564,"position":0},"title":"Quelle place la Rome antique doit-elle avoir \u00e0 l\u2019\u00e9cole (vaudoise) ?","author":"Lyonel Kaufmann","date":"13 janvier 2011","format":false,"excerpt":"Juste avant les f\u00eates de fin d\u2019ann\u00e9e, j\u2019ai re\u00e7u par mail la question d\u2019un enseignant concernant la place de l\u2019enseignement de Rome dans l\u2019enseignement vaudois. Ceci au m\u00eame moment o\u00f9 en France une pol\u00e9mique a \u00e9t\u00e9 lanc\u00e9e par la revue Historia sur la disparition de l\u2019enseignement de l\u2019Egypte antique pour\u2026","rel":"","context":"Dans &quot;histoire&quot;","block_context":{"text":"histoire","link":"https:\/\/lyonelkaufmann.ch\/Blog\/category\/histoire-2\/"},"img":{"alt_text":"","src":"https:\/\/i0.wp.com\/lyonelkaufmann.ch\/Blog\/wp-content\/uploads\/2015\/03\/blogcafe1.jpg?fit=1024%2C683&ssl=1&resize=350%2C200","width":350,"height":200,"srcset":"https:\/\/i0.wp.com\/lyonelkaufmann.ch\/Blog\/wp-content\/uploads\/2015\/03\/blogcafe1.jpg?fit=1024%2C683&ssl=1&resize=350%2C200 1x, https:\/\/i0.wp.com\/lyonelkaufmann.ch\/Blog\/wp-content\/uploads\/2015\/03\/blogcafe1.jpg?fit=1024%2C683&ssl=1&resize=525%2C300 1.5x, https:\/\/i0.wp.com\/lyonelkaufmann.ch\/Blog\/wp-content\/uploads\/2015\/03\/blogcafe1.jpg?fit=1024%2C683&ssl=1&resize=700%2C400 2x"},"classes":[]},{"id":7967,"url":"https:\/\/lyonelkaufmann.ch\/Blog\/2014\/04\/16\/revisez-lhistoire-antique-avec-le-mooc-la-rome-dauguste\/","url_meta":{"origin":5564,"position":1},"title":"R\u00e9visez l\u2019histoire antique avec le MOOC : la Rome d\u2019Auguste","author":"Lyonel Kaufmann","date":"16 avril 2014","format":false,"excerpt":"See on Scoop.it - histoire D\u00e9couvrez l\u2019une des p\u00e9riodes les plus riches de l\u2019histoire antique en vid\u00e9o de fa\u00e7on interactive et ludique Lyonel Kaufmann's insight:D\u00e8s le 4 mai 2014\u2026 See on www.grandpalais.fr","rel":"","context":"Dans &quot;histoire&quot;","block_context":{"text":"histoire","link":"https:\/\/lyonelkaufmann.ch\/Blog\/category\/histoire-2\/"},"img":{"alt_text":"","src":"https:\/\/i0.wp.com\/lyonelkaufmann.ch\/Blog\/wp-content\/uploads\/2015\/03\/X176Q2tK0JyWQGWZAgxGGjl72eJkfbmt4t8yenImKBXEejxNn4ZJNZ2ss5Ku7Cxt.jpg?fit=391%2C468&ssl=1&resize=350%2C200","width":350,"height":200},"classes":[]},{"id":7699,"url":"https:\/\/lyonelkaufmann.ch\/Blog\/2006\/04\/29\/historiographie-la-democratie-athenienne\/","url_meta":{"origin":5564,"position":2},"title":"Historiographie : la d\u00e9mocratie ath\u00e9nienne","author":"Lyonel Kaufmann","date":"29 avril 2006","format":false,"excerpt":"Brul\u00e9 P. (1995). La cit\u00e9 grecque \u00e0 l'\u00e9poque classique. Paris: Presses Universitaires de Rennes M.I. Finley M.I. (1975). D\u00e9mocratie antique et d\u00e9mocratie moderne. Paris: Payot (r\u00e9\u00e9dition en 2003) Pr\u00e9sentation de l\u2019\u00e9diteur : En quoi la d\u00e9mocratie ath\u00e9nienne nous concerne-t-elle aujourd\u2019hui ? Telle est la question \u00e0 laquelle r\u00e9pond ce livre\u2026","rel":"","context":"Dans &quot;histoire&quot;","block_context":{"text":"histoire","link":"https:\/\/lyonelkaufmann.ch\/Blog\/category\/histoire-2\/"},"img":{"alt_text":"","src":"https:\/\/i0.wp.com\/lyonelkaufmann.ch\/Blog\/wp-content\/uploads\/2015\/03\/blogcafe1.jpg?fit=1024%2C683&ssl=1&resize=350%2C200","width":350,"height":200,"srcset":"https:\/\/i0.wp.com\/lyonelkaufmann.ch\/Blog\/wp-content\/uploads\/2015\/03\/blogcafe1.jpg?fit=1024%2C683&ssl=1&resize=350%2C200 1x, https:\/\/i0.wp.com\/lyonelkaufmann.ch\/Blog\/wp-content\/uploads\/2015\/03\/blogcafe1.jpg?fit=1024%2C683&ssl=1&resize=525%2C300 1.5x, https:\/\/i0.wp.com\/lyonelkaufmann.ch\/Blog\/wp-content\/uploads\/2015\/03\/blogcafe1.jpg?fit=1024%2C683&ssl=1&resize=700%2C400 2x"},"classes":[]},{"id":7656,"url":"https:\/\/lyonelkaufmann.ch\/Blog\/2013\/11\/01\/revue-de-presse-une-mega-secheresse-aurait-entraine-la-chute-de-la-grece-antique\/","url_meta":{"origin":5564,"position":3},"title":"Revue de presse : Une m\u00e9ga-s\u00e9cheresse aurait entrain\u00e9 la chute de la Gr\u00e8ce Antique","author":"Lyonel Kaufmann","date":"1 novembre 2013","format":false,"excerpt":"Une forte baisse de la pluviom\u00e9trie aurait conduit \u00e0 l'effondrement de plusieurs civilisations de la M\u00e9diterran\u00e9e, dont la Gr\u00e8ce Antique, il y a environ 3200 ans. La famine et les conflits qui en ont r\u00e9sult\u00e9, permettraient ainsi d'expliquer pourquoi l'ensemble de la culture Hittite, les conducteurs de chars qui ont\u2026","rel":"","context":"Dans &quot;histoire&quot;","block_context":{"text":"histoire","link":"https:\/\/lyonelkaufmann.ch\/Blog\/category\/histoire-2\/"},"img":{"alt_text":"","src":"https:\/\/i0.wp.com\/lyonelkaufmann.ch\/Blog\/wp-content\/uploads\/2015\/03\/blogcafe1.jpg?fit=1024%2C683&ssl=1&resize=350%2C200","width":350,"height":200,"srcset":"https:\/\/i0.wp.com\/lyonelkaufmann.ch\/Blog\/wp-content\/uploads\/2015\/03\/blogcafe1.jpg?fit=1024%2C683&ssl=1&resize=350%2C200 1x, https:\/\/i0.wp.com\/lyonelkaufmann.ch\/Blog\/wp-content\/uploads\/2015\/03\/blogcafe1.jpg?fit=1024%2C683&ssl=1&resize=525%2C300 1.5x, https:\/\/i0.wp.com\/lyonelkaufmann.ch\/Blog\/wp-content\/uploads\/2015\/03\/blogcafe1.jpg?fit=1024%2C683&ssl=1&resize=700%2C400 2x"},"classes":[]},{"id":6535,"url":"https:\/\/lyonelkaufmann.ch\/Blog\/2004\/01\/15\/ils-etaient-suisses-mais-aussi-negriers\/","url_meta":{"origin":5564,"position":4},"title":"Ils \u00e9taient Suisses\u2026 mais aussi n\u00e9griers","author":"Lyonel Kaufmann","date":"15 janvier 2004","format":false,"excerpt":"Dans son \u00e9dition du mercredi 14 janvier 2004, les journaux suisses\u00a0La Libert\u00e9\u00a0et\u00a0Le Courrier\u00a0consacrent un dossier relativement aux Suisses ayant fait commerce d'esclaves. Ainsi, au Ghana, \u00e0 Cape Coast, un ancien ch\u00e2teau fortifi\u00e9 a \u00e9t\u00e9 un haut lieu de la traite n\u00e9gri\u00e8re, reconnu lieu de m\u00e9moire de la traite n\u00e9gri\u00e8re et\u2026","rel":"","context":"Dans &quot;histoire&quot;","block_context":{"text":"histoire","link":"https:\/\/lyonelkaufmann.ch\/Blog\/category\/histoire-2\/"},"img":{"alt_text":"","src":"https:\/\/i0.wp.com\/lyonelkaufmann.ch\/Blog\/wp-content\/uploads\/2015\/03\/blogcafe1.jpg?fit=1024%2C683&ssl=1&resize=350%2C200","width":350,"height":200,"srcset":"https:\/\/i0.wp.com\/lyonelkaufmann.ch\/Blog\/wp-content\/uploads\/2015\/03\/blogcafe1.jpg?fit=1024%2C683&ssl=1&resize=350%2C200 1x, https:\/\/i0.wp.com\/lyonelkaufmann.ch\/Blog\/wp-content\/uploads\/2015\/03\/blogcafe1.jpg?fit=1024%2C683&ssl=1&resize=525%2C300 1.5x, https:\/\/i0.wp.com\/lyonelkaufmann.ch\/Blog\/wp-content\/uploads\/2015\/03\/blogcafe1.jpg?fit=1024%2C683&ssl=1&resize=700%2C400 2x"},"classes":[]},{"id":20,"url":"https:\/\/lyonelkaufmann.ch\/Blog\/2005\/07\/21\/la-suisse-et-lesclavage\/","url_meta":{"origin":5564,"position":5},"title":"La Suisse et l&rsquo;esclavage","author":"Lyonel Kaufmann","date":"21 juillet 2005","format":false,"excerpt":"Depuis la parution d'articles e 2004 dans le journal Le Courrier et La Libert\u00e9 relativement \u00e0 la question du r\u00f4le de la Suisse dans l'esclavage, un livre est paru ce printemps aux \u00e9ditions Antipodes & SHSR, dans la collection Histoire.ch. Il a \u00e9t\u00e9 \u00e9crit par Thomas David [professeur-assistant \u00e0 l'Institut\u2026","rel":"","context":"Dans &quot;histoire&quot;","block_context":{"text":"histoire","link":"https:\/\/lyonelkaufmann.ch\/Blog\/category\/histoire-2\/"},"img":{"alt_text":"","src":"https:\/\/i0.wp.com\/lyonelkaufmann.ch\/Blog\/wp-content\/uploads\/2015\/03\/blogcafe1.jpg?fit=1024%2C683&ssl=1&resize=350%2C200","width":350,"height":200,"srcset":"https:\/\/i0.wp.com\/lyonelkaufmann.ch\/Blog\/wp-content\/uploads\/2015\/03\/blogcafe1.jpg?fit=1024%2C683&ssl=1&resize=350%2C200 1x, https:\/\/i0.wp.com\/lyonelkaufmann.ch\/Blog\/wp-content\/uploads\/2015\/03\/blogcafe1.jpg?fit=1024%2C683&ssl=1&resize=525%2C300 1.5x, https:\/\/i0.wp.com\/lyonelkaufmann.ch\/Blog\/wp-content\/uploads\/2015\/03\/blogcafe1.jpg?fit=1024%2C683&ssl=1&resize=700%2C400 2x"},"classes":[]}],"jetpack_likes_enabled":true,"_links":{"self":[{"href":"https:\/\/lyonelkaufmann.ch\/Blog\/wp-json\/wp\/v2\/posts\/5564","targetHints":{"allow":["GET"]}}],"collection":[{"href":"https:\/\/lyonelkaufmann.ch\/Blog\/wp-json\/wp\/v2\/posts"}],"about":[{"href":"https:\/\/lyonelkaufmann.ch\/Blog\/wp-json\/wp\/v2\/types\/post"}],"author":[{"embeddable":true,"href":"https:\/\/lyonelkaufmann.ch\/Blog\/wp-json\/wp\/v2\/users\/1"}],"replies":[{"embeddable":true,"href":"https:\/\/lyonelkaufmann.ch\/Blog\/wp-json\/wp\/v2\/comments?post=5564"}],"version-history":[{"count":0,"href":"https:\/\/lyonelkaufmann.ch\/Blog\/wp-json\/wp\/v2\/posts\/5564\/revisions"}],"wp:featuredmedia":[{"embeddable":true,"href":"https:\/\/lyonelkaufmann.ch\/Blog\/wp-json\/wp\/v2\/media\/14104"}],"wp:attachment":[{"href":"https:\/\/lyonelkaufmann.ch\/Blog\/wp-json\/wp\/v2\/media?parent=5564"}],"wp:term":[{"taxonomy":"category","embeddable":true,"href":"https:\/\/lyonelkaufmann.ch\/Blog\/wp-json\/wp\/v2\/categories?post=5564"},{"taxonomy":"post_tag","embeddable":true,"href":"https:\/\/lyonelkaufmann.ch\/Blog\/wp-json\/wp\/v2\/tags?post=5564"}],"curies":[{"name":"wp","href":"https:\/\/api.w.org\/{rel}","templated":true}]}}