{"id":5573,"date":"2012-06-26T10:18:56","date_gmt":"2012-06-26T10:18:56","guid":{"rendered":"http:\/\/lyonelkaufmann.ch\/histoire\/?p=5573"},"modified":"2012-06-26T10:18:56","modified_gmt":"2012-06-26T10:18:56","slug":"nous-nirons-pas-voir-auschwitz-une-bd-sur-les-memoires-de-la-2nde-gm","status":"publish","type":"post","link":"https:\/\/lyonelkaufmann.ch\/Blog\/2012\/06\/26\/nous-nirons-pas-voir-auschwitz-une-bd-sur-les-memoires-de-la-2nde-gm\/","title":{"rendered":"Nous n&rsquo;irons pas voir Auschwitz, une BD sur les m\u00e9moires de la 2nde GM"},"content":{"rendered":"<p>See on <a style=\"font-weight:bold;font-size:18px;\" href=\"http:\/\/www.scoop.it\/t\/histoire\/p\/2041282922\/nous-n-irons-pas-voir-auschwitz-une-bd-sur-les-memoires-de-la-2nde-gm\">Scoop.it<\/a> &#8211; <a href=\"http:\/\/www.scoop.it\/t\/histoire\">histoire<\/a><br \/>\n<a href=\"http:\/\/www.scoop.it\/t\/histoire\/p\/2041282922\/nous-n-irons-pas-voir-auschwitz-une-bd-sur-les-memoires-de-la-2nde-gm\"><img decoding=\"async\" src=\"http:\/\/img.scoop.it\/XSHZ71v3LPoMfM6cbjQlPzl72eJkfbmt4t8yenImKBXEejxNn4ZJNZ2ss5Ku7Cxt\" alt=\"\" \/><\/a><\/p>\n<p>Cette BD interroge tant la m\u00e9moire des Polonais que celle Fran\u00e7ais, des Juifs et des non-Juifs, des m\u00e9moires crois\u00e9es de la Pologne et de la France d&rsquo;hier \u00e0 aujourd&rsquo;hui.<\/p>\n<p>J\u00e9r\u00e9mie Dres est un jeune dessinateur fran\u00e7ais, n\u00e9 en 1982 dont les grands-parents sont juifs polonais. Il d\u00e9cide quelque temps apr\u00e8s la mort de grand-m\u00e8re T\u00e9ma Dres n\u00e9e Barab de partir avec son fr\u00e8re sur les traces de ses racines polonaises et juives.<br \/>\nC&rsquo;est un voyage initiatique, un voyage de la red\u00e9couverte et de la m\u00e9moire d&rsquo;une communaut\u00e9 juive qui a presque disparu de la Pologne.<\/p>\n<p>See on <a href=\"http:\/\/histoiregeolyceerombas.over-blog.com\/article-nous-n-irons-pas-voir-auschwitz-une-bd-sur-les-memoires-de-la-2nde-gm-107375867.html\">histoiregeolyceerombas.over-blog.com<\/a><\/p>\n","protected":false},"excerpt":{"rendered":"<p>See on Scoop.it &#8211; histoire Cette BD interroge tant la m\u00e9moire des Polonais que celle Fran\u00e7ais, des Juifs et des non-Juifs, des m\u00e9moires crois\u00e9es de la Pologne et de la France d&rsquo;hier \u00e0 aujourd&rsquo;hui. J\u00e9r\u00e9mie Dres est un jeune dessinateur fran\u00e7ais, n\u00e9 en 1982 dont les grands-parents sont juifs polonais. Il d\u00e9cide quelque temps apr\u00e8s [&hellip;]<\/p>\n","protected":false},"author":1,"featured_media":14105,"comment_status":"open","ping_status":"open","sticky":false,"template":"","format":"standard","meta":{"_import_markdown_pro_load_document_selector":0,"_import_markdown_pro_submit_text_textarea":"","_genesis_hide_title":false,"_genesis_hide_breadcrumbs":false,"_genesis_hide_singular_image":false,"_genesis_hide_footer_widgets":false,"_genesis_custom_body_class":"","_genesis_custom_post_class":"","_genesis_layout":"","jetpack_post_was_ever_published":false,"_jetpack_newsletter_access":"","_jetpack_dont_email_post_to_subs":false,"_jetpack_newsletter_tier_id":0,"_jetpack_memberships_contains_paywalled_content":false,"_jetpack_memberships_contains_paid_content":false,"activitypub_content_warning":"","activitypub_content_visibility":"","activitypub_max_image_attachments":3,"activitypub_interaction_policy_quote":"anyone","activitypub_status":"","footnotes":"","jetpack_publicize_message":"","jetpack_publicize_feature_enabled":true,"jetpack_social_post_already_shared":true,"jetpack_social_options":{"image_generator_settings":{"template":"fullscreen","default_image_id":0,"font":"","enabled":false},"version":2}},"categories":[2],"tags":[],"class_list":{"0":"post-5573","1":"post","2":"type-post","3":"status-publish","4":"format-standard","5":"has-post-thumbnail","7":"category-histoire-2","8":"entry"},"jetpack_publicize_connections":[],"featured_image_src":"https:\/\/i0.wp.com\/lyonelkaufmann.ch\/Blog\/wp-content\/uploads\/2015\/03\/XSHZ71v3LPoMfM6cbjQlPzl72eJkfbmt4t8yenImKBXEejxNn4ZJNZ2ss5Ku7Cxt.jpg?resize=389%2C400&ssl=1","featured_image_src_square":"https:\/\/i0.wp.com\/lyonelkaufmann.ch\/Blog\/wp-content\/uploads\/2015\/03\/XSHZ71v3LPoMfM6cbjQlPzl72eJkfbmt4t8yenImKBXEejxNn4ZJNZ2ss5Ku7Cxt.jpg?resize=389%2C550&ssl=1","author_info":{"display_name":"Lyonel Kaufmann","author_link":"https:\/\/lyonelkaufmann.ch\/Blog\/author\/lyonelk\/"},"jetpack_featured_media_url":"https:\/\/i0.wp.com\/lyonelkaufmann.ch\/Blog\/wp-content\/uploads\/2015\/03\/XSHZ71v3LPoMfM6cbjQlPzl72eJkfbmt4t8yenImKBXEejxNn4ZJNZ2ss5Ku7Cxt.jpg?fit=389%2C550&ssl=1","jetpack_sharing_enabled":true,"jetpack_shortlink":"https:\/\/wp.me\/p1qtF4-1rT","jetpack-related-posts":[{"id":7956,"url":"https:\/\/lyonelkaufmann.ch\/Blog\/2014\/04\/09\/revue-de-presse-le-temoignage-exceptionnel-du-seul-deporte-volontaire-a-auschwitz-liberation\/","url_meta":{"origin":5573,"position":0},"title":"Revue de Presse : Le t\u00e9moignage exceptionnel du seul d\u00e9port\u00e9 volontaire \u00e0 Auschwitz | Lib\u00e9ration","author":"Lyonel Kaufmann","date":"9 avril 2014","format":false,"excerpt":"Witold Pilecki t\u00e9moigne \u00e0 Varsovie le 3 mars 1948 (Photo PAP. AFP) Varsovie. 19 septembre 1940. Un officier de r\u00e9serve polonais, Witold Pilecki, se fait volontairement rafler par les Allemands et interner \u00e0 Auschwitz pour y tisser un r\u00e9seau de r\u00e9sistance: \u00abLe Rapport Pilecki\u00bb, \u00e0 para\u00eetre en avril, livre le\u2026","rel":"","context":"Dans &quot;histoire&quot;","block_context":{"text":"histoire","link":"https:\/\/lyonelkaufmann.ch\/Blog\/category\/histoire-2\/"},"img":{"alt_text":"","src":"https:\/\/i0.wp.com\/lyonelkaufmann.ch\/Blog\/wp-content\/uploads\/2015\/03\/1gdDQis.jpg?fit=768%2C494&ssl=1&resize=350%2C200","width":350,"height":200,"srcset":"https:\/\/i0.wp.com\/lyonelkaufmann.ch\/Blog\/wp-content\/uploads\/2015\/03\/1gdDQis.jpg?fit=768%2C494&ssl=1&resize=350%2C200 1x, https:\/\/i0.wp.com\/lyonelkaufmann.ch\/Blog\/wp-content\/uploads\/2015\/03\/1gdDQis.jpg?fit=768%2C494&ssl=1&resize=525%2C300 1.5x, https:\/\/i0.wp.com\/lyonelkaufmann.ch\/Blog\/wp-content\/uploads\/2015\/03\/1gdDQis.jpg?fit=768%2C494&ssl=1&resize=700%2C400 2x"},"classes":[]},{"id":7852,"url":"https:\/\/lyonelkaufmann.ch\/Blog\/2007\/09\/26\/penser-la-destruction-des-juifs-deurope-le-courrier-25092007\/","url_meta":{"origin":5573,"position":1},"title":"Penser la destruction des juifs d&rsquo;Europe (Le Courrier 25.09.2007)","author":"Lyonel Kaufmann","date":"26 septembre 2007","format":false,"excerpt":"DR | L'historien am\u00e9ricain Raul Hilberg Dans son \u00e9dition du mardi 25 septembre 2007, le journal Le Courrier revient sur la disparition r\u00e9cente de Raoul Hilberg (d\u00e9c\u00e9d\u00e9 le 4 ao\u00fbt 2007) et propose une page enti\u00e8re au travail r\u00e9alis\u00e9 par cet historien relativement \u00e0 son ouvrage majeur et capital sur\u2026","rel":"","context":"Dans &quot;histoire&quot;","block_context":{"text":"histoire","link":"https:\/\/lyonelkaufmann.ch\/Blog\/category\/histoire-2\/"},"img":{"alt_text":"","src":"","width":0,"height":0},"classes":[]},{"id":15209,"url":"https:\/\/lyonelkaufmann.ch\/Blog\/2015\/09\/29\/comptes-rendus-filmer-la-guerre-1944-1946-les-sovietiques-face-a-la-shoah\/","url_meta":{"origin":5573,"position":2},"title":"Comptes-rendus : \u00ab Filmer la guerre (1944-1946). Les Sovi\u00e9tiques face \u00e0 la Shoah \u00bb","author":"Lyonel Kaufmann","date":"29 septembre 2015","format":false,"excerpt":"L\u2019exposition et son catalogue ouvrent des perspectives passionnantes sur la construction d\u2019une m\u00e9moire sovi\u00e9tique isol\u00e9e des repr\u00e9sentations occidentales. Rendue plus complexe encore par les d\u00e9placements de fronti\u00e8res d\u2019apr\u00e8s-guerre brouillant la notion de juifs \u00ab\u00a0sovi\u00e9tiques\u00a0\u00bb, \u00ab\u00a0hongrois\u00a0\u00bb ou \u00ab\u00a0polonais\u00a0\u00bb, puis par la Guerre froide, elle \u00e9volue vers une reconnaissance ambigu\u00eb de la\u2026","rel":"","context":"Dans &quot;histoire&quot;","block_context":{"text":"histoire","link":"https:\/\/lyonelkaufmann.ch\/Blog\/category\/histoire-2\/"},"img":{"alt_text":"","src":"https:\/\/i0.wp.com\/lyonelkaufmann.ch\/Blog\/wp-content\/uploads\/2015\/09\/iu.jpeg?fit=797%2C543&ssl=1&resize=350%2C200","width":350,"height":200,"srcset":"https:\/\/i0.wp.com\/lyonelkaufmann.ch\/Blog\/wp-content\/uploads\/2015\/09\/iu.jpeg?fit=797%2C543&ssl=1&resize=350%2C200 1x, https:\/\/i0.wp.com\/lyonelkaufmann.ch\/Blog\/wp-content\/uploads\/2015\/09\/iu.jpeg?fit=797%2C543&ssl=1&resize=525%2C300 1.5x, https:\/\/i0.wp.com\/lyonelkaufmann.ch\/Blog\/wp-content\/uploads\/2015\/09\/iu.jpeg?fit=797%2C543&ssl=1&resize=700%2C400 2x"},"classes":[]},{"id":124,"url":"https:\/\/lyonelkaufmann.ch\/Blog\/2014\/05\/28\/des-photos-bouleversantes-en-couleurs-dun-ghetto-juif-en-pologne\/","url_meta":{"origin":5573,"position":3},"title":"Des photos bouleversantes en couleurs d\u2019un ghetto juif en Pologne","author":"Lyonel Kaufmann","date":"28 mai 2014","format":false,"excerpt":"Des photos bouleversantes en couleurs d\u2019un ghetto juif en Pologne","rel":"","context":"Dans &quot;Roadbook&quot;","block_context":{"text":"Roadbook","link":"https:\/\/lyonelkaufmann.ch\/Blog\/category\/roadbook\/"},"img":{"alt_text":"","src":"https:\/\/i0.wp.com\/lyonelkaufmann.ch\/Blog\/wp-content\/uploads\/2015\/03\/poland-elderlyman-with-yellow-starofdavid.jpg?fit=964%2C642&ssl=1&resize=350%2C200","width":350,"height":200,"srcset":"https:\/\/i0.wp.com\/lyonelkaufmann.ch\/Blog\/wp-content\/uploads\/2015\/03\/poland-elderlyman-with-yellow-starofdavid.jpg?fit=964%2C642&ssl=1&resize=350%2C200 1x, https:\/\/i0.wp.com\/lyonelkaufmann.ch\/Blog\/wp-content\/uploads\/2015\/03\/poland-elderlyman-with-yellow-starofdavid.jpg?fit=964%2C642&ssl=1&resize=525%2C300 1.5x, https:\/\/i0.wp.com\/lyonelkaufmann.ch\/Blog\/wp-content\/uploads\/2015\/03\/poland-elderlyman-with-yellow-starofdavid.jpg?fit=964%2C642&ssl=1&resize=700%2C400 2x"},"classes":[]},{"id":5477,"url":"https:\/\/lyonelkaufmann.ch\/Blog\/2012\/05\/30\/christophe-colomb-des-origines-juives\/","url_meta":{"origin":5573,"position":4},"title":"Christophe Colomb : des origines juives?","author":"Lyonel Kaufmann","date":"30 mai 2012","format":false,"excerpt":"Plus de cinq si\u00e8cles apr\u00e8s la mort du c\u00e9l\u00e8bre explorateur, des historiens portent un regard neuf sur ce qui a motiv\u00e9 Christophe Colomb \u00e0 faire sa travers\u00e9e de l'Atlantique - et comment sa foi a peut-\u00eatre jou\u00e9 dans ses motivations. Certains chercheurs, apr\u00e8s analyse des volont\u00e9s de Colomb et d'autres\u2026","rel":"","context":"Dans &quot;histoire&quot;","block_context":{"text":"histoire","link":"https:\/\/lyonelkaufmann.ch\/Blog\/category\/histoire-2\/"},"img":{"alt_text":"","src":"https:\/\/i0.wp.com\/lyonelkaufmann.ch\/histoire\/wp-content\/uploads\/2012\/05\/s-CHRISTOPHER-COLUMBUS-JEWISH-large.jpg?resize=350%2C200","width":350,"height":200},"classes":[]},{"id":7805,"url":"https:\/\/lyonelkaufmann.ch\/Blog\/2007\/04\/18\/differend-autour-du-souvenir-des-victimes-du-camp-dauschwitz-eurotopics\/","url_meta":{"origin":5573,"position":5},"title":"Diff\u00e9rend autour du souvenir des victimes du camp d&rsquo;Auschwitz (Euro|topics)","author":"Lyonel Kaufmann","date":"18 avril 2007","format":false,"excerpt":"Le journal hongrois N\u00e9pszabads\u00e1g nous apprend que le mus\u00e9e d'Auschwitz a repouss\u00e9 l'ouverture d'une exposition consacr\u00e9e au r\u00f4le de l'Arm\u00e9e rouge dans la lib\u00e9ration de ce camp de la mort. Le motif de cette d\u00e9cision? un diff\u00e9rend autour de la nationalit\u00e9 des victimes. Beaucoup \u00e9taient issues des territoires annex\u00e9s par\u2026","rel":"","context":"Dans &quot;histoire&quot;","block_context":{"text":"histoire","link":"https:\/\/lyonelkaufmann.ch\/Blog\/category\/histoire-2\/"},"img":{"alt_text":"","src":"https:\/\/i0.wp.com\/lyonelkaufmann.ch\/Blog\/wp-content\/uploads\/2015\/03\/blogcafe1.jpg?fit=1024%2C683&ssl=1&resize=350%2C200","width":350,"height":200,"srcset":"https:\/\/i0.wp.com\/lyonelkaufmann.ch\/Blog\/wp-content\/uploads\/2015\/03\/blogcafe1.jpg?fit=1024%2C683&ssl=1&resize=350%2C200 1x, https:\/\/i0.wp.com\/lyonelkaufmann.ch\/Blog\/wp-content\/uploads\/2015\/03\/blogcafe1.jpg?fit=1024%2C683&ssl=1&resize=525%2C300 1.5x, https:\/\/i0.wp.com\/lyonelkaufmann.ch\/Blog\/wp-content\/uploads\/2015\/03\/blogcafe1.jpg?fit=1024%2C683&ssl=1&resize=700%2C400 2x"},"classes":[]}],"jetpack_likes_enabled":true,"_links":{"self":[{"href":"https:\/\/lyonelkaufmann.ch\/Blog\/wp-json\/wp\/v2\/posts\/5573","targetHints":{"allow":["GET"]}}],"collection":[{"href":"https:\/\/lyonelkaufmann.ch\/Blog\/wp-json\/wp\/v2\/posts"}],"about":[{"href":"https:\/\/lyonelkaufmann.ch\/Blog\/wp-json\/wp\/v2\/types\/post"}],"author":[{"embeddable":true,"href":"https:\/\/lyonelkaufmann.ch\/Blog\/wp-json\/wp\/v2\/users\/1"}],"replies":[{"embeddable":true,"href":"https:\/\/lyonelkaufmann.ch\/Blog\/wp-json\/wp\/v2\/comments?post=5573"}],"version-history":[{"count":0,"href":"https:\/\/lyonelkaufmann.ch\/Blog\/wp-json\/wp\/v2\/posts\/5573\/revisions"}],"wp:featuredmedia":[{"embeddable":true,"href":"https:\/\/lyonelkaufmann.ch\/Blog\/wp-json\/wp\/v2\/media\/14105"}],"wp:attachment":[{"href":"https:\/\/lyonelkaufmann.ch\/Blog\/wp-json\/wp\/v2\/media?parent=5573"}],"wp:term":[{"taxonomy":"category","embeddable":true,"href":"https:\/\/lyonelkaufmann.ch\/Blog\/wp-json\/wp\/v2\/categories?post=5573"},{"taxonomy":"post_tag","embeddable":true,"href":"https:\/\/lyonelkaufmann.ch\/Blog\/wp-json\/wp\/v2\/tags?post=5573"}],"curies":[{"name":"wp","href":"https:\/\/api.w.org\/{rel}","templated":true}]}}