{"id":5579,"date":"2012-06-28T18:54:05","date_gmt":"2012-06-28T18:54:05","guid":{"rendered":"http:\/\/lyonelkaufmann.ch\/histoire\/?p=5579"},"modified":"2012-06-28T18:54:05","modified_gmt":"2012-06-28T18:54:05","slug":"lancement-du-site-rousseauonline-ch-infoclio-ch","status":"publish","type":"post","link":"https:\/\/lyonelkaufmann.ch\/Blog\/2012\/06\/28\/lancement-du-site-rousseauonline-ch-infoclio-ch\/","title":{"rendered":"Lancement du site rousseauonline.ch | infoclio.ch"},"content":{"rendered":"<p>Pour c\u00e9l\u00e9brer l&rsquo;entr\u00e9e de Jean-Jacques Rousseau dans le XXIe si\u00e8cle, infoclio.ch a le plaisir d&rsquo;annoncer le lancement le 10 juillet prochain de <a href=\"rousseauonline.ch\" target=\"_blank\">rousseauonline.ch<\/a>, un site enti\u00e8rement consacr\u00e9 \u00e0 la mise en ligne des \u0153uvres du philosophe.<\/p>\n<p><a href=\"rousseauonline.ch\" target=\"_blank\">rousseauonline.ch<\/a> donnera acc\u00e8s \u00e0 l\u2019ensemble des \u0153uvres de Rousseau dans leur premi\u00e8re \u00e9dition de r\u00e9f\u00e9rence, en 17 volumes, et pr\u00e8s de 9000 pages, voulue par l\u2019auteur et publi\u00e9e \u00e0 Gen\u00e8ve entre 1780 et 1789.<\/p>\n<p>via\u00a0<a href=\"http:\/\/www.infoclio.ch\/en\/node\/26692\">Communiqu\u00e9 &#8211; Lancement du site rousseauonline.ch | infoclio.ch<\/a>.<\/p>\n","protected":false},"excerpt":{"rendered":"<p>Pour c\u00e9l\u00e9brer l&rsquo;entr\u00e9e de Jean-Jacques Rousseau dans le XXIe si\u00e8cle, infoclio.ch a le plaisir d&rsquo;annoncer le lancement le 10 juillet prochain de rousseauonline.ch, un site enti\u00e8rement consacr\u00e9 \u00e0 la mise en ligne des \u0153uvres du philosophe. rousseauonline.ch donnera acc\u00e8s \u00e0 l\u2019ensemble des \u0153uvres de Rousseau dans leur premi\u00e8re \u00e9dition de r\u00e9f\u00e9rence, en 17 volumes, et [&hellip;]<\/p>\n","protected":false},"author":1,"featured_media":14680,"comment_status":"open","ping_status":"open","sticky":false,"template":"","format":"standard","meta":{"_import_markdown_pro_load_document_selector":0,"_import_markdown_pro_submit_text_textarea":"","_genesis_hide_title":false,"_genesis_hide_breadcrumbs":false,"_genesis_hide_singular_image":false,"_genesis_hide_footer_widgets":false,"_genesis_custom_body_class":"","_genesis_custom_post_class":"","_genesis_layout":"","jetpack_post_was_ever_published":false,"_jetpack_newsletter_access":"","_jetpack_dont_email_post_to_subs":false,"_jetpack_newsletter_tier_id":0,"_jetpack_memberships_contains_paywalled_content":false,"_jetpack_memberships_contains_paid_content":false,"activitypub_content_warning":"","activitypub_content_visibility":"","activitypub_max_image_attachments":3,"activitypub_interaction_policy_quote":"anyone","activitypub_status":"","footnotes":"","jetpack_publicize_message":"","jetpack_publicize_feature_enabled":true,"jetpack_social_post_already_shared":true,"jetpack_social_options":{"image_generator_settings":{"template":"fullscreen","default_image_id":0,"font":"","enabled":false},"version":2}},"categories":[2],"tags":[],"class_list":{"0":"post-5579","1":"post","2":"type-post","3":"status-publish","4":"format-standard","5":"has-post-thumbnail","7":"category-histoire-2","8":"entry"},"jetpack_publicize_connections":[],"featured_image_src":"https:\/\/i0.wp.com\/lyonelkaufmann.ch\/Blog\/wp-content\/uploads\/2015\/03\/blogcafe1.jpg?resize=600%2C400&ssl=1","featured_image_src_square":"https:\/\/i0.wp.com\/lyonelkaufmann.ch\/Blog\/wp-content\/uploads\/2015\/03\/blogcafe1.jpg?resize=600%2C600&ssl=1","author_info":{"display_name":"Lyonel Kaufmann","author_link":"https:\/\/lyonelkaufmann.ch\/Blog\/author\/lyonelk\/"},"jetpack_featured_media_url":"https:\/\/i0.wp.com\/lyonelkaufmann.ch\/Blog\/wp-content\/uploads\/2015\/03\/blogcafe1.jpg?fit=1024%2C683&ssl=1","jetpack_sharing_enabled":true,"jetpack_shortlink":"https:\/\/wp.me\/p1qtF4-1rZ","jetpack-related-posts":[{"id":6101,"url":"https:\/\/lyonelkaufmann.ch\/Blog\/2012\/08\/30\/humanites-digitales-organiser-sa-recherche-sur-le-web-infoclio-ch\/","url_meta":{"origin":5579,"position":0},"title":"Humanit\u00e9s digitales : Organiser sa recherche sur le web | infoclio.ch","author":"Lyonel Kaufmann","date":"30 ao\u00fbt 2012","format":false,"excerpt":"Infoclio.ch,\u00a0le portail professionnel des sciences historiques en Suisse, ouvrira \u00e0 la rentr\u00e9e universitaire un nouveau portail destin\u00e9s aux \u00e9tudiants en histoire. Cette initiative arrive \u00e0 point nommer alors que la question des \u00abHumanit\u00e9s Digitales\u00bb (\u00abDigital humanities\u00bb) se d\u00e9veloppent de mani\u00e8re r\u00e9jouissante en Suisse. On r\u00eave d'une d\u00e9clinaison pour l'enseignement obligatoire\u2026","rel":"","context":"Dans &quot;histoire&quot;","block_context":{"text":"histoire","link":"https:\/\/lyonelkaufmann.ch\/Blog\/category\/histoire-2\/"},"img":{"alt_text":"","src":"https:\/\/i0.wp.com\/lyonelkaufmann.ch\/Blog\/wp-content\/uploads\/2015\/03\/0120.jpg?fit=480%2C360&ssl=1&resize=350%2C200","width":350,"height":200},"classes":[]},{"id":8084,"url":"https:\/\/lyonelkaufmann.ch\/Blog\/2014\/06\/30\/exposition-virtuelle-medecine-et-alimentation-infoclio-ch\/","url_meta":{"origin":5579,"position":1},"title":"Exposition virtuelle: M\u00e9decine et alimentation | infoclio.ch","author":"Lyonel Kaufmann","date":"30 juin 2014","format":false,"excerpt":"Un petit verre ? L'Universit\u00e9 de Fribourg \u00e0 mis en ligne une exposition virtuelle, en Fran\u00e7ais et en Allemand, consacr\u00e9e \u00e0 l'histoire des rapports entre m\u00e9decine et alimentation. L\u2019exposition consiste en une exp\u00e9rimentation num\u00e9rique qui propose une strat\u00e9gie mus\u00e9ographique innovante reposant les fonds de plusieurs institutions culturelles suisses: le Mus\u00e9e\u2026","rel":"","context":"Dans &quot;histoire&quot;","block_context":{"text":"histoire","link":"https:\/\/lyonelkaufmann.ch\/Blog\/category\/histoire-2\/"},"img":{"alt_text":"wpid-6_1024-2014-06-30-21-41.png","src":"https:\/\/i0.wp.com\/lyonelkaufmann.ch\/histoire\/wp-content\/uploads\/2014\/06\/wpid-6_1024-2014-06-30-21-41.png?resize=350%2C200","width":350,"height":200,"srcset":"https:\/\/i0.wp.com\/lyonelkaufmann.ch\/histoire\/wp-content\/uploads\/2014\/06\/wpid-6_1024-2014-06-30-21-41.png?resize=350%2C200 1x, https:\/\/i0.wp.com\/lyonelkaufmann.ch\/histoire\/wp-content\/uploads\/2014\/06\/wpid-6_1024-2014-06-30-21-41.png?resize=525%2C300 1.5x, https:\/\/i0.wp.com\/lyonelkaufmann.ch\/histoire\/wp-content\/uploads\/2014\/06\/wpid-6_1024-2014-06-30-21-41.png?resize=700%2C400 2x"},"classes":[]},{"id":6396,"url":"https:\/\/lyonelkaufmann.ch\/Blog\/2012\/11\/06\/colloque-infoclio-ch-2012-accessibilite-et-droits-dutilisation-des-ressources-historiques-sur-le-web\/","url_meta":{"origin":5579,"position":2},"title":"Colloque infoclio.ch 2012: Accessibilit\u00e9 et droits d\u2019utilisation des ressources historiques sur le web","author":"Lyonel Kaufmann","date":"6 novembre 2012","format":false,"excerpt":"Le colloque infoclio.ch 2012 s'est tenu vendredi 2 novembre au Kornhauforum de Berne, sur le th\u00e8me \"Accessibilit\u00e9 et droits d\u2019utilisation des ressources historiques sur le web\".\u00a0Vous pouvez d\u00e8s \u00e0 pr\u00e9sent retrouver tous les enregistrements et les pr\u00e9sentations des conf\u00e9renciers sur cette page sp\u00e9ciale d\u00e9di\u00e9e au colloque. Le th\u00e8me de ce\u2026","rel":"","context":"Dans &quot;histoire&quot;","block_context":{"text":"histoire","link":"https:\/\/lyonelkaufmann.ch\/Blog\/category\/histoire-2\/"},"img":{"alt_text":"","src":"https:\/\/i0.wp.com\/lyonelkaufmann.ch\/Blog\/wp-content\/uploads\/2015\/03\/blogcafe1.jpg?fit=1024%2C683&ssl=1&resize=350%2C200","width":350,"height":200,"srcset":"https:\/\/i0.wp.com\/lyonelkaufmann.ch\/Blog\/wp-content\/uploads\/2015\/03\/blogcafe1.jpg?fit=1024%2C683&ssl=1&resize=350%2C200 1x, https:\/\/i0.wp.com\/lyonelkaufmann.ch\/Blog\/wp-content\/uploads\/2015\/03\/blogcafe1.jpg?fit=1024%2C683&ssl=1&resize=525%2C300 1.5x, https:\/\/i0.wp.com\/lyonelkaufmann.ch\/Blog\/wp-content\/uploads\/2015\/03\/blogcafe1.jpg?fit=1024%2C683&ssl=1&resize=700%2C400 2x"},"classes":[]},{"id":5317,"url":"https:\/\/lyonelkaufmann.ch\/Blog\/2012\/04\/19\/revue-de-presse-deux-nouveaux-blogs-suisses-sur-lhistoire-numerique-infoclio-ch\/","url_meta":{"origin":5579,"position":3},"title":"Revue de presse : Deux nouveaux blogs suisses sur l&rsquo;histoire num\u00e9rique | infoclio.ch","author":"Lyonel Kaufmann","date":"19 avril 2012","format":false,"excerpt":"Deux nouveaux blogs r\u00e9dig\u00e9s par des chercheurs suisses ont vu le jour ces derni\u00e8res semaines sur la plateforme de carnets de recherche hypotheses.org et sont pr\u00e9sent\u00e9s bri\u00e8vement par Enrico Natale.Deux nouveaux blogs suisses sur l'histoire num\u00e9rique | infoclio.ch","rel":"","context":"Dans &quot;histoire&quot;","block_context":{"text":"histoire","link":"https:\/\/lyonelkaufmann.ch\/Blog\/category\/histoire-2\/"},"img":{"alt_text":"","src":"https:\/\/i0.wp.com\/lyonelkaufmann.ch\/Blog\/wp-content\/uploads\/2015\/03\/blogcafe1.jpg?fit=1024%2C683&ssl=1&resize=350%2C200","width":350,"height":200,"srcset":"https:\/\/i0.wp.com\/lyonelkaufmann.ch\/Blog\/wp-content\/uploads\/2015\/03\/blogcafe1.jpg?fit=1024%2C683&ssl=1&resize=350%2C200 1x, https:\/\/i0.wp.com\/lyonelkaufmann.ch\/Blog\/wp-content\/uploads\/2015\/03\/blogcafe1.jpg?fit=1024%2C683&ssl=1&resize=525%2C300 1.5x, https:\/\/i0.wp.com\/lyonelkaufmann.ch\/Blog\/wp-content\/uploads\/2015\/03\/blogcafe1.jpg?fit=1024%2C683&ssl=1&resize=700%2C400 2x"},"classes":[]},{"id":5245,"url":"https:\/\/lyonelkaufmann.ch\/Blog\/2012\/04\/04\/revue-de-presse-le-rapport-bergier-10-ans-apres-infoclio-ch\/","url_meta":{"origin":5579,"position":4},"title":"Revue de presse : Le rapport Bergier 10 ans apr\u00e8s | infoclio.ch","author":"Lyonel Kaufmann","date":"4 avril 2012","format":false,"excerpt":"Ces 21 et 22 mars se tenaient \u00e0 l'Universit\u00e9 de Lausanne une s\u00e9rie de conf\u00e9rences suite aux dix ans de la publication du rapport Bergier. Si la deuxi\u00e8me journ\u00e9e \u00e9tait consacr\u00e9e \u00e0 l'enseignement au niveau gymnasial des acquis du rapport Bergier, la premi\u00e8re journ\u00e9e, ou plut\u00f4t soir\u00e9e, a pris la\u2026","rel":"","context":"Dans &quot;histoire&quot;","block_context":{"text":"histoire","link":"https:\/\/lyonelkaufmann.ch\/Blog\/category\/histoire-2\/"},"img":{"alt_text":"","src":"https:\/\/i0.wp.com\/lyonelkaufmann.ch\/Blog\/wp-content\/uploads\/2015\/03\/blogcafe1.jpg?fit=1024%2C683&ssl=1&resize=350%2C200","width":350,"height":200,"srcset":"https:\/\/i0.wp.com\/lyonelkaufmann.ch\/Blog\/wp-content\/uploads\/2015\/03\/blogcafe1.jpg?fit=1024%2C683&ssl=1&resize=350%2C200 1x, https:\/\/i0.wp.com\/lyonelkaufmann.ch\/Blog\/wp-content\/uploads\/2015\/03\/blogcafe1.jpg?fit=1024%2C683&ssl=1&resize=525%2C300 1.5x, https:\/\/i0.wp.com\/lyonelkaufmann.ch\/Blog\/wp-content\/uploads\/2015\/03\/blogcafe1.jpg?fit=1024%2C683&ssl=1&resize=700%2C400 2x"},"classes":[]},{"id":7896,"url":"https:\/\/lyonelkaufmann.ch\/Blog\/2014\/01\/06\/une-annee-de-commemoration-de-14-18-en-suisse\/","url_meta":{"origin":5579,"position":5},"title":"Une ann\u00e9e de comm\u00e9moration de 14-18 en Suisse","author":"Lyonel Kaufmann","date":"6 janvier 2014","format":false,"excerpt":"Quelques initiatives en Suisse \u00e0 propos de la Premi\u00e8re Guerre mondiale : La Revue suisse d'histoire consacre son dernier num\u00e9ro aux nouvelles approches de la recherche suisse sur la Premi\u00e8re Guerre mondiale. D\u00e9j\u00e0 pr\u00e9sent\u00e9 ici, le site 14-18.ch propose d'explorer une s\u00e9rie de cartes postales de la Premi\u00e8re Guerre conserv\u00e9es\u2026","rel":"","context":"Dans &quot;histoire&quot;","block_context":{"text":"histoire","link":"https:\/\/lyonelkaufmann.ch\/Blog\/category\/histoire-2\/"},"img":{"alt_text":"","src":"https:\/\/i0.wp.com\/lyonelkaufmann.ch\/Blog\/wp-content\/uploads\/2015\/03\/blogcafe1.jpg?fit=1024%2C683&ssl=1&resize=350%2C200","width":350,"height":200,"srcset":"https:\/\/i0.wp.com\/lyonelkaufmann.ch\/Blog\/wp-content\/uploads\/2015\/03\/blogcafe1.jpg?fit=1024%2C683&ssl=1&resize=350%2C200 1x, https:\/\/i0.wp.com\/lyonelkaufmann.ch\/Blog\/wp-content\/uploads\/2015\/03\/blogcafe1.jpg?fit=1024%2C683&ssl=1&resize=525%2C300 1.5x, https:\/\/i0.wp.com\/lyonelkaufmann.ch\/Blog\/wp-content\/uploads\/2015\/03\/blogcafe1.jpg?fit=1024%2C683&ssl=1&resize=700%2C400 2x"},"classes":[]}],"jetpack_likes_enabled":true,"_links":{"self":[{"href":"https:\/\/lyonelkaufmann.ch\/Blog\/wp-json\/wp\/v2\/posts\/5579","targetHints":{"allow":["GET"]}}],"collection":[{"href":"https:\/\/lyonelkaufmann.ch\/Blog\/wp-json\/wp\/v2\/posts"}],"about":[{"href":"https:\/\/lyonelkaufmann.ch\/Blog\/wp-json\/wp\/v2\/types\/post"}],"author":[{"embeddable":true,"href":"https:\/\/lyonelkaufmann.ch\/Blog\/wp-json\/wp\/v2\/users\/1"}],"replies":[{"embeddable":true,"href":"https:\/\/lyonelkaufmann.ch\/Blog\/wp-json\/wp\/v2\/comments?post=5579"}],"version-history":[{"count":0,"href":"https:\/\/lyonelkaufmann.ch\/Blog\/wp-json\/wp\/v2\/posts\/5579\/revisions"}],"wp:featuredmedia":[{"embeddable":true,"href":"https:\/\/lyonelkaufmann.ch\/Blog\/wp-json\/wp\/v2\/media\/14680"}],"wp:attachment":[{"href":"https:\/\/lyonelkaufmann.ch\/Blog\/wp-json\/wp\/v2\/media?parent=5579"}],"wp:term":[{"taxonomy":"category","embeddable":true,"href":"https:\/\/lyonelkaufmann.ch\/Blog\/wp-json\/wp\/v2\/categories?post=5579"},{"taxonomy":"post_tag","embeddable":true,"href":"https:\/\/lyonelkaufmann.ch\/Blog\/wp-json\/wp\/v2\/tags?post=5579"}],"curies":[{"name":"wp","href":"https:\/\/api.w.org\/{rel}","templated":true}]}}