{"id":5584,"date":"2012-07-02T17:27:48","date_gmt":"2012-07-02T17:27:48","guid":{"rendered":"http:\/\/lyonelkaufmann.ch\/histoire\/?p=5584"},"modified":"2012-07-02T17:27:48","modified_gmt":"2012-07-02T17:27:48","slug":"le-trombone-objet-parfait-slate","status":"publish","type":"post","link":"https:\/\/lyonelkaufmann.ch\/Blog\/2012\/07\/02\/le-trombone-objet-parfait-slate\/","title":{"rendered":"Le trombone, objet parfait | Slate"},"content":{"rendered":"<p style=\"text-align:center;\"><a href=\"http:\/\/www.slate.fr\/story\/56787\/trombone-perfection\"><img data-recalc-dims=\"1\" src=\"https:\/\/i0.wp.com\/lyonelkaufmann.ch\/histoire\/wp-content\/uploads\/2012\/07\/paperclip_0.jpg\" alt='' \/><\/a><\/p>\n<p style=\"text-align:center;\"><span class=\"Apple-style-span\" style=\"color:#b9b9b9;font-family:Georgia, Georgia, georgia, serif;font-size:12px;font-style:italic;font-weight:normal;line-height:normal;\">&#8211; Metal Haystack par SykoStam via Flickr CC License by &#8211;<\/span><\/p>\n<p>Invent\u00e9 en 1899, l&rsquo;accessoire de bureau n&rsquo;a jamais \u00e9volu\u00e9 en plus d&rsquo;un si\u00e8cle d&rsquo;existence. R\u00e9cit de la vie d&rsquo;un objet au design parfait, qui a su se rendre indispensable dans la vie de tout les jours. Et qui \u00e0 sa mani\u00e8re participe de la R\u00e9volution industrielle et \u00e0 la taylorisation dans le monde des employ\u00e9s de bureau.<\/p>\n<p>via\u00a0<a href=\"http:\/\/www.slate.fr\/story\/56787\/trombone-perfection\">Le trombone, objet parfait | Slate<\/a>.<\/p>\n","protected":false},"excerpt":{"rendered":"<p>&#8211; Metal Haystack par SykoStam via Flickr CC License by &#8211; Invent\u00e9 en 1899, l&rsquo;accessoire de bureau n&rsquo;a jamais \u00e9volu\u00e9 en plus d&rsquo;un si\u00e8cle d&rsquo;existence. R\u00e9cit de la vie d&rsquo;un objet au design parfait, qui a su se rendre indispensable dans la vie de tout les jours. Et qui \u00e0 sa mani\u00e8re participe de la [&hellip;]<\/p>\n","protected":false},"author":1,"featured_media":14106,"comment_status":"open","ping_status":"open","sticky":false,"template":"","format":"standard","meta":{"_import_markdown_pro_load_document_selector":0,"_import_markdown_pro_submit_text_textarea":"","_genesis_hide_title":false,"_genesis_hide_breadcrumbs":false,"_genesis_hide_singular_image":false,"_genesis_hide_footer_widgets":false,"_genesis_custom_body_class":"","_genesis_custom_post_class":"","_genesis_layout":"","jetpack_post_was_ever_published":false,"_jetpack_newsletter_access":"","_jetpack_dont_email_post_to_subs":false,"_jetpack_newsletter_tier_id":0,"_jetpack_memberships_contains_paywalled_content":false,"_jetpack_memberships_contains_paid_content":false,"activitypub_content_warning":"","activitypub_content_visibility":"","activitypub_max_image_attachments":3,"activitypub_interaction_policy_quote":"anyone","activitypub_status":"","footnotes":"","jetpack_publicize_message":"","jetpack_publicize_feature_enabled":true,"jetpack_social_post_already_shared":true,"jetpack_social_options":{"image_generator_settings":{"template":"fullscreen","default_image_id":0,"font":"","enabled":false},"version":2}},"categories":[2],"tags":[],"class_list":{"0":"post-5584","1":"post","2":"type-post","3":"status-publish","4":"format-standard","5":"has-post-thumbnail","7":"category-histoire-2","8":"entry"},"jetpack_publicize_connections":[],"featured_image_src":"https:\/\/i0.wp.com\/lyonelkaufmann.ch\/Blog\/wp-content\/uploads\/2015\/03\/paperclip_0.jpg?resize=600%2C330&ssl=1","featured_image_src_square":"https:\/\/i0.wp.com\/lyonelkaufmann.ch\/Blog\/wp-content\/uploads\/2015\/03\/paperclip_0.jpg?resize=600%2C330&ssl=1","author_info":{"display_name":"Lyonel Kaufmann","author_link":"https:\/\/lyonelkaufmann.ch\/Blog\/author\/lyonelk\/"},"jetpack_featured_media_url":"https:\/\/i0.wp.com\/lyonelkaufmann.ch\/Blog\/wp-content\/uploads\/2015\/03\/paperclip_0.jpg?fit=600%2C330&ssl=1","jetpack_sharing_enabled":true,"jetpack_shortlink":"https:\/\/wp.me\/p1qtF4-1s4","jetpack-related-posts":[{"id":6128,"url":"https:\/\/lyonelkaufmann.ch\/Blog\/2012\/09\/04\/comment-fabriquer-de-meilleurs-profs-slate\/","url_meta":{"origin":5584,"position":0},"title":"Comment fabriquer de meilleurs profs | Slate","author":"Lyonel Kaufmann","date":"4 septembre 2012","format":false,"excerpt":"Aux Etats-Unis aussi, l'\u00e9ducation fait l'objet d'un \u00e2pre d\u00e9bat. Certains pensent qu'il suffirait de virer les mauvais enseignants pour am\u00e9liorer le syst\u00e8me. A contrario, de nouvelles \u00e9tudes montrent qu\u2019ils peuvent apprendre \u00e0 devenir bons. A lire :\u00a0Comment fabriquer de meilleurs profs | Slate.","rel":"","context":"Dans &quot;histoire&quot;","block_context":{"text":"histoire","link":"https:\/\/lyonelkaufmann.ch\/Blog\/category\/histoire-2\/"},"img":{"alt_text":"","src":"https:\/\/i0.wp.com\/lyonelkaufmann.ch\/Blog\/wp-content\/uploads\/2015\/03\/blogcafe1.jpg?fit=1024%2C683&ssl=1&resize=350%2C200","width":350,"height":200,"srcset":"https:\/\/i0.wp.com\/lyonelkaufmann.ch\/Blog\/wp-content\/uploads\/2015\/03\/blogcafe1.jpg?fit=1024%2C683&ssl=1&resize=350%2C200 1x, https:\/\/i0.wp.com\/lyonelkaufmann.ch\/Blog\/wp-content\/uploads\/2015\/03\/blogcafe1.jpg?fit=1024%2C683&ssl=1&resize=525%2C300 1.5x, https:\/\/i0.wp.com\/lyonelkaufmann.ch\/Blog\/wp-content\/uploads\/2015\/03\/blogcafe1.jpg?fit=1024%2C683&ssl=1&resize=700%2C400 2x"},"classes":[]},{"id":4069,"url":"https:\/\/lyonelkaufmann.ch\/Blog\/2010\/10\/21\/tweet-from-slate-fr\/","url_meta":{"origin":5584,"position":1},"title":"UMP-FN: l&rsquo;extr\u00eame tentation |\u00a0Slate.fr","author":"Lyonel Kaufmann","date":"21 octobre 2010","format":"aside","excerpt":"via @Slatefr Une union des droites? De plus en plus, dans le parti majoritaire et dans les rangs frontistes envisagent cette possibilit\u00e9. http:\/\/bit.ly\/dfju3v\u2026 Read More >>","rel":"","context":"Dans &quot;L'Expresso&quot;","block_context":{"text":"L'Expresso","link":"https:\/\/lyonelkaufmann.ch\/Blog\/category\/breves\/"},"img":{"alt_text":"","src":"https:\/\/i0.wp.com\/www.slate.fr\/sites\/default\/files\/imagecache\/node-story\/2012.jpg?resize=350%2C200","width":350,"height":200,"srcset":"https:\/\/i0.wp.com\/www.slate.fr\/sites\/default\/files\/imagecache\/node-story\/2012.jpg?resize=350%2C200 1x, https:\/\/i0.wp.com\/www.slate.fr\/sites\/default\/files\/imagecache\/node-story\/2012.jpg?resize=525%2C300 1.5x"},"classes":[]},{"id":12747,"url":"https:\/\/lyonelkaufmann.ch\/Blog\/2011\/11\/06\/citizen-kane-comme-vous-ne-lavez-jamais-vu-slate\/","url_meta":{"origin":5584,"position":2},"title":"\u00abCitizen Kane\u00bb comme vous ne l&rsquo;avez jamais vu | Slate","author":"Lyonel Kaufmann","date":"6 novembre 2011","format":false,"excerpt":"Charles Foster Kane (Orson Welles) dans \u00abCitizen Kane\u00bb (Warner Bros, 1941) En 2002, le DVD avait permis de d\u00e9couvrir une \u00e9dition du film qui se distinguait, par son \u00e9clat et sa nettet\u00e9, des vieilles copies 16 mm vues sur le petit \u00e9cran ou dans les cin\u00e9-clubs universitaires. Depuis, la technologie\u2026","rel":"","context":"Dans &quot;Blogcaf\u00e9&quot;","block_context":{"text":"Blogcaf\u00e9","link":"https:\/\/lyonelkaufmann.ch\/Blog\/category\/blogcafe-2\/"},"img":{"alt_text":"Ill film welles orson kane papers","src":"https:\/\/i0.wp.com\/www.politis.ch\/carnets\/wp-content\/uploads\/2011\/11\/ill_film_welles_orson_kane_papers.jpg?resize=350%2C200","width":350,"height":200,"srcset":"https:\/\/i0.wp.com\/www.politis.ch\/carnets\/wp-content\/uploads\/2011\/11\/ill_film_welles_orson_kane_papers.jpg?resize=350%2C200 1x, https:\/\/i0.wp.com\/www.politis.ch\/carnets\/wp-content\/uploads\/2011\/11\/ill_film_welles_orson_kane_papers.jpg?resize=525%2C300 1.5x"},"classes":[]},{"id":3759,"url":"https:\/\/lyonelkaufmann.ch\/Blog\/2010\/10\/15\/une-exposition-sur-hitler-a-berlin\/","url_meta":{"origin":5584,"position":3},"title":"Une exposition sur Hitler \u00e0 Berlin","author":"Lyonel Kaufmann","date":"15 octobre 2010","format":"aside","excerpt":"via SlateVendredi 15 octobre sera un jour particulier pour le Mus\u00e9e de l'histoire allemande: pour la premi\u00e8re ... Read More >>","rel":"","context":"Dans &quot;L'Expresso&quot;","block_context":{"text":"L'Expresso","link":"https:\/\/lyonelkaufmann.ch\/Blog\/category\/breves\/"},"img":{"alt_text":"","src":"https:\/\/i0.wp.com\/lyonelkaufmann.ch\/Blog\/wp-content\/uploads\/2015\/03\/blogcafe1.jpg?fit=1024%2C683&ssl=1&resize=350%2C200","width":350,"height":200,"srcset":"https:\/\/i0.wp.com\/lyonelkaufmann.ch\/Blog\/wp-content\/uploads\/2015\/03\/blogcafe1.jpg?fit=1024%2C683&ssl=1&resize=350%2C200 1x, https:\/\/i0.wp.com\/lyonelkaufmann.ch\/Blog\/wp-content\/uploads\/2015\/03\/blogcafe1.jpg?fit=1024%2C683&ssl=1&resize=525%2C300 1.5x, https:\/\/i0.wp.com\/lyonelkaufmann.ch\/Blog\/wp-content\/uploads\/2015\/03\/blogcafe1.jpg?fit=1024%2C683&ssl=1&resize=700%2C400 2x"},"classes":[]},{"id":3735,"url":"https:\/\/lyonelkaufmann.ch\/Blog\/2010\/10\/07\/claude-lefort-la-passion-de-la-democratie\/","url_meta":{"origin":5584,"position":4},"title":"Claude Lefort, la passion de la d\u00e9mocratie","author":"Lyonel Kaufmann","date":"7 octobre 2010","format":"aside","excerpt":"via SlateDans le jeu habituel des hommages convenus, la figure de Claude Lefort, mort le 3 octobre \u00e0 l\u2019\u00e2ge de ... Read More >>","rel":"","context":"Dans &quot;L'Expresso&quot;","block_context":{"text":"L'Expresso","link":"https:\/\/lyonelkaufmann.ch\/Blog\/category\/breves\/"},"img":{"alt_text":"","src":"https:\/\/i0.wp.com\/lyonelkaufmann.ch\/Blog\/wp-content\/uploads\/2015\/03\/blogcafe1.jpg?fit=1024%2C683&ssl=1&resize=350%2C200","width":350,"height":200,"srcset":"https:\/\/i0.wp.com\/lyonelkaufmann.ch\/Blog\/wp-content\/uploads\/2015\/03\/blogcafe1.jpg?fit=1024%2C683&ssl=1&resize=350%2C200 1x, https:\/\/i0.wp.com\/lyonelkaufmann.ch\/Blog\/wp-content\/uploads\/2015\/03\/blogcafe1.jpg?fit=1024%2C683&ssl=1&resize=525%2C300 1.5x, https:\/\/i0.wp.com\/lyonelkaufmann.ch\/Blog\/wp-content\/uploads\/2015\/03\/blogcafe1.jpg?fit=1024%2C683&ssl=1&resize=700%2C400 2x"},"classes":[]},{"id":7880,"url":"https:\/\/lyonelkaufmann.ch\/Blog\/2013\/11\/09\/exclusif-on-a-retrouve-les-unes-de-journaux-de-la-premiere-guerre-mondiale-slate\/","url_meta":{"origin":5584,"position":5},"title":"EXCLUSIF On a retrouv\u00e9 les unes de journaux de la Premi\u00e8re Guerre mondiale | Slate","author":"Lyonel Kaufmann","date":"9 novembre 2013","format":false,"excerpt":"Il y a quelques semaines, lors du Colombus Day (le jour lors duquel les Am\u00e9ricains comm\u00e9morent la d\u00e9couverte du continent par l'explorateur), le New York Magazine avait imagin\u00e9 des fausses unes des journaux am\u00e9ricains s'ils avaient couvert cet \u00e9v\u00e8nement. Pour inaugurer en l\u00e9g\u00e9ret\u00e9 une s\u00e9rie d'articles marquant le d\u00e9but des\u2026","rel":"","context":"Dans &quot;histoire&quot;","block_context":{"text":"histoire","link":"https:\/\/lyonelkaufmann.ch\/Blog\/category\/histoire-2\/"},"img":{"alt_text":"","src":"https:\/\/i0.wp.com\/lyonelkaufmann.ch\/Blog\/wp-content\/uploads\/2015\/03\/liberation_fake.jpg?fit=460%2C582&ssl=1&resize=350%2C200","width":350,"height":200},"classes":[]}],"jetpack_likes_enabled":true,"_links":{"self":[{"href":"https:\/\/lyonelkaufmann.ch\/Blog\/wp-json\/wp\/v2\/posts\/5584","targetHints":{"allow":["GET"]}}],"collection":[{"href":"https:\/\/lyonelkaufmann.ch\/Blog\/wp-json\/wp\/v2\/posts"}],"about":[{"href":"https:\/\/lyonelkaufmann.ch\/Blog\/wp-json\/wp\/v2\/types\/post"}],"author":[{"embeddable":true,"href":"https:\/\/lyonelkaufmann.ch\/Blog\/wp-json\/wp\/v2\/users\/1"}],"replies":[{"embeddable":true,"href":"https:\/\/lyonelkaufmann.ch\/Blog\/wp-json\/wp\/v2\/comments?post=5584"}],"version-history":[{"count":0,"href":"https:\/\/lyonelkaufmann.ch\/Blog\/wp-json\/wp\/v2\/posts\/5584\/revisions"}],"wp:featuredmedia":[{"embeddable":true,"href":"https:\/\/lyonelkaufmann.ch\/Blog\/wp-json\/wp\/v2\/media\/14106"}],"wp:attachment":[{"href":"https:\/\/lyonelkaufmann.ch\/Blog\/wp-json\/wp\/v2\/media?parent=5584"}],"wp:term":[{"taxonomy":"category","embeddable":true,"href":"https:\/\/lyonelkaufmann.ch\/Blog\/wp-json\/wp\/v2\/categories?post=5584"},{"taxonomy":"post_tag","embeddable":true,"href":"https:\/\/lyonelkaufmann.ch\/Blog\/wp-json\/wp\/v2\/tags?post=5584"}],"curies":[{"name":"wp","href":"https:\/\/api.w.org\/{rel}","templated":true}]}}