{"id":5593,"date":"2012-07-04T07:00:00","date_gmt":"2012-07-04T07:00:00","guid":{"rendered":"http:\/\/lyonelkaufmann.ch\/histoire\/?p=5593"},"modified":"2012-07-04T07:00:00","modified_gmt":"2012-07-04T07:00:00","slug":"histoire-serieuse-et-histoire-grand-public-la-concurrence-des-histoires-chronique-no-134","status":"publish","type":"post","link":"https:\/\/lyonelkaufmann.ch\/Blog\/2012\/07\/04\/histoire-serieuse-et-histoire-grand-public-la-concurrence-des-histoires-chronique-no-134\/","title":{"rendered":"Histoire \u00abs\u00e9rieuse\u00bb et histoire grand public : la concurrence des histoires ? |\u00a0Chronique no 134"},"content":{"rendered":"<p><strong>A intervalle r\u00e9gulier, l\u2019histoire universitaire renvoie aupr\u00e8s du grand public une image peu flatteuse d\u2019elle-m\u00eame. Dans son num\u00e9ro de mars 2012 et sur son site internet, l\u2019American Historical Association (AHA) d\u00e9battait du \u00abProfessionnal Boredom\u00bb\u00a0in History (L\u2019ennui professionnel en histoire) et son pr\u00e9sident William Cronon <\/strong><strong>plaid<\/strong><strong>ait<\/strong><strong> pour <\/strong><strong>une <\/strong><strong>\u00e9criture de l\u2019histoire qui <\/strong><strong>soit <\/strong><strong>attrayante et accessible \u00e0 un large public.<\/strong><strong>\u00a0<\/strong><\/p>\n<p>Dans son article, William Cronon ((\u00a0Le site professionnel de W. Cronon et ses travaux historiques :\u00a0<a href=\"http:\/\/williamcronon.net%7C\">http:\/\/williamcronon.net<\/a>)) part du constat suivant:<\/p>\n<p><em>\u00ab<\/em><em>L&rsquo;un des paradoxes de l&rsquo;histoire, c&rsquo;est que aucune autre discipline universitaire <\/em><em>n\u2019<\/em><em>a fait un meilleur travail <\/em><em>pour<\/em><em> conserver une grande audience publique<\/em><em> alors que <\/em><em>de nombreux non<\/em><em> <\/em><em>histori<\/em><em>en<\/em><em>s trouve<\/em><em>nt<\/em><em> l&rsquo;histoire acad\u00e9mique ennuyeu<\/em><em>se<\/em><em> \u00e0 l&rsquo;extr\u00eame.<\/em>\u00bb ((Professional Boredom :\u00a0<a href=\"http:\/\/www.historians.org\/perspectives\/issues\/2012\/1203\/Professional-Boredom.cfm\">http:\/\/www.historians.org\/perspectives\/issues\/2012\/1203\/Professional-Boredom.cfm<\/a> L\u2019article a suscit\u00e9 notamment les r\u00e9actions suivantes :\u00a0<a href=\"http:\/\/blog.historians.org\/articles\/1622\/debating-professional-boredom-in-history\">http:\/\/blog.historians.org\/articles\/1622\/debating-professional-boredom-in-history<\/a>))<\/p>\n<p>W. Cronon met \u00e9galement en \u00e9vidence l\u2019int\u00e9r\u00eat du public pour les programmes de la cha\u00eene historique \u00abHistory Channel\u00bb, les expositions \u00e0 succ\u00e8s des mus\u00e9es ou les best-sellers historiques qui recouvrent des sujets tr\u00e8s diff\u00e9rents, voire \u00e0 l\u2019oppos\u00e9, des th\u00e8mes et sp\u00e9cialisation que l\u2019on peut trouver dans les d\u00e9partements d\u2019histoire des Facult\u00e9s universitaires. Ainsi, malgr\u00e9 l&rsquo;app\u00e9tit du grand public pour l&rsquo;histoire, les historiens professionnels produisent rarement des travaux destin\u00e9s \u00e0 la consommation publique.<\/p>\n<p>Quelle est alors la meilleure mani\u00e8re de servir les int\u00e9r\u00eats des historiens professionnels dans ces autres contextes que la production universitaire au moment o\u00f9 la r\u00e9volution num\u00e9rique aggrave et accentue cet \u00e9cart \u2014 qui n\u2019est pas nouveau \u2014 entre histoire acad\u00e9mique et histoire pris\u00e9e par le public?<\/p>\n<p>Pour Cronon, il s\u2019agit premi\u00e8rement de garder un \u0153il sur l&rsquo;ennui et s\u2019interroger dans quelle mesure cet ennui est le r\u00e9sultat de la mani\u00e8re de faire de l\u2019histoire \u00e0 un niveau acad\u00e9mique. Il se r\u00e9jouit \u00e9galement que l\u2019AHA dispose en son sein d\u2019historiens acad\u00e9miques qui participent \u00e0 des documentaires historiques ou des expositions, r\u00e9alisent des sites internet, tiennent des blogs, enseignent \u00e0 d\u2019autres degr\u00e9s ou publient des livres grands publics.<\/p>\n<p>Fondamentalement, pour Cronon, les historiens universitaires se doivent de communiquer de mani\u00e8re claire et engageante, de raconter de \u00abbonnes\u00bb\u00a0histoires et surtout de rendre le pass\u00e9 vivant pour les non-professionnels qui autrement le trouverait aride, mort et ennuyeux.<\/p>\n<p>Il est \u00e0 noter que ce d\u00e9bat et ces constats de W. Crono ne sont pas neufs et reviennent avec constance. Ainsi, le rapport de 1926 du comit\u00e9 de l\u2019AHA s\u2019interrogeait d\u00e9j\u00e0 \u00e0 ce sujet. Le comit\u00e9 de l\u2019AHA lui-m\u00eame est issu d\u2019une prise de conscience que l\u2019\u00e9criture de l\u2019histoire aux \u00c9tats-Unis n\u2019\u00e9tait pas dans un \u00e9tat satisfaisant. A cette m\u00eame \u00e9poque, Jean Jules Jusserand, ancien ambassadeur fran\u00e7ais et pr\u00e9sident d\u2019alors de l\u2019AHA, remontait m\u00eame jusqu\u2019au satiriste grec Lucien de Samosate dans le deuxi\u00e8me si\u00e8cle apr\u00e8s JC, \u00e0 Cic\u00e9ron en 55 avant notre \u00e8re et \u00e0 Jean Bodin en 1566 pour des discours comparables. ((Jean Jules Jusserand (1926). Historian\u2019s Work. In AHA, The Writing of History:\u00a0<a href=\"http:\/\/www.historians.org\/pubs\/archives\/WritingofHistory\/Jusserand_HistoriansWork.cfm\">http:\/\/www.historians.org\/pubs\/archives\/WritingofHistory\/Jusserand_HistoriansWork.cfm<\/a>))<\/p>\n<p>Ces d\u00e9bats et constats sont \u00e9galement transposables au niveau de l\u2019histoire \u00e0 l\u2019\u00e9cole que ce soit relativement \u00e0 la concurrence au cours d\u2019histoire repr\u00e9sent\u00e9e par les usages publics de l\u2019histoire (t\u00e9l\u00e9vision, histoire grand public, spectacles historiques, mus\u00e9es et l\u2019internet) ou la mani\u00e8re de combattre l\u2019ennui dans nos cours. Aujourd\u2019hui, s\u2019y ajoutent les difficult\u00e9s \u00e0 atteindre les objectifs ambitieux des programmes avec un nombre de p\u00e9riodes d\u2019enseignement insuffisant et parfois en diminution de la discipline, voire l\u2019absence d\u2019un accompagnement et d\u2019une formation professionnelle digne de ce nom. ((A l\u2019exemple des programmes de Premi\u00e8re : Des programmes ambitieux ou invraisemblables ? In Aggiornamento hist-g\u00e9o :\u00a0<a href=\"http:\/\/aggiornamento.hypotheses.org\/831\">http:\/\/aggiornamento.hypotheses.org\/831<\/a>))<\/p>\n<p>Tout cela concourt \u00e0 s\u2019interroger sur la place de la discipline et de l\u2019image que celle-ci renvoie. Comment \u00e9galement concilier attractivit\u00e9 de la discipline et rigueur intellectuelle que n\u00e9cessite notamment l\u2019exigence de d\u00e9velopper au moyen de l\u2019histoire l\u2019esprit critique et citoyen chez nos \u00e9l\u00e8ves?<\/p>\n<p><strong>Cet article est la reprise de ma chronique mensuelle du\u00a0<a href=\"http:\/\/www.cafepedagogique.net\/lemensuel\/lenseignant\/schumaines\/histoire\/Pages\/2012\/134_lachronique.aspx\" target=\"_blank\">Caf\u00e9 p\u00e9dagogique<\/a>. (No 134, Juin)<\/strong><\/p>\n","protected":false},"excerpt":{"rendered":"<p>A intervalle r\u00e9gulier, l\u2019histoire universitaire renvoie aupr\u00e8s du grand public une image peu flatteuse d\u2019elle-m\u00eame. Dans son num\u00e9ro de mars 2012 et sur son site internet, l\u2019American Historical Association (AHA) d\u00e9battait du \u00abProfessionnal Boredom\u00bb\u00a0in History (L\u2019ennui professionnel en histoire) et son pr\u00e9sident William Cronon plaidait pour une \u00e9criture de l\u2019histoire qui soit attrayante et accessible [&hellip;]<\/p>\n","protected":false},"author":1,"featured_media":14680,"comment_status":"open","ping_status":"open","sticky":false,"template":"","format":"standard","meta":{"_import_markdown_pro_load_document_selector":0,"_import_markdown_pro_submit_text_textarea":"","_genesis_hide_title":false,"_genesis_hide_breadcrumbs":false,"_genesis_hide_singular_image":false,"_genesis_hide_footer_widgets":false,"_genesis_custom_body_class":"","_genesis_custom_post_class":"","_genesis_layout":"","jetpack_post_was_ever_published":false,"_jetpack_newsletter_access":"","_jetpack_dont_email_post_to_subs":false,"_jetpack_newsletter_tier_id":0,"_jetpack_memberships_contains_paywalled_content":false,"_jetpack_memberships_contains_paid_content":false,"activitypub_content_warning":"","activitypub_content_visibility":"","activitypub_max_image_attachments":3,"activitypub_interaction_policy_quote":"anyone","activitypub_status":"","footnotes":"","jetpack_publicize_message":"","jetpack_publicize_feature_enabled":true,"jetpack_social_post_already_shared":true,"jetpack_social_options":{"image_generator_settings":{"template":"fullscreen","default_image_id":0,"font":"","enabled":false},"version":2}},"categories":[2],"tags":[],"class_list":{"0":"post-5593","1":"post","2":"type-post","3":"status-publish","4":"format-standard","5":"has-post-thumbnail","7":"category-histoire-2","8":"entry"},"jetpack_publicize_connections":[],"featured_image_src":"https:\/\/i0.wp.com\/lyonelkaufmann.ch\/Blog\/wp-content\/uploads\/2015\/03\/blogcafe1.jpg?resize=600%2C400&ssl=1","featured_image_src_square":"https:\/\/i0.wp.com\/lyonelkaufmann.ch\/Blog\/wp-content\/uploads\/2015\/03\/blogcafe1.jpg?resize=600%2C600&ssl=1","author_info":{"display_name":"Lyonel Kaufmann","author_link":"https:\/\/lyonelkaufmann.ch\/Blog\/author\/lyonelk\/"},"jetpack_featured_media_url":"https:\/\/i0.wp.com\/lyonelkaufmann.ch\/Blog\/wp-content\/uploads\/2015\/03\/blogcafe1.jpg?fit=1024%2C683&ssl=1","jetpack_sharing_enabled":true,"jetpack_shortlink":"https:\/\/wp.me\/p1qtF4-1sd","jetpack-related-posts":[{"id":6894,"url":"https:\/\/lyonelkaufmann.ch\/Blog\/2013\/04\/05\/le-contemporain-a-travers-les-ages-la-vie-des-idees\/","url_meta":{"origin":5593,"position":0},"title":"Le contemporain \u00e0 travers les \u00e2ges | La Vie des id\u00e9es","author":"Lyonel Kaufmann","date":"5 avril 2013","format":false,"excerpt":"L\u2019histoire du temps pr\u00e9sent, aujourd\u2019hui un champ d\u2019\u00e9tudes \u00e0 part enti\u00e8re, n\u2019est devenue que progressivement et tardivement l\u00e9gitime au sein des \u00e9tudes historiques. Son \u00e9mergence au XXe si\u00e8cle, en France comme en Europe, co\u00efncide avec une importance nouvelle accord\u00e9e aux questions de m\u00e9moire et le patrimoine dans l\u2019espace public et\u2026","rel":"","context":"Dans &quot;histoire&quot;","block_context":{"text":"histoire","link":"https:\/\/lyonelkaufmann.ch\/Blog\/category\/histoire-2\/"},"img":{"alt_text":"","src":"https:\/\/i0.wp.com\/lyonelkaufmann.ch\/histoire\/wp-content\/uploads\/2013\/04\/arton2264-3d8ee.jpg?resize=350%2C200","width":350,"height":200},"classes":[]},{"id":6755,"url":"https:\/\/lyonelkaufmann.ch\/Blog\/2013\/01\/29\/la-mise-en-scene-du-passe-sens-public\/","url_meta":{"origin":5593,"position":1},"title":"La mise en sc\u00e8ne du pass\u00e9 | Sens Public","author":"Lyonel Kaufmann","date":"29 janvier 2013","format":false,"excerpt":"Compte-rendu par R\u00e9my Besson de l'ouvrage de\u00a0St\u00e9phane Haffemayer, Beno\u00eet Marpeau et Julie Verlaine (dir.), Le spectacle de l\u2019histoire, Rennes, Presses Universitaires de Rennes, 2012. Articul\u00e9 autour d\u2019une vingtaine d\u2019\u00e9tudes de cas et adoptant une approche r\u00e9solument culturaliste, Le spectacle de l\u2019histoire est un ouvrage collectif portant sur la mani\u00e8re dont\u2026","rel":"","context":"Dans &quot;histoire&quot;","block_context":{"text":"histoire","link":"https:\/\/lyonelkaufmann.ch\/Blog\/category\/histoire-2\/"},"img":{"alt_text":"","src":"https:\/\/i0.wp.com\/lyonelkaufmann.ch\/Blog\/wp-content\/uploads\/2015\/03\/blogcafe1.jpg?fit=1024%2C683&ssl=1&resize=350%2C200","width":350,"height":200,"srcset":"https:\/\/i0.wp.com\/lyonelkaufmann.ch\/Blog\/wp-content\/uploads\/2015\/03\/blogcafe1.jpg?fit=1024%2C683&ssl=1&resize=350%2C200 1x, https:\/\/i0.wp.com\/lyonelkaufmann.ch\/Blog\/wp-content\/uploads\/2015\/03\/blogcafe1.jpg?fit=1024%2C683&ssl=1&resize=525%2C300 1.5x, https:\/\/i0.wp.com\/lyonelkaufmann.ch\/Blog\/wp-content\/uploads\/2015\/03\/blogcafe1.jpg?fit=1024%2C683&ssl=1&resize=700%2C400 2x"},"classes":[]},{"id":6960,"url":"https:\/\/lyonelkaufmann.ch\/Blog\/2013\/04\/13\/enjeux-dune-ecriture-historienne-du-devoir-de-memoire-1-par-sebastien-ledoux\/","url_meta":{"origin":5593,"position":2},"title":"Enjeux d\u2019une \u00e9criture historienne du devoir de m\u00e9moire (1) par S\u00e9bastien Ledoux.","author":"Lyonel Kaufmann","date":"13 avril 2013","format":false,"excerpt":"S\u00e9bastien Ledoux termine actuellement une th\u00e8se sur \u00ab L\u2019histoire du \u201cdevoir de m\u00e9moire\u02ee\u02ee \u00bb \u00e0 Paris 1 (Centre d\u2019histoire sociale du XXe si\u00e8cle). Il a d\u00e9j\u00e0 publi\u00e9 Le \u00ab devoir de m\u00e9moire \u00bb \u00e0 l\u2019\u00e9cole. Essai d\u2019\u00e9criture d\u2019un nouveau roman national, Sarrebruck, \u00c9tudes universitaires europ\u00e9ennes, 2011, et de nombreux articles\u2026","rel":"","context":"Dans &quot;histoire&quot;","block_context":{"text":"histoire","link":"https:\/\/lyonelkaufmann.ch\/Blog\/category\/histoire-2\/"},"img":{"alt_text":"","src":"https:\/\/i0.wp.com\/lyonelkaufmann.ch\/Blog\/wp-content\/uploads\/2015\/03\/blogcafe1.jpg?fit=1024%2C683&ssl=1&resize=350%2C200","width":350,"height":200,"srcset":"https:\/\/i0.wp.com\/lyonelkaufmann.ch\/Blog\/wp-content\/uploads\/2015\/03\/blogcafe1.jpg?fit=1024%2C683&ssl=1&resize=350%2C200 1x, https:\/\/i0.wp.com\/lyonelkaufmann.ch\/Blog\/wp-content\/uploads\/2015\/03\/blogcafe1.jpg?fit=1024%2C683&ssl=1&resize=525%2C300 1.5x, https:\/\/i0.wp.com\/lyonelkaufmann.ch\/Blog\/wp-content\/uploads\/2015\/03\/blogcafe1.jpg?fit=1024%2C683&ssl=1&resize=700%2C400 2x"},"classes":[]},{"id":6285,"url":"https:\/\/lyonelkaufmann.ch\/Blog\/2012\/10\/16\/les-indiens-a-la-conquete-de-louest-la-vie-des-idees\/","url_meta":{"origin":5593,"position":3},"title":"Les Indiens \u00e0 la conqu\u00eate de l\u2019Ouest | La Vie des id\u00e9es","author":"Lyonel Kaufmann","date":"16 octobre 2012","format":false,"excerpt":"D\u00e9passer le r\u00e9cit national\u00a0: ce d\u00e9fi occupe les historiens depuis plusieurs d\u00e9cennies. Appliqu\u00e9e \u00e0 l\u2019Am\u00e9rique du Nord, il a boulevers\u00e9 notre compr\u00e9hension de ph\u00e9nom\u00e8nes historiques comme la \u00ab\u00a0Conqu\u00eate de l\u2019Ouest\u00a0\u00bb. Un historien finlandais propose, \u00e0 travers l\u2019histoire des Comanches, de pousser jusqu\u2019au bout ce renversement de perspectives pour mettre en\u2026","rel":"","context":"Dans &quot;histoire&quot;","block_context":{"text":"histoire","link":"https:\/\/lyonelkaufmann.ch\/Blog\/category\/histoire-2\/"},"img":{"alt_text":"","src":"https:\/\/i0.wp.com\/lyonelkaufmann.ch\/histoire\/wp-content\/uploads\/2012\/10\/arton2053-35d31.jpg?resize=350%2C200","width":350,"height":200},"classes":[]},{"id":6424,"url":"https:\/\/lyonelkaufmann.ch\/Blog\/2012\/11\/17\/lincoln-enferme-dans-son-histoire-le-devoir\/","url_meta":{"origin":5593,"position":4},"title":"Lincoln enferm\u00e9 dans son histoire | Le Devoir","author":"Lyonel Kaufmann","date":"17 novembre 2012","format":false,"excerpt":"Photo : 20th Century Fox Difficile d\u2019\u00e9viter les r\u00e9f\u00e9rences \u00e0 la r\u00e9\u00e9lection d\u2019Obama, m\u00eame si Spielberg avait en t\u00eate ce biopic sur Lincoln depuis 1999. La r\u00e9cente campagne \u00e9lectorale, avec tous ses clivages, trouve dans le film sa perspective historique. On songe aussi au chemin parcouru depuis l\u2019abolition de l\u2019esclavage,\u2026","rel":"","context":"Dans &quot;histoire&quot;","block_context":{"text":"histoire","link":"https:\/\/lyonelkaufmann.ch\/Blog\/category\/histoire-2\/"},"img":{"alt_text":"","src":"https:\/\/i0.wp.com\/lyonelkaufmann.ch\/Blog\/wp-content\/uploads\/2015\/03\/image2.jpg?fit=222%2C331&ssl=1&resize=350%2C200","width":350,"height":200},"classes":[]},{"id":7873,"url":"https:\/\/lyonelkaufmann.ch\/Blog\/2012\/02\/21\/comite-de-vigilance-face-aux-usages-publics-de-lhistoire-journee-detudes-du-cvuh-histoire-et-medias-en-ligne\/","url_meta":{"origin":5593,"position":5},"title":"Comit\u00e9 de Vigilance face aux Usages publics de l&rsquo;Histoire: Journ\u00e9e d&rsquo;\u00e9tudes du CVUH &#8211; \u00ab\u00a0Histoire et m\u00e9dias\u00a0\u00bb en ligne.","author":"Lyonel Kaufmann","date":"21 f\u00e9vrier 2012","format":false,"excerpt":"Via Scoop.it - histoireVid\u00e9os des interventions lors de la journ\u00e9e d'\u00e9tudes du CVUH le 21 janvier 2012 : \"Histoire et m\u00e9dias\"Via cvuh.blogspot.com","rel":"","context":"Dans &quot;histoire&quot;","block_context":{"text":"histoire","link":"https:\/\/lyonelkaufmann.ch\/Blog\/category\/histoire-2\/"},"img":{"alt_text":"","src":"https:\/\/i0.wp.com\/lyonelkaufmann.ch\/Blog\/wp-content\/uploads\/2015\/03\/blogcafe1.jpg?fit=1024%2C683&ssl=1&resize=350%2C200","width":350,"height":200,"srcset":"https:\/\/i0.wp.com\/lyonelkaufmann.ch\/Blog\/wp-content\/uploads\/2015\/03\/blogcafe1.jpg?fit=1024%2C683&ssl=1&resize=350%2C200 1x, https:\/\/i0.wp.com\/lyonelkaufmann.ch\/Blog\/wp-content\/uploads\/2015\/03\/blogcafe1.jpg?fit=1024%2C683&ssl=1&resize=525%2C300 1.5x, https:\/\/i0.wp.com\/lyonelkaufmann.ch\/Blog\/wp-content\/uploads\/2015\/03\/blogcafe1.jpg?fit=1024%2C683&ssl=1&resize=700%2C400 2x"},"classes":[]}],"jetpack_likes_enabled":true,"_links":{"self":[{"href":"https:\/\/lyonelkaufmann.ch\/Blog\/wp-json\/wp\/v2\/posts\/5593","targetHints":{"allow":["GET"]}}],"collection":[{"href":"https:\/\/lyonelkaufmann.ch\/Blog\/wp-json\/wp\/v2\/posts"}],"about":[{"href":"https:\/\/lyonelkaufmann.ch\/Blog\/wp-json\/wp\/v2\/types\/post"}],"author":[{"embeddable":true,"href":"https:\/\/lyonelkaufmann.ch\/Blog\/wp-json\/wp\/v2\/users\/1"}],"replies":[{"embeddable":true,"href":"https:\/\/lyonelkaufmann.ch\/Blog\/wp-json\/wp\/v2\/comments?post=5593"}],"version-history":[{"count":0,"href":"https:\/\/lyonelkaufmann.ch\/Blog\/wp-json\/wp\/v2\/posts\/5593\/revisions"}],"wp:featuredmedia":[{"embeddable":true,"href":"https:\/\/lyonelkaufmann.ch\/Blog\/wp-json\/wp\/v2\/media\/14680"}],"wp:attachment":[{"href":"https:\/\/lyonelkaufmann.ch\/Blog\/wp-json\/wp\/v2\/media?parent=5593"}],"wp:term":[{"taxonomy":"category","embeddable":true,"href":"https:\/\/lyonelkaufmann.ch\/Blog\/wp-json\/wp\/v2\/categories?post=5593"},{"taxonomy":"post_tag","embeddable":true,"href":"https:\/\/lyonelkaufmann.ch\/Blog\/wp-json\/wp\/v2\/tags?post=5593"}],"curies":[{"name":"wp","href":"https:\/\/api.w.org\/{rel}","templated":true}]}}