{"id":5598,"date":"2012-07-05T15:35:13","date_gmt":"2012-07-05T15:35:13","guid":{"rendered":"http:\/\/lyonelkaufmann.ch\/histoire\/?p=5598"},"modified":"2012-07-05T15:35:13","modified_gmt":"2012-07-05T15:35:13","slug":"la-nouvelle-bataille-dokinawa-slate","status":"publish","type":"post","link":"https:\/\/lyonelkaufmann.ch\/Blog\/2012\/07\/05\/la-nouvelle-bataille-dokinawa-slate\/","title":{"rendered":"La nouvelle bataille d&rsquo;Okinawa | Slate"},"content":{"rendered":"<p style=\"text-align:center;\"><a href=\"http:\/\/www.slate.fr\/story\/58601\/okinawa\"><img data-recalc-dims=\"1\" src=\"https:\/\/i0.wp.com\/lyonelkaufmann.ch\/histoire\/wp-content\/uploads\/2012\/07\/okinawa.jpg\" alt='' \/><\/a><\/p>\n<p style=\"text-align:center;\">&#8211; Une manifestation devant la base am\u00e9ricaine de Futenma, en 2010. REUTERS &#8211;<\/p>\n<p>Le Japon f\u00eate cette ann\u00e9e le retour sous sa souverainet\u00e9 de l&rsquo;\u00eele d&rsquo;Okinawa, sous occupation militaire am\u00e9ricaine de 1945 \u00e0 1972. Mais sur ces \u00eeles formant l&rsquo;archipel Ry\u00fbky\u00fb, le temps est \u00e0 l&rsquo;introspection et aux souvenirs douloureux. Lors de sa venue le 15 mai 2012 sur l&rsquo;\u00eele, le Premier ministre japonais Yoshihiko Noda a promis d&rsquo;\u00aball\u00e9ger le fardeau des habitants de l&rsquo;\u00eele\u00bb. Quarante ans apr\u00e8s le retour d&rsquo;Okinawa dans le giron japonais, l&rsquo;heure n&rsquo;est pas \u00e0 la c\u00e9l\u00e9bration de l&rsquo;identit\u00e9 nippone, mais bien de celle d&rsquo;Okinawa, voire de la culture des \u00eeles Ry\u00fbky\u00fb, l&rsquo;ancien nom chinois de ces \u00eeles.<\/p>\n<p>L&rsquo;article :\u00a0<a href=\"http:\/\/www.slate.fr\/story\/58601\/okinawa\">La nouvelle bataille d&rsquo;Okinawa | Slate<\/a>.<\/p>\n","protected":false},"excerpt":{"rendered":"<p>&#8211; Une manifestation devant la base am\u00e9ricaine de Futenma, en 2010. REUTERS &#8211; Le Japon f\u00eate cette ann\u00e9e le retour sous sa souverainet\u00e9 de l&rsquo;\u00eele d&rsquo;Okinawa, sous occupation militaire am\u00e9ricaine de 1945 \u00e0 1972. Mais sur ces \u00eeles formant l&rsquo;archipel Ry\u00fbky\u00fb, le temps est \u00e0 l&rsquo;introspection et aux souvenirs douloureux. Lors de sa venue le [&hellip;]<\/p>\n","protected":false},"author":1,"featured_media":14107,"comment_status":"open","ping_status":"open","sticky":false,"template":"","format":"standard","meta":{"_import_markdown_pro_load_document_selector":0,"_import_markdown_pro_submit_text_textarea":"","_genesis_hide_title":false,"_genesis_hide_breadcrumbs":false,"_genesis_hide_singular_image":false,"_genesis_hide_footer_widgets":false,"_genesis_custom_body_class":"","_genesis_custom_post_class":"","_genesis_layout":"","jetpack_post_was_ever_published":false,"_jetpack_newsletter_access":"","_jetpack_dont_email_post_to_subs":false,"_jetpack_newsletter_tier_id":0,"_jetpack_memberships_contains_paywalled_content":false,"_jetpack_memberships_contains_paid_content":false,"activitypub_content_warning":"","activitypub_content_visibility":"","activitypub_max_image_attachments":3,"activitypub_interaction_policy_quote":"anyone","activitypub_status":"","footnotes":"","jetpack_publicize_message":"","jetpack_publicize_feature_enabled":true,"jetpack_social_post_already_shared":true,"jetpack_social_options":{"image_generator_settings":{"template":"fullscreen","default_image_id":0,"font":"","enabled":false},"version":2}},"categories":[2],"tags":[],"class_list":{"0":"post-5598","1":"post","2":"type-post","3":"status-publish","4":"format-standard","5":"has-post-thumbnail","7":"category-histoire-2","8":"entry"},"jetpack_publicize_connections":[],"featured_image_src":"https:\/\/i0.wp.com\/lyonelkaufmann.ch\/Blog\/wp-content\/uploads\/2015\/03\/okinawa.jpg?resize=600%2C330&ssl=1","featured_image_src_square":"https:\/\/i0.wp.com\/lyonelkaufmann.ch\/Blog\/wp-content\/uploads\/2015\/03\/okinawa.jpg?resize=600%2C330&ssl=1","author_info":{"display_name":"Lyonel Kaufmann","author_link":"https:\/\/lyonelkaufmann.ch\/Blog\/author\/lyonelk\/"},"jetpack_featured_media_url":"https:\/\/i0.wp.com\/lyonelkaufmann.ch\/Blog\/wp-content\/uploads\/2015\/03\/okinawa.jpg?fit=600%2C330&ssl=1","jetpack_sharing_enabled":true,"jetpack_shortlink":"https:\/\/wp.me\/p1qtF4-1si","jetpack-related-posts":[{"id":17599,"url":"https:\/\/lyonelkaufmann.ch\/Blog\/2016\/10\/26\/un-groupe-danarchistes-et-de-hackers-est-sur-le-point-de-diriger-lislande-slate-fr\/","url_meta":{"origin":5598,"position":0},"title":"Un groupe d\u2019anarchistes et de hackers est sur le point de diriger l&rsquo;Islande | Slate.fr","author":"Lyonel Kaufmann","date":"26 octobre 2016","format":false,"excerpt":"Les 330.000 habitants de cette paisible \u00eele au nord de l\u2019Atlantique s\u2019appr\u00eatent \u00e0 voter ce samedi 29 octobre, et un sondage r\u00e9alis\u00e9 par l\u2019Institut de Sciences Sociales de l\u2019Universit\u00e9 d\u2019Islande place d\u00e9j\u00e0 le parti en t\u00eate. Au moins 22% des \u00e9lecteurs se disent pr\u00eats \u00e0 voter pour le Parti pirate,\u2026","rel":"","context":"Dans &quot;L'Expresso&quot;","block_context":{"text":"L'Expresso","link":"https:\/\/lyonelkaufmann.ch\/Blog\/category\/breves\/"},"img":{"alt_text":"","src":"https:\/\/i0.wp.com\/lyonelkaufmann.ch\/Blog\/wp-content\/uploads\/2015\/03\/blogcafe1.jpg?fit=1024%2C683&ssl=1&resize=350%2C200","width":350,"height":200,"srcset":"https:\/\/i0.wp.com\/lyonelkaufmann.ch\/Blog\/wp-content\/uploads\/2015\/03\/blogcafe1.jpg?fit=1024%2C683&ssl=1&resize=350%2C200 1x, https:\/\/i0.wp.com\/lyonelkaufmann.ch\/Blog\/wp-content\/uploads\/2015\/03\/blogcafe1.jpg?fit=1024%2C683&ssl=1&resize=525%2C300 1.5x, https:\/\/i0.wp.com\/lyonelkaufmann.ch\/Blog\/wp-content\/uploads\/2015\/03\/blogcafe1.jpg?fit=1024%2C683&ssl=1&resize=700%2C400 2x"},"classes":[]},{"id":18074,"url":"https:\/\/lyonelkaufmann.ch\/Blog\/2017\/04\/17\/roadbook-lile-d-ogoz\/","url_meta":{"origin":5598,"position":1},"title":"Roadbook : l&rsquo;\u00eele d&rsquo;Ogoz","author":"Lyonel Kaufmann","date":"17 avril 2017","format":false,"excerpt":"Depuis le temps que l'\u00eele d'Ogoz nous narguait depuis le viaduc de Gruy\u00e8re, il \u00e9tait plus que temps de lui rendre visite en ce lundi de P\u00e2ques. Et nous n'avons pas \u00e9t\u00e9 d\u00e9\u00e7us. C'est entre soleil et nuage que nous arrivons \u00e0 destination. Le temps de nous parquer, nous suivons\u2026","rel":"","context":"Dans &quot;Roadbook&quot;","block_context":{"text":"Roadbook","link":"https:\/\/lyonelkaufmann.ch\/Blog\/category\/roadbook\/"},"img":{"alt_text":"","src":"https:\/\/i0.wp.com\/lyonelkaufmann.ch\/Blog\/wp-content\/uploads\/2017\/04\/IMGP4868.jpg?fit=1200%2C798&ssl=1&resize=350%2C200","width":350,"height":200,"srcset":"https:\/\/i0.wp.com\/lyonelkaufmann.ch\/Blog\/wp-content\/uploads\/2017\/04\/IMGP4868.jpg?fit=1200%2C798&ssl=1&resize=350%2C200 1x, https:\/\/i0.wp.com\/lyonelkaufmann.ch\/Blog\/wp-content\/uploads\/2017\/04\/IMGP4868.jpg?fit=1200%2C798&ssl=1&resize=525%2C300 1.5x, https:\/\/i0.wp.com\/lyonelkaufmann.ch\/Blog\/wp-content\/uploads\/2017\/04\/IMGP4868.jpg?fit=1200%2C798&ssl=1&resize=700%2C400 2x, https:\/\/i0.wp.com\/lyonelkaufmann.ch\/Blog\/wp-content\/uploads\/2017\/04\/IMGP4868.jpg?fit=1200%2C798&ssl=1&resize=1050%2C600 3x"},"classes":[]},{"id":23773,"url":"https:\/\/lyonelkaufmann.ch\/Blog\/2023\/09\/23\/canada-lile-danticosti-a-lunesco-jen-ai-des-frissons-reagit-le-chef-dekuanitshit-radio-canada-ca\/","url_meta":{"origin":5598,"position":2},"title":"Canada : L\u2019\u00eele d\u2019Anticosti \u00e0 l\u2019UNESCO : \u00ab J\u2019en ai des frissons \u00bb, r\u00e9agit le chef d\u2019Ekuanitshit | Radio-Canada.ca","author":"Lyonel Kaufmann","date":"23 septembre 2023","format":false,"excerpt":"\u00ab J'en ai des frissons parce qu\u2019on vient de prot\u00e9ger la nature, des humains et surtout l\u2019histoire de 450 millions d\u2019ann\u00e9es \u00bb Jean-Charles Pi\u00e9tacho, chef de la communaut\u00e9 innue d\u2019Ekuanitshit, \u00e0 la suite de l'inscription de l'\u00eele d'Anticosti au patrimoine mondial de l'UNESCO. La chute Vaur\u00e9al, sur l'\u00eele d'Anticosti. (Photo\u2026","rel":"","context":"Dans &quot;Blogcaf\u00e9&quot;","block_context":{"text":"Blogcaf\u00e9","link":"https:\/\/lyonelkaufmann.ch\/Blog\/category\/blogcafe-2\/"},"img":{"alt_text":"","src":"https:\/\/i0.wp.com\/lyonelkaufmann.ch\/Blog\/wp-content\/uploads\/2023\/09\/img_6499.jpg?fit=1200%2C675&ssl=1&resize=350%2C200","width":350,"height":200,"srcset":"https:\/\/i0.wp.com\/lyonelkaufmann.ch\/Blog\/wp-content\/uploads\/2023\/09\/img_6499.jpg?fit=1200%2C675&ssl=1&resize=350%2C200 1x, https:\/\/i0.wp.com\/lyonelkaufmann.ch\/Blog\/wp-content\/uploads\/2023\/09\/img_6499.jpg?fit=1200%2C675&ssl=1&resize=525%2C300 1.5x, https:\/\/i0.wp.com\/lyonelkaufmann.ch\/Blog\/wp-content\/uploads\/2023\/09\/img_6499.jpg?fit=1200%2C675&ssl=1&resize=700%2C400 2x, https:\/\/i0.wp.com\/lyonelkaufmann.ch\/Blog\/wp-content\/uploads\/2023\/09\/img_6499.jpg?fit=1200%2C675&ssl=1&resize=1050%2C600 3x"},"classes":[]},{"id":28313,"url":"https:\/\/lyonelkaufmann.ch\/Blog\/2026\/04\/08\/a-la-decouverte-de-lile-dogoz-06-04-2026\/","url_meta":{"origin":5598,"position":3},"title":"A la d\u00e9couverte de l\u2019\u00eele d\u2019Ogoz (06.04.2026)","author":"Lyonel Kaufmann","date":"8 avril 2026","format":false,"excerpt":"Que diriez-vous d\u2019une \u00eele et d\u2019un ch\u00e2teau auxquels il n\u2019est possible d\u2019acc\u00e9der \u00e0 pied que quelques jours par an. Et qui, le reste de l\u2019ann\u00e9e baignent dans l\u2019eau. Tel est le destin de l\u2019\u00eele d\u2019Ogoz et de ses ruines que nous vous narrons aujourd\u2019hui en ce lundi de P\u00e2ques \ud83d\udc23\u2026","rel":"","context":"Dans &quot;Blogcaf\u00e9&quot;","block_context":{"text":"Blogcaf\u00e9","link":"https:\/\/lyonelkaufmann.ch\/Blog\/category\/blogcafe-2\/"},"img":{"alt_text":"","src":"https:\/\/i0.wp.com\/lyonelkaufmann.ch\/Blog\/wp-content\/uploads\/2026\/04\/dsc01783.jpg?fit=1200%2C800&ssl=1&resize=350%2C200","width":350,"height":200,"srcset":"https:\/\/i0.wp.com\/lyonelkaufmann.ch\/Blog\/wp-content\/uploads\/2026\/04\/dsc01783.jpg?fit=1200%2C800&ssl=1&resize=350%2C200 1x, https:\/\/i0.wp.com\/lyonelkaufmann.ch\/Blog\/wp-content\/uploads\/2026\/04\/dsc01783.jpg?fit=1200%2C800&ssl=1&resize=525%2C300 1.5x, https:\/\/i0.wp.com\/lyonelkaufmann.ch\/Blog\/wp-content\/uploads\/2026\/04\/dsc01783.jpg?fit=1200%2C800&ssl=1&resize=700%2C400 2x, https:\/\/i0.wp.com\/lyonelkaufmann.ch\/Blog\/wp-content\/uploads\/2026\/04\/dsc01783.jpg?fit=1200%2C800&ssl=1&resize=1050%2C600 3x"},"classes":[]},{"id":8093,"url":"https:\/\/lyonelkaufmann.ch\/Blog\/2014\/07\/06\/joe-sacco-et-la-premiere-guerre-mondiale-comment-il-en-est-venu-a-realiser-une-exceptionnelle-tapisserie-sur-la-bataille-de-la-somme-slate-fr\/","url_meta":{"origin":5598,"position":4},"title":"Joe Sacco et la Premi\u00e8re Guerre mondiale: comment il en est venu \u00e0 r\u00e9aliser une exceptionnelle tapisserie sur la Bataille de la Somme | Slate.fr","author":"Lyonel Kaufmann","date":"6 juillet 2014","format":false,"excerpt":"Le 1er juillet 1916, commence la bataille de la Somme, la plus meurtri\u00e8re que l'arm\u00e9e britannique ait jamais connue. Rencontre de Slate.fr avec l\u2019auteur de la longue fresque qui est expos\u00e9e tout cet \u00e9t\u00e9 \u00e0 la station Montparnasse \u00e0 Paris. D\u00e9tail de la tapisserie r\u00e9alis\u00e9e par Joe Sacco. Se jouant\u2026","rel":"","context":"Dans &quot;histoire&quot;","block_context":{"text":"histoire","link":"https:\/\/lyonelkaufmann.ch\/Blog\/category\/histoire-2\/"},"img":{"alt_text":"","src":"https:\/\/i0.wp.com\/lyonelkaufmann.ch\/Blog\/wp-content\/uploads\/2015\/02\/wpid-tapisserie-sacco-2014-07-6-16-07.jpg?fit=1090%2C500&ssl=1&resize=350%2C200","width":350,"height":200,"srcset":"https:\/\/i0.wp.com\/lyonelkaufmann.ch\/Blog\/wp-content\/uploads\/2015\/02\/wpid-tapisserie-sacco-2014-07-6-16-07.jpg?fit=1090%2C500&ssl=1&resize=350%2C200 1x, https:\/\/i0.wp.com\/lyonelkaufmann.ch\/Blog\/wp-content\/uploads\/2015\/02\/wpid-tapisserie-sacco-2014-07-6-16-07.jpg?fit=1090%2C500&ssl=1&resize=525%2C300 1.5x, https:\/\/i0.wp.com\/lyonelkaufmann.ch\/Blog\/wp-content\/uploads\/2015\/02\/wpid-tapisserie-sacco-2014-07-6-16-07.jpg?fit=1090%2C500&ssl=1&resize=700%2C400 2x, https:\/\/i0.wp.com\/lyonelkaufmann.ch\/Blog\/wp-content\/uploads\/2015\/02\/wpid-tapisserie-sacco-2014-07-6-16-07.jpg?fit=1090%2C500&ssl=1&resize=1050%2C600 3x"},"classes":[]},{"id":6105,"url":"https:\/\/lyonelkaufmann.ch\/Blog\/2012\/08\/31\/grandeur-et-decadence-a-hollywood-les-chiffres-romains-ont-perdu-la-bataille-des-titres-slate\/","url_meta":{"origin":5598,"position":5},"title":"Grandeur et d\u00e9cadence : A Hollywood, les chiffres romains ont perdu la bataille","author":"Lyonel Kaufmann","date":"31 ao\u00fbt 2012","format":false,"excerpt":"Encore une raison de moins de faire apprendre les chiffre romains \u00a0\u00e0 l'\u00e9cole ! Fini \u00abRocky II\u00bb, place \u00e0 \u00abExpandables 2\u00bb: en quelques d\u00e9cennies, les chiffres arabes ont supplant\u00e9 les romains dans la majorit\u00e9 des franchises. M\u00eame Stallone n'y trouve plus rien \u00e0 redire, lui qui trouvait que les chiffres\u2026","rel":"","context":"Dans &quot;histoire&quot;","block_context":{"text":"histoire","link":"https:\/\/lyonelkaufmann.ch\/Blog\/category\/histoire-2\/"},"img":{"alt_text":"","src":"https:\/\/i0.wp.com\/lyonelkaufmann.ch\/Blog\/wp-content\/uploads\/2015\/03\/the-expendables-2-videogame-team-cover.jpg?fit=600%2C330&ssl=1&resize=350%2C200","width":350,"height":200,"srcset":"https:\/\/i0.wp.com\/lyonelkaufmann.ch\/Blog\/wp-content\/uploads\/2015\/03\/the-expendables-2-videogame-team-cover.jpg?fit=600%2C330&ssl=1&resize=350%2C200 1x, https:\/\/i0.wp.com\/lyonelkaufmann.ch\/Blog\/wp-content\/uploads\/2015\/03\/the-expendables-2-videogame-team-cover.jpg?fit=600%2C330&ssl=1&resize=525%2C300 1.5x"},"classes":[]}],"jetpack_likes_enabled":true,"_links":{"self":[{"href":"https:\/\/lyonelkaufmann.ch\/Blog\/wp-json\/wp\/v2\/posts\/5598","targetHints":{"allow":["GET"]}}],"collection":[{"href":"https:\/\/lyonelkaufmann.ch\/Blog\/wp-json\/wp\/v2\/posts"}],"about":[{"href":"https:\/\/lyonelkaufmann.ch\/Blog\/wp-json\/wp\/v2\/types\/post"}],"author":[{"embeddable":true,"href":"https:\/\/lyonelkaufmann.ch\/Blog\/wp-json\/wp\/v2\/users\/1"}],"replies":[{"embeddable":true,"href":"https:\/\/lyonelkaufmann.ch\/Blog\/wp-json\/wp\/v2\/comments?post=5598"}],"version-history":[{"count":0,"href":"https:\/\/lyonelkaufmann.ch\/Blog\/wp-json\/wp\/v2\/posts\/5598\/revisions"}],"wp:featuredmedia":[{"embeddable":true,"href":"https:\/\/lyonelkaufmann.ch\/Blog\/wp-json\/wp\/v2\/media\/14107"}],"wp:attachment":[{"href":"https:\/\/lyonelkaufmann.ch\/Blog\/wp-json\/wp\/v2\/media?parent=5598"}],"wp:term":[{"taxonomy":"category","embeddable":true,"href":"https:\/\/lyonelkaufmann.ch\/Blog\/wp-json\/wp\/v2\/categories?post=5598"},{"taxonomy":"post_tag","embeddable":true,"href":"https:\/\/lyonelkaufmann.ch\/Blog\/wp-json\/wp\/v2\/tags?post=5598"}],"curies":[{"name":"wp","href":"https:\/\/api.w.org\/{rel}","templated":true}]}}