{"id":5607,"date":"2012-07-08T21:36:30","date_gmt":"2012-07-08T21:36:30","guid":{"rendered":"http:\/\/lyonelkaufmann.ch\/histoire\/?p=5607"},"modified":"2012-07-08T21:36:30","modified_gmt":"2012-07-08T21:36:30","slug":"inquisitio-reflexions-sur-une-fiction-historico-moyenageuse-sources-medievales","status":"publish","type":"post","link":"https:\/\/lyonelkaufmann.ch\/Blog\/2012\/07\/08\/inquisitio-reflexions-sur-une-fiction-historico-moyenageuse-sources-medievales\/","title":{"rendered":"Inquisitio : r\u00e9flexions sur une fiction historico-moyen\u00e2geuse |\u00a0Sources M\u00e9di\u00e9vales"},"content":{"rendered":"<p>See on <a style='font-weight:bold;font-size:18px;' href='http:\/\/www.scoop.it\/t\/histoire\/p\/2133142659\/inquisitio-reflexions-sur-une-fiction-historico-moyenageuse-sources-medievales'>Scoop.it<\/a> &#8211; <a href='http:\/\/www.scoop.it\/t\/histoire'>histoire<\/a><br \/><a href='http:\/\/www.scoop.it\/t\/histoire\/p\/2133142659\/inquisitio-reflexions-sur-une-fiction-historico-moyenageuse-sources-medievales'><img src='http:\/\/img.scoop.it\/LQHMg8QfEV-Bo58_DreMPDl72eJkfbmt4t8yenImKBXEejxNn4ZJNZ2ss5Ku7Cxt' \/><\/a><\/p>\n<p>Le Moyen &Acirc;ge se vend bien &ndash; tr&egrave;s bien m&ecirc;me &ndash; merci pour lui. En t&eacute;moigne la &laquo; saga de l&rsquo;&eacute;t&eacute; &raquo; Inquisitio de France T&eacute;l&eacute;visions, diffus&eacute;e &agrave; partir du 4 juillet 2012, qui compte huit chapitres &agrave; raison de deux &eacute;pisodes chaque mercredi soir pendant quatre semaines. Dans une volont&eacute; de produire un objet marketing &eacute;voquant le Moyen &Acirc;ge du XIVe si&egrave;cle et r&eacute;pondant au diktat de la sainte audience audiovisuelle, &agrave; la fascination populaire pour la p&eacute;riode et mais aussi &agrave; des fins de distraction estivale, Inquisitio nous propose une approche de l&rsquo;histoire religieuse m&eacute;ridionale des plus discutables, et qui s&rsquo;inscrit &ndash; comme d&rsquo;autres productions mises &agrave; l&rsquo;&eacute;cran ces derni&egrave;res ann&eacute;es &ndash; dans les m&eacute;susages du Moyen &Acirc;ge &agrave; la t&eacute;l&eacute;vision.<\/p>\n<p>See on <a href='http:\/\/sourcesmedievales.unblog.fr\/2012\/07\/08\/inquisitio-reflexions-sur-une-fiction-historico-moyenageuse\/'>sourcesmedievales.unblog.fr<\/a><\/p>\n","protected":false},"excerpt":{"rendered":"<p>See on Scoop.it &#8211; histoire Le Moyen &Acirc;ge se vend bien &ndash; tr&egrave;s bien m&ecirc;me &ndash; merci pour lui. En t&eacute;moigne la &laquo; saga de l&rsquo;&eacute;t&eacute; &raquo; Inquisitio de France T&eacute;l&eacute;visions, diffus&eacute;e &agrave; partir du 4 juillet 2012, qui compte huit chapitres &agrave; raison de deux &eacute;pisodes chaque mercredi soir pendant quatre semaines. Dans une [&hellip;]<\/p>\n","protected":false},"author":1,"featured_media":14108,"comment_status":"open","ping_status":"open","sticky":false,"template":"","format":"standard","meta":{"_import_markdown_pro_load_document_selector":0,"_import_markdown_pro_submit_text_textarea":"","_genesis_hide_title":false,"_genesis_hide_breadcrumbs":false,"_genesis_hide_singular_image":false,"_genesis_hide_footer_widgets":false,"_genesis_custom_body_class":"","_genesis_custom_post_class":"","_genesis_layout":"","jetpack_post_was_ever_published":false,"_jetpack_newsletter_access":"","_jetpack_dont_email_post_to_subs":false,"_jetpack_newsletter_tier_id":0,"_jetpack_memberships_contains_paywalled_content":false,"_jetpack_memberships_contains_paid_content":false,"activitypub_content_warning":"","activitypub_content_visibility":"","activitypub_max_image_attachments":3,"activitypub_interaction_policy_quote":"anyone","activitypub_status":"","footnotes":"","jetpack_publicize_message":"","jetpack_publicize_feature_enabled":true,"jetpack_social_post_already_shared":true,"jetpack_social_options":{"image_generator_settings":{"template":"fullscreen","default_image_id":0,"font":"","enabled":false},"version":2}},"categories":[2],"tags":[],"class_list":{"0":"post-5607","1":"post","2":"type-post","3":"status-publish","4":"format-standard","5":"has-post-thumbnail","7":"category-histoire-2","8":"entry"},"jetpack_publicize_connections":[],"featured_image_src":"https:\/\/i0.wp.com\/lyonelkaufmann.ch\/Blog\/wp-content\/uploads\/2015\/03\/LQHMg8QfEV-Bo58_DreMPDl72eJkfbmt4t8yenImKBXEejxNn4ZJNZ2ss5Ku7Cxt.jpg?resize=198%2C254&ssl=1","featured_image_src_square":"https:\/\/i0.wp.com\/lyonelkaufmann.ch\/Blog\/wp-content\/uploads\/2015\/03\/LQHMg8QfEV-Bo58_DreMPDl72eJkfbmt4t8yenImKBXEejxNn4ZJNZ2ss5Ku7Cxt.jpg?resize=198%2C254&ssl=1","author_info":{"display_name":"Lyonel Kaufmann","author_link":"https:\/\/lyonelkaufmann.ch\/Blog\/author\/lyonelk\/"},"jetpack_featured_media_url":"https:\/\/i0.wp.com\/lyonelkaufmann.ch\/Blog\/wp-content\/uploads\/2015\/03\/LQHMg8QfEV-Bo58_DreMPDl72eJkfbmt4t8yenImKBXEejxNn4ZJNZ2ss5Ku7Cxt.jpg?fit=198%2C254&ssl=1","jetpack_sharing_enabled":true,"jetpack_shortlink":"https:\/\/wp.me\/p1qtF4-1sr","jetpack-related-posts":[{"id":7135,"url":"https:\/\/lyonelkaufmann.ch\/Blog\/2013\/06\/11\/revue-de-presse-les-moines-irlandais-du-moyen-age-ont-aide-a-modeliser-le-climat-mediapart\/","url_meta":{"origin":5607,"position":0},"title":"Revue de presse : Les moines irlandais du Moyen-\u00c2ge ont aid\u00e9 \u00e0 mod\u00e9liser le climat | Mediapart","author":"Lyonel Kaufmann","date":"11 juin 2013","format":false,"excerpt":"Chute de neige sur l'Irlande vue de l'espace\u00a9 Nasa Une \u00e9tude climatologique s'est appuy\u00e9e sur les archives m\u00e9di\u00e9vales des monast\u00e8res irlandais pour mod\u00e9liser l'influence des \u00e9ruptions volcaniques sur les \u00e9pisodes de grand froid. En tenant la chronique m\u00e9t\u00e9o de leur \u00e9poque, des moines irlandais du Moyen-\u00c2ge ont contribu\u00e9 sans le\u2026","rel":"","context":"Dans &quot;histoire&quot;","block_context":{"text":"histoire","link":"https:\/\/lyonelkaufmann.ch\/Blog\/category\/histoire-2\/"},"img":{"alt_text":"","src":"https:\/\/i0.wp.com\/lyonelkaufmann.ch\/Blog\/wp-content\/uploads\/2015\/03\/blogcafe1.jpg?fit=1024%2C683&ssl=1&resize=350%2C200","width":350,"height":200,"srcset":"https:\/\/i0.wp.com\/lyonelkaufmann.ch\/Blog\/wp-content\/uploads\/2015\/03\/blogcafe1.jpg?fit=1024%2C683&ssl=1&resize=350%2C200 1x, https:\/\/i0.wp.com\/lyonelkaufmann.ch\/Blog\/wp-content\/uploads\/2015\/03\/blogcafe1.jpg?fit=1024%2C683&ssl=1&resize=525%2C300 1.5x, https:\/\/i0.wp.com\/lyonelkaufmann.ch\/Blog\/wp-content\/uploads\/2015\/03\/blogcafe1.jpg?fit=1024%2C683&ssl=1&resize=700%2C400 2x"},"classes":[]},{"id":21956,"url":"https:\/\/lyonelkaufmann.ch\/Blog\/2020\/10\/10\/derniere-taverne-avant-la-fin-du-monde-actuel-moyen-age\/","url_meta":{"origin":5607,"position":1},"title":"Derni\u00e8re taverne avant la fin du monde \u2013 Actuel Moyen \u00c2ge","author":"Lyonel Kaufmann","date":"10 octobre 2020","format":false,"excerpt":"Une seconde maison Une taverne au XVe si\u00e8cle, BNf ms. FR 1460 f. 111V Bien avant la crise du logement contemporaine, vivre dans le Paris m\u00e9di\u00e9val quand on n'appartenait pas aux classes ais\u00e9es \u00e9tait relativement inconfortable : on habitait dans une maison souvent sans cuisine, sans chemin\u00e9e, o\u00f9 l'on reste\u2026","rel":"","context":"Dans &quot;Blogcaf\u00e9&quot;","block_context":{"text":"Blogcaf\u00e9","link":"https:\/\/lyonelkaufmann.ch\/Blog\/category\/blogcafe-2\/"},"img":{"alt_text":"","src":"","width":0,"height":0},"classes":[]},{"id":7940,"url":"https:\/\/lyonelkaufmann.ch\/Blog\/2014\/04\/01\/jacques-le-goff-1924-2014-leclaireur-du-moyen-age\/","url_meta":{"origin":5607,"position":2},"title":"Jacques Le Goff (1924-2014) : L&rsquo;\u00e9claireur du Moyen-\u00c2ge","author":"Lyonel Kaufmann","date":"1 avril 2014","format":false,"excerpt":"Jacques Le Goff (1924-2014) AFP\/JACQUES SASSIER Certes, vu l\u2019\u00e2ge du bonhomme (90 ans), plus le temps avan\u00e7ait et plus l\u2019in\u00e9luctable devait arriver, mais bon c\u2019est pas un tr\u00e8s chouette poisson d\u2019avril que de lire dans son fil d\u2019actualit\u00e9 que l\u2019historien Jacques Le Goff est d\u00e9c\u00e9d\u00e9 ce mardi 1er avril 2014.\u2026","rel":"","context":"Dans &quot;histoire&quot;","block_context":{"text":"histoire","link":"https:\/\/lyonelkaufmann.ch\/Blog\/category\/histoire-2\/"},"img":{"alt_text":"","src":"https:\/\/i0.wp.com\/lyonelkaufmann.ch\/Blog\/wp-content\/uploads\/2015\/03\/0135.jpg?fit=480%2C360&ssl=1&resize=350%2C200","width":350,"height":200},"classes":[]},{"id":6311,"url":"https:\/\/lyonelkaufmann.ch\/Blog\/2012\/10\/23\/mettre-en-lumiere-le-moyen-age-tout-un-probleme-fovea\/","url_meta":{"origin":5607,"position":3},"title":"Mettre en lumi\u00e8re le Moyen Age, tout un probl\u00e8me | Fov\u00e9a","author":"Lyonel Kaufmann","date":"23 octobre 2012","format":false,"excerpt":"Dans le cadre de la premi\u00e8re \u00e9dition du\u00a0festival du film m\u00e9di\u00e9val\u00a0qui d\u00e9butera mercredi 24 octobre,\u00a0L\u00e9a Hermenault, doctorante en arch\u00e9ologie m\u00e9di\u00e9vale et membre de l\u2019\u00e9quipe du festival, propose un article sur l\u2019utilisation de la lumi\u00e8re dans les films traitant de la p\u00e9riode m\u00e9di\u00e9vale. Cet article int\u00e9ressera tous les enseignants utilisant des\u2026","rel":"","context":"Dans &quot;histoire&quot;","block_context":{"text":"histoire","link":"https:\/\/lyonelkaufmann.ch\/Blog\/category\/histoire-2\/"},"img":{"alt_text":"","src":"https:\/\/i0.wp.com\/lyonelkaufmann.ch\/Blog\/wp-content\/uploads\/2015\/03\/fig_33-695x483.jpg?fit=695%2C483&ssl=1&resize=350%2C200","width":350,"height":200,"srcset":"https:\/\/i0.wp.com\/lyonelkaufmann.ch\/Blog\/wp-content\/uploads\/2015\/03\/fig_33-695x483.jpg?fit=695%2C483&ssl=1&resize=350%2C200 1x, https:\/\/i0.wp.com\/lyonelkaufmann.ch\/Blog\/wp-content\/uploads\/2015\/03\/fig_33-695x483.jpg?fit=695%2C483&ssl=1&resize=525%2C300 1.5x"},"classes":[]},{"id":7964,"url":"https:\/\/lyonelkaufmann.ch\/Blog\/2014\/04\/30\/jacques-le-goff-et-le-moyen-age-renvoyes-dans-les-tenebres-par-games-of-thrones-chronique-no-152\/","url_meta":{"origin":5607,"position":4},"title":"Jacques Le Goff et le Moyen \u00c2ge renvoy\u00e9s dans les t\u00e9n\u00e8bres par Games of Thrones ? | Chronique no 152","author":"Lyonel Kaufmann","date":"30 avril 2014","format":false,"excerpt":"Certes, vu l\u2019\u00e2ge du bonhomme (90 ans), plus le temps avan\u00e7ait et plus l\u2019in\u00e9luctable devait arriver, mais bon ce n'est pas un tr\u00e8s chouette poisson d\u2019avril que de lire dans son fil d\u2019actualit\u00e9 que l\u2019historien Jacques Le Goff est d\u00e9c\u00e9d\u00e9 le mardi 1er avril 2014. En lisant les hommages, l'\u00e9claireur\u2026","rel":"","context":"Dans &quot;histoire&quot;","block_context":{"text":"histoire","link":"https:\/\/lyonelkaufmann.ch\/Blog\/category\/histoire-2\/"},"img":{"alt_text":"","src":"https:\/\/i0.wp.com\/toutelaculture.com\/wp-content\/uploads\/2014\/04\/2159240-M.jpg?resize=350%2C200","width":350,"height":200},"classes":[]},{"id":5054,"url":"https:\/\/lyonelkaufmann.ch\/Blog\/2011\/11\/04\/le-web-2-0-dans-la-lignee-des-eveques-du-moyen-age-gouvernance-web\/","url_meta":{"origin":5607,"position":5},"title":"Le web 2.0 dans la lign\u00e9e des \u00e9v\u00eaques du Moyen-\u00c2ge? | Gouvernance Web","author":"Lyonel Kaufmann","date":"4 novembre 2011","format":"aside","excerpt":"Ceci est ma revue de presse du 3 novembre 2011 : R\u00e9seaux sociaux, influence et pouvoir : le web 2.0 dans la lign\u00e9e des \u00e9v\u00eaques du Moyen-\u00c2ge ? | Gouvernance Web\u00a0- Y a-t-il un point commun entre les\u00a0\u00e9v\u00eaques\u00a0m\u00e9di\u00e9vaux et le web 2.0 ? Contre toute attente, oui. Et m\u00eame plus\u2026","rel":"","context":"Dans &quot;Blogcaf\u00e9&quot;","block_context":{"text":"Blogcaf\u00e9","link":"https:\/\/lyonelkaufmann.ch\/Blog\/category\/blogcafe-2\/"},"img":{"alt_text":"","src":"https:\/\/i0.wp.com\/lyonelkaufmann.ch\/Blog\/wp-content\/uploads\/2015\/03\/blogcafe1.jpg?fit=1024%2C683&ssl=1&resize=350%2C200","width":350,"height":200,"srcset":"https:\/\/i0.wp.com\/lyonelkaufmann.ch\/Blog\/wp-content\/uploads\/2015\/03\/blogcafe1.jpg?fit=1024%2C683&ssl=1&resize=350%2C200 1x, https:\/\/i0.wp.com\/lyonelkaufmann.ch\/Blog\/wp-content\/uploads\/2015\/03\/blogcafe1.jpg?fit=1024%2C683&ssl=1&resize=525%2C300 1.5x, https:\/\/i0.wp.com\/lyonelkaufmann.ch\/Blog\/wp-content\/uploads\/2015\/03\/blogcafe1.jpg?fit=1024%2C683&ssl=1&resize=700%2C400 2x"},"classes":[]}],"jetpack_likes_enabled":true,"_links":{"self":[{"href":"https:\/\/lyonelkaufmann.ch\/Blog\/wp-json\/wp\/v2\/posts\/5607","targetHints":{"allow":["GET"]}}],"collection":[{"href":"https:\/\/lyonelkaufmann.ch\/Blog\/wp-json\/wp\/v2\/posts"}],"about":[{"href":"https:\/\/lyonelkaufmann.ch\/Blog\/wp-json\/wp\/v2\/types\/post"}],"author":[{"embeddable":true,"href":"https:\/\/lyonelkaufmann.ch\/Blog\/wp-json\/wp\/v2\/users\/1"}],"replies":[{"embeddable":true,"href":"https:\/\/lyonelkaufmann.ch\/Blog\/wp-json\/wp\/v2\/comments?post=5607"}],"version-history":[{"count":0,"href":"https:\/\/lyonelkaufmann.ch\/Blog\/wp-json\/wp\/v2\/posts\/5607\/revisions"}],"wp:featuredmedia":[{"embeddable":true,"href":"https:\/\/lyonelkaufmann.ch\/Blog\/wp-json\/wp\/v2\/media\/14108"}],"wp:attachment":[{"href":"https:\/\/lyonelkaufmann.ch\/Blog\/wp-json\/wp\/v2\/media?parent=5607"}],"wp:term":[{"taxonomy":"category","embeddable":true,"href":"https:\/\/lyonelkaufmann.ch\/Blog\/wp-json\/wp\/v2\/categories?post=5607"},{"taxonomy":"post_tag","embeddable":true,"href":"https:\/\/lyonelkaufmann.ch\/Blog\/wp-json\/wp\/v2\/tags?post=5607"}],"curies":[{"name":"wp","href":"https:\/\/api.w.org\/{rel}","templated":true}]}}