{"id":5615,"date":"2012-07-11T20:53:38","date_gmt":"2012-07-11T20:53:38","guid":{"rendered":"http:\/\/lyonelkaufmann.ch\/histoire\/?p=5615"},"modified":"2012-07-11T20:53:38","modified_gmt":"2012-07-11T20:53:38","slug":"staline-en-debat-deutsche-welle","status":"publish","type":"post","link":"https:\/\/lyonelkaufmann.ch\/Blog\/2012\/07\/11\/staline-en-debat-deutsche-welle\/","title":{"rendered":"Staline en d\u00e9bat | Deutsche Welle"},"content":{"rendered":"<p>See on <a style=\"font-weight:bold;font-size:18px;\" href=\"http:\/\/www.scoop.it\/t\/histoire\/p\/2155203260\/staline-en-debat-deutsche-welle\">Scoop.it<\/a> &#8211; <a href=\"http:\/\/www.scoop.it\/t\/histoire\">histoire<\/a><br \/>\n<a href=\"http:\/\/www.scoop.it\/t\/histoire\/p\/2155203260\/staline-en-debat-deutsche-welle\"><img decoding=\"async\" src=\"http:\/\/img.scoop.it\/-JEfE5CxeTZxqauxKKwUWDl72eJkfbmt4t8yenImKBXEejxNn4ZJNZ2ss5Ku7Cxt\" alt=\"\" \/><\/a><\/p>\n<p>Pr\u00e8s de six d\u00e9cennies apr\u00e8s la mort de Josef Staline, un d\u00e9bat a \u00e9clat\u00e9 en Allemagne sur la fa\u00e7on d&rsquo;\u00e9valuer le r\u00e9gime du dictateur russe. Il a \u00e9t\u00e9 d\u00e9clench\u00e9 par la parution d&rsquo;un ouvrage r\u00e9cent d&rsquo;un historien allemand.<\/p>\n<p>Les principales critiques sur l&rsquo;ouvrage portent sur la th\u00e8se centrale que Staline \u00e9tait un autocrate qui gardait tout sous son contr\u00f4le et en l&rsquo;absence duquel les violences\/horreurs staliennes n&rsquo;auraient pas exist\u00e9. En r\u00e9sum\u00e9, sans Staline n&rsquo;y aurait-il pas eu les horreurs\/violences staliniennes ou Staline n&rsquo;est-il que le produit de son environnement?<\/p>\n<p>Ce d\u00e9bat n&rsquo;est pas sans rappeler le d\u00e9bat autour d&rsquo;Hitler et la responsabilit\u00e9s des Allemands dans le nazisme.<\/p>\n<p>See on <a href=\"http:\/\/www.dw.de\/dw\/article\/0,,16079025,00.html\">www.dw.de<\/a><\/p>\n","protected":false},"excerpt":{"rendered":"<p>See on Scoop.it &#8211; histoire Pr\u00e8s de six d\u00e9cennies apr\u00e8s la mort de Josef Staline, un d\u00e9bat a \u00e9clat\u00e9 en Allemagne sur la fa\u00e7on d&rsquo;\u00e9valuer le r\u00e9gime du dictateur russe. Il a \u00e9t\u00e9 d\u00e9clench\u00e9 par la parution d&rsquo;un ouvrage r\u00e9cent d&rsquo;un historien allemand. Les principales critiques sur l&rsquo;ouvrage portent sur la th\u00e8se centrale que Staline [&hellip;]<\/p>\n","protected":false},"author":1,"featured_media":14110,"comment_status":"open","ping_status":"open","sticky":false,"template":"","format":"standard","meta":{"_import_markdown_pro_load_document_selector":0,"_import_markdown_pro_submit_text_textarea":"","_genesis_hide_title":false,"_genesis_hide_breadcrumbs":false,"_genesis_hide_singular_image":false,"_genesis_hide_footer_widgets":false,"_genesis_custom_body_class":"","_genesis_custom_post_class":"","_genesis_layout":"","jetpack_post_was_ever_published":false,"_jetpack_newsletter_access":"","_jetpack_dont_email_post_to_subs":false,"_jetpack_newsletter_tier_id":0,"_jetpack_memberships_contains_paywalled_content":false,"_jetpack_memberships_contains_paid_content":false,"activitypub_content_warning":"","activitypub_content_visibility":"","activitypub_max_image_attachments":3,"activitypub_interaction_policy_quote":"anyone","activitypub_status":"","footnotes":"","jetpack_publicize_message":"","jetpack_publicize_feature_enabled":true,"jetpack_social_post_already_shared":true,"jetpack_social_options":{"image_generator_settings":{"template":"fullscreen","default_image_id":0,"font":"","enabled":false},"version":2}},"categories":[2],"tags":[],"class_list":{"0":"post-5615","1":"post","2":"type-post","3":"status-publish","4":"format-standard","5":"has-post-thumbnail","7":"category-histoire-2","8":"entry"},"jetpack_publicize_connections":[],"featured_image_src":"https:\/\/i0.wp.com\/lyonelkaufmann.ch\/Blog\/wp-content\/uploads\/2015\/03\/JEfE5CxeTZxqauxKKwUWDl72eJkfbmt4t8yenImKBXEejxNn4ZJNZ2ss5Ku7Cxt.jpg?resize=500%2C282&ssl=1","featured_image_src_square":"https:\/\/i0.wp.com\/lyonelkaufmann.ch\/Blog\/wp-content\/uploads\/2015\/03\/JEfE5CxeTZxqauxKKwUWDl72eJkfbmt4t8yenImKBXEejxNn4ZJNZ2ss5Ku7Cxt.jpg?resize=500%2C282&ssl=1","author_info":{"display_name":"Lyonel Kaufmann","author_link":"https:\/\/lyonelkaufmann.ch\/Blog\/author\/lyonelk\/"},"jetpack_featured_media_url":"https:\/\/i0.wp.com\/lyonelkaufmann.ch\/Blog\/wp-content\/uploads\/2015\/03\/JEfE5CxeTZxqauxKKwUWDl72eJkfbmt4t8yenImKBXEejxNn4ZJNZ2ss5Ku7Cxt.jpg?fit=500%2C282&ssl=1","jetpack_sharing_enabled":true,"jetpack_shortlink":"https:\/\/wp.me\/p1qtF4-1sz","jetpack-related-posts":[{"id":8409,"url":"https:\/\/lyonelkaufmann.ch\/Blog\/2014\/09\/28\/orlando-figes-les-chuchoteurs-vivre-et-survivre-sous-staline-histoirepolitique\/","url_meta":{"origin":5615,"position":0},"title":"Orlando Figes, Les Chuchoteurs. Vivre et survivre sous Staline | Histoire@Politique","author":"Lyonel Kaufmann","date":"28 septembre 2014","format":false,"excerpt":"Apr\u00e8s des travaux sur l\u2019\u00e9poque r\u00e9volutionnaire et la guerre civile \u2013\u00a0dont une histoire de la R\u00e9volution russe traduite en fran\u00e7ais\u00a0\u2013, Orlando Figes s\u2019est int\u00e9ress\u00e9 \u00e0 l\u2019histoire du stalinisme. Son ouvrage, Les Chuchoteurs, paru en anglais en\u00a02007, destin\u00e9 au grand public, invite le lecteur \u00e0 r\u00e9fl\u00e9chir \u00e0 l\u2019\u00ab\u00a0influence sur la vie\u2026","rel":"","context":"Dans &quot;histoire&quot;","block_context":{"text":"histoire","link":"https:\/\/lyonelkaufmann.ch\/Blog\/category\/histoire-2\/"},"img":{"alt_text":"","src":"","width":0,"height":0},"classes":[]},{"id":5518,"url":"https:\/\/lyonelkaufmann.ch\/Blog\/2012\/06\/03\/staline-meurt-dans-sa-bulle-slate\/","url_meta":{"origin":5615,"position":1},"title":"Staline meurt dans sa bulle | Slate","author":"Lyonel Kaufmann","date":"3 juin 2012","format":false,"excerpt":"Remarqu\u00e9 avec l\u2019ambigu Il \u00e9tait une fois en France (Gl\u00e9nat), le sc\u00e9nariste Fabien Nury enterre le Petit p\u00e8re des peuples. Dessin\u00e9 par Thierry Robin, le second tome de La Mort de Staline, Fun\u00e9railles, est publi\u00e9 par Dargaud.\u00a0 Le second tome se consacre essentiellement \u00e0 l\u2019impitoyable guerre de succession ouverte par\u2026","rel":"","context":"Dans &quot;histoire&quot;","block_context":{"text":"histoire","link":"https:\/\/lyonelkaufmann.ch\/Blog\/category\/histoire-2\/"},"img":{"alt_text":"","src":"https:\/\/i0.wp.com\/lyonelkaufmann.ch\/Blog\/wp-content\/uploads\/2015\/03\/mort_staline_humanite.jpg?fit=445%2C306&ssl=1&resize=350%2C200","width":350,"height":200},"classes":[]},{"id":7794,"url":"https:\/\/lyonelkaufmann.ch\/Blog\/2007\/03\/28\/enzo-traverso-renvoyer-dos-a-dos-le-nazisme-et-le-stalinisme-est-un-anachronisme\/","url_meta":{"origin":5615,"position":2},"title":"Enzo Traverso : \u00ab Renvoyer dos \u00e0 dos le nazisme et le stalinisme est un anachronisme \u00bb","author":"Lyonel Kaufmann","date":"28 mars 2007","format":false,"excerpt":"En compl\u00e9ment \u00e0 un pr\u00e9c\u00e9dent billet Publications, un extrait de l'interview accord\u00e9 par Enzo Traverso \u00e0 la revue Politis du 22 mars 2007. Cet interview fait suite \u00e0 la publication de son ouvrage \u00c0 FEU ET \u00c0 SANG. De la guerre civile europ\u00e9enne (1914-1945) Stock, \"Un ordre d'id\u00e9es\", 370 p.\u2026","rel":"","context":"Dans &quot;histoire&quot;","block_context":{"text":"histoire","link":"https:\/\/lyonelkaufmann.ch\/Blog\/category\/histoire-2\/"},"img":{"alt_text":"","src":"","width":0,"height":0},"classes":[]},{"id":7847,"url":"https:\/\/lyonelkaufmann.ch\/Blog\/2007\/09\/21\/staline-rhabilit-dans-les-manuels-scolaires-24heures-21092007\/","url_meta":{"origin":5615,"position":3},"title":"Staline r\u00e9habilit\u00e9 dans les manuels scolaires  (24Heures &#8211; 21.09.2007)","author":"Lyonel Kaufmann","date":"21 septembre 2007","format":false,"excerpt":"Dans L\u2019Histoire de la Russie revisit\u00e9e par Poutine, le \u00abpetit p\u00e8re des peuples\u00bb est un h\u00e9ros. Vladimir Poutine avait r\u00e9clam\u00e9 au d\u00e9but de l\u2019\u00e9t\u00e9 des manuels d\u2019histoire plus patriotiques. Sa volont\u00e9 a \u00e9t\u00e9 accomplie. L\u2019Acad\u00e9mie des sciences a donn\u00e9 son feu vert mercredi \u00e0 un nouveau manuel scolaire intitul\u00e9 L\u2019Histoire\u2026","rel":"","context":"Dans &quot;histoire&quot;","block_context":{"text":"histoire","link":"https:\/\/lyonelkaufmann.ch\/Blog\/category\/histoire-2\/"},"img":{"alt_text":"","src":"https:\/\/i0.wp.com\/lyonelkaufmann.ch\/Blog\/wp-content\/uploads\/2015\/03\/blogcafe1.jpg?fit=1024%2C683&ssl=1&resize=350%2C200","width":350,"height":200,"srcset":"https:\/\/i0.wp.com\/lyonelkaufmann.ch\/Blog\/wp-content\/uploads\/2015\/03\/blogcafe1.jpg?fit=1024%2C683&ssl=1&resize=350%2C200 1x, https:\/\/i0.wp.com\/lyonelkaufmann.ch\/Blog\/wp-content\/uploads\/2015\/03\/blogcafe1.jpg?fit=1024%2C683&ssl=1&resize=525%2C300 1.5x, https:\/\/i0.wp.com\/lyonelkaufmann.ch\/Blog\/wp-content\/uploads\/2015\/03\/blogcafe1.jpg?fit=1024%2C683&ssl=1&resize=700%2C400 2x"},"classes":[]},{"id":542,"url":"https:\/\/lyonelkaufmann.ch\/Blog\/2007\/03\/28\/enzo-traverso-renvoyer-dos-a-dos-le-nazisme-et-le-stalinisme-est-un-anachronisme-2\/","url_meta":{"origin":5615,"position":4},"title":"Enzo Traverso : \u00ab Renvoyer dos \u00e0 dos le nazisme et le stalinisme est un anachronisme \u00bb","author":"Lyonel Kaufmann","date":"28 mars 2007","format":false,"excerpt":"En compl\u00e9ment \u00e0 un pr\u00e9c\u00e9dent billet Extr\u00eameCaf\u00e9, un extrait de l'interview accord\u00e9 par Enzo Traverso \u00e0 la revue Politis du 22 mars 2007. Dans cet extrait, Enzo Traverso revient sur la question du fascisme et de l'anti-fascisme dans l'entre-deux-guerres :Cette guerre civile se poursuit avec l\u2019av\u00e8nement des fascismes. Or, le\u2026","rel":"","context":"Dans &quot;Blogcaf\u00e9&quot;","block_context":{"text":"Blogcaf\u00e9","link":"https:\/\/lyonelkaufmann.ch\/Blog\/category\/blogcafe-2\/"},"img":{"alt_text":"","src":"https:\/\/i0.wp.com\/lyonelkaufmann.ch\/Blog\/wp-content\/uploads\/2015\/03\/blogcafe1.jpg?fit=1024%2C683&ssl=1&resize=350%2C200","width":350,"height":200,"srcset":"https:\/\/i0.wp.com\/lyonelkaufmann.ch\/Blog\/wp-content\/uploads\/2015\/03\/blogcafe1.jpg?fit=1024%2C683&ssl=1&resize=350%2C200 1x, https:\/\/i0.wp.com\/lyonelkaufmann.ch\/Blog\/wp-content\/uploads\/2015\/03\/blogcafe1.jpg?fit=1024%2C683&ssl=1&resize=525%2C300 1.5x, https:\/\/i0.wp.com\/lyonelkaufmann.ch\/Blog\/wp-content\/uploads\/2015\/03\/blogcafe1.jpg?fit=1024%2C683&ssl=1&resize=700%2C400 2x"},"classes":[]},{"id":7919,"url":"https:\/\/lyonelkaufmann.ch\/Blog\/2014\/02\/20\/compte-rendu-les-visages-retrouves-de-la-terreur-sovietique-la-vie-des-idees\/","url_meta":{"origin":5615,"position":5},"title":"Compte-rendu : Les visages retrouv\u00e9s de la terreur sovi\u00e9tique | La vie des id\u00e9es","author":"Lyonel Kaufmann","date":"20 f\u00e9vrier 2014","format":false,"excerpt":"De la grande vague de massacres programm\u00e9s qui a caract\u00e9ris\u00e9 les ann\u00e9es 1937 et 1938 en URSS, on ne connaissait jusqu\u2019\u00e0 r\u00e9cemment que la version officielle. Accordant une place importante \u00e0 la photographie et \u00e0 l\u2019iconographie, le livre de Tomasz Kizny et Dominique Roynette revient sur le d\u00e9tail de cet\u2026","rel":"","context":"Dans &quot;histoire&quot;","block_context":{"text":"histoire","link":"https:\/\/lyonelkaufmann.ch\/Blog\/category\/histoire-2\/"},"img":{"alt_text":"","src":"https:\/\/i0.wp.com\/www.laviedesidees.fr\/local\/cache-vignettes\/L308xH355\/arton2523-c36e2.jpg?resize=350%2C200","width":350,"height":200},"classes":[]}],"jetpack_likes_enabled":true,"_links":{"self":[{"href":"https:\/\/lyonelkaufmann.ch\/Blog\/wp-json\/wp\/v2\/posts\/5615","targetHints":{"allow":["GET"]}}],"collection":[{"href":"https:\/\/lyonelkaufmann.ch\/Blog\/wp-json\/wp\/v2\/posts"}],"about":[{"href":"https:\/\/lyonelkaufmann.ch\/Blog\/wp-json\/wp\/v2\/types\/post"}],"author":[{"embeddable":true,"href":"https:\/\/lyonelkaufmann.ch\/Blog\/wp-json\/wp\/v2\/users\/1"}],"replies":[{"embeddable":true,"href":"https:\/\/lyonelkaufmann.ch\/Blog\/wp-json\/wp\/v2\/comments?post=5615"}],"version-history":[{"count":0,"href":"https:\/\/lyonelkaufmann.ch\/Blog\/wp-json\/wp\/v2\/posts\/5615\/revisions"}],"wp:featuredmedia":[{"embeddable":true,"href":"https:\/\/lyonelkaufmann.ch\/Blog\/wp-json\/wp\/v2\/media\/14110"}],"wp:attachment":[{"href":"https:\/\/lyonelkaufmann.ch\/Blog\/wp-json\/wp\/v2\/media?parent=5615"}],"wp:term":[{"taxonomy":"category","embeddable":true,"href":"https:\/\/lyonelkaufmann.ch\/Blog\/wp-json\/wp\/v2\/categories?post=5615"},{"taxonomy":"post_tag","embeddable":true,"href":"https:\/\/lyonelkaufmann.ch\/Blog\/wp-json\/wp\/v2\/tags?post=5615"}],"curies":[{"name":"wp","href":"https:\/\/api.w.org\/{rel}","templated":true}]}}