{"id":5623,"date":"2012-07-12T22:34:17","date_gmt":"2012-07-12T22:34:17","guid":{"rendered":"http:\/\/lyonelkaufmann.ch\/histoire\/?p=5623"},"modified":"2012-07-12T22:34:17","modified_gmt":"2012-07-12T22:34:17","slug":"le-squelette-pre-humain-le-plus-complet-jamais-decouvert-exhume-rtsinfo","status":"publish","type":"post","link":"https:\/\/lyonelkaufmann.ch\/Blog\/2012\/07\/12\/le-squelette-pre-humain-le-plus-complet-jamais-decouvert-exhume-rtsinfo\/","title":{"rendered":"Le squelette pr\u00e9-humain le plus complet jamais d\u00e9couvert exhum\u00e9 | rtsinfo"},"content":{"rendered":"<p style=\"text-align:center;\"><a href=\"http:\/\/www.rts.ch\/info\/sciences-tech\/4133731-le-squelette-pre-humain-le-plus-complet-jamais-decouvert-exhume.html?wysistatpr=ads_rss_texte\"><img data-recalc-dims=\"1\" loading=\"lazy\" decoding=\"async\" class=\"alignnone size-full wp-image-5694\" title=\"squelette\" src=\"https:\/\/i0.wp.com\/lyonelkaufmann.ch\/histoire\/wp-content\/uploads\/2012\/07\/squelette.jpg?resize=534%2C301\" alt=\"\" width=\"534\" height=\"301\" \/><\/a><\/p>\n<p style=\"text-align:center;\"><span class=\"Apple-style-span\" style=\"font-family:Verdana, Arial, Helvetica, sans-serif;font-size:12px;font-weight:normal;line-height:normal;\">Fragments du squelette de Karabo, vieux de deux millions d&rsquo;ann\u00e9es. [DR]<\/span><\/p>\n<p>Le squelette le plus complet jamais d\u00e9couvert d&rsquo;un anc\u00eatre de l&rsquo;humain actuel a \u00e9t\u00e9 exhum\u00e9 pr\u00e8s de Johannesburg par des scientifiques sud-africains, qui lui ont donn\u00e9 le nom de Karabo.<\/p>\n<p>via\u00a0<a href=\"http:\/\/www.rts.ch\/info\/sciences-tech\/4133731-le-squelette-pre-humain-le-plus-complet-jamais-decouvert-exhume.html?wysistatpr=ads_rss_texte\">Le squelette pr\u00e9-humain le plus complet jamais d\u00e9couvert exhum\u00e9 &#8211; rts.ch &#8211; info &#8211; sciences-tech.<\/a>.<\/p>\n","protected":false},"excerpt":{"rendered":"<p>Fragments du squelette de Karabo, vieux de deux millions d&rsquo;ann\u00e9es. [DR] Le squelette le plus complet jamais d\u00e9couvert d&rsquo;un anc\u00eatre de l&rsquo;humain actuel a \u00e9t\u00e9 exhum\u00e9 pr\u00e8s de Johannesburg par des scientifiques sud-africains, qui lui ont donn\u00e9 le nom de Karabo. via\u00a0Le squelette pr\u00e9-humain le plus complet jamais d\u00e9couvert exhum\u00e9 &#8211; rts.ch &#8211; info &#8211; [&hellip;]<\/p>\n","protected":false},"author":1,"featured_media":14111,"comment_status":"open","ping_status":"open","sticky":false,"template":"","format":"standard","meta":{"_import_markdown_pro_load_document_selector":0,"_import_markdown_pro_submit_text_textarea":"","_genesis_hide_title":false,"_genesis_hide_breadcrumbs":false,"_genesis_hide_singular_image":false,"_genesis_hide_footer_widgets":false,"_genesis_custom_body_class":"","_genesis_custom_post_class":"","_genesis_layout":"","jetpack_post_was_ever_published":false,"_jetpack_newsletter_access":"","_jetpack_dont_email_post_to_subs":false,"_jetpack_newsletter_tier_id":0,"_jetpack_memberships_contains_paywalled_content":false,"_jetpack_memberships_contains_paid_content":false,"activitypub_content_warning":"","activitypub_content_visibility":"","activitypub_max_image_attachments":3,"activitypub_interaction_policy_quote":"anyone","activitypub_status":"","footnotes":"","jetpack_publicize_message":"","jetpack_publicize_feature_enabled":true,"jetpack_social_post_already_shared":true,"jetpack_social_options":{"image_generator_settings":{"template":"fullscreen","default_image_id":0,"font":"","enabled":false},"version":2}},"categories":[2],"tags":[],"class_list":{"0":"post-5623","1":"post","2":"type-post","3":"status-publish","4":"format-standard","5":"has-post-thumbnail","7":"category-histoire-2","8":"entry"},"jetpack_publicize_connections":[],"featured_image_src":"https:\/\/i0.wp.com\/lyonelkaufmann.ch\/Blog\/wp-content\/uploads\/2015\/03\/squelette.jpg?resize=534%2C301&ssl=1","featured_image_src_square":"https:\/\/i0.wp.com\/lyonelkaufmann.ch\/Blog\/wp-content\/uploads\/2015\/03\/squelette.jpg?resize=534%2C301&ssl=1","author_info":{"display_name":"Lyonel Kaufmann","author_link":"https:\/\/lyonelkaufmann.ch\/Blog\/author\/lyonelk\/"},"jetpack_featured_media_url":"https:\/\/i0.wp.com\/lyonelkaufmann.ch\/Blog\/wp-content\/uploads\/2015\/03\/squelette.jpg?fit=534%2C301&ssl=1","jetpack_sharing_enabled":true,"jetpack_shortlink":"https:\/\/wp.me\/p1qtF4-1sH","jetpack-related-posts":[{"id":8655,"url":"https:\/\/lyonelkaufmann.ch\/Blog\/2015\/01\/17\/la-decouverte-de-cet-outil-prehistorique-remet-en-cause-levolution-humaine\/","url_meta":{"origin":5623,"position":0},"title":"La d\u00e9couverte de cet outil pr\u00e9historique remet en cause l&rsquo;\u00e9volution humaine","author":"Lyonel Kaufmann","date":"17 janvier 2015","format":false,"excerpt":"Des chercheurs de l'Universit\u00e9 de Montr\u00e9al ont d\u00e9couvert en juin 2014, un outil en os taill\u00e9 par l'homme, sur le site arch\u00e9ologique de la grotte du Bison, en Bourgogne, rapportait ce vendredi\u00a0Radio Canada. Il daterait de l'\u00e9poque n\u00e9andertalienne, soit il y a plus de 55.000 ans. Ses fonctions \u00e9taient multiples\u2026","rel":"","context":"Dans &quot;histoire&quot;","block_context":{"text":"histoire","link":"https:\/\/lyonelkaufmann.ch\/Blog\/category\/histoire-2\/"},"img":{"alt_text":"","src":"https:\/\/i0.wp.com\/lyonelkaufmann.ch\/Blog\/wp-content\/uploads\/2015\/02\/o-outils-en-os-570.jpg?fit=570%2C523&ssl=1&resize=350%2C200","width":350,"height":200,"srcset":"https:\/\/i0.wp.com\/lyonelkaufmann.ch\/Blog\/wp-content\/uploads\/2015\/02\/o-outils-en-os-570.jpg?fit=570%2C523&ssl=1&resize=350%2C200 1x, https:\/\/i0.wp.com\/lyonelkaufmann.ch\/Blog\/wp-content\/uploads\/2015\/02\/o-outils-en-os-570.jpg?fit=570%2C523&ssl=1&resize=525%2C300 1.5x"},"classes":[]},{"id":23637,"url":"https:\/\/lyonelkaufmann.ch\/Blog\/2023\/05\/11\/non-le-neolithique-netait-pas-une-periode-pacifique\/","url_meta":{"origin":5623,"position":1},"title":"Non, le N\u00e9olithique n\u2019\u00e9tait pas une p\u00e9riode pacifique","author":"Lyonel Kaufmann","date":"11 mai 2023","format":false,"excerpt":"Depuis 2014, la Russie s\u2019est lanc\u00e9e dans la pr\u00e9dation de l\u2019Ukraine. Scandale juridique en plein XXIe\u00a0si\u00e8cle, pareille guerre territoriale est aussi un archa\u00efsme n\u00e9olithique. C\u2019est en effet pendant \u00ab\u00a0l\u2019\u00e8re des paysans\u00a0\u00bb, qui commence\u00a0en Europe il y a quelque 8\u00a0500 ans au sud-est du continent, que le territoire est devenu un\u2026","rel":"","context":"Dans &quot;Blogcaf\u00e9&quot;","block_context":{"text":"Blogcaf\u00e9","link":"https:\/\/lyonelkaufmann.ch\/Blog\/category\/blogcafe-2\/"},"img":{"alt_text":"","src":"","width":0,"height":0},"classes":[]},{"id":8089,"url":"https:\/\/lyonelkaufmann.ch\/Blog\/2014\/07\/06\/neandertal-il-nest-pas-lhomme-que-vous-croyez-mediapart\/","url_meta":{"origin":5623,"position":2},"title":"N\u00e9andertal: il n&rsquo;est pas l&rsquo;homme que vous croyez | Mediapart","author":"Lyonel Kaufmann","date":"6 juillet 2014","format":false,"excerpt":"Il y a 430 000 ans, un groupe d\u2019humains primitifs a v\u00e9cu au nord de l\u2019Espagne, dans la sierra de Atapuerca, une formation de roches calcaires et argileuses, creus\u00e9e de galeries et de grottes souterraines. Vingt-huit individus ont \u00e9t\u00e9 ensevelis dans une cavit\u00e9 au fond d\u2019un puits de 14 m\u00e8tres\u2026","rel":"","context":"Dans &quot;histoire&quot;","block_context":{"text":"histoire","link":"https:\/\/lyonelkaufmann.ch\/Blog\/category\/histoire-2\/"},"img":{"alt_text":"","src":"https:\/\/i0.wp.com\/lyonelkaufmann.ch\/Blog\/wp-content\/uploads\/2015\/02\/wpid-pitofbones3-jpg-2014-07-6-15-56.png?fit=620%2C413&ssl=1&resize=350%2C200","width":350,"height":200,"srcset":"https:\/\/i0.wp.com\/lyonelkaufmann.ch\/Blog\/wp-content\/uploads\/2015\/02\/wpid-pitofbones3-jpg-2014-07-6-15-56.png?fit=620%2C413&ssl=1&resize=350%2C200 1x, https:\/\/i0.wp.com\/lyonelkaufmann.ch\/Blog\/wp-content\/uploads\/2015\/02\/wpid-pitofbones3-jpg-2014-07-6-15-56.png?fit=620%2C413&ssl=1&resize=525%2C300 1.5x"},"classes":[]},{"id":16244,"url":"https:\/\/lyonelkaufmann.ch\/Blog\/2016\/03\/30\/les-genes-de-neandertal-ont-ameliore-limmunite-de-lhomme-moderne\/","url_meta":{"origin":5623,"position":3},"title":"Les g\u00e8nes de N\u00e9andertal ont am\u00e9lior\u00e9 l&rsquo;immunit\u00e9 de l&rsquo;Homme Moderne","author":"Lyonel Kaufmann","date":"30 mars 2016","format":false,"excerpt":"Le croisement des hommes modernes et des n\u00e9andertaliens en Europe il y a des milliers d'ann\u00e9es, a donn\u00e9 aux hommes des variations g\u00e9n\u00e9tiques qui ont augment\u00e9 la capacit\u00e9 de ceux qui les portent \u00e0 lutter contre les infections. Cet h\u00e9ritage de l'Homme de N\u00e9andertal aurait aussi laiss\u00e9 certaines personnes plus\u2026","rel":"","context":"Dans &quot;Blogcaf\u00e9&quot;","block_context":{"text":"Blogcaf\u00e9","link":"https:\/\/lyonelkaufmann.ch\/Blog\/category\/blogcafe-2\/"},"img":{"alt_text":"","src":"https:\/\/i0.wp.com\/lyonelkaufmann.ch\/Blog\/wp-content\/uploads\/2016\/03\/1qjNGwa.jpg?fit=500%2C522&ssl=1&resize=350%2C200","width":350,"height":200},"classes":[]},{"id":7664,"url":"https:\/\/lyonelkaufmann.ch\/Blog\/2005\/07\/21\/un-sanctuaire-gallo-romain-au-sommet-du-chasseron\/","url_meta":{"origin":5623,"position":4},"title":"Un sanctuaire gallo-romain au sommet du Chasseron","author":"Lyonel Kaufmann","date":"21 juillet 2005","format":false,"excerpt":"Les arch\u00e9ologues vaudois ont mis au jour les vestiges d'un sanctuaire gallo-romain \u00e0 1.607 m\u00e8tres au sommet du Chasseron qui domine Sainte-Croix (VD). Ce \"fanum\", de pr\u00e8s de dix m\u00e8tres de c\u00f4t\u00e9, \u00e9tait d\u00e9di\u00e9 \u00e0 plusieurs divinit\u00e9s, dont la principale semble avoir \u00e9t\u00e9 le \"Mercure souverain\" de la religion gallo-romaine.\u2026","rel":"","context":"Dans &quot;histoire&quot;","block_context":{"text":"histoire","link":"https:\/\/lyonelkaufmann.ch\/Blog\/category\/histoire-2\/"},"img":{"alt_text":"","src":"https:\/\/i0.wp.com\/lyonelkaufmann.ch\/Blog\/wp-content\/uploads\/2015\/03\/blogcafe1.jpg?fit=1024%2C683&ssl=1&resize=350%2C200","width":350,"height":200,"srcset":"https:\/\/i0.wp.com\/lyonelkaufmann.ch\/Blog\/wp-content\/uploads\/2015\/03\/blogcafe1.jpg?fit=1024%2C683&ssl=1&resize=350%2C200 1x, https:\/\/i0.wp.com\/lyonelkaufmann.ch\/Blog\/wp-content\/uploads\/2015\/03\/blogcafe1.jpg?fit=1024%2C683&ssl=1&resize=525%2C300 1.5x, https:\/\/i0.wp.com\/lyonelkaufmann.ch\/Blog\/wp-content\/uploads\/2015\/03\/blogcafe1.jpg?fit=1024%2C683&ssl=1&resize=700%2C400 2x"},"classes":[]},{"id":16535,"url":"https:\/\/lyonelkaufmann.ch\/Blog\/2016\/05\/18\/toute-la-verite-sur-la-fessee-en-cinquante-ans-detudes-slate-fr\/","url_meta":{"origin":5623,"position":5},"title":"Toute la v\u00e9rit\u00e9 sur la fess\u00e9e en cinquante ans d\u2019\u00e9tudes | Slate.fr","author":"Lyonel Kaufmann","date":"18 mai 2016","format":false,"excerpt":"Voil\u00e0 une \u00e9tude que l'UDC Vaud ferait bien de lire... Une des d\u00e9couvertes d\u2019Elizabeth Gershoff est l\u2019inefficacit\u00e9 irr\u00e9vocable de la fess\u00e9e: non, les enfants fess\u00e9s ne sont pas plus dociles! \u00abNous avons d\u00e9couvert que la fess\u00e9e \u00e9tait associ\u00e9e \u00e0 des cons\u00e9quences inattendues et non recherch\u00e9es par les parents, et en\u2026","rel":"","context":"Dans &quot;Blogcaf\u00e9&quot;","block_context":{"text":"Blogcaf\u00e9","link":"https:\/\/lyonelkaufmann.ch\/Blog\/category\/blogcafe-2\/"},"img":{"alt_text":"","src":"https:\/\/i0.wp.com\/lyonelkaufmann.ch\/Blog\/wp-content\/uploads\/2015\/03\/blogcafe1.jpg?fit=1024%2C683&ssl=1&resize=350%2C200","width":350,"height":200,"srcset":"https:\/\/i0.wp.com\/lyonelkaufmann.ch\/Blog\/wp-content\/uploads\/2015\/03\/blogcafe1.jpg?fit=1024%2C683&ssl=1&resize=350%2C200 1x, https:\/\/i0.wp.com\/lyonelkaufmann.ch\/Blog\/wp-content\/uploads\/2015\/03\/blogcafe1.jpg?fit=1024%2C683&ssl=1&resize=525%2C300 1.5x, https:\/\/i0.wp.com\/lyonelkaufmann.ch\/Blog\/wp-content\/uploads\/2015\/03\/blogcafe1.jpg?fit=1024%2C683&ssl=1&resize=700%2C400 2x"},"classes":[]}],"jetpack_likes_enabled":true,"_links":{"self":[{"href":"https:\/\/lyonelkaufmann.ch\/Blog\/wp-json\/wp\/v2\/posts\/5623","targetHints":{"allow":["GET"]}}],"collection":[{"href":"https:\/\/lyonelkaufmann.ch\/Blog\/wp-json\/wp\/v2\/posts"}],"about":[{"href":"https:\/\/lyonelkaufmann.ch\/Blog\/wp-json\/wp\/v2\/types\/post"}],"author":[{"embeddable":true,"href":"https:\/\/lyonelkaufmann.ch\/Blog\/wp-json\/wp\/v2\/users\/1"}],"replies":[{"embeddable":true,"href":"https:\/\/lyonelkaufmann.ch\/Blog\/wp-json\/wp\/v2\/comments?post=5623"}],"version-history":[{"count":0,"href":"https:\/\/lyonelkaufmann.ch\/Blog\/wp-json\/wp\/v2\/posts\/5623\/revisions"}],"wp:featuredmedia":[{"embeddable":true,"href":"https:\/\/lyonelkaufmann.ch\/Blog\/wp-json\/wp\/v2\/media\/14111"}],"wp:attachment":[{"href":"https:\/\/lyonelkaufmann.ch\/Blog\/wp-json\/wp\/v2\/media?parent=5623"}],"wp:term":[{"taxonomy":"category","embeddable":true,"href":"https:\/\/lyonelkaufmann.ch\/Blog\/wp-json\/wp\/v2\/categories?post=5623"},{"taxonomy":"post_tag","embeddable":true,"href":"https:\/\/lyonelkaufmann.ch\/Blog\/wp-json\/wp\/v2\/tags?post=5623"}],"curies":[{"name":"wp","href":"https:\/\/api.w.org\/{rel}","templated":true}]}}