{"id":5634,"date":"2012-07-18T10:31:49","date_gmt":"2012-07-18T10:31:49","guid":{"rendered":"http:\/\/lyonelkaufmann.ch\/histoire\/?p=5634"},"modified":"2012-07-18T10:31:49","modified_gmt":"2012-07-18T10:31:49","slug":"qui-ecrira-notre-histoire-la-vie-des-idees","status":"publish","type":"post","link":"https:\/\/lyonelkaufmann.ch\/Blog\/2012\/07\/18\/qui-ecrira-notre-histoire-la-vie-des-idees\/","title":{"rendered":"Qui \u00e9crira notre histoire ? | La Vie des id\u00e9es"},"content":{"rendered":"<p><a href=\"http:\/\/www.laviedesidees.fr\/Qui-ecrira-notre-histoire.html\"><img data-recalc-dims=\"1\" loading=\"lazy\" decoding=\"async\" class=\"alignleft\" src=\"https:\/\/i0.wp.com\/lyonelkaufmann.ch\/histoire\/wp-content\/uploads\/2012\/07\/arton1982-c12af.jpg?resize=160%2C160\" alt=\"\" width=\"160\" height=\"160\" \/><\/a><\/p>\n<p>Jusqu\u2019\u00e0 aujourd\u2019hui, les archives du ghetto de Varsovie n\u2019\u00e9taient connues que des seuls sp\u00e9cialistes. L\u2019historien am\u00e9ricain Samuel Kassow nous les pr\u00e9sente sous un jour nouveau\u00a0: l\u2019\u0153uvre d\u2019une \u00e9quipe dont la mission \u00e9tait de faire entendre le quotidien d\u2019une communaut\u00e9 en cours d\u2019extermination.<\/p>\n<p><a href=\"http:\/\/www.laviedesidees.fr\/Qui-ecrira-notre-histoire.html\">Qui \u00e9crira notre histoire ? &#8211; La Vie des id\u00e9es<\/a>.<\/p>\n","protected":false},"excerpt":{"rendered":"<p>Jusqu\u2019\u00e0 aujourd\u2019hui, les archives du ghetto de Varsovie n\u2019\u00e9taient connues que des seuls sp\u00e9cialistes. L\u2019historien am\u00e9ricain Samuel Kassow nous les pr\u00e9sente sous un jour nouveau\u00a0: l\u2019\u0153uvre d\u2019une \u00e9quipe dont la mission \u00e9tait de faire entendre le quotidien d\u2019une communaut\u00e9 en cours d\u2019extermination. Qui \u00e9crira notre histoire ? &#8211; La Vie des id\u00e9es.<\/p>\n","protected":false},"author":1,"featured_media":14112,"comment_status":"open","ping_status":"open","sticky":false,"template":"","format":"standard","meta":{"_import_markdown_pro_load_document_selector":0,"_import_markdown_pro_submit_text_textarea":"","_genesis_hide_title":false,"_genesis_hide_breadcrumbs":false,"_genesis_hide_singular_image":false,"_genesis_hide_footer_widgets":false,"_genesis_custom_body_class":"","_genesis_custom_post_class":"","_genesis_layout":"","jetpack_post_was_ever_published":false,"_jetpack_newsletter_access":"","_jetpack_dont_email_post_to_subs":false,"_jetpack_newsletter_tier_id":0,"_jetpack_memberships_contains_paywalled_content":false,"_jetpack_memberships_contains_paid_content":false,"activitypub_content_warning":"","activitypub_content_visibility":"","activitypub_max_image_attachments":3,"activitypub_interaction_policy_quote":"anyone","activitypub_status":"","footnotes":"","jetpack_publicize_message":"","jetpack_publicize_feature_enabled":true,"jetpack_social_post_already_shared":true,"jetpack_social_options":{"image_generator_settings":{"template":"fullscreen","default_image_id":0,"font":"","enabled":false},"version":2}},"categories":[2],"tags":[],"class_list":{"0":"post-5634","1":"post","2":"type-post","3":"status-publish","4":"format-standard","5":"has-post-thumbnail","7":"category-histoire-2","8":"entry"},"jetpack_publicize_connections":[],"featured_image_src":"https:\/\/i0.wp.com\/lyonelkaufmann.ch\/Blog\/wp-content\/uploads\/2015\/03\/arton1982-c12af.jpg?resize=200%2C200&ssl=1","featured_image_src_square":"https:\/\/i0.wp.com\/lyonelkaufmann.ch\/Blog\/wp-content\/uploads\/2015\/03\/arton1982-c12af.jpg?resize=200%2C200&ssl=1","author_info":{"display_name":"Lyonel Kaufmann","author_link":"https:\/\/lyonelkaufmann.ch\/Blog\/author\/lyonelk\/"},"jetpack_featured_media_url":"https:\/\/i0.wp.com\/lyonelkaufmann.ch\/Blog\/wp-content\/uploads\/2015\/03\/arton1982-c12af.jpg?fit=200%2C200&ssl=1","jetpack_sharing_enabled":true,"jetpack_shortlink":"https:\/\/wp.me\/p1qtF4-1sS","jetpack-related-posts":[{"id":3377,"url":"https:\/\/lyonelkaufmann.ch\/Blog\/2011\/01\/13\/un-historien-dans-la-cite-la-vie-des-idees\/","url_meta":{"origin":5634,"position":0},"title":"Un historien dans la cit\u00e9 | La Vie des id\u00e9es","author":"Lyonel Kaufmann","date":"13 janvier 2011","format":false,"excerpt":"Historien, auteur de nombreux livres sur la vie politique fran\u00e7aise, les milieux d\u2019affaires et les m\u00e9dias, Jean-No\u00ebl Jeanneney a aussi fait partie du gouvernement et dirig\u00e9 de grandes institutions publiques. Dans cet entretien vid\u00e9o accord\u00e9 \u00e0 la Vie des id\u00e9es, il s\u2019interroge sur la responsabilit\u00e9 civique de l\u2019historien. L'interview vid\u00e9o\u2026","rel":"","context":"Dans &quot;histoire&quot;","block_context":{"text":"histoire","link":"https:\/\/lyonelkaufmann.ch\/Blog\/category\/histoire-2\/"},"img":{"alt_text":"","src":"https:\/\/i0.wp.com\/lyonelkaufmann.ch\/histoire\/wp-content\/uploads\/2011\/01\/arton1288-8b3a9.jpg?resize=350%2C200","width":350,"height":200},"classes":[]},{"id":6253,"url":"https:\/\/lyonelkaufmann.ch\/Blog\/2012\/10\/11\/la-paix-toujours-recommencee-la-vie-des-idees\/","url_meta":{"origin":5634,"position":1},"title":"La paix, toujours recommenc\u00e9e | La Vie des id\u00e9es","author":"Lyonel Kaufmann","date":"11 octobre 2012","format":false,"excerpt":"Tout \u00e9volue dans le cours de l\u2019histoire, y compris la fa\u00e7on d\u2019\u00e9crire l\u2019histoire elle-m\u00eame. Longtemps port\u00e9e par les chantres des \u00ab\u00a0grandes nations\u00a0\u00bb, elle a donn\u00e9 un travers belliqueux \u00e0 nos manuels d\u2019histoire\u00a0: l\u2019exaltation des guerres du pass\u00e9, des batailles et des grands g\u00e9n\u00e9raux ont accompagn\u00e9 notre enfance. La r\u00e9conciliation franco-allemande\u2026","rel":"","context":"Dans &quot;histoire&quot;","block_context":{"text":"histoire","link":"https:\/\/lyonelkaufmann.ch\/Blog\/category\/histoire-2\/"},"img":{"alt_text":"","src":"https:\/\/i0.wp.com\/lyonelkaufmann.ch\/histoire\/wp-content\/uploads\/2012\/10\/arton2054-7b4ab.png?resize=350%2C200","width":350,"height":200},"classes":[]},{"id":5648,"url":"https:\/\/lyonelkaufmann.ch\/Blog\/2012\/07\/23\/lepuisement-de-robespierre-la-vie-des-idees\/","url_meta":{"origin":5634,"position":2},"title":"L\u2019\u00e9puisement de Robespierre | La Vie des id\u00e9es","author":"Lyonel Kaufmann","date":"23 juillet 2012","format":false,"excerpt":"Que peut-on encore \u00e9crire de neuf sur la vie de Robespierre, figure obs\u00e9dante de l\u2019imaginaire politique fran\u00e7ais\u00a0? L\u2019historien australien Peter McPhee a relev\u00e9 le d\u00e9fi, tentant de retrouver l\u2019homme derri\u00e8re les mythes qu\u2019il a suscit\u00e9s. Le compte-rendu de cet ouvrage offrira \u00e0 l'enseignant une probl\u00e9matisation possible de ce personnage dans\u2026","rel":"","context":"Dans &quot;histoire&quot;","block_context":{"text":"histoire","link":"https:\/\/lyonelkaufmann.ch\/Blog\/category\/histoire-2\/"},"img":{"alt_text":"","src":"https:\/\/i0.wp.com\/lyonelkaufmann.ch\/histoire\/wp-content\/uploads\/2012\/07\/arton1966-df3f4.jpg?resize=350%2C200","width":350,"height":200},"classes":[]},{"id":7480,"url":"https:\/\/lyonelkaufmann.ch\/Blog\/2013\/09\/12\/7480\/","url_meta":{"origin":5634,"position":3},"title":"Compte-rendu : La machinerie \u00e9conomique nazie |\u00a0La Vie des id\u00e9es","author":"Lyonel Kaufmann","date":"12 septembre 2013","format":false,"excerpt":"Dans un ouvrage de r\u00e9f\u00e9rence, Adam Tooze s\u2019efforce de relire l\u2019histoire du IIIe Reich \u2013 depuis la lutte contre le ch\u00f4mage jusqu\u2019au g\u00e9nocide des Juifs \u2013 \u00e0 travers le prisme de l\u2019\u00e9conomie. Il montre que l\u2019effort d\u2019armement et l\u2019effort de guerre ont \u00e9t\u00e9 financ\u00e9s par la fiscalit\u00e9, l\u2019\u00e9pargne forc\u00e9e et\u2026","rel":"","context":"Dans &quot;histoire&quot;","block_context":{"text":"histoire","link":"https:\/\/lyonelkaufmann.ch\/Blog\/category\/histoire-2\/"},"img":{"alt_text":"","src":"https:\/\/i0.wp.com\/lyonelkaufmann.ch\/histoire\/wp-content\/uploads\/2013\/09\/arton2382-d062c.jpg?resize=350%2C200","width":350,"height":200},"classes":[]},{"id":28,"url":"https:\/\/lyonelkaufmann.ch\/Blog\/2006\/03\/08\/07-ecrire-pour-comprendre\/","url_meta":{"origin":5634,"position":4},"title":"07. Ecrire pour comprendre","author":"Lyonel Kaufmann","date":"8 mars 2006","format":false,"excerpt":"Pour \u00e9crire avec force et en d\u00e9tail relativement \u00e0 l'histoire, les \u00e9l\u00e8ves\/\u00e9tudiant-e-s ont besoin d'avoir exp\u00e9riment\u00e9 des situations au travers de jeux de r\u00f4le (voir article correspondant) au sujet desquels elles\/ils pourront rendre compte par \u00e9crit. Il s'agit d\u00e8s lors de construire des objectifs de s\u00e9quences d'\u00e9criture motivant les \u00e9l\u00e8ves\/\u00e9tudiant-e-s\u2026","rel":"","context":"Dans &quot;histoire&quot;","block_context":{"text":"histoire","link":"https:\/\/lyonelkaufmann.ch\/Blog\/category\/histoire-2\/"},"img":{"alt_text":"","src":"https:\/\/i0.wp.com\/lyonelkaufmann.ch\/Blog\/wp-content\/uploads\/2015\/03\/blogcafe1.jpg?fit=1024%2C683&ssl=1&resize=350%2C200","width":350,"height":200,"srcset":"https:\/\/i0.wp.com\/lyonelkaufmann.ch\/Blog\/wp-content\/uploads\/2015\/03\/blogcafe1.jpg?fit=1024%2C683&ssl=1&resize=350%2C200 1x, https:\/\/i0.wp.com\/lyonelkaufmann.ch\/Blog\/wp-content\/uploads\/2015\/03\/blogcafe1.jpg?fit=1024%2C683&ssl=1&resize=525%2C300 1.5x, https:\/\/i0.wp.com\/lyonelkaufmann.ch\/Blog\/wp-content\/uploads\/2015\/03\/blogcafe1.jpg?fit=1024%2C683&ssl=1&resize=700%2C400 2x"},"classes":[]},{"id":5250,"url":"https:\/\/lyonelkaufmann.ch\/Blog\/2012\/04\/04\/pour-lhistoire-connectee-la-vie-des-idees\/","url_meta":{"origin":5634,"position":5},"title":"Pour l\u2019histoire connect\u00e9e | La Vie des id\u00e9es","author":"Lyonel Kaufmann","date":"4 avril 2012","format":false,"excerpt":"Via Scoop.it - histoire \u00c0 propos de : Romain Bertrand, L\u2019Histoire \u00e0 parts \u00e9gales, Seuil. En restituant les conditions dans lesquelles se sont effectu\u00e9s les premiers contacts entre Hollandais, Malais et Javanais au tournant du XVIIe si\u00e8cle, Romain Bertrand nous offre un ma\u00eetre-livre appel\u00e9 \u00e0 faire \u00e9cole, et illustre la\u2026","rel":"","context":"Dans &quot;histoire&quot;","block_context":{"text":"histoire","link":"https:\/\/lyonelkaufmann.ch\/Blog\/category\/histoire-2\/"},"img":{"alt_text":"","src":"","width":0,"height":0},"classes":[]}],"jetpack_likes_enabled":true,"_links":{"self":[{"href":"https:\/\/lyonelkaufmann.ch\/Blog\/wp-json\/wp\/v2\/posts\/5634","targetHints":{"allow":["GET"]}}],"collection":[{"href":"https:\/\/lyonelkaufmann.ch\/Blog\/wp-json\/wp\/v2\/posts"}],"about":[{"href":"https:\/\/lyonelkaufmann.ch\/Blog\/wp-json\/wp\/v2\/types\/post"}],"author":[{"embeddable":true,"href":"https:\/\/lyonelkaufmann.ch\/Blog\/wp-json\/wp\/v2\/users\/1"}],"replies":[{"embeddable":true,"href":"https:\/\/lyonelkaufmann.ch\/Blog\/wp-json\/wp\/v2\/comments?post=5634"}],"version-history":[{"count":0,"href":"https:\/\/lyonelkaufmann.ch\/Blog\/wp-json\/wp\/v2\/posts\/5634\/revisions"}],"wp:featuredmedia":[{"embeddable":true,"href":"https:\/\/lyonelkaufmann.ch\/Blog\/wp-json\/wp\/v2\/media\/14112"}],"wp:attachment":[{"href":"https:\/\/lyonelkaufmann.ch\/Blog\/wp-json\/wp\/v2\/media?parent=5634"}],"wp:term":[{"taxonomy":"category","embeddable":true,"href":"https:\/\/lyonelkaufmann.ch\/Blog\/wp-json\/wp\/v2\/categories?post=5634"},{"taxonomy":"post_tag","embeddable":true,"href":"https:\/\/lyonelkaufmann.ch\/Blog\/wp-json\/wp\/v2\/tags?post=5634"}],"curies":[{"name":"wp","href":"https:\/\/api.w.org\/{rel}","templated":true}]}}