{"id":5648,"date":"2012-07-23T20:07:34","date_gmt":"2012-07-23T20:07:34","guid":{"rendered":"http:\/\/lyonelkaufmann.ch\/histoire\/?p=5648"},"modified":"2012-07-23T20:07:34","modified_gmt":"2012-07-23T20:07:34","slug":"lepuisement-de-robespierre-la-vie-des-idees","status":"publish","type":"post","link":"https:\/\/lyonelkaufmann.ch\/Blog\/2012\/07\/23\/lepuisement-de-robespierre-la-vie-des-idees\/","title":{"rendered":"L\u2019\u00e9puisement de Robespierre | La Vie des id\u00e9es"},"content":{"rendered":"<p><a href=\"https:\/\/i0.wp.com\/lyonelkaufmann.ch\/histoire\/wp-content\/uploads\/2012\/07\/arton1966-df3f4.jpg\"><img data-recalc-dims=\"1\" loading=\"lazy\" decoding=\"async\" class=\"alignleft size-full wp-image-5653\" title=\"\" src=\"https:\/\/i0.wp.com\/lyonelkaufmann.ch\/histoire\/wp-content\/uploads\/2012\/07\/arton1966-df3f4.jpg?resize=134%2C200\" alt=\"\" width=\"134\" height=\"200\" \/><\/a>Que peut-on encore \u00e9crire de neuf sur la vie de Robespierre, figure obs\u00e9dante de l\u2019imaginaire politique fran\u00e7ais\u00a0? L\u2019historien australien Peter McPhee a relev\u00e9 le d\u00e9fi, tentant de retrouver l\u2019homme derri\u00e8re les mythes qu\u2019il a suscit\u00e9s.<\/p>\n<p>Le compte-rendu de cet ouvrage offrira \u00e0 l&rsquo;enseignant une probl\u00e9matisation possible de ce personnage dans la R\u00e9volution:<\/p>\n<blockquote><p>La Terreur est-elle robespierriste\u00a0?<\/p><\/blockquote>\n<p>Ou autrement dit : Robespierre incarne-t-il \u00e0 lui seul la Terreur, telle qu\u2019elle a \u00e9t\u00e9 mise en place en septembre 1793, avec ses lois r\u00e9pressives et son gouvernement r\u00e9volutionnaire\u00a0?<\/p>\n<p>Lire le compte-rendu :\u00a0<a href=\"http:\/\/www.laviedesidees.fr\/L-epuisement-de-Robespierre.html\">L\u2019\u00e9puisement de Robespierre &#8211; La Vie des id\u00e9es<\/a>.<\/p>\n","protected":false},"excerpt":{"rendered":"<p>Que peut-on encore \u00e9crire de neuf sur la vie de Robespierre, figure obs\u00e9dante de l\u2019imaginaire politique fran\u00e7ais\u00a0? L\u2019historien australien Peter McPhee a relev\u00e9 le d\u00e9fi, tentant de retrouver l\u2019homme derri\u00e8re les mythes qu\u2019il a suscit\u00e9s. Le compte-rendu de cet ouvrage offrira \u00e0 l&rsquo;enseignant une probl\u00e9matisation possible de ce personnage dans la R\u00e9volution: La Terreur est-elle [&hellip;]<\/p>\n","protected":false},"author":1,"featured_media":14113,"comment_status":"open","ping_status":"open","sticky":false,"template":"","format":"standard","meta":{"_import_markdown_pro_load_document_selector":0,"_import_markdown_pro_submit_text_textarea":"","_genesis_hide_title":false,"_genesis_hide_breadcrumbs":false,"_genesis_hide_singular_image":false,"_genesis_hide_footer_widgets":false,"_genesis_custom_body_class":"","_genesis_custom_post_class":"","_genesis_layout":"","jetpack_post_was_ever_published":false,"_jetpack_newsletter_access":"","_jetpack_dont_email_post_to_subs":false,"_jetpack_newsletter_tier_id":0,"_jetpack_memberships_contains_paywalled_content":false,"_jetpack_memberships_contains_paid_content":false,"activitypub_content_warning":"","activitypub_content_visibility":"","activitypub_max_image_attachments":3,"activitypub_interaction_policy_quote":"anyone","activitypub_status":"","footnotes":"","jetpack_publicize_message":"","jetpack_publicize_feature_enabled":true,"jetpack_social_post_already_shared":true,"jetpack_social_options":{"image_generator_settings":{"template":"fullscreen","default_image_id":0,"font":"","enabled":false},"version":2}},"categories":[2],"tags":[],"class_list":{"0":"post-5648","1":"post","2":"type-post","3":"status-publish","4":"format-standard","5":"has-post-thumbnail","7":"category-histoire-2","8":"entry"},"jetpack_publicize_connections":[],"featured_image_src":"https:\/\/i0.wp.com\/lyonelkaufmann.ch\/Blog\/wp-content\/uploads\/2015\/03\/arton1966-df3f4.jpg?resize=134%2C200&ssl=1","featured_image_src_square":"https:\/\/i0.wp.com\/lyonelkaufmann.ch\/Blog\/wp-content\/uploads\/2015\/03\/arton1966-df3f4.jpg?resize=134%2C200&ssl=1","author_info":{"display_name":"Lyonel Kaufmann","author_link":"https:\/\/lyonelkaufmann.ch\/Blog\/author\/lyonelk\/"},"jetpack_featured_media_url":"https:\/\/i0.wp.com\/lyonelkaufmann.ch\/Blog\/wp-content\/uploads\/2015\/03\/arton1966-df3f4.jpg?fit=134%2C200&ssl=1","jetpack_sharing_enabled":true,"jetpack_shortlink":"https:\/\/wp.me\/p1qtF4-1t6","jetpack-related-posts":[{"id":5456,"url":"https:\/\/lyonelkaufmann.ch\/Blog\/2012\/05\/21\/la-page-facebook-de-marie-antoinette-lecole-de-demain\/","url_meta":{"origin":5648,"position":0},"title":"La page Facebook de Marie-Antoinette | L&rsquo;\u00c9COLE DE DEMAIN","author":"Lyonel Kaufmann","date":"21 mai 2012","format":false,"excerpt":"See on Scoop.it - histoire \u00abCe travail a eu lieu \u00e0 l\u2019occasion du th\u00e8me de 4e sur la R\u00e9volution fran\u00e7aise. Les \u00e9l\u00e8ves, par groupes, devait travailler la biographie des acteurs de la R\u00e9volution (Robespierre, Napol\u00e9on, Louis XVI\u2026). Ils disposaient de liens s\u00e9lectionn\u00e9s par mes soins mais pouvaient aussi effectuer des\u2026","rel":"","context":"Dans &quot;histoire&quot;","block_context":{"text":"histoire","link":"https:\/\/lyonelkaufmann.ch\/Blog\/category\/histoire-2\/"},"img":{"alt_text":"","src":"https:\/\/i0.wp.com\/lyonelkaufmann.ch\/Blog\/wp-content\/uploads\/2015\/03\/6RPslsweaIb5hKaQMBnS7Tl72eJkfbmt4t8yenImKBXEejxNn4ZJNZ2ss5Ku7Cxt.jpg?fit=300%2C225&ssl=1&resize=350%2C200","width":350,"height":200},"classes":[]},{"id":7919,"url":"https:\/\/lyonelkaufmann.ch\/Blog\/2014\/02\/20\/compte-rendu-les-visages-retrouves-de-la-terreur-sovietique-la-vie-des-idees\/","url_meta":{"origin":5648,"position":1},"title":"Compte-rendu : Les visages retrouv\u00e9s de la terreur sovi\u00e9tique | La vie des id\u00e9es","author":"Lyonel Kaufmann","date":"20 f\u00e9vrier 2014","format":false,"excerpt":"De la grande vague de massacres programm\u00e9s qui a caract\u00e9ris\u00e9 les ann\u00e9es 1937 et 1938 en URSS, on ne connaissait jusqu\u2019\u00e0 r\u00e9cemment que la version officielle. Accordant une place importante \u00e0 la photographie et \u00e0 l\u2019iconographie, le livre de Tomasz Kizny et Dominique Roynette revient sur le d\u00e9tail de cet\u2026","rel":"","context":"Dans &quot;histoire&quot;","block_context":{"text":"histoire","link":"https:\/\/lyonelkaufmann.ch\/Blog\/category\/histoire-2\/"},"img":{"alt_text":"","src":"https:\/\/i0.wp.com\/www.laviedesidees.fr\/local\/cache-vignettes\/L308xH355\/arton2523-c36e2.jpg?resize=350%2C200","width":350,"height":200},"classes":[]},{"id":4405,"url":"https:\/\/lyonelkaufmann.ch\/Blog\/2011\/12\/13\/revue-de-presse-12-decembre-2011\/","url_meta":{"origin":5648,"position":2},"title":"Revue de presse : enseigner \u00e0 l&rsquo;\u00e8re du num\u00e9rique","author":"Lyonel Kaufmann","date":"13 d\u00e9cembre 2011","format":false,"excerpt":"Des tablettes accueillies \u00e0 bras ouverts par toute la communaut\u00e9 \u00e9ducative |\u00a0LUDOVIA TV - Les exp\u00e9rimentations autour des tablettes num\u00e9riques se multiplient en France. Nouvel outil pour l'\u00e9cole d'aujourd'hui, il est abord\u00e9 d'une mani\u00e8re globalement positive par tous les membres de la communaut\u00e9 \u00e9ducative au Coll\u00e8ge Desaix \u00e0 Tarbes. Les\u2026","rel":"","context":"Dans &quot;histoire&quot;","block_context":{"text":"histoire","link":"https:\/\/lyonelkaufmann.ch\/Blog\/category\/histoire-2\/"},"img":{"alt_text":"","src":"https:\/\/i0.wp.com\/lyonelkaufmann.ch\/Blog\/wp-content\/uploads\/2015\/03\/blogcafe1.jpg?fit=1024%2C683&ssl=1&resize=350%2C200","width":350,"height":200,"srcset":"https:\/\/i0.wp.com\/lyonelkaufmann.ch\/Blog\/wp-content\/uploads\/2015\/03\/blogcafe1.jpg?fit=1024%2C683&ssl=1&resize=350%2C200 1x, https:\/\/i0.wp.com\/lyonelkaufmann.ch\/Blog\/wp-content\/uploads\/2015\/03\/blogcafe1.jpg?fit=1024%2C683&ssl=1&resize=525%2C300 1.5x, https:\/\/i0.wp.com\/lyonelkaufmann.ch\/Blog\/wp-content\/uploads\/2015\/03\/blogcafe1.jpg?fit=1024%2C683&ssl=1&resize=700%2C400 2x"},"classes":[]},{"id":15197,"url":"https:\/\/lyonelkaufmann.ch\/Blog\/2015\/09\/24\/lecture-corto-maltese-sous-le-soleil-de-minuit\/","url_meta":{"origin":5648,"position":3},"title":"Lecture : \u00ab Corto Maltese. Sous le soleil de minuit \u00bb","author":"Lyonel Kaufmann","date":"24 septembre 2015","format":false,"excerpt":"De retour de Venise, ayant notamment suivi les traces de Corto Maltese, la publication d'une nouvelle aventure de Corto Maltese m'interpelle\u2026 En voici la pr\u00e9sentation par l'\u00e9quipe du Monde des Livres.\u00a0 O\u00f9 l\u2019on retrouve Corto Maltese, vingt ans apr\u00e8s la mort d\u2019Hugo Pratt, dans une\u00a0histoire\u00a0dont lui seul peut\u00a0\u00eatre\u00a0le h\u00e9ros. Son\u2026","rel":"","context":"Dans &quot;Blogcaf\u00e9&quot;","block_context":{"text":"Blogcaf\u00e9","link":"https:\/\/lyonelkaufmann.ch\/Blog\/category\/blogcafe-2\/"},"img":{"alt_text":"","src":"https:\/\/i0.wp.com\/lyonelkaufmann.ch\/Blog\/wp-content\/uploads\/2015\/09\/4769211_6_841f_2015-09-23-3b9e83f-26535-1t8htpx_fed28eaefb2555bb8e850309e33fc8d2.jpg?fit=916%2C1200&ssl=1&resize=350%2C200","width":350,"height":200,"srcset":"https:\/\/i0.wp.com\/lyonelkaufmann.ch\/Blog\/wp-content\/uploads\/2015\/09\/4769211_6_841f_2015-09-23-3b9e83f-26535-1t8htpx_fed28eaefb2555bb8e850309e33fc8d2.jpg?fit=916%2C1200&ssl=1&resize=350%2C200 1x, https:\/\/i0.wp.com\/lyonelkaufmann.ch\/Blog\/wp-content\/uploads\/2015\/09\/4769211_6_841f_2015-09-23-3b9e83f-26535-1t8htpx_fed28eaefb2555bb8e850309e33fc8d2.jpg?fit=916%2C1200&ssl=1&resize=525%2C300 1.5x, https:\/\/i0.wp.com\/lyonelkaufmann.ch\/Blog\/wp-content\/uploads\/2015\/09\/4769211_6_841f_2015-09-23-3b9e83f-26535-1t8htpx_fed28eaefb2555bb8e850309e33fc8d2.jpg?fit=916%2C1200&ssl=1&resize=700%2C400 2x"},"classes":[]},{"id":7486,"url":"https:\/\/lyonelkaufmann.ch\/Blog\/2013\/09\/13\/revue-de-presse-le-roman-de-lhistoire-connectee-la-vie-des-idees\/","url_meta":{"origin":5648,"position":4},"title":"Compte-rendu : Le roman de l\u2019histoire connect\u00e9e | La Vie des id\u00e9es","author":"Lyonel Kaufmann","date":"13 septembre 2013","format":false,"excerpt":"Un recueil d\u2019articles r\u00e9v\u00e8le la diversit\u00e9 des registres et des th\u00e8mes abord\u00e9s par l\u2019historien Sanjay Subrahmanyam, de Vasco de Gama jusqu\u2019au 11 septembre 2001. Faisant preuve d\u2019un sens de l\u2019observation sociologique aigu et d\u2019une grande culture, c\u2019est par son esprit critique et sa libert\u00e9 de pens\u00e9e et d\u2019expression qu\u2019il surprend\u2026","rel":"","context":"Dans &quot;histoire&quot;","block_context":{"text":"histoire","link":"https:\/\/lyonelkaufmann.ch\/Blog\/category\/histoire-2\/"},"img":{"alt_text":"arton2396-a584e","src":"https:\/\/i0.wp.com\/lyonelkaufmann.ch\/histoire\/wp-content\/uploads\/2013\/09\/arton2396-a584e.jpg?resize=350%2C200","width":350,"height":200},"classes":[]},{"id":2602,"url":"https:\/\/lyonelkaufmann.ch\/Blog\/2010\/02\/25\/tolkien-medieval-la-vie-des-idees\/","url_meta":{"origin":5648,"position":5},"title":"Tolkien m\u00e9di\u00e9val | La vie des id\u00e9es","author":"Lyonel Kaufmann","date":"25 f\u00e9vrier 2010","format":false,"excerpt":"Ce compte-rendu de la Vie des id\u00e9es porte sur l'ouvrage Tolkien et le Moyen \u00c2ge, recueil d\u2019articles r\u00e9dig\u00e9s par des \u00e9tudiants en master et doctorat sous la direction de Leo Carruthers, professeur d\u2019anglais \u00e0 Paris IV Sorbonne et directeur du Centre d\u2019Etudes M\u00e9di\u00e9vales Anglaises (CEMA). Les diff\u00e9rents articles de ce\u2026","rel":"","context":"Dans &quot;histoire&quot;","block_context":{"text":"histoire","link":"https:\/\/lyonelkaufmann.ch\/Blog\/category\/histoire-2\/"},"img":{"alt_text":"","src":"https:\/\/i0.wp.com\/lyonelkaufmann.ch\/histoire\/wp-content\/uploads\/2010\/02\/arton229-af154.jpg?resize=350%2C200","width":350,"height":200},"classes":[]}],"jetpack_likes_enabled":true,"_links":{"self":[{"href":"https:\/\/lyonelkaufmann.ch\/Blog\/wp-json\/wp\/v2\/posts\/5648","targetHints":{"allow":["GET"]}}],"collection":[{"href":"https:\/\/lyonelkaufmann.ch\/Blog\/wp-json\/wp\/v2\/posts"}],"about":[{"href":"https:\/\/lyonelkaufmann.ch\/Blog\/wp-json\/wp\/v2\/types\/post"}],"author":[{"embeddable":true,"href":"https:\/\/lyonelkaufmann.ch\/Blog\/wp-json\/wp\/v2\/users\/1"}],"replies":[{"embeddable":true,"href":"https:\/\/lyonelkaufmann.ch\/Blog\/wp-json\/wp\/v2\/comments?post=5648"}],"version-history":[{"count":0,"href":"https:\/\/lyonelkaufmann.ch\/Blog\/wp-json\/wp\/v2\/posts\/5648\/revisions"}],"wp:featuredmedia":[{"embeddable":true,"href":"https:\/\/lyonelkaufmann.ch\/Blog\/wp-json\/wp\/v2\/media\/14113"}],"wp:attachment":[{"href":"https:\/\/lyonelkaufmann.ch\/Blog\/wp-json\/wp\/v2\/media?parent=5648"}],"wp:term":[{"taxonomy":"category","embeddable":true,"href":"https:\/\/lyonelkaufmann.ch\/Blog\/wp-json\/wp\/v2\/categories?post=5648"},{"taxonomy":"post_tag","embeddable":true,"href":"https:\/\/lyonelkaufmann.ch\/Blog\/wp-json\/wp\/v2\/tags?post=5648"}],"curies":[{"name":"wp","href":"https:\/\/api.w.org\/{rel}","templated":true}]}}