{"id":5687,"date":"2012-07-29T09:02:20","date_gmt":"2012-07-29T09:02:20","guid":{"rendered":"http:\/\/lyonelkaufmann.ch\/histoire\/?p=5687"},"modified":"2012-07-29T09:02:20","modified_gmt":"2012-07-29T09:02:20","slug":"histoire-orale-et-temoignages-quelques-conseils-de-lectures","status":"publish","type":"post","link":"https:\/\/lyonelkaufmann.ch\/Blog\/2012\/07\/29\/histoire-orale-et-temoignages-quelques-conseils-de-lectures\/","title":{"rendered":"Histoire orale et t\u00e9moignages : quelques conseils de lectures"},"content":{"rendered":"<p>See on <a style=\"font-weight:bold;font-size:18px;\" href=\"http:\/\/www.scoop.it\/t\/histoire\/p\/2264955615\/histoire-orale-et-temoignages-quelques-conseils-de-lectures\">Scoop.it<\/a> &#8211; <a href=\"http:\/\/www.scoop.it\/t\/histoire\">histoire<\/a><br \/>\n<a href=\"http:\/\/www.scoop.it\/t\/histoire\/p\/2264955615\/histoire-orale-et-temoignages-quelques-conseils-de-lectures\"><img loading=\"lazy\" decoding=\"async\" class=\"alignleft\" src=\"http:\/\/img.scoop.it\/oXcXkcLqTcITMZmUKYSXczl72eJkfbmt4t8yenImKBXEejxNn4ZJNZ2ss5Ku7Cxt\" alt=\"\" width=\"129\" height=\"178\" \/><\/a><br \/>\nUn billet pour signaler la mise en ligne, en libre acc\u0117s sur Revues.org (depuis octobre 2011) d&rsquo;un ouvrage fondamental pour quiconque s&rsquo;int\u00e9resse \u00e0 l&rsquo;histoire orale d&rsquo;un point de vue g\u00e9n\u00e9ral, et \u00e0 la constitution d&rsquo;un corpus&#8230;<br \/>\nSee on <a href=\"http:\/\/devhist.hypotheses.org\/1345\">devhist.hypotheses.org<\/a><\/p>\n","protected":false},"excerpt":{"rendered":"<p>See on Scoop.it &#8211; histoire Un billet pour signaler la mise en ligne, en libre acc\u0117s sur Revues.org (depuis octobre 2011) d&rsquo;un ouvrage fondamental pour quiconque s&rsquo;int\u00e9resse \u00e0 l&rsquo;histoire orale d&rsquo;un point de vue g\u00e9n\u00e9ral, et \u00e0 la constitution d&rsquo;un corpus&#8230; See on devhist.hypotheses.org<\/p>\n","protected":false},"author":1,"featured_media":14115,"comment_status":"open","ping_status":"open","sticky":false,"template":"","format":"standard","meta":{"_import_markdown_pro_load_document_selector":0,"_import_markdown_pro_submit_text_textarea":"","_genesis_hide_title":false,"_genesis_hide_breadcrumbs":false,"_genesis_hide_singular_image":false,"_genesis_hide_footer_widgets":false,"_genesis_custom_body_class":"","_genesis_custom_post_class":"","_genesis_layout":"","jetpack_post_was_ever_published":false,"_jetpack_newsletter_access":"","_jetpack_dont_email_post_to_subs":false,"_jetpack_newsletter_tier_id":0,"_jetpack_memberships_contains_paywalled_content":false,"_jetpack_memberships_contains_paid_content":false,"activitypub_content_warning":"","activitypub_content_visibility":"","activitypub_max_image_attachments":3,"activitypub_interaction_policy_quote":"anyone","activitypub_status":"","footnotes":"","jetpack_publicize_message":"","jetpack_publicize_feature_enabled":true,"jetpack_social_post_already_shared":true,"jetpack_social_options":{"image_generator_settings":{"template":"fullscreen","default_image_id":0,"font":"","enabled":false},"version":2}},"categories":[2],"tags":[],"class_list":{"0":"post-5687","1":"post","2":"type-post","3":"status-publish","4":"format-standard","5":"has-post-thumbnail","7":"category-histoire-2","8":"entry"},"jetpack_publicize_connections":[],"featured_image_src":"https:\/\/i0.wp.com\/lyonelkaufmann.ch\/Blog\/wp-content\/uploads\/2015\/03\/oXcXkcLqTcITMZmUKYSXczl72eJkfbmt4t8yenImKBXEejxNn4ZJNZ2ss5Ku7Cxt.jpg?resize=215%2C296&ssl=1","featured_image_src_square":"https:\/\/i0.wp.com\/lyonelkaufmann.ch\/Blog\/wp-content\/uploads\/2015\/03\/oXcXkcLqTcITMZmUKYSXczl72eJkfbmt4t8yenImKBXEejxNn4ZJNZ2ss5Ku7Cxt.jpg?resize=215%2C296&ssl=1","author_info":{"display_name":"Lyonel Kaufmann","author_link":"https:\/\/lyonelkaufmann.ch\/Blog\/author\/lyonelk\/"},"jetpack_featured_media_url":"https:\/\/i0.wp.com\/lyonelkaufmann.ch\/Blog\/wp-content\/uploads\/2015\/03\/oXcXkcLqTcITMZmUKYSXczl72eJkfbmt4t8yenImKBXEejxNn4ZJNZ2ss5Ku7Cxt.jpg?fit=215%2C296&ssl=1","jetpack_sharing_enabled":true,"jetpack_shortlink":"https:\/\/wp.me\/p1qtF4-1tJ","jetpack-related-posts":[{"id":7728,"url":"https:\/\/lyonelkaufmann.ch\/Blog\/2006\/08\/27\/lecriture-marque-t-elle-le-passage-a-lhistoire\/","url_meta":{"origin":5687,"position":0},"title":"L&rsquo;\u00e9criture marque-t-elle le passage \u00e0 l&rsquo;histoire ?","author":"Lyonel Kaufmann","date":"27 ao\u00fbt 2006","format":false,"excerpt":"\"Tout comme les hommes pr\u00e9historiques , les populations non europ\u00e9ennes ont longtemps \u00e9t\u00e9 per\u00e7ues comme arri\u00e9r\u00e9es . En effet, l'\u00e9criture repr\u00e9sentant pour les historiens occidentaux, la condition pour passer de la pr\u00e9histoire \u00e0 l'histoire, on a pr\u00e9tendu que les peuples qui ne l'utilisaient pas stagnaient dans une p\u00e9riode ant\u00e9rieure \u00e0\u2026","rel":"","context":"Dans &quot;histoire&quot;","block_context":{"text":"histoire","link":"https:\/\/lyonelkaufmann.ch\/Blog\/category\/histoire-2\/"},"img":{"alt_text":"","src":"https:\/\/i0.wp.com\/lyonelkaufmann.ch\/Blog\/wp-content\/uploads\/2015\/03\/blogcafe1.jpg?fit=1024%2C683&ssl=1&resize=350%2C200","width":350,"height":200,"srcset":"https:\/\/i0.wp.com\/lyonelkaufmann.ch\/Blog\/wp-content\/uploads\/2015\/03\/blogcafe1.jpg?fit=1024%2C683&ssl=1&resize=350%2C200 1x, https:\/\/i0.wp.com\/lyonelkaufmann.ch\/Blog\/wp-content\/uploads\/2015\/03\/blogcafe1.jpg?fit=1024%2C683&ssl=1&resize=525%2C300 1.5x, https:\/\/i0.wp.com\/lyonelkaufmann.ch\/Blog\/wp-content\/uploads\/2015\/03\/blogcafe1.jpg?fit=1024%2C683&ssl=1&resize=700%2C400 2x"},"classes":[]},{"id":7208,"url":"https:\/\/lyonelkaufmann.ch\/Blog\/2013\/07\/15\/revue-de-presse-shoah-entre-impression-de-reel-et-recit-realiste-cinemadoc\/","url_meta":{"origin":5687,"position":1},"title":"Revue de presse : Shoah, entre impression de r\u00e9el et r\u00e9cit r\u00e9aliste | Cin\u00e9madoc","author":"Lyonel Kaufmann","date":"15 juillet 2013","format":false,"excerpt":"La recherche de R\u00e9my Besson sur le film Shoah permet d\u2019\u00e9tablir que le r\u00e9gime de v\u00e9rit\u00e9 dont Shoah rel\u00e8ve n\u2019est pas celui de l\u2019histoire orale, mais bien de celui d\u2019un film de cin\u00e9ma extr\u00eamement construit, aussi bien lors du tournage que lors du montage. Seul un travail en archive permet\u2026","rel":"","context":"Dans &quot;histoire&quot;","block_context":{"text":"histoire","link":"https:\/\/lyonelkaufmann.ch\/Blog\/category\/histoire-2\/"},"img":{"alt_text":"","src":"https:\/\/i0.wp.com\/lyonelkaufmann.ch\/Blog\/wp-content\/uploads\/2015\/03\/blogcafe1.jpg?fit=1024%2C683&ssl=1&resize=350%2C200","width":350,"height":200,"srcset":"https:\/\/i0.wp.com\/lyonelkaufmann.ch\/Blog\/wp-content\/uploads\/2015\/03\/blogcafe1.jpg?fit=1024%2C683&ssl=1&resize=350%2C200 1x, https:\/\/i0.wp.com\/lyonelkaufmann.ch\/Blog\/wp-content\/uploads\/2015\/03\/blogcafe1.jpg?fit=1024%2C683&ssl=1&resize=525%2C300 1.5x, https:\/\/i0.wp.com\/lyonelkaufmann.ch\/Blog\/wp-content\/uploads\/2015\/03\/blogcafe1.jpg?fit=1024%2C683&ssl=1&resize=700%2C400 2x"},"classes":[]},{"id":7043,"url":"https:\/\/lyonelkaufmann.ch\/Blog\/2013\/04\/26\/lesclavage-comprendre-son-histoire\/","url_meta":{"origin":5687,"position":2},"title":"L&rsquo;esclavage, comprendre son histoire","author":"Lyonel Kaufmann","date":"26 avril 2013","format":false,"excerpt":"See on Scoop.it - histoire Apparu dans l'antiquit\u00e9, l'esclavage a parcouru les si\u00e8cles et est aujourd'hui toujours d'actualit\u00e9. Quelle est son histoire ?See on education.francetv.fr","rel":"","context":"Dans &quot;histoire&quot;","block_context":{"text":"histoire","link":"https:\/\/lyonelkaufmann.ch\/Blog\/category\/histoire-2\/"},"img":{"alt_text":"","src":"https:\/\/i0.wp.com\/lyonelkaufmann.ch\/Blog\/wp-content\/uploads\/2015\/03\/AVbzJaGZqD7Eu3JM4-de7zl72eJkfbmt4t8yenImKBXEejxNn4ZJNZ2ss5Ku7Cxt.jpg?fit=442%2C340&ssl=1&resize=350%2C200","width":350,"height":200},"classes":[]},{"id":7079,"url":"https:\/\/lyonelkaufmann.ch\/Blog\/2013\/05\/16\/la-longue-histoire-de-lhistoire-globale-quelques-jalons-histoire-globale\/","url_meta":{"origin":5687,"position":3},"title":"La longue histoire de l\u2019histoire globale : quelques jalons \u00ab Histoire Globale","author":"Lyonel Kaufmann","date":"16 mai 2013","format":false,"excerpt":"See on Scoop.it - histoireLyonel Kaufmann's insight:\u00c0 l\u2019heure o\u00f9 l\u2019histoire globale conna\u00eet un essor remarquable, Chloe Maurel en retrace l\u2019histoire, en identifie les origines, afin de bien voir par quoi ce courant innove et par quoi il s\u2019inscrit dans une continuit\u00e9 par rapport \u00e0 l\u2019historiographie pass\u00e9e.See on blogs.histoireglobale.com","rel":"","context":"Dans &quot;histoire&quot;","block_context":{"text":"histoire","link":"https:\/\/lyonelkaufmann.ch\/Blog\/category\/histoire-2\/"},"img":{"alt_text":"","src":"https:\/\/i0.wp.com\/lyonelkaufmann.ch\/Blog\/wp-content\/uploads\/2015\/03\/blogcafe1.jpg?fit=1024%2C683&ssl=1&resize=350%2C200","width":350,"height":200,"srcset":"https:\/\/i0.wp.com\/lyonelkaufmann.ch\/Blog\/wp-content\/uploads\/2015\/03\/blogcafe1.jpg?fit=1024%2C683&ssl=1&resize=350%2C200 1x, https:\/\/i0.wp.com\/lyonelkaufmann.ch\/Blog\/wp-content\/uploads\/2015\/03\/blogcafe1.jpg?fit=1024%2C683&ssl=1&resize=525%2C300 1.5x, https:\/\/i0.wp.com\/lyonelkaufmann.ch\/Blog\/wp-content\/uploads\/2015\/03\/blogcafe1.jpg?fit=1024%2C683&ssl=1&resize=700%2C400 2x"},"classes":[]},{"id":6917,"url":"https:\/\/lyonelkaufmann.ch\/Blog\/2013\/04\/11\/des-nouveautes-en-histoire-du-troisieme-reich\/","url_meta":{"origin":5687,"position":4},"title":"Des nouveaut\u00e9s en histoire du Troisi\u00e8me Reich","author":"Lyonel Kaufmann","date":"11 avril 2013","format":false,"excerpt":"See on Scoop.it - histoire Le dernier num\u00e9ro du Journal for Historical Social Research (HSR) explore la sociographie du national-socialisme. http:\/\/www.gesis.org\/en\/hsr\/current-issues\/. Une recension (tardive) dans H-Net d'u...See on tristanlandry.com","rel":"","context":"Dans &quot;histoire&quot;","block_context":{"text":"histoire","link":"https:\/\/lyonelkaufmann.ch\/Blog\/category\/histoire-2\/"},"img":{"alt_text":"","src":"https:\/\/i0.wp.com\/lyonelkaufmann.ch\/Blog\/wp-content\/uploads\/2015\/03\/OyiTvcZ3IXeBkdCoqM9NRjl72eJkfbmt4t8yenImKBXEejxNn4ZJNZ2ss5Ku7Cxt.jpg?fit=261%2C261&ssl=1&resize=350%2C200","width":350,"height":200},"classes":[]},{"id":6332,"url":"https:\/\/lyonelkaufmann.ch\/Blog\/2012\/10\/27\/la-mise-en-monde-de-lhumanite-plaidoyer-pour-lenseignement-dune-histoire-globale-aggiornamento-hist-geo\/","url_meta":{"origin":5687,"position":5},"title":"La mise en Monde de l\u2019humanit\u00e9 : plaidoyer pour l\u2019enseignement d\u2019une histoire globale | aggiornamento hist-geo","author":"Lyonel Kaufmann","date":"27 octobre 2012","format":false,"excerpt":"See on Scoop.it - histoireA l\u2019occasion de la parution d\u2019un ouvrage qui recoupe quelques unes de nos pr\u00e9occupations, Vincent Capdepuy, co-auteur, et les \u00e9ditions Sciences humaines ont autoris\u00e9 la reproduction sur aggiornamento d\u2019une partie de l\u2019article intitul\u00e9 \u201cL\u2019histoire globale par les sources : plaidoyer pour l\u2019enseignement d\u2019une histoire globale\u201d. Nous\u2026","rel":"","context":"Dans &quot;histoire&quot;","block_context":{"text":"histoire","link":"https:\/\/lyonelkaufmann.ch\/Blog\/category\/histoire-2\/"},"img":{"alt_text":"","src":"","width":0,"height":0},"classes":[]}],"jetpack_likes_enabled":true,"_links":{"self":[{"href":"https:\/\/lyonelkaufmann.ch\/Blog\/wp-json\/wp\/v2\/posts\/5687","targetHints":{"allow":["GET"]}}],"collection":[{"href":"https:\/\/lyonelkaufmann.ch\/Blog\/wp-json\/wp\/v2\/posts"}],"about":[{"href":"https:\/\/lyonelkaufmann.ch\/Blog\/wp-json\/wp\/v2\/types\/post"}],"author":[{"embeddable":true,"href":"https:\/\/lyonelkaufmann.ch\/Blog\/wp-json\/wp\/v2\/users\/1"}],"replies":[{"embeddable":true,"href":"https:\/\/lyonelkaufmann.ch\/Blog\/wp-json\/wp\/v2\/comments?post=5687"}],"version-history":[{"count":0,"href":"https:\/\/lyonelkaufmann.ch\/Blog\/wp-json\/wp\/v2\/posts\/5687\/revisions"}],"wp:featuredmedia":[{"embeddable":true,"href":"https:\/\/lyonelkaufmann.ch\/Blog\/wp-json\/wp\/v2\/media\/14115"}],"wp:attachment":[{"href":"https:\/\/lyonelkaufmann.ch\/Blog\/wp-json\/wp\/v2\/media?parent=5687"}],"wp:term":[{"taxonomy":"category","embeddable":true,"href":"https:\/\/lyonelkaufmann.ch\/Blog\/wp-json\/wp\/v2\/categories?post=5687"},{"taxonomy":"post_tag","embeddable":true,"href":"https:\/\/lyonelkaufmann.ch\/Blog\/wp-json\/wp\/v2\/tags?post=5687"}],"curies":[{"name":"wp","href":"https:\/\/api.w.org\/{rel}","templated":true}]}}