{"id":5705,"date":"2012-08-02T18:39:35","date_gmt":"2012-08-02T18:39:35","guid":{"rendered":"http:\/\/lyonelkaufmann.ch\/histoire\/?p=5705"},"modified":"2012-08-02T18:39:35","modified_gmt":"2012-08-02T18:39:35","slug":"les-enfants-dans-la-shoah-1933-1945-au-coeur-du-genocide","status":"publish","type":"post","link":"https:\/\/lyonelkaufmann.ch\/Blog\/2012\/08\/02\/les-enfants-dans-la-shoah-1933-1945-au-coeur-du-genocide\/","title":{"rendered":"Les enfants dans la Shoah, 1933-1945, au c\u0153ur du g\u00e9nocide"},"content":{"rendered":"<p>See on <a style=\"font-weight:bold;font-size:18px;\" href=\"http:\/\/www.scoop.it\/t\/histoire\/p\/2264954290\/les-enfants-dans-la-shoah-1933-1945-au-c-ur-du-genocide\">Scoop.it<\/a> &#8211; <a href=\"http:\/\/www.scoop.it\/t\/histoire\">histoire<\/a><br \/>\n<a href=\"http:\/\/www.scoop.it\/t\/histoire\/p\/2264954290\/les-enfants-dans-la-shoah-1933-1945-au-c-ur-du-genocide\"><img decoding=\"async\" src=\"http:\/\/img.scoop.it\/74592CSKAnFvDyN1IyHsDjl72eJkfbmt4t8yenImKBXEejxNn4ZJNZ2ss5Ku7Cxt\" alt=\"\" \/><\/a><br \/>\nUn million et demi d&rsquo;enfants juifs de moins de 15 ans ont \u00e9t\u00e9 assassin\u00e9s en Europe durant la Shoah. Le fondement de cette mise \u00e0 mort des victimes ne repose que sur le crime d&rsquo;\u00eatre n\u00e9 et sur lui seul. Heinrich Himmler dans un discours prononc\u00e9 \u00e0 Posen en octobre 1943 d\u00e9clare : \u00ab Je ne me sentais en effet pas le droit d&rsquo;exterminer les hommes [\u2026] et de laisser grandir les enfants qui se vengeraient sur nos enfants et nos descendants. Il a fallu prendre la grave d\u00e9cision de faire dispara\u00eetre ce peuple de la terre. \u00bb De ces enfants, il nous est parvenu des lettres, r\u00e9cits, journaux, dessins, t\u00e9moignages intimes et spontan\u00e9s.<br \/>\nSee on <a href=\"http:\/\/enfants-shoah.memorialdelashoah.org\/home.html\">enfants-shoah.memorialdelashoah.org<\/a><\/p>\n","protected":false},"excerpt":{"rendered":"<p>See on Scoop.it &#8211; histoire Un million et demi d&rsquo;enfants juifs de moins de 15 ans ont \u00e9t\u00e9 assassin\u00e9s en Europe durant la Shoah. Le fondement de cette mise \u00e0 mort des victimes ne repose que sur le crime d&rsquo;\u00eatre n\u00e9 et sur lui seul. Heinrich Himmler dans un discours prononc\u00e9 \u00e0 Posen en octobre [&hellip;]<\/p>\n","protected":false},"author":1,"featured_media":14116,"comment_status":"open","ping_status":"open","sticky":false,"template":"","format":"standard","meta":{"_import_markdown_pro_load_document_selector":0,"_import_markdown_pro_submit_text_textarea":"","_genesis_hide_title":false,"_genesis_hide_breadcrumbs":false,"_genesis_hide_singular_image":false,"_genesis_hide_footer_widgets":false,"_genesis_custom_body_class":"","_genesis_custom_post_class":"","_genesis_layout":"","jetpack_post_was_ever_published":false,"_jetpack_newsletter_access":"","_jetpack_dont_email_post_to_subs":false,"_jetpack_newsletter_tier_id":0,"_jetpack_memberships_contains_paywalled_content":false,"_jetpack_memberships_contains_paid_content":false,"activitypub_content_warning":"","activitypub_content_visibility":"","activitypub_max_image_attachments":3,"activitypub_interaction_policy_quote":"anyone","activitypub_status":"","footnotes":"","jetpack_publicize_message":"","jetpack_publicize_feature_enabled":true,"jetpack_social_post_already_shared":true,"jetpack_social_options":{"image_generator_settings":{"template":"fullscreen","default_image_id":0,"font":"","enabled":false},"version":2}},"categories":[2],"tags":[],"class_list":{"0":"post-5705","1":"post","2":"type-post","3":"status-publish","4":"format-standard","5":"has-post-thumbnail","7":"category-histoire-2","8":"entry"},"jetpack_publicize_connections":[],"featured_image_src":"https:\/\/i0.wp.com\/lyonelkaufmann.ch\/Blog\/wp-content\/uploads\/2015\/03\/74592CSKAnFvDyN1IyHsDjl72eJkfbmt4t8yenImKBXEejxNn4ZJNZ2ss5Ku7Cxt.jpg?resize=500%2C250&ssl=1","featured_image_src_square":"https:\/\/i0.wp.com\/lyonelkaufmann.ch\/Blog\/wp-content\/uploads\/2015\/03\/74592CSKAnFvDyN1IyHsDjl72eJkfbmt4t8yenImKBXEejxNn4ZJNZ2ss5Ku7Cxt.jpg?resize=500%2C250&ssl=1","author_info":{"display_name":"Lyonel Kaufmann","author_link":"https:\/\/lyonelkaufmann.ch\/Blog\/author\/lyonelk\/"},"jetpack_featured_media_url":"https:\/\/i0.wp.com\/lyonelkaufmann.ch\/Blog\/wp-content\/uploads\/2015\/03\/74592CSKAnFvDyN1IyHsDjl72eJkfbmt4t8yenImKBXEejxNn4ZJNZ2ss5Ku7Cxt.jpg?fit=500%2C250&ssl=1","jetpack_sharing_enabled":true,"jetpack_shortlink":"https:\/\/wp.me\/p1qtF4-1u1","jetpack-related-posts":[{"id":286,"url":"https:\/\/lyonelkaufmann.ch\/Blog\/2008\/02\/14\/chaque-colier-devra-connatre-une-victime-de-la-shoah-france\/","url_meta":{"origin":5705,"position":0},"title":"Chaque \u00e9colier devra conna\u00eetre une victime de la Shoah (France)","author":"Lyonel Kaufmann","date":"14 f\u00e9vrier 2008","format":false,"excerpt":"La d\u00e9p\u00eache de l'AFP: Sarkozy: \u00e0 chaque enfant de CM2, la m\u00e9moire d'un enfant victime de la Shoah Le pr\u00e9sident Nicolas Sarkozy a annonc\u00e9 mercredi qu'il voulait qu'\u00e0 partir de la rentr\u00e9e scolaire 2008 chaque \u00e9l\u00e8ve de la classe primaire de CM2 se voie \"confier la m\u00e9moire\" d'un enfant fran\u00e7ais\u2026","rel":"","context":"Dans &quot;histoire&quot;","block_context":{"text":"histoire","link":"https:\/\/lyonelkaufmann.ch\/Blog\/category\/histoire-2\/"},"img":{"alt_text":"","src":"https:\/\/i0.wp.com\/lyonelkaufmann.ch\/Blog\/wp-content\/uploads\/2015\/03\/blogcafe1.jpg?fit=1024%2C683&ssl=1&resize=350%2C200","width":350,"height":200,"srcset":"https:\/\/i0.wp.com\/lyonelkaufmann.ch\/Blog\/wp-content\/uploads\/2015\/03\/blogcafe1.jpg?fit=1024%2C683&ssl=1&resize=350%2C200 1x, https:\/\/i0.wp.com\/lyonelkaufmann.ch\/Blog\/wp-content\/uploads\/2015\/03\/blogcafe1.jpg?fit=1024%2C683&ssl=1&resize=525%2C300 1.5x, https:\/\/i0.wp.com\/lyonelkaufmann.ch\/Blog\/wp-content\/uploads\/2015\/03\/blogcafe1.jpg?fit=1024%2C683&ssl=1&resize=700%2C400 2x"},"classes":[]},{"id":331,"url":"https:\/\/lyonelkaufmann.ch\/Blog\/2008\/06\/19\/lenseignement-de-la-shoah-oublie-sarkozy\/","url_meta":{"origin":5705,"position":1},"title":"L&rsquo;enseignement de la Shoah oublie Sarkozy","author":"Lyonel Kaufmann","date":"19 juin 2008","format":false,"excerpt":"Source: L'Expresso du 19 Juin 2008: \"L'enseignement de la Shoah oublie Sarkozy\" La mission Waysbord-Loing sur l'enseignement de la Shoah au CM2 a remis le\u00a018 juin son rapport au ministre de l'\u00e9ducation nationale. Cette mission avait \u00e9tait mise en place suite \u00e0 la pol\u00e9mique d\u00e9clench\u00e9e par la volont\u00e9 de Nicolas\u2026","rel":"","context":"Dans &quot;histoire&quot;","block_context":{"text":"histoire","link":"https:\/\/lyonelkaufmann.ch\/Blog\/category\/histoire-2\/"},"img":{"alt_text":"","src":"https:\/\/i0.wp.com\/lyonelkaufmann.ch\/Blog\/wp-content\/uploads\/2015\/03\/blogcafe1.jpg?fit=1024%2C683&ssl=1&resize=350%2C200","width":350,"height":200,"srcset":"https:\/\/i0.wp.com\/lyonelkaufmann.ch\/Blog\/wp-content\/uploads\/2015\/03\/blogcafe1.jpg?fit=1024%2C683&ssl=1&resize=350%2C200 1x, https:\/\/i0.wp.com\/lyonelkaufmann.ch\/Blog\/wp-content\/uploads\/2015\/03\/blogcafe1.jpg?fit=1024%2C683&ssl=1&resize=525%2C300 1.5x, https:\/\/i0.wp.com\/lyonelkaufmann.ch\/Blog\/wp-content\/uploads\/2015\/03\/blogcafe1.jpg?fit=1024%2C683&ssl=1&resize=700%2C400 2x"},"classes":[]},{"id":5313,"url":"https:\/\/lyonelkaufmann.ch\/Blog\/2012\/04\/19\/la-grande-pauvrete-des-rescapes-de-la-shoah-en-israel-slate\/","url_meta":{"origin":5705,"position":2},"title":"La grande pauvret\u00e9 des rescap\u00e9s de la Shoah en Isra\u00ebl | Slate","author":"Lyonel Kaufmann","date":"19 avril 2012","format":false,"excerpt":"See on Scoop.it - histoire Pr\u00e8s de 200.000 survivants de la Shoah vivent en Isra\u00ebl. Mais pr\u00e8s d\u2019un quart d\u2019entre eux vivent sous le seuil de pauvret\u00e9 et presque la moiti\u00e9 souffre de solitude.See on www.slate.fr","rel":"","context":"Dans &quot;histoire&quot;","block_context":{"text":"histoire","link":"https:\/\/lyonelkaufmann.ch\/Blog\/category\/histoire-2\/"},"img":{"alt_text":"","src":"https:\/\/i0.wp.com\/lyonelkaufmann.ch\/Blog\/wp-content\/uploads\/2015\/03\/TERuWqTZy1bK3sW8k112vzl72eJkfbmt4t8yenImKBXEejxNn4ZJNZ2ss5Ku7Cxt.jpg?fit=500%2C275&ssl=1&resize=350%2C200","width":350,"height":200},"classes":[]},{"id":4937,"url":"https:\/\/lyonelkaufmann.ch\/Blog\/2012\/01\/24\/e-dossier-la-suisse-les-refugies-et-la-shoah-dodis-ch\/","url_meta":{"origin":5705,"position":3},"title":"e-Dossier: La Suisse, les r\u00e9fugi\u00e9s et la Shoah | dodis.ch","author":"Lyonel Kaufmann","date":"24 janvier 2012","format":false,"excerpt":"Les Documents diplomatiques suisses (dodis.ch) publient un dossier d'archives qui fera date relativement \u00e0 l'histoire de la Suisse\u00a0durant la Deuxi\u00e8me Guerre mondiale En effet, ce dossier retraee les relations internationales de la Suisse entre 1933 et 1945. Pour les auteurs, le dossier doit permettre notamment de trouver des \u00e9l\u00e9ments de\u2026","rel":"","context":"Dans &quot;histoire&quot;","block_context":{"text":"histoire","link":"https:\/\/lyonelkaufmann.ch\/Blog\/category\/histoire-2\/"},"img":{"alt_text":"","src":"https:\/\/i0.wp.com\/lyonelkaufmann.ch\/Blog\/wp-content\/uploads\/2015\/03\/blogcafe1.jpg?fit=1024%2C683&ssl=1&resize=350%2C200","width":350,"height":200,"srcset":"https:\/\/i0.wp.com\/lyonelkaufmann.ch\/Blog\/wp-content\/uploads\/2015\/03\/blogcafe1.jpg?fit=1024%2C683&ssl=1&resize=350%2C200 1x, https:\/\/i0.wp.com\/lyonelkaufmann.ch\/Blog\/wp-content\/uploads\/2015\/03\/blogcafe1.jpg?fit=1024%2C683&ssl=1&resize=525%2C300 1.5x, https:\/\/i0.wp.com\/lyonelkaufmann.ch\/Blog\/wp-content\/uploads\/2015\/03\/blogcafe1.jpg?fit=1024%2C683&ssl=1&resize=700%2C400 2x"},"classes":[]},{"id":5568,"url":"https:\/\/lyonelkaufmann.ch\/Blog\/2012\/06\/22\/revue-de-presse-enseigner-lhistoire-de-la-shoah-memorial-de-la-shoah\/","url_meta":{"origin":5705,"position":4},"title":"Revue de presse : Enseigner l&rsquo;histoire de la Shoah |\u00a0M\u00e9morial de la Shoah","author":"Lyonel Kaufmann","date":"22 juin 2012","format":false,"excerpt":"Le M\u00e9morial de la Shoah et le minist\u00e8re de l'\u00e9ducation nationale ont ouvert le 27 mars un nouveau site destin\u00e9 aux enseignants.Il propose des s\u00e9quences adaptables pour la classe du primaire au lyc\u00e9e. Le site propose des fiches historique th\u00e9matiques, des documents d'archive et de nombreux documents p\u00e9dagogiques. Les enseignants\u2026","rel":"","context":"Dans &quot;histoire&quot;","block_context":{"text":"histoire","link":"https:\/\/lyonelkaufmann.ch\/Blog\/category\/histoire-2\/"},"img":{"alt_text":"","src":"https:\/\/i0.wp.com\/lyonelkaufmann.ch\/Blog\/wp-content\/uploads\/2015\/03\/blogcafe1.jpg?fit=1024%2C683&ssl=1&resize=350%2C200","width":350,"height":200,"srcset":"https:\/\/i0.wp.com\/lyonelkaufmann.ch\/Blog\/wp-content\/uploads\/2015\/03\/blogcafe1.jpg?fit=1024%2C683&ssl=1&resize=350%2C200 1x, https:\/\/i0.wp.com\/lyonelkaufmann.ch\/Blog\/wp-content\/uploads\/2015\/03\/blogcafe1.jpg?fit=1024%2C683&ssl=1&resize=525%2C300 1.5x, https:\/\/i0.wp.com\/lyonelkaufmann.ch\/Blog\/wp-content\/uploads\/2015\/03\/blogcafe1.jpg?fit=1024%2C683&ssl=1&resize=700%2C400 2x"},"classes":[]},{"id":5644,"url":"https:\/\/lyonelkaufmann.ch\/Blog\/2012\/07\/20\/revue-de-presse-enseigner-lhistoire-de-la-shoah-memorial-de-la-shoah-2\/","url_meta":{"origin":5705,"position":5},"title":"Revue de presse : Enseigner l&rsquo;histoire de la Shoah |\u00a0M\u00e9morial de la Shoah","author":"Lyonel Kaufmann","date":"20 juillet 2012","format":false,"excerpt":"Le M\u00e9morial de la Shoah et le minist\u00e8re de l'\u00e9ducation nationale ont ouvert le 27 mars un nouveau site destin\u00e9 aux enseignants.Il propose des s\u00e9quences adaptables pour la classe du primaire au lyc\u00e9e. Le site propose des fiches historique th\u00e9matiques, des documents d'archive et de nombreux documents p\u00e9dagogiques. Les enseignants\u2026","rel":"","context":"Dans &quot;histoire&quot;","block_context":{"text":"histoire","link":"https:\/\/lyonelkaufmann.ch\/Blog\/category\/histoire-2\/"},"img":{"alt_text":"","src":"https:\/\/i0.wp.com\/lyonelkaufmann.ch\/Blog\/wp-content\/uploads\/2015\/03\/blogcafe1.jpg?fit=1024%2C683&ssl=1&resize=350%2C200","width":350,"height":200,"srcset":"https:\/\/i0.wp.com\/lyonelkaufmann.ch\/Blog\/wp-content\/uploads\/2015\/03\/blogcafe1.jpg?fit=1024%2C683&ssl=1&resize=350%2C200 1x, https:\/\/i0.wp.com\/lyonelkaufmann.ch\/Blog\/wp-content\/uploads\/2015\/03\/blogcafe1.jpg?fit=1024%2C683&ssl=1&resize=525%2C300 1.5x, https:\/\/i0.wp.com\/lyonelkaufmann.ch\/Blog\/wp-content\/uploads\/2015\/03\/blogcafe1.jpg?fit=1024%2C683&ssl=1&resize=700%2C400 2x"},"classes":[]}],"jetpack_likes_enabled":true,"_links":{"self":[{"href":"https:\/\/lyonelkaufmann.ch\/Blog\/wp-json\/wp\/v2\/posts\/5705","targetHints":{"allow":["GET"]}}],"collection":[{"href":"https:\/\/lyonelkaufmann.ch\/Blog\/wp-json\/wp\/v2\/posts"}],"about":[{"href":"https:\/\/lyonelkaufmann.ch\/Blog\/wp-json\/wp\/v2\/types\/post"}],"author":[{"embeddable":true,"href":"https:\/\/lyonelkaufmann.ch\/Blog\/wp-json\/wp\/v2\/users\/1"}],"replies":[{"embeddable":true,"href":"https:\/\/lyonelkaufmann.ch\/Blog\/wp-json\/wp\/v2\/comments?post=5705"}],"version-history":[{"count":0,"href":"https:\/\/lyonelkaufmann.ch\/Blog\/wp-json\/wp\/v2\/posts\/5705\/revisions"}],"wp:featuredmedia":[{"embeddable":true,"href":"https:\/\/lyonelkaufmann.ch\/Blog\/wp-json\/wp\/v2\/media\/14116"}],"wp:attachment":[{"href":"https:\/\/lyonelkaufmann.ch\/Blog\/wp-json\/wp\/v2\/media?parent=5705"}],"wp:term":[{"taxonomy":"category","embeddable":true,"href":"https:\/\/lyonelkaufmann.ch\/Blog\/wp-json\/wp\/v2\/categories?post=5705"},{"taxonomy":"post_tag","embeddable":true,"href":"https:\/\/lyonelkaufmann.ch\/Blog\/wp-json\/wp\/v2\/tags?post=5705"}],"curies":[{"name":"wp","href":"https:\/\/api.w.org\/{rel}","templated":true}]}}