{"id":5761,"date":"2012-04-10T09:00:00","date_gmt":"2012-04-10T08:00:00","guid":{"rendered":"https:\/\/lyonelkaufmann.ch\/Blog\/?p=5761"},"modified":"2012-04-10T09:00:00","modified_gmt":"2012-04-10T08:00:00","slug":"en-formation","status":"publish","type":"post","link":"https:\/\/lyonelkaufmann.ch\/Blog\/2012\/04\/10\/en-formation\/","title":{"rendered":"En formation\u2026"},"content":{"rendered":"<p><a title=\"View 'En formation\u2026' on Flickr.com\" href=\"http:\/\/www.flickr.com\/photos\/16594784@N00\/7056443023\"><img data-recalc-dims=\"1\" loading=\"lazy\" decoding=\"async\" style=\"display:block;margin-left:auto;margin-right:auto;\" title=\"En formation\u2026\" src=\"https:\/\/i0.wp.com\/farm8.staticflickr.com\/7066\/7056443023_912bd17c94_z.jpg?resize=426%2C640\" alt=\"En formation\u2026\" width=\"426\" height=\"640\" border=\"0\" \/><\/a><\/p>\n<p>Mus\u00e9e suisse des transports. Lucerne.<\/p>\n","protected":false},"excerpt":{"rendered":"<p>Mus\u00e9e suisse des transports. Lucerne.<\/p>\n","protected":false},"author":1,"featured_media":13903,"comment_status":"open","ping_status":"open","sticky":false,"template":"","format":"image","meta":{"_import_markdown_pro_load_document_selector":0,"_import_markdown_pro_submit_text_textarea":"","_genesis_hide_title":false,"_genesis_hide_breadcrumbs":false,"_genesis_hide_singular_image":false,"_genesis_hide_footer_widgets":false,"_genesis_custom_body_class":"","_genesis_custom_post_class":"","_genesis_layout":"","jetpack_post_was_ever_published":false,"_jetpack_newsletter_access":"","_jetpack_dont_email_post_to_subs":false,"_jetpack_newsletter_tier_id":0,"_jetpack_memberships_contains_paywalled_content":false,"_jetpack_memberships_contains_paid_content":false,"activitypub_content_warning":"","activitypub_content_visibility":"","activitypub_max_image_attachments":3,"activitypub_interaction_policy_quote":"anyone","activitypub_status":"","footnotes":"","jetpack_publicize_message":"","jetpack_publicize_feature_enabled":true,"jetpack_social_post_already_shared":true,"jetpack_social_options":{"image_generator_settings":{"template":"fullscreen","default_image_id":0,"font":"","enabled":false},"version":2}},"categories":[3],"tags":[],"class_list":{"0":"post-5761","1":"post","2":"type-post","3":"status-publish","4":"format-image","5":"has-post-thumbnail","7":"category-blogcafe-2","8":"post_format-post-format-image","9":"entry"},"jetpack_publicize_connections":[],"featured_image_src":"https:\/\/i0.wp.com\/lyonelkaufmann.ch\/Blog\/wp-content\/uploads\/2015\/03\/7056443023_912bd17c94_z.jpg.png?resize=600%2C400&ssl=1","featured_image_src_square":"https:\/\/i0.wp.com\/lyonelkaufmann.ch\/Blog\/wp-content\/uploads\/2015\/03\/7056443023_912bd17c94_z.jpg.png?resize=600%2C478&ssl=1","author_info":{"display_name":"Lyonel Kaufmann","author_link":"https:\/\/lyonelkaufmann.ch\/Blog\/author\/lyonelk\/"},"jetpack_featured_media_url":"https:\/\/i0.wp.com\/lyonelkaufmann.ch\/Blog\/wp-content\/uploads\/2015\/03\/7056443023_912bd17c94_z.jpg.png?fit=640%2C478&ssl=1","jetpack_sharing_enabled":true,"jetpack_shortlink":"https:\/\/wp.me\/p1qtF4-1uV","jetpack-related-posts":[{"id":5749,"url":"https:\/\/lyonelkaufmann.ch\/Blog\/2012\/04\/06\/musee-suisse-des-transports-lucene\/","url_meta":{"origin":5761,"position":0},"title":"Mus\u00e9e suisse des transports | Lucerne","author":"Lyonel Kaufmann","date":"6 avril 2012","format":"image","excerpt":"","rel":"","context":"Dans &quot;Blogcaf\u00e9&quot;","block_context":{"text":"Blogcaf\u00e9","link":"https:\/\/lyonelkaufmann.ch\/Blog\/category\/blogcafe-2\/"},"img":{"alt_text":"","src":"https:\/\/i0.wp.com\/lyonelkaufmann.ch\/Blog\/wp-content\/uploads\/2015\/03\/2012-04-06_1333706749.jpg?fit=612%2C612&ssl=1&resize=350%2C200","width":350,"height":200,"srcset":"https:\/\/i0.wp.com\/lyonelkaufmann.ch\/Blog\/wp-content\/uploads\/2015\/03\/2012-04-06_1333706749.jpg?fit=612%2C612&ssl=1&resize=350%2C200 1x, https:\/\/i0.wp.com\/lyonelkaufmann.ch\/Blog\/wp-content\/uploads\/2015\/03\/2012-04-06_1333706749.jpg?fit=612%2C612&ssl=1&resize=525%2C300 1.5x"},"classes":[]},{"id":5756,"url":"https:\/\/lyonelkaufmann.ch\/Blog\/2012\/04\/09\/breyo-volumetre\/","url_meta":{"origin":5761,"position":1},"title":"Breyo &#8211; Volum\u00e8tre","author":"Lyonel Kaufmann","date":"9 avril 2012","format":"image","excerpt":"Mus\u00e9e suisse des transports. Lucerne.","rel":"","context":"Dans &quot;Blogcaf\u00e9&quot;","block_context":{"text":"Blogcaf\u00e9","link":"https:\/\/lyonelkaufmann.ch\/Blog\/category\/blogcafe-2\/"},"img":{"alt_text":"","src":"https:\/\/i0.wp.com\/lyonelkaufmann.ch\/Blog\/wp-content\/uploads\/2015\/03\/6910355986_3ee3f8cc93_z.jpg.png?fit=640%2C478&ssl=1&resize=350%2C200","width":350,"height":200,"srcset":"https:\/\/i0.wp.com\/lyonelkaufmann.ch\/Blog\/wp-content\/uploads\/2015\/03\/6910355986_3ee3f8cc93_z.jpg.png?fit=640%2C478&ssl=1&resize=350%2C200 1x, https:\/\/i0.wp.com\/lyonelkaufmann.ch\/Blog\/wp-content\/uploads\/2015\/03\/6910355986_3ee3f8cc93_z.jpg.png?fit=640%2C478&ssl=1&resize=525%2C300 1.5x"},"classes":[]},{"id":5753,"url":"https:\/\/lyonelkaufmann.ch\/Blog\/2012\/04\/08\/helices\/","url_meta":{"origin":5761,"position":2},"title":"H\u00e9lices","author":"Lyonel Kaufmann","date":"8 avril 2012","format":"image","excerpt":"H\u00e9lices, premi\u00e8re mise en ligne par lyonelkaufmann. Mus\u00e9e suisse des transports. Lucerne.","rel":"","context":"Dans &quot;L'Expresso&quot;","block_context":{"text":"L'Expresso","link":"https:\/\/lyonelkaufmann.ch\/Blog\/category\/breves\/"},"img":{"alt_text":"","src":"https:\/\/i0.wp.com\/lyonelkaufmann.ch\/Blog\/wp-content\/uploads\/2015\/03\/6910355580_961d7f69d3.jpg.png?fit=500%2C374&ssl=1&resize=350%2C200","width":350,"height":200},"classes":[]},{"id":23551,"url":"https:\/\/lyonelkaufmann.ch\/Blog\/2023\/03\/11\/lucerne-11-03-2023\/","url_meta":{"origin":5761,"position":3},"title":"Lucerne (11.03.2023)","author":"Lyonel Kaufmann","date":"11 mars 2023","format":false,"excerpt":"Lucerne. Un samedi de mars. Saupoudr\u00e9 de neige. A noter que nous f\u00eaterons, cette ann\u00e9e en avril, les trente ans de l\u2019incendie qui d\u00e9truisit enti\u00e8rement ce pont. #roadtrip #roadbook #suisse\ud83c\udde8\ud83c\udded #lucerne","rel":"","context":"Dans &quot;Blogcaf\u00e9&quot;","block_context":{"text":"Blogcaf\u00e9","link":"https:\/\/lyonelkaufmann.ch\/Blog\/category\/blogcafe-2\/"},"img":{"alt_text":"","src":"https:\/\/i0.wp.com\/lyonelkaufmann.ch\/Blog\/wp-content\/uploads\/2023\/03\/hipstamaticphoto-700238763.422835-scaled.jpg?fit=1200%2C1200&ssl=1&resize=350%2C200","width":350,"height":200,"srcset":"https:\/\/i0.wp.com\/lyonelkaufmann.ch\/Blog\/wp-content\/uploads\/2023\/03\/hipstamaticphoto-700238763.422835-scaled.jpg?fit=1200%2C1200&ssl=1&resize=350%2C200 1x, https:\/\/i0.wp.com\/lyonelkaufmann.ch\/Blog\/wp-content\/uploads\/2023\/03\/hipstamaticphoto-700238763.422835-scaled.jpg?fit=1200%2C1200&ssl=1&resize=525%2C300 1.5x, https:\/\/i0.wp.com\/lyonelkaufmann.ch\/Blog\/wp-content\/uploads\/2023\/03\/hipstamaticphoto-700238763.422835-scaled.jpg?fit=1200%2C1200&ssl=1&resize=700%2C400 2x, https:\/\/i0.wp.com\/lyonelkaufmann.ch\/Blog\/wp-content\/uploads\/2023\/03\/hipstamaticphoto-700238763.422835-scaled.jpg?fit=1200%2C1200&ssl=1&resize=1050%2C600 3x"},"classes":[]},{"id":25298,"url":"https:\/\/lyonelkaufmann.ch\/Blog\/2024\/04\/07\/la-centovallina-celebre-son-centenaire-musee-national-blog-sur-lhistoire-suisse\/","url_meta":{"origin":5761,"position":4},"title":"La Centovallina c\u00e9l\u00e8bre son centenaire \u2013 Mus\u00e9e national &#8211; Blog sur l&rsquo;histoire suisse","author":"Lyonel Kaufmann","date":"7 avril 2024","format":false,"excerpt":"La ligne ferroviaire Centovallina relie la Suisse \u00e0 l\u2019Italie en traversant 83 ponts et 31 tunnels: il s\u2019agit du trajet le plus direct entre les lignes du Gothard et du Simplon. Ce l\u00e9gendaire chemin de fer \u00e0 voie \u00e9troite du sud de la Suisse c\u00e9l\u00e8bre son centenaire en 2023\/24. Jusqu\u2019au\u2026","rel":"","context":"Dans &quot;Blogcaf\u00e9&quot;","block_context":{"text":"Blogcaf\u00e9","link":"https:\/\/lyonelkaufmann.ch\/Blog\/category\/blogcafe-2\/"},"img":{"alt_text":"","src":"https:\/\/i0.wp.com\/lyonelkaufmann.ch\/Blog\/wp-content\/uploads\/2024\/04\/img_6847-2-1.jpg?fit=1024%2C1200&ssl=1&resize=350%2C200","width":350,"height":200,"srcset":"https:\/\/i0.wp.com\/lyonelkaufmann.ch\/Blog\/wp-content\/uploads\/2024\/04\/img_6847-2-1.jpg?fit=1024%2C1200&ssl=1&resize=350%2C200 1x, https:\/\/i0.wp.com\/lyonelkaufmann.ch\/Blog\/wp-content\/uploads\/2024\/04\/img_6847-2-1.jpg?fit=1024%2C1200&ssl=1&resize=525%2C300 1.5x, https:\/\/i0.wp.com\/lyonelkaufmann.ch\/Blog\/wp-content\/uploads\/2024\/04\/img_6847-2-1.jpg?fit=1024%2C1200&ssl=1&resize=700%2C400 2x"},"classes":[]},{"id":16229,"url":"https:\/\/lyonelkaufmann.ch\/Blog\/2016\/03\/28\/abbaye-de-st-urban-pfaffnau-lucerne-parvis-de-leglise-roadbook-httpift-tt1sgtok0\/","url_meta":{"origin":5761,"position":5},"title":"Abbaye de St. Urban (Pfaffnau, Lucerne). Parvis de l&rsquo;\u00e9glise","author":"Lyonel Kaufmann","date":"28 mars 2016","format":"image","excerpt":"via Instagram http:\/\/ift.tt\/1RJLlGU","rel":"","context":"Dans &quot;Blogcaf\u00e9&quot;","block_context":{"text":"Blogcaf\u00e9","link":"https:\/\/lyonelkaufmann.ch\/Blog\/category\/blogcafe-2\/"},"img":{"alt_text":"","src":"https:\/\/i0.wp.com\/lyonelkaufmann.ch\/Blog\/wp-content\/uploads\/2016\/03\/12724697_844765855669306_1098131421_n.jpg?fit=961%2C1200&ssl=1&resize=350%2C200","width":350,"height":200,"srcset":"https:\/\/i0.wp.com\/lyonelkaufmann.ch\/Blog\/wp-content\/uploads\/2016\/03\/12724697_844765855669306_1098131421_n.jpg?fit=961%2C1200&ssl=1&resize=350%2C200 1x, https:\/\/i0.wp.com\/lyonelkaufmann.ch\/Blog\/wp-content\/uploads\/2016\/03\/12724697_844765855669306_1098131421_n.jpg?fit=961%2C1200&ssl=1&resize=525%2C300 1.5x, https:\/\/i0.wp.com\/lyonelkaufmann.ch\/Blog\/wp-content\/uploads\/2016\/03\/12724697_844765855669306_1098131421_n.jpg?fit=961%2C1200&ssl=1&resize=700%2C400 2x"},"classes":[]}],"jetpack_likes_enabled":true,"_links":{"self":[{"href":"https:\/\/lyonelkaufmann.ch\/Blog\/wp-json\/wp\/v2\/posts\/5761","targetHints":{"allow":["GET"]}}],"collection":[{"href":"https:\/\/lyonelkaufmann.ch\/Blog\/wp-json\/wp\/v2\/posts"}],"about":[{"href":"https:\/\/lyonelkaufmann.ch\/Blog\/wp-json\/wp\/v2\/types\/post"}],"author":[{"embeddable":true,"href":"https:\/\/lyonelkaufmann.ch\/Blog\/wp-json\/wp\/v2\/users\/1"}],"replies":[{"embeddable":true,"href":"https:\/\/lyonelkaufmann.ch\/Blog\/wp-json\/wp\/v2\/comments?post=5761"}],"version-history":[{"count":0,"href":"https:\/\/lyonelkaufmann.ch\/Blog\/wp-json\/wp\/v2\/posts\/5761\/revisions"}],"wp:featuredmedia":[{"embeddable":true,"href":"https:\/\/lyonelkaufmann.ch\/Blog\/wp-json\/wp\/v2\/media\/13903"}],"wp:attachment":[{"href":"https:\/\/lyonelkaufmann.ch\/Blog\/wp-json\/wp\/v2\/media?parent=5761"}],"wp:term":[{"taxonomy":"category","embeddable":true,"href":"https:\/\/lyonelkaufmann.ch\/Blog\/wp-json\/wp\/v2\/categories?post=5761"},{"taxonomy":"post_tag","embeddable":true,"href":"https:\/\/lyonelkaufmann.ch\/Blog\/wp-json\/wp\/v2\/tags?post=5761"}],"curies":[{"name":"wp","href":"https:\/\/api.w.org\/{rel}","templated":true}]}}