{"id":5825,"date":"2012-04-15T11:00:00","date_gmt":"2012-04-15T10:00:00","guid":{"rendered":"https:\/\/lyonelkaufmann.ch\/Blog\/?p=5825"},"modified":"2024-01-02T01:20:28","modified_gmt":"2024-01-02T00:20:28","slug":"photos-du-mois-en-travaux","status":"publish","type":"post","link":"https:\/\/lyonelkaufmann.ch\/Blog\/2012\/04\/15\/photos-du-mois-en-travaux\/","title":{"rendered":"Photos du mois : En travaux"},"content":{"rendered":"<p>Ainsi donc le th\u00e8me du mois est \u00ab\u00a0en travaux\u00a0\u00bb.<\/p>\n<p>Pour l&rsquo;occasion, je choisis de vous pr\u00e9senter quatre photos. Elles sont le r\u00e9sultats de mes travaux avec mon Pentax Q. Le Pentax Q est un appareil hybride au format d&rsquo;un compact et \u00e0 objectifs interchangeables. A l&rsquo;aide de bagues adaptatrices, il est possible de lui adjoindre des objectifs d&rsquo;autres marques ou tous ceux de la gamme Pentax. Comme son capteur est tr\u00e8s petit, le moindre petit zoom se transforme en superzoom.<\/p>\n<p>C&rsquo;est ainsi que les photos du mois ont \u00e9t\u00e9 r\u00e9alis\u00e9es en utilisant mon Pentax Q et un (vieux) zoom macro Pentax de 50mm qui se transforme ici en zoom de 275mm environ en \u00e9quivalent 24&#215;36. Avant de commencer, je vous propose une photo du mat\u00e9riel utilis\u00e9:<\/p>\n<p><img data-recalc-dims=\"1\" loading=\"lazy\" decoding=\"async\" style=\"display:block;margin-left:auto;margin-right:auto;\" title=\"IMG_0303.JPG\" alt=\"IMG 0303\" src=\"https:\/\/i0.wp.com\/lyonelkaufmann.ch\/Blog\/wp-content\/uploads\/2012\/04\/IMG_0303.jpg?resize=600%2C448&#038;ssl=1\" width=\"600\" height=\"448\" border=\"0\" \/><\/p>\n<p>L&rsquo;utilisation de la bague adaptatrice oblige \u00e0 travailler en mode manuel. L&rsquo;utilisation d&rsquo;un tr\u00e9pied peut rapidement se montrer indispensable pour \u00e9viter le bouger. L&rsquo;utilisation d&rsquo;un tel zoom permet tout \u00e0 la fois de se centrer sur le premier plan tout en ajoutant un flou au deuxi\u00e8me plan difficile \u00e0 obtenir habituellement avec un compact et un capteur de cette taille. Les diff\u00e9rents mode de personnalisation du Pentax Q favorisent l&rsquo;exp\u00e9rimentation et le plaisir de travailler avec un tel appareil!<\/p>\n<p><img data-recalc-dims=\"1\" loading=\"lazy\" decoding=\"async\" style=\"display:block;margin-left:auto;margin-right:auto;\" title=\"IMGP3356.JPG\" alt=\"IMGP3356\" src=\"https:\/\/i0.wp.com\/lyonelkaufmann.ch\/Blog\/wp-content\/uploads\/2012\/04\/IMGP3356.jpg?resize=600%2C399&#038;ssl=1\" width=\"600\" height=\"399\" border=\"0\" \/><\/p>\n<p style=\"text-align:center;\">Cette photo a \u00e9t\u00e9 prise en utilisant le mode contraste \u00e9lev\u00e9. Aucune retouche en post-traitement.<\/p>\n<p style=\"text-align:center;\"><img data-recalc-dims=\"1\" loading=\"lazy\" decoding=\"async\" style=\"display:block;margin-left:auto;margin-right:auto;\" title=\"IMGP3469.JPG\" alt=\"IMGP3469\" src=\"https:\/\/i0.wp.com\/lyonelkaufmann.ch\/Blog\/wp-content\/uploads\/2012\/04\/IMGP3469.jpg?resize=399%2C600&#038;ssl=1\" width=\"399\" height=\"600\" border=\"0\" \/><\/p>\n<p style=\"text-align:center;\">Un autre exemple de photo ainsi r\u00e9alis\u00e9e. En mode normal et toujours sans retouche.<\/p>\n<p style=\"text-align:center;\"><img data-recalc-dims=\"1\" loading=\"lazy\" decoding=\"async\" style=\"display:block;margin-left:auto;margin-right:auto;\" title=\"IMGP3507.JPG\" alt=\"IMGP3507\" src=\"https:\/\/i0.wp.com\/lyonelkaufmann.ch\/Blog\/wp-content\/uploads\/2012\/04\/IMGP3507.jpg?resize=600%2C399&#038;ssl=1\" width=\"600\" height=\"399\" border=\"0\" \/><\/p>\n<p style=\"text-align:center;\">Maintenant, je vous propose une tr\u00e8s classique photo de bougie allum\u00e9e et de nuit (toujours sans retouche).<\/p>\n<p>Je terminerai avec\u00a0la photo qui est probablement la plus en lien avec le th\u00e8me du mois (mode contraste \u00e9lev\u00e9, sans retouche).<\/p>\n<p style=\"text-align:center;\"><img data-recalc-dims=\"1\" loading=\"lazy\" decoding=\"async\" style=\"display:block;margin-left:auto;margin-right:auto;\" title=\"IMGP3391.JPG\" alt=\"IMGP3391\" src=\"https:\/\/i0.wp.com\/lyonelkaufmann.ch\/Blog\/wp-content\/uploads\/2012\/04\/IMGP3391.jpg?resize=600%2C399&#038;ssl=1\" width=\"600\" height=\"399\" border=\"0\" \/><\/p>\n<p>Si l&rsquo;int\u00e9r\u00eat d&rsquo;un appareil photo r\u00e9side dans le nombre de fois qu&rsquo;on a envie de l&rsquo;utiliser et qu&rsquo;on l&rsquo;a sous la main, alors le Pentax Q m&rsquo;int\u00e9resse au plus haut point.<\/p>\n<p>Les travaux des autres :<\/p>\n<p><a href=\"http:\/\/www.reverdailleurs.com\" target=\"_blank\" rel=\"noopener\">100driiine<\/a>, <a href=\"http:\/\/www.grenoblequebec.blogspot.com\" target=\"_blank\" rel=\"noopener\">A&amp;G<\/a>, <a href=\"http:\/\/lhuillierflorida.blogspot.com\" target=\"_blank\" rel=\"noopener\">Agn\u00e8s<\/a>, <a href=\"http:\/\/akai-inthesky.blogspot.com\" target=\"_blank\" rel=\"noopener\">Akaieric<\/a>, <a href=\"http:\/\/alexanne.exmackina.com\" target=\"_blank\" rel=\"noopener\">Alexanne<\/a>, <a href=\"http:\/\/blogs.paris.fr\/unitedstatesofparis\" target=\"_blank\" rel=\"noopener\">Alexinparis<\/a>, <a href=\"http:\/\/anaou.canalblog.com\" target=\"_blank\" rel=\"noopener\">Anaou<\/a>, <a href=\"http:\/\/anne-tranche-de-vie.over-blog.com\" target=\"_blank\" rel=\"noopener\">Anne<\/a>, <a href=\"http:\/\/www.annelauret.com\/\" target=\"_blank\" rel=\"noopener\">Anne Laure T<\/a>, <a href=\"http:\/\/anne-oneyearinlondon.blogspot.com\/\" target=\"_blank\" rel=\"noopener\">Anne-C\u00e9cile<\/a>, <a href=\"http:\/\/www.perezannik.org\/\" target=\"_blank\" rel=\"noopener\">Annick<\/a>, <a href=\"http:\/\/aparca.canalblog.com\" target=\"_blank\" rel=\"noopener\">Apar\u00e7a<\/a>, <a href=\"http:\/\/www.connais-toi-toi-meme.biz\" target=\"_blank\" rel=\"noopener\">Ava<\/a>, <a href=\"http:\/\/babou-et-ben.com\" target=\"_blank\" rel=\"noopener\">Babou<\/a>, <a href=\"http:\/\/www.batilou.org\" target=\"_blank\" rel=\"noopener\">Batilou<\/a>, <a href=\"http:\/\/sublime-essence.over-blog.com\" target=\"_blank\" rel=\"noopener\">Bestofava<\/a>, <a href=\"http:\/\/blogoth67.wordpress.com\" target=\"_blank\" rel=\"noopener\">Blogoth67<\/a>, <a href=\"http:\/\/c-est-reparti.blogspot.com\/\" target=\"_blank\" rel=\"noopener\">Cara<\/a>, <a href=\"http:\/\/www.carnetsdimages.org\" target=\"_blank\" rel=\"noopener\">Carnets d&rsquo;images<\/a>, <a href=\"http:\/\/letohubohudecaro.canalblog.com\" target=\"_blank\" rel=\"noopener\">Caro<\/a>, <a href=\"http:\/\/www.fromenglandwl.wordpress.com\" target=\"_blank\" rel=\"noopener\">Carole In England<\/a>, <a href=\"http:\/\/www.lespetitsbarbus.blogspot.com\" target=\"_blank\" rel=\"noopener\">Caroline<\/a>, <a href=\"http:\/\/citrouilleetbouledeneige.com\" target=\"_blank\" rel=\"noopener\">Cathy<\/a>, <a href=\"http:\/\/strangedays.over-blog.fr\/\" target=\"_blank\" rel=\"noopener\">C\u00e9cile<\/a>, <a href=\"http:\/\/www.cekoline.tumblr.com\" target=\"_blank\" rel=\"noopener\">Cekoline<\/a>, <a href=\"http:\/\/poutineettartiflette.blogspot.com\" target=\"_blank\" rel=\"noopener\">C\u00e9liano<\/a>, <a href=\"http:\/\/frenchiesinparis.over-blog.com\" target=\"_blank\" rel=\"noopener\">C\u00e9line in Paris<\/a>, <a href=\"http:\/\/cessnaoui.canalblog.com\/\" target=\"_blank\" rel=\"noopener\">Cessna, oui !<\/a>, <a href=\"http:\/\/champagnefraise.wordpress.com\" target=\"_blank\" rel=\"noopener\">Champagne<\/a>, <a href=\"http:\/\/cherrybee-a-montreal.blogspot.com\" target=\"_blank\" rel=\"noopener\">Cherrybee<\/a>, <a href=\"http:\/\/auvergnatsducanada.blogspot.com\" target=\"_blank\" rel=\"noopener\">Chris et Nanou<\/a>, <a href=\"http:\/\/dunepommealautre.blogspot.com\" target=\"_blank\" rel=\"noopener\">Clara<\/a>, <a href=\"http:\/\/vintagegirltrips.canalblog.com\" target=\"_blank\" rel=\"noopener\">Coco<\/a>, <a href=\"http:\/\/cocosophie.over-blog.com\/\" target=\"_blank\" rel=\"noopener\">Cocosophie<\/a>, <a href=\"http:\/\/www.cricriyomfromparis.com\" target=\"_blank\" rel=\"noopener\">Cricriyom from Paris<\/a>, <a href=\"http:\/\/www.boeingbleudemer.com\" target=\"_blank\" rel=\"noopener\">Cynthia<\/a>, <a href=\"http:\/\/120enligne.blogspot.com\/\" target=\"_blank\" rel=\"noopener\">Dan<\/a>, <a href=\"http:\/\/davidmelaniequebec.blogspot.fr\/\" target=\"_blank\" rel=\"noopener\">David et M\u00e9lanie<\/a>, <a href=\"http:\/\/dnaquebec.blogspot.com\" target=\"_blank\" rel=\"noopener\">DNA<\/a>, <a href=\"http:\/\/grainedememere.blogspot.com\" target=\"_blank\" rel=\"noopener\">Dorydee<\/a>, <a href=\"http:\/\/cestpasmoijeljure.wordpress.com\" target=\"_blank\" rel=\"noopener\">Dr CaSo<\/a>, <a href=\"http:\/\/histoiresdeux.blogspot.com\" target=\"_blank\" rel=\"noopener\">E<\/a>, <a href=\"http:\/\/une-chtiparisienne-en-ameriquebec.blogspot.com\" target=\"_blank\" rel=\"noopener\">Eff&rsquo;Zee&rsquo;Bee<\/a>, <a href=\"http:\/\/nadegedan.blogspot.com\" target=\"_blank\" rel=\"noopener\">Egedan<\/a>, <a href=\"http:\/\/emilondon.wordpress.com\" target=\"_blank\" rel=\"noopener\">Emi London<\/a>, <a href=\"http:\/\/lepvtdemilie58.over-blog.com\" target=\"_blank\" rel=\"noopener\">Emily58<\/a>, <a href=\"http:\/\/jyreflechis.com\" target=\"_blank\" rel=\"noopener\">Emma<\/a>, <a href=\"http:\/\/famillegerdel.canalblog.com\/\" target=\"_blank\" rel=\"noopener\">Famille Gerdel<\/a>, <a href=\"http:\/\/expedition-quebecoise.over-blog.com\" target=\"_blank\" rel=\"noopener\">Fanny et Vincent<\/a>, <a href=\"http:\/\/filamots.wordpress.com\" target=\"_blank\" rel=\"noopener\">Filamots<\/a>, <a href=\"http:\/\/doubspays.wordpress.com\" target=\"_blank\" rel=\"noopener\">Florian<\/a>, <a href=\"http:\/\/florianmontreal.blogspot.com\" target=\"_blank\" rel=\"noopener\">florianL<\/a>, <a href=\"http:\/\/vudubalcon.blogspot.com\" target=\"_blank\" rel=\"noopener\">Fran\u00e7ois le Ni\u00e7ois<\/a>, <a href=\"http:\/\/zoursland.com\" target=\"_blank\" rel=\"noopener\">Fr\u00e9d\u00e9ric<\/a>, <a href=\"http:\/\/laraphgirl.blogspot.com\" target=\"_blank\" rel=\"noopener\">Galinette<\/a>, <a href=\"http:\/\/www.legaletas.net\/blog\/index.php\" target=\"_blank\" rel=\"noopener\">Gilsoub<\/a>, <a href=\"http:\/\/cyberdilou.canalblog.com\" target=\"_blank\" rel=\"noopener\">Gizeh<\/a>, <a href=\"http:\/\/glose.fr\" target=\"_blank\" rel=\"noopener\">Glose<\/a>, <a href=\"http:\/\/www.grignetteetco.blogspot.com\" target=\"_blank\" rel=\"noopener\">Grignette<\/a>, <a href=\"http:\/\/www.hibiscusblog.net\" target=\"_blank\" rel=\"noopener\">hibiscus<\/a>, <a href=\"http:\/\/experienceetc.blogspot.com\" target=\"_blank\" rel=\"noopener\">Hugo<\/a>, <a href=\"http:\/\/photographeenmarche.blogspot.com\" target=\"_blank\" rel=\"noopener\">Isabelle<\/a>, <a href=\"http:\/\/teafortwofortea.blogspot.ca\/\" target=\"_blank\" rel=\"noopener\">Isabelle et Gilles<\/a>, <a href=\"http:\/\/jadorejadhere.canalblog.com\/\" target=\"_blank\" rel=\"noopener\">J&rsquo;adore j&rsquo;adh\u00e8re<\/a>, <a href=\"http:\/\/www.jeanwilmotte.it\" target=\"_blank\" rel=\"noopener\">Jean Wilmotte<\/a>, <a href=\"http:\/\/jenetdam.blogspot.com\" target=\"_blank\" rel=\"noopener\">jen et dam<\/a>, <a href=\"http:\/\/www.JRanc.com\/\" target=\"_blank\" rel=\"noopener\">Julien<\/a>, <a href=\"http:\/\/zoewahl.ch\/blog\" target=\"_blank\" rel=\"noopener\">Karrijini<\/a>, <a href=\"http:\/\/krn-defouloir.blogspot.com\" target=\"_blank\" rel=\"noopener\">Krn<\/a>, <a href=\"http:\/\/www.onigiri-geek.com\" target=\"_blank\" rel=\"noopener\">Kyn<\/a>, <a href=\"http:\/\/monpetitjapon.blogspot.com\" target=\"_blank\" rel=\"noopener\">Kyoko<\/a>, <a href=\"http:\/\/www.lafilledelair.com\" target=\"_blank\" rel=\"noopener\">La Fille de l&rsquo;Air<\/a>, <a href=\"http:\/\/www.carnetsduneflaneuse.fr\" target=\"_blank\" rel=\"noopener\">La Flaneuse<\/a>, <a href=\"http:\/\/lanantaiseaparis.blogspot.com\" target=\"_blank\" rel=\"noopener\">La Nantaise<\/a>, <a href=\"http:\/\/lapapotte.canalblog.com\" target=\"_blank\" rel=\"noopener\">La Papote<\/a>, <a href=\"http:\/\/www.souslecieldeparis.fr\" target=\"_blank\" rel=\"noopener\">La Parigina<\/a>, <a href=\"http:\/\/lagodiche.wordpress.com\" target=\"_blank\" rel=\"noopener\">LaGodiche<\/a>, <a href=\"http:\/\/maptitemaisonenquebecquie.blogspot.com\" target=\"_blank\" rel=\"noopener\">Laure<\/a>, <a href=\"http:\/\/www.malaxi.net\" target=\"_blank\" rel=\"noopener\">Laurent Nicolas<\/a>, <a href=\"http:\/\/a.nous.les.caribous.over-blog.com\" target=\"_blank\" rel=\"noopener\">Lauriane<\/a>, <a href=\"http:\/\/lorgnettedunjour.canalblog.com\/\" target=\"_blank\" rel=\"noopener\">Lavandine<\/a>, <a href=\"http:\/\/dederrierelesfagots.wordpress.com\" target=\"_blank\" rel=\"noopener\">L&rsquo;Azimut\u00e9e<\/a>, <a href=\"http:\/\/www.lemagalire.com\" target=\"_blank\" rel=\"noopener\">Le Mag \u00e0 lire<\/a>, <a href=\"http:\/\/chronique-berliniquaise.blogspot.com\" target=\"_blank\" rel=\"noopener\">Le-Chroniqueur<\/a>, <a href=\"http:\/\/marisse.hautetfort.com\/\" target=\"_blank\" rel=\"noopener\">Les petits supplices !<\/a>, <a href=\"http:\/\/lesvoyagesdelucy.over-blog.com\" target=\"_blank\" rel=\"noopener\">Les voyages de Lucy<\/a>, <a href=\"http:\/\/lise-oz-fat.over-blog.com\" target=\"_blank\" rel=\"noopener\">Les voyages de Seth et Lise<\/a>, <a href=\"http:\/\/lestoulouzinzins.canalblog.com\/\" target=\"_blank\" rel=\"noopener\">Les zinzins<\/a>, <a href=\"http:\/\/abeillesetpetitesmains.wordpress.com\" target=\"_blank\" rel=\"noopener\">lesegarten<\/a>, <a href=\"http:\/\/www.leviacarmina.fr\" target=\"_blank\" rel=\"noopener\">Leviacarmina<\/a>, <a href=\"http:\/\/crealhise.blogspot.com\" target=\"_blank\" rel=\"noopener\">Lhise<\/a>, <a href=\"http:\/\/lostandfoundinlondon.wordpress.com\" target=\"_blank\" rel=\"noopener\">Lost in London<\/a>, <a href=\"http:\/\/365photos2011nous4.tumblr.com\/\" target=\"_blank\" rel=\"noopener\">Louiki<\/a>, <a href=\"http:\/\/grandereveuse.fr\/\" target=\"_blank\" rel=\"noopener\">Louisianne<\/a>, <a href=\"http:\/\/orcaeyes.blogspot.com\" target=\"_blank\" rel=\"noopener\">Loutron glouton<\/a>, <a href=\"http:\/\/lulworthblue.blogspot.com\/\" target=\"_blank\" rel=\"noopener\">Lul worth blue<\/a>, <a href=\"https:\/\/lyonelkaufmann.ch\/Blog\" target=\"_blank\" rel=\"noopener\">Lyonelk<\/a>, <a href=\"http:\/\/vusetrevus.blogspot.com\/\" target=\"_blank\" rel=\"noopener\">M.C.O<\/a>, <a href=\"http:\/\/marion-en-allemagne.blogspot.com\" target=\"_blank\" rel=\"noopener\">Ma<\/a>, <a href=\"http:\/\/anteketborka.blogspot.com\" target=\"_blank\" rel=\"noopener\">magda627<\/a>, <a href=\"http:\/\/chezmamysoren.over-blog.com\" target=\"_blank\" rel=\"noopener\">Mamysoren<\/a>, <a href=\"http:\/\/mandystockholm.com\" target=\"_blank\" rel=\"noopener\">Mandy<\/a>, <a href=\"http:\/\/www.bellelavie.org\" target=\"_blank\" rel=\"noopener\">Manola<\/a>, <a href=\"http:\/\/objetdeco.wordpress.com\/\" target=\"_blank\" rel=\"noopener\">Manuelle<\/a>, <a href=\"http:\/\/marionnette.blogsite . org\" target=\"_blank\" rel=\"noopener\">Marion<\/a>, <a href=\"http:\/\/mdamejo.blogspot.com\" target=\"_blank\" rel=\"noopener\">M&rsquo;dame Jo<\/a>, <a href=\"http:\/\/www.mgielesbonstuyaux.com\/\" target=\"_blank\" rel=\"noopener\">Mgie les bons tuyaux<\/a>, <a href=\"http:\/\/creacecile.canalblog.com\/\" target=\"_blank\" rel=\"noopener\">Minicecile<\/a>, <a href=\"http:\/\/vuesurjardin.canalblog.com\" target=\"_blank\" rel=\"noopener\">Muni57<\/a>, <a href=\"http:\/\/blog.nata\nru.fr\" target=\"_blank\" rel=\"noopener\">Nataru<\/a>, <a href=\"http:\/\/voyageusecomtoise.wordpress.com\" target=\"_blank\" rel=\"noopener\">Nathalie<\/a>, <a href=\"http:\/\/nikita-m-hera.over-blog.com\/\" target=\"_blank\" rel=\"noopener\">Nikit@<\/a>, <a href=\"http:\/\/messineaventure.canalblog.com\" target=\"_blank\" rel=\"noopener\">Nomade57<\/a>, <a href=\"http:\/\/par.les.yeux.de.nora.over-blog.com\" target=\"_blank\" rel=\"noopener\">Nora<\/a>, <a href=\"http:\/\/www.olivierdemontreal.eu\" target=\"_blank\" rel=\"noopener\">Olivier<\/a>, <a href=\"http:\/\/orichan.canalblog.com\" target=\"_blank\" rel=\"noopener\">Ori<\/a>, <a href=\"http:\/\/ou-trouver-a-montreal.ca\" target=\"_blank\" rel=\"noopener\">O\u00f9 trouver \u00e0 Montr\u00e9al ?<\/a>, <a href=\"http:\/\/blog.quelbazar.net\/\" target=\"_blank\" rel=\"noopener\">Quelbazar<\/a>, <a href=\"http:\/\/renepaulhenry.blogspot.com\" target=\"_blank\" rel=\"noopener\">Renepaulhenry<\/a>, <a href=\"http:\/\/sgiworld.blogspot.com\" target=\"_blank\" rel=\"noopener\">S\u00e9bastien<\/a>, <a href=\"http:\/\/www.sephiraph.be\" target=\"_blank\" rel=\"noopener\">Sephiraph<\/a>, <a href=\"http:\/\/sinuaisons.wordpress.com\" target=\"_blank\" rel=\"noopener\">Sinuaisons<\/a>, <a href=\"http:\/\/www.soizicronan.canalblog.com\" target=\"_blank\" rel=\"noopener\">Soiz<\/a>, <a href=\"http:\/\/www.annexedeskipi.blogspot.com\" target=\"_blank\" rel=\"noopener\">Spiki<\/a>, <a href=\"http:\/\/www.provincecanadienne.blogspot.com\" target=\"_blank\" rel=\"noopener\">Stephane08<\/a>, <a href=\"http:\/\/www.stephiedomi.blogspot.com\" target=\"_blank\" rel=\"noopener\">St\u00e9phie&amp;lesCacahu\u00e8tes<\/a>, <a href=\"http:\/\/www.paris-en-photos.fr\" target=\"_blank\" rel=\"noopener\">Surfanna<\/a>, <a href=\"http:\/\/tam.blogs.clan-takeda.com\" target=\"_blank\" rel=\"noopener\">Tam<\/a>, <a href=\"http:\/\/www.tambour-major.blogspot.com\" target=\"_blank\" rel=\"noopener\">Tambour Major<\/a>, <a href=\"http:\/\/testinauteathome.over-blog.com\/\" target=\"_blank\" rel=\"noopener\">Testinaute<\/a>, <a href=\"http:\/\/theparisienne.fr\" target=\"_blank\" rel=\"noopener\">The Parisienne<\/a>, <a href=\"http:\/\/carroir.over-blog.com\" target=\"_blank\" rel=\"noopener\">Thib<\/a>, <a href=\"http:\/\/www.titem.fr\" target=\"_blank\" rel=\"noopener\">Titem<\/a>, <a href=\"http:\/\/www.journaldunenicoise.com\" target=\"_blank\" rel=\"noopener\">Une ni\u00e7oise<\/a>, <a href=\"http:\/\/www.inmybubble.org\" target=\"_blank\" rel=\"noopener\">Vanilla<\/a>, <a href=\"http:\/\/au-cocon-de-vinie.blogspot.com\/\" target=\"_blank\" rel=\"noopener\">Vinie<\/a>, <a href=\"http:\/\/www.leshumeursdeviolette.over-blog.com\" target=\"_blank\" rel=\"noopener\">Violette<\/a>, <a href=\"http:\/\/www.viviane-voyages.com\" target=\"_blank\" rel=\"noopener\">Viviane<\/a>, <a href=\"http:\/\/www.voyagesetc.fr\" target=\"_blank\" rel=\"noopener\">Voyagesetc<\/a>, <a href=\"http:\/\/www.xaviermohr.com\" target=\"_blank\" rel=\"noopener\">Xavier Mohr<\/a>, <a href=\"http:\/\/zaromcha-paris-tourisme.boosterblog.com\/\" target=\"_blank\" rel=\"noopener\">Zaromcha<\/a>.<\/p>\n<p>Vous d\u00e9sirez participer \u00e0 La Photo du Mois ? Rien de plus simple : connectez-vous sur Facebook et <a href=\"http:\/\/www.facebook.com\/group.php?gid=100358020003774&amp;amp%3Bv=info\" target=\"_blank\" rel=\"noopener\">rejoignez-nous<\/a>. Une question ? <a href=\"mailto:olivier.canada@gmail.com\">Contactez Olivier<\/a>.<\/p>\n<p>&nbsp;<\/p>\n","protected":false},"excerpt":{"rendered":"<p>Ainsi donc le th\u00e8me du mois est \u00ab\u00a0en travaux\u00a0\u00bb. Pour l&rsquo;occasion, je choisis de vous pr\u00e9senter quatre photos. Elles sont le r\u00e9sultats de mes travaux avec mon Pentax Q. Le Pentax Q est un appareil hybride au format d&rsquo;un compact et \u00e0 objectifs interchangeables. A l&rsquo;aide de bagues adaptatrices, il est possible de lui adjoindre [&hellip;]<\/p>\n","protected":false},"author":1,"featured_media":13906,"comment_status":"open","ping_status":"open","sticky":false,"template":"","format":"image","meta":{"_import_markdown_pro_load_document_selector":0,"_import_markdown_pro_submit_text_textarea":"","_genesis_hide_title":false,"_genesis_hide_breadcrumbs":false,"_genesis_hide_singular_image":false,"_genesis_hide_footer_widgets":false,"_genesis_custom_body_class":"","_genesis_custom_post_class":"","_genesis_layout":"","jetpack_post_was_ever_published":false,"_jetpack_newsletter_access":"","_jetpack_dont_email_post_to_subs":false,"_jetpack_newsletter_tier_id":0,"_jetpack_memberships_contains_paywalled_content":false,"_jetpack_memberships_contains_paid_content":false,"activitypub_content_warning":"","activitypub_content_visibility":"","activitypub_max_image_attachments":3,"activitypub_interaction_policy_quote":"anyone","activitypub_status":"","footnotes":"","jetpack_publicize_message":"","jetpack_publicize_feature_enabled":true,"jetpack_social_post_already_shared":true,"jetpack_social_options":{"image_generator_settings":{"template":"fullscreen","default_image_id":0,"font":"","enabled":false},"version":2}},"categories":[3,4],"tags":[],"class_list":{"0":"post-5825","1":"post","2":"type-post","3":"status-publish","4":"format-image","5":"has-post-thumbnail","7":"category-blogcafe-2","8":"category-photo-du-mois","9":"post_format-post-format-image","10":"entry"},"jetpack_publicize_connections":[],"featured_image_src":"https:\/\/i0.wp.com\/lyonelkaufmann.ch\/Blog\/wp-content\/uploads\/2015\/03\/IMG_0303.jpg?resize=600%2C400&ssl=1","featured_image_src_square":"https:\/\/i0.wp.com\/lyonelkaufmann.ch\/Blog\/wp-content\/uploads\/2015\/03\/IMG_0303.jpg?resize=600%2C448&ssl=1","author_info":{"display_name":"Lyonel Kaufmann","author_link":"https:\/\/lyonelkaufmann.ch\/Blog\/author\/lyonelk\/"},"jetpack_featured_media_url":"https:\/\/i0.wp.com\/lyonelkaufmann.ch\/Blog\/wp-content\/uploads\/2015\/03\/IMG_0303.jpg?fit=600%2C448&ssl=1","jetpack_sharing_enabled":true,"jetpack_shortlink":"https:\/\/wp.me\/p1qtF4-1vX","jetpack-related-posts":[{"id":6325,"url":"https:\/\/lyonelkaufmann.ch\/Blog\/2012\/07\/02\/pentax-q-02-zoom\/","url_meta":{"origin":5825,"position":0},"title":"Pentax Q 02 Zoom","author":"Lyonel Kaufmann","date":"2 juillet 2012","format":false,"excerpt":"Pentax Q 02 Zoom, une expo de jan-borgstede sur Flickr. Son auteur me fait l'honneur et le plaisir d'avoir s\u00e9lectionn\u00e9 deux de mes photos. :-) Une s\u00e9lection de photos r\u00e9alis\u00e9es avec le Pentax Q.","rel":"","context":"Dans &quot;L'Expresso&quot;","block_context":{"text":"L'Expresso","link":"https:\/\/lyonelkaufmann.ch\/Blog\/category\/breves\/"},"img":{"alt_text":"","src":"","width":0,"height":0},"classes":[]},{"id":11471,"url":"https:\/\/lyonelkaufmann.ch\/Blog\/2014\/05\/04\/ipad-et-video-animoto\/","url_meta":{"origin":5825,"position":1},"title":"iPad et vid\u00e9o : Animoto","author":"Lyonel Kaufmann","date":"4 mai 2014","format":false,"excerpt":"Animoto est un site de cr\u00e9ation en ligne de vid\u00e9os. C'est le iMovie du web 2.0. Il existe \u00e9galement une application pour iPhone et pour iPad. Cette application est tr\u00e8s performante pour r\u00e9aliser notamment un diaporama anim\u00e9 \u00e0 partir de vos photos. La version gratuite vous permet ainsi de courtes\u2026","rel":"","context":"Dans &quot;Blogcaf\u00e9&quot;","block_context":{"text":"Blogcaf\u00e9","link":"https:\/\/lyonelkaufmann.ch\/Blog\/category\/blogcafe-2\/"},"img":{"alt_text":"","src":"https:\/\/i0.wp.com\/lyonelkaufmann.ch\/Blog\/wp-content\/uploads\/2015\/03\/blogcafe1.jpg?fit=1024%2C683&ssl=1&resize=350%2C200","width":350,"height":200,"srcset":"https:\/\/i0.wp.com\/lyonelkaufmann.ch\/Blog\/wp-content\/uploads\/2015\/03\/blogcafe1.jpg?fit=1024%2C683&ssl=1&resize=350%2C200 1x, https:\/\/i0.wp.com\/lyonelkaufmann.ch\/Blog\/wp-content\/uploads\/2015\/03\/blogcafe1.jpg?fit=1024%2C683&ssl=1&resize=525%2C300 1.5x, https:\/\/i0.wp.com\/lyonelkaufmann.ch\/Blog\/wp-content\/uploads\/2015\/03\/blogcafe1.jpg?fit=1024%2C683&ssl=1&resize=700%2C400 2x"},"classes":[]},{"id":21236,"url":"https:\/\/lyonelkaufmann.ch\/Blog\/2020\/02\/18\/au-marche-du-mardi-vevey-18-2-2020\/","url_meta":{"origin":5825,"position":2},"title":"Au march\u00e9 du mardi @Vevey 18.2.2020","author":"Lyonel Kaufmann","date":"18 f\u00e9vrier 2020","format":false,"excerpt":"Au march\u00e9 de ce mardi, le temps incite \u00e0 parcourir les \u00e9tals des mara\u00eechers et de profiter du soleil. La temp\u00e9rature reste encore fra\u00eeche. Il faudra attendre l\u2019apr\u00e8s-midi pour plus de chaleur. Au march\u00e9 de Vevey, mardi 18 f\u00e9vrier 2020 C\u2019est aussi l\u2019occasion de tester mes objectifs Pentax sur l\u2019Alpha\u2026","rel":"","context":"Dans &quot;Blogcaf\u00e9&quot;","block_context":{"text":"Blogcaf\u00e9","link":"https:\/\/lyonelkaufmann.ch\/Blog\/category\/blogcafe-2\/"},"img":{"alt_text":"","src":"https:\/\/i0.wp.com\/lyonelkaufmann.ch\/Blog\/wp-content\/uploads\/2020\/02\/85ECF7E5-0DF8-4D96-8647-A97C41313FCF.jpeg?fit=1200%2C800&ssl=1&resize=350%2C200","width":350,"height":200,"srcset":"https:\/\/i0.wp.com\/lyonelkaufmann.ch\/Blog\/wp-content\/uploads\/2020\/02\/85ECF7E5-0DF8-4D96-8647-A97C41313FCF.jpeg?fit=1200%2C800&ssl=1&resize=350%2C200 1x, https:\/\/i0.wp.com\/lyonelkaufmann.ch\/Blog\/wp-content\/uploads\/2020\/02\/85ECF7E5-0DF8-4D96-8647-A97C41313FCF.jpeg?fit=1200%2C800&ssl=1&resize=525%2C300 1.5x, https:\/\/i0.wp.com\/lyonelkaufmann.ch\/Blog\/wp-content\/uploads\/2020\/02\/85ECF7E5-0DF8-4D96-8647-A97C41313FCF.jpeg?fit=1200%2C800&ssl=1&resize=700%2C400 2x, https:\/\/i0.wp.com\/lyonelkaufmann.ch\/Blog\/wp-content\/uploads\/2020\/02\/85ECF7E5-0DF8-4D96-8647-A97C41313FCF.jpeg?fit=1200%2C800&ssl=1&resize=1050%2C600 3x"},"classes":[]},{"id":22719,"url":"https:\/\/lyonelkaufmann.ch\/Blog\/2021\/04\/29\/destinations-cols-du-pillon-et-du-jaun-27-04-2021\/","url_meta":{"origin":5825,"position":3},"title":"Destinations : Cols du Pillon et du Jaun (27.04.2021)","author":"Lyonel Kaufmann","date":"29 avril 2021","format":false,"excerpt":"Apr\u00e8s une journ\u00e9e continue et alors que le soleil \u00e9tait encore pr\u00e9sent avant de c\u00e9der sa place \u00e0 la pluie, l\u2019occasion \u00e9tait trop belle de prendre ma br\u00eale pour profiter du temps et des cols de la r\u00e9gion. Cela a \u00e9t\u00e9 aussi L\u2019occasion aussi d\u2019appr\u00e9cier une nouvelle fois la qualit\u00e9\u2026","rel":"","context":"Dans &quot;Blogcaf\u00e9&quot;","block_context":{"text":"Blogcaf\u00e9","link":"https:\/\/lyonelkaufmann.ch\/Blog\/category\/blogcafe-2\/"},"img":{"alt_text":"","src":"https:\/\/i0.wp.com\/lyonelkaufmann.ch\/Blog\/wp-content\/uploads\/2021\/04\/ColPillon_2021-700x465.jpg?resize=350%2C200&ssl=1","width":350,"height":200,"srcset":"https:\/\/i0.wp.com\/lyonelkaufmann.ch\/Blog\/wp-content\/uploads\/2021\/04\/ColPillon_2021-700x465.jpg?resize=350%2C200&ssl=1 1x, https:\/\/i0.wp.com\/lyonelkaufmann.ch\/Blog\/wp-content\/uploads\/2021\/04\/ColPillon_2021-700x465.jpg?resize=525%2C300&ssl=1 1.5x, https:\/\/i0.wp.com\/lyonelkaufmann.ch\/Blog\/wp-content\/uploads\/2021\/04\/ColPillon_2021-700x465.jpg?resize=700%2C400&ssl=1 2x"},"classes":[]},{"id":5983,"url":"https:\/\/lyonelkaufmann.ch\/Blog\/2012\/05\/07\/photo-bourse-vevey-2012\/","url_meta":{"origin":5825,"position":4},"title":"Photo Bourse | Vevey 2012","author":"Lyonel Kaufmann","date":"7 mai 2012","format":"image","excerpt":"Photo Bourse | Vevey 2012, premi\u00e8re mise en ligne par lyonelkaufmann. Samedi le Mus\u00e9e de l'appareil photographique \u00e0 Vevey inaugurait sa nouvelle exposition permanente. Ce dimanche 6 mai se tenait la traditionnelle Photo Bourse au CEPV de Vevey. Photo prise avec un Pentax Q + objectif Ricoh 28mm (avec bague\u2026","rel":"","context":"Dans &quot;L'Expresso&quot;","block_context":{"text":"L'Expresso","link":"https:\/\/lyonelkaufmann.ch\/Blog\/category\/breves\/"},"img":{"alt_text":"","src":"https:\/\/i0.wp.com\/lyonelkaufmann.ch\/Blog\/wp-content\/uploads\/2015\/03\/photobourse2.jpg?fit=949%2C949&ssl=1&resize=350%2C200","width":350,"height":200,"srcset":"https:\/\/i0.wp.com\/lyonelkaufmann.ch\/Blog\/wp-content\/uploads\/2015\/03\/photobourse2.jpg?fit=949%2C949&ssl=1&resize=350%2C200 1x, https:\/\/i0.wp.com\/lyonelkaufmann.ch\/Blog\/wp-content\/uploads\/2015\/03\/photobourse2.jpg?fit=949%2C949&ssl=1&resize=525%2C300 1.5x, https:\/\/i0.wp.com\/lyonelkaufmann.ch\/Blog\/wp-content\/uploads\/2015\/03\/photobourse2.jpg?fit=949%2C949&ssl=1&resize=700%2C400 2x"},"classes":[]},{"id":9771,"url":"https:\/\/lyonelkaufmann.ch\/Blog\/2013\/05\/25\/pentax-me-super-by-pentax-mx\/","url_meta":{"origin":5825,"position":5},"title":"Pentax ME super by Pentax MX | Photo du jour","author":"Lyonel Kaufmann","date":"25 mai 2013","format":"image","excerpt":"Mon Pentax ME super a \u00e9t\u00e9 pris en photo par mon Pentax MX. Mieux que le n\u00e9o-r\u00e9tro de certains appareils photos, rien ne vaut ces beaux appareils photos argentiques des ann\u00e9es 1980. Photo prise avec un Pentax MX - Ilford HP5+ @ 400","rel":"","context":"Dans &quot;Blogcaf\u00e9&quot;","block_context":{"text":"Blogcaf\u00e9","link":"https:\/\/lyonelkaufmann.ch\/Blog\/category\/blogcafe-2\/"},"img":{"alt_text":"","src":"https:\/\/i0.wp.com\/lyonelkaufmann.ch\/Blog\/wp-content\/uploads\/2015\/03\/8811545907_051e3824ca_b.jpg?fit=1024%2C683&ssl=1&resize=350%2C200","width":350,"height":200,"srcset":"https:\/\/i0.wp.com\/lyonelkaufmann.ch\/Blog\/wp-content\/uploads\/2015\/03\/8811545907_051e3824ca_b.jpg?fit=1024%2C683&ssl=1&resize=350%2C200 1x, https:\/\/i0.wp.com\/lyonelkaufmann.ch\/Blog\/wp-content\/uploads\/2015\/03\/8811545907_051e3824ca_b.jpg?fit=1024%2C683&ssl=1&resize=525%2C300 1.5x, https:\/\/i0.wp.com\/lyonelkaufmann.ch\/Blog\/wp-content\/uploads\/2015\/03\/8811545907_051e3824ca_b.jpg?fit=1024%2C683&ssl=1&resize=700%2C400 2x"},"classes":[]}],"jetpack_likes_enabled":true,"_links":{"self":[{"href":"https:\/\/lyonelkaufmann.ch\/Blog\/wp-json\/wp\/v2\/posts\/5825","targetHints":{"allow":["GET"]}}],"collection":[{"href":"https:\/\/lyonelkaufmann.ch\/Blog\/wp-json\/wp\/v2\/posts"}],"about":[{"href":"https:\/\/lyonelkaufmann.ch\/Blog\/wp-json\/wp\/v2\/types\/post"}],"author":[{"embeddable":true,"href":"https:\/\/lyonelkaufmann.ch\/Blog\/wp-json\/wp\/v2\/users\/1"}],"replies":[{"embeddable":true,"href":"https:\/\/lyonelkaufmann.ch\/Blog\/wp-json\/wp\/v2\/comments?post=5825"}],"version-history":[{"count":1,"href":"https:\/\/lyonelkaufmann.ch\/Blog\/wp-json\/wp\/v2\/posts\/5825\/revisions"}],"predecessor-version":[{"id":24641,"href":"https:\/\/lyonelkaufmann.ch\/Blog\/wp-json\/wp\/v2\/posts\/5825\/revisions\/24641"}],"wp:featuredmedia":[{"embeddable":true,"href":"https:\/\/lyonelkaufmann.ch\/Blog\/wp-json\/wp\/v2\/media\/13906"}],"wp:attachment":[{"href":"https:\/\/lyonelkaufmann.ch\/Blog\/wp-json\/wp\/v2\/media?parent=5825"}],"wp:term":[{"taxonomy":"category","embeddable":true,"href":"https:\/\/lyonelkaufmann.ch\/Blog\/wp-json\/wp\/v2\/categories?post=5825"},{"taxonomy":"post_tag","embeddable":true,"href":"https:\/\/lyonelkaufmann.ch\/Blog\/wp-json\/wp\/v2\/tags?post=5825"}],"curies":[{"name":"wp","href":"https:\/\/api.w.org\/{rel}","templated":true}]}}