{"id":5850,"date":"2012-08-09T06:26:18","date_gmt":"2012-08-09T06:26:18","guid":{"rendered":"http:\/\/lyonelkaufmann.ch\/histoire\/?p=5850"},"modified":"2012-08-09T06:26:18","modified_gmt":"2012-08-09T06:26:18","slug":"homo-erectus-netait-pas-seul-le-monde","status":"publish","type":"post","link":"https:\/\/lyonelkaufmann.ch\/Blog\/2012\/08\/09\/homo-erectus-netait-pas-seul-le-monde\/","title":{"rendered":"Homo erectus n&rsquo;\u00e9tait pas seul | Le Monde"},"content":{"rendered":"<p>De nouveaux fossiles d\u00e9couverts au Kenya apportent la preuve de la diversit\u00e9 des premiers repr\u00e9sentants du genre Homo, auquel appartient l&rsquo;homme moderne, selon une \u00e9tude publi\u00e9e mercredi 8 ao\u00fbt dans la revue scientifique britannique Nature.<\/p>\n<p>via\u00a0<a href=\"http:\/\/www.lemonde.fr\/sciences\/article\/2012\/08\/08\/homo-erectus-n-etait-pas-seul_1743871_1650684.html\">Homo erectus n&rsquo;\u00e9tait pas seul<\/a>.<\/p>\n","protected":false},"excerpt":{"rendered":"<p>De nouveaux fossiles d\u00e9couverts au Kenya apportent la preuve de la diversit\u00e9 des premiers repr\u00e9sentants du genre Homo, auquel appartient l&rsquo;homme moderne, selon une \u00e9tude publi\u00e9e mercredi 8 ao\u00fbt dans la revue scientifique britannique Nature. via\u00a0Homo erectus n&rsquo;\u00e9tait pas seul.<\/p>\n","protected":false},"author":1,"featured_media":5857,"comment_status":"open","ping_status":"open","sticky":false,"template":"","format":"standard","meta":{"_import_markdown_pro_load_document_selector":0,"_import_markdown_pro_submit_text_textarea":"","_genesis_hide_title":false,"_genesis_hide_breadcrumbs":false,"_genesis_hide_singular_image":false,"_genesis_hide_footer_widgets":false,"_genesis_custom_body_class":"","_genesis_custom_post_class":"","_genesis_layout":"","jetpack_post_was_ever_published":false,"_jetpack_newsletter_access":"","_jetpack_dont_email_post_to_subs":false,"_jetpack_newsletter_tier_id":0,"_jetpack_memberships_contains_paywalled_content":false,"_jetpack_memberships_contains_paid_content":false,"activitypub_content_warning":"","activitypub_content_visibility":"","activitypub_max_image_attachments":3,"activitypub_interaction_policy_quote":"anyone","activitypub_status":"","footnotes":"","jetpack_publicize_message":"","jetpack_publicize_feature_enabled":true,"jetpack_social_post_already_shared":true,"jetpack_social_options":{"image_generator_settings":{"template":"fullscreen","default_image_id":0,"font":"","enabled":false},"version":2}},"categories":[2],"tags":[],"class_list":{"0":"post-5850","1":"post","2":"type-post","3":"status-publish","4":"format-standard","5":"has-post-thumbnail","7":"category-histoire-2","8":"entry"},"jetpack_publicize_connections":[],"featured_image_src":null,"featured_image_src_square":null,"author_info":{"display_name":"Lyonel Kaufmann","author_link":"https:\/\/lyonelkaufmann.ch\/Blog\/author\/lyonelk\/"},"jetpack_featured_media_url":"","jetpack_sharing_enabled":true,"jetpack_shortlink":"https:\/\/wp.me\/p1qtF4-1wm","jetpack-related-posts":[{"id":6382,"url":"https:\/\/lyonelkaufmann.ch\/Blog\/2012\/11\/06\/on-a-tous-en-nous-quelque-chose-de-neandertal-slate\/","url_meta":{"origin":5850,"position":0},"title":"On a tous en nous quelque chose de N\u00e9andertal | Slate","author":"Lyonel Kaufmann","date":"6 novembre 2012","format":false,"excerpt":"Un homme et une femme de N\u00e9andertal, mus\u00e9e de N\u00e9andertal de D\u00fcsseldorf, via Wikimedia Commons.\u00a0Wikimedia Commons Dans Slate, Ann Gibbons fait le point sur les diff\u00e9rentes th\u00e9ories sur l'homme moderne et nos relations avec les hommes de N\u00e9andertal ainsi que les Denisoviens. Elle explique comment la g\u00e9n\u00e9tique prouve que nos\u2026","rel":"","context":"Dans &quot;histoire&quot;","block_context":{"text":"histoire","link":"https:\/\/lyonelkaufmann.ch\/Blog\/category\/histoire-2\/"},"img":{"alt_text":"","src":"https:\/\/i0.wp.com\/lyonelkaufmann.ch\/Blog\/wp-content\/uploads\/2015\/03\/neandertal_adam_ve_kadin_modeli_almanya_copy.jpg?fit=540%2C297&ssl=1&resize=350%2C200","width":350,"height":200,"srcset":"https:\/\/i0.wp.com\/lyonelkaufmann.ch\/Blog\/wp-content\/uploads\/2015\/03\/neandertal_adam_ve_kadin_modeli_almanya_copy.jpg?fit=540%2C297&ssl=1&resize=350%2C200 1x, https:\/\/i0.wp.com\/lyonelkaufmann.ch\/Blog\/wp-content\/uploads\/2015\/03\/neandertal_adam_ve_kadin_modeli_almanya_copy.jpg?fit=540%2C297&ssl=1&resize=525%2C300 1.5x"},"classes":[]},{"id":8089,"url":"https:\/\/lyonelkaufmann.ch\/Blog\/2014\/07\/06\/neandertal-il-nest-pas-lhomme-que-vous-croyez-mediapart\/","url_meta":{"origin":5850,"position":1},"title":"N\u00e9andertal: il n&rsquo;est pas l&rsquo;homme que vous croyez | Mediapart","author":"Lyonel Kaufmann","date":"6 juillet 2014","format":false,"excerpt":"Il y a 430 000 ans, un groupe d\u2019humains primitifs a v\u00e9cu au nord de l\u2019Espagne, dans la sierra de Atapuerca, une formation de roches calcaires et argileuses, creus\u00e9e de galeries et de grottes souterraines. Vingt-huit individus ont \u00e9t\u00e9 ensevelis dans une cavit\u00e9 au fond d\u2019un puits de 14 m\u00e8tres\u2026","rel":"","context":"Dans &quot;histoire&quot;","block_context":{"text":"histoire","link":"https:\/\/lyonelkaufmann.ch\/Blog\/category\/histoire-2\/"},"img":{"alt_text":"","src":"https:\/\/i0.wp.com\/lyonelkaufmann.ch\/Blog\/wp-content\/uploads\/2015\/02\/wpid-pitofbones3-jpg-2014-07-6-15-56.png?fit=620%2C413&ssl=1&resize=350%2C200","width":350,"height":200,"srcset":"https:\/\/i0.wp.com\/lyonelkaufmann.ch\/Blog\/wp-content\/uploads\/2015\/02\/wpid-pitofbones3-jpg-2014-07-6-15-56.png?fit=620%2C413&ssl=1&resize=350%2C200 1x, https:\/\/i0.wp.com\/lyonelkaufmann.ch\/Blog\/wp-content\/uploads\/2015\/02\/wpid-pitofbones3-jpg-2014-07-6-15-56.png?fit=620%2C413&ssl=1&resize=525%2C300 1.5x"},"classes":[]},{"id":7845,"url":"https:\/\/lyonelkaufmann.ch\/Blog\/2007\/09\/21\/thse-du-hobbit-comme-un-nouvel-hominid-corrobore-par-une-tude\/","url_meta":{"origin":5850,"position":2},"title":"Th\u00e8se du \u00ab\u00a0hobbit\u00a0\u00bb comme un nouvel hominid\u00e9 corrobor\u00e9e par une \u00e9tude","author":"Lyonel Kaufmann","date":"21 septembre 2007","format":false,"excerpt":"L'analyse de trois os d'un poignet corrobore la th\u00e8se controvers\u00e9e selon laquelle le \"hobbit\", humano\u00efde de petite taille dont des ossements ont \u00e9t\u00e9 d\u00e9couverts en 2003 en Indon\u00e9sie, est bien une nouvelle esp\u00e8ce d'hominid\u00e9. C'est ce qu'indique une \u00e9tude publi\u00e9e jeudi. Les d\u00e9tracteurs de cette conclusion, font valoir que les\u2026","rel":"","context":"Dans &quot;histoire&quot;","block_context":{"text":"histoire","link":"https:\/\/lyonelkaufmann.ch\/Blog\/category\/histoire-2\/"},"img":{"alt_text":"","src":"https:\/\/i0.wp.com\/lyonelkaufmann.ch\/Blog\/wp-content\/uploads\/2015\/03\/blogcafe1.jpg?fit=1024%2C683&ssl=1&resize=350%2C200","width":350,"height":200,"srcset":"https:\/\/i0.wp.com\/lyonelkaufmann.ch\/Blog\/wp-content\/uploads\/2015\/03\/blogcafe1.jpg?fit=1024%2C683&ssl=1&resize=350%2C200 1x, https:\/\/i0.wp.com\/lyonelkaufmann.ch\/Blog\/wp-content\/uploads\/2015\/03\/blogcafe1.jpg?fit=1024%2C683&ssl=1&resize=525%2C300 1.5x, https:\/\/i0.wp.com\/lyonelkaufmann.ch\/Blog\/wp-content\/uploads\/2015\/03\/blogcafe1.jpg?fit=1024%2C683&ssl=1&resize=700%2C400 2x"},"classes":[]},{"id":2809,"url":"https:\/\/lyonelkaufmann.ch\/Blog\/2010\/05\/10\/madame-sapiens-a-fait-crac-crac-avec-monsieur-neandertal\/","url_meta":{"origin":5850,"position":3},"title":"Madame Sapiens a fait crac-crac avec monsieur N\u00e9andertal","author":"Lyonel Kaufmann","date":"10 mai 2010","format":false,"excerpt":"Traiter certains individus d'homme de N\u00e9andertal n'est peut-\u00eatre pas qu'une injure, mais un fait d\u00e9sormais \u00e9tabli gr\u00e2ce aux travaux sur l'ADN d'une \u00e9quipe internationale de chercheurs, dirig\u00e9e par Svante P\u00e4\u00e4bo, un biologiste su\u00e9dois. Eloign\u00e9e de la version romanesque, pourtant appuy\u00e9e par des conseillers scientifiques, de la s\u00e9rie l'Odyss\u00e9e de l'Esp\u00e8ce\u2026","rel":"","context":"Dans &quot;histoire&quot;","block_context":{"text":"histoire","link":"https:\/\/lyonelkaufmann.ch\/Blog\/category\/histoire-2\/"},"img":{"alt_text":"Os de neandertaliens","src":"http:\/\/sciences.blogs.liberation.fr\/.a\/6a00e5500b4a648833013480848e03970c-300wi","width":350,"height":200},"classes":[]},{"id":7853,"url":"https:\/\/lyonelkaufmann.ch\/Blog\/2007\/09\/27\/qui-contrle-wikipedia-pointblogcom\/","url_meta":{"origin":5850,"position":4},"title":"\u00ab\u00a0Qui contr\u00f4le Wikipedia ?\u00a0\u00bb (Pointblog.com)","author":"Lyonel Kaufmann","date":"27 septembre 2007","format":false,"excerpt":"A la suite de la deuxi\u00e8me s\u00e9ance du MSHIS31 Didactique de l'histoire I, cette br\u00e8ve du site pointblog.com prolonge votre discussion sur la fiabilit\u00e9 des sites web et des encyclop\u00e9dies en ligne plus particuli\u00e8rement : 545 000 articles dans la version francophone de Wikip\u00e9dia qui serait contr\u00f4l\u00e9e par 158 administrateurs\u2026","rel":"","context":"Dans &quot;histoire&quot;","block_context":{"text":"histoire","link":"https:\/\/lyonelkaufmann.ch\/Blog\/category\/histoire-2\/"},"img":{"alt_text":"","src":"https:\/\/i0.wp.com\/lyonelkaufmann.ch\/Blog\/wp-content\/uploads\/2015\/03\/blogcafe1.jpg?fit=1024%2C683&ssl=1&resize=350%2C200","width":350,"height":200,"srcset":"https:\/\/i0.wp.com\/lyonelkaufmann.ch\/Blog\/wp-content\/uploads\/2015\/03\/blogcafe1.jpg?fit=1024%2C683&ssl=1&resize=350%2C200 1x, https:\/\/i0.wp.com\/lyonelkaufmann.ch\/Blog\/wp-content\/uploads\/2015\/03\/blogcafe1.jpg?fit=1024%2C683&ssl=1&resize=525%2C300 1.5x, https:\/\/i0.wp.com\/lyonelkaufmann.ch\/Blog\/wp-content\/uploads\/2015\/03\/blogcafe1.jpg?fit=1024%2C683&ssl=1&resize=700%2C400 2x"},"classes":[]},{"id":879,"url":"https:\/\/lyonelkaufmann.ch\/Blog\/2008\/01\/19\/apple-explose-le-mur-du-son-la-macworld\/","url_meta":{"origin":5850,"position":5},"title":"Apple \u00abexplose\u00bb le mur du son \u00e0 la MacWorld","author":"Lyonel Kaufmann","date":"19 janvier 2008","format":"aside","excerpt":"La Macworld de cette semaine d\u00e9montre la nouvelle vitalit\u00e9 prise par Apple et ses produits. Pas tant dans les produits d\u00e9voil\u00e9s par la soci\u00e9t\u00e9, mais selon moi par la vitalit\u00e9 du secteur logiciel plus particuli\u00e8rement sous Leopard. La vie num\u00e9rique n'est de loin pas qu'un concept marketing ou un slogan.\u2026","rel":"","context":"Dans &quot;Blogcaf\u00e9&quot;","block_context":{"text":"Blogcaf\u00e9","link":"https:\/\/lyonelkaufmann.ch\/Blog\/category\/blogcafe-2\/"},"img":{"alt_text":"macjournal.jpg","src":"https:\/\/i0.wp.com\/leblogcafe.info\/blogcafe\/wp-content\/uploads\/2008\/01\/macjournal.jpg?resize=350%2C200","width":350,"height":200,"srcset":"https:\/\/i0.wp.com\/leblogcafe.info\/blogcafe\/wp-content\/uploads\/2008\/01\/macjournal.jpg?resize=350%2C200 1x, https:\/\/i0.wp.com\/leblogcafe.info\/blogcafe\/wp-content\/uploads\/2008\/01\/macjournal.jpg?resize=525%2C300 1.5x"},"classes":[]}],"jetpack_likes_enabled":true,"_links":{"self":[{"href":"https:\/\/lyonelkaufmann.ch\/Blog\/wp-json\/wp\/v2\/posts\/5850","targetHints":{"allow":["GET"]}}],"collection":[{"href":"https:\/\/lyonelkaufmann.ch\/Blog\/wp-json\/wp\/v2\/posts"}],"about":[{"href":"https:\/\/lyonelkaufmann.ch\/Blog\/wp-json\/wp\/v2\/types\/post"}],"author":[{"embeddable":true,"href":"https:\/\/lyonelkaufmann.ch\/Blog\/wp-json\/wp\/v2\/users\/1"}],"replies":[{"embeddable":true,"href":"https:\/\/lyonelkaufmann.ch\/Blog\/wp-json\/wp\/v2\/comments?post=5850"}],"version-history":[{"count":0,"href":"https:\/\/lyonelkaufmann.ch\/Blog\/wp-json\/wp\/v2\/posts\/5850\/revisions"}],"wp:featuredmedia":[{"embeddable":true,"href":"https:\/\/lyonelkaufmann.ch\/Blog\/wp-json\/"}],"wp:attachment":[{"href":"https:\/\/lyonelkaufmann.ch\/Blog\/wp-json\/wp\/v2\/media?parent=5850"}],"wp:term":[{"taxonomy":"category","embeddable":true,"href":"https:\/\/lyonelkaufmann.ch\/Blog\/wp-json\/wp\/v2\/categories?post=5850"},{"taxonomy":"post_tag","embeddable":true,"href":"https:\/\/lyonelkaufmann.ch\/Blog\/wp-json\/wp\/v2\/tags?post=5850"}],"curies":[{"name":"wp","href":"https:\/\/api.w.org\/{rel}","templated":true}]}}